{"id":18309,"date":"2015-09-12T17:15:12","date_gmt":"2015-09-12T17:15:12","guid":{"rendered":"https:\/\/abarevegan.com.br\/index.php\/2015\/09\/12\/alunos-da-escola-armando-nogueira-fazem-protesto\/"},"modified":"2015-09-12T17:15:12","modified_gmt":"2015-09-12T17:15:12","slug":"alunos-da-escola-armando-nogueira-fazem-protesto","status":"publish","type":"post","link":"https:\/\/nk7-testes.com.br\/agazeta\/alunos-da-escola-armando-nogueira-fazem-protesto\/","title":{"rendered":"Alunos da escola Armando Nogueira fazem protesto"},"content":{"rendered":"<p style=\"text-align: justify;\">Alunos bloquearam a Avenida Dias Martins<\/p>\n<p style=\"text-align: justify;\">Na noite desta sexta feira, alunos do 2\u00ba ano e do 3\u00ba ano do Ensino M\u00e9dio da Escola Estadual Armando Nogueira realizaram um protesto por falta de professor de Biologia. Segundo eles, desde o inicio do ano, que eles n\u00e3o t\u00eam aula de Biologia e temem perder o ano letivo por conta disso.<\/p>\n<p style=\"text-align: justify;\">Os alunos, revoltados, fecharam a rua Dias Martins que passa na frente da escola em protesto e logo em seguida foram para a frente do port\u00e3o com cartazes exigindo professores.<\/p>\n<p style=\"text-align: justify;\">Segundo eles, o final do ano j\u00e1 est\u00e1 chegando e sem a nota da disciplina n\u00e3o tem como disputar o Enem.<\/p>\n<p style=\"text-align: justify;\">As duas turmas somam 110 alunos. Eles prometem voltar a realizar o protesto caso a dire\u00e7\u00e3o n\u00e3o tome nenhum provid\u00eancia. Ningu\u00e9m da dire\u00e7\u00e3o foi encontrado para se pronunciar.<\/p>\n","protected":false},"excerpt":{"rendered":"<p style=\"text-align: justify;\">Alunos bloquearam a Avenida Dias Martins<\/p>\n","protected":false},"author":4,"featured_media":18308,"comment_status":"open","ping_status":"open","sticky":false,"template":"","format":"standard","meta":{"jnews-multi-image_gallery":[],"jnews_single_post":[],"jnews_primary_category":[],"jnews_social_meta":[],"jnews_review":[],"enable_review":"","type":"","name":"","summary":"","brand":"","sku":"","good":[],"bad":[],"score_override":"","override_value":"","rating":[],"price":[],"footnotes":""},"categories":[54],"tags":[],"class_list":["post-18309","post","type-post","status-publish","format-standard","has-post-thumbnail","hentry","category-cotidiano"],"yoast_head":"<!-- This site is optimized with the Yoast SEO plugin v26.5 - https:\/\/yoast.com\/wordpress\/plugins\/seo\/ -->\n<title>Alunos da escola Armando Nogueira fazem protesto - Agazeta.net<\/title>\n<meta name=\"robots\" content=\"index, follow, max-snippet:-1, max-image-preview:large, max-video-preview:-1\" \/>\n<link rel=\"canonical\" href=\"https:\/\/nk7-testes.com.br\/agazeta\/alunos-da-escola-armando-nogueira-fazem-protesto\/\" \/>\n<meta property=\"og:locale\" content=\"pt_BR\" \/>\n<meta property=\"og:type\" content=\"article\" \/>\n<meta property=\"og:title\" content=\"Alunos da escola Armando Nogueira fazem protesto - Agazeta.net\" \/>\n<meta property=\"og:description\" content=\"Alunos bloquearam a Avenida Dias Martins\" \/>\n<meta property=\"og:url\" content=\"https:\/\/nk7-testes.com.br\/agazeta\/alunos-da-escola-armando-nogueira-fazem-protesto\/\" \/>\n<meta property=\"og:site_name\" content=\"Agazeta.net\" \/>\n<meta property=\"article:published_time\" content=\"2015-09-12T17:15:12+00:00\" \/>\n<meta property=\"og:image\" content=\"https:\/\/nk7-testes.com.br\/agazeta\/wp-content\/uploads\/2015\/09\/120915-cotidiano-protestoalunos-cleriston2.jpg\" \/>\n\t<meta property=\"og:image:width\" content=\"458\" \/>\n\t<meta property=\"og:image:height\" content=\"340\" \/>\n\t<meta property=\"og:image:type\" content=\"image\/jpeg\" \/>\n<meta name=\"author\" content=\"Agazeta.Net\" \/>\n<meta name=\"twitter:card\" content=\"summary_large_image\" \/>\n<meta name=\"twitter:label1\" content=\"Escrito por\" \/>\n\t<meta name=\"twitter:data1\" content=\"Agazeta.Net\" \/>\n\t<meta name=\"twitter:label2\" content=\"Est. tempo de leitura\" \/>\n\t<meta name=\"twitter:data2\" content=\"1 minuto\" \/>\n<script type=\"application\/ld+json\" class=\"yoast-schema-graph\">{\"@context\":\"https:\/\/schema.org\",\"@graph\":[{\"@type\":\"WebPage\",\"@id\":\"https:\/\/nk7-testes.com.br\/agazeta\/alunos-da-escola-armando-nogueira-fazem-protesto\/\",\"url\":\"https:\/\/nk7-testes.com.br\/agazeta\/alunos-da-escola-armando-nogueira-fazem-protesto\/\",\"name\":\"Alunos da escola Armando Nogueira fazem protesto - Agazeta.net\",\"isPartOf\":{\"@id\":\"https:\/\/nk7-testes.com.br\/agazeta\/#website\"},\"primaryImageOfPage\":{\"@id\":\"https:\/\/nk7-testes.com.br\/agazeta\/alunos-da-escola-armando-nogueira-fazem-protesto\/#primaryimage\"},\"image\":{\"@id\":\"https:\/\/nk7-testes.com.br\/agazeta\/alunos-da-escola-armando-nogueira-fazem-protesto\/#primaryimage\"},\"thumbnailUrl\":\"https:\/\/nk7-testes.com.br\/agazeta\/wp-content\/uploads\/2015\/09\/120915-cotidiano-protestoalunos-cleriston2.jpg\",\"datePublished\":\"2015-09-12T17:15:12+00:00\",\"author\":{\"@id\":\"https:\/\/nk7-testes.com.br\/agazeta\/#\/schema\/person\/6d6e25cb0435eb4a02fd44d30b4e3020\"},\"breadcrumb\":{\"@id\":\"https:\/\/nk7-testes.com.br\/agazeta\/alunos-da-escola-armando-nogueira-fazem-protesto\/#breadcrumb\"},\"inLanguage\":\"pt-BR\",\"potentialAction\":[{\"@type\":\"ReadAction\",\"target\":[\"https:\/\/nk7-testes.com.br\/agazeta\/alunos-da-escola-armando-nogueira-fazem-protesto\/\"]}]},{\"@type\":\"ImageObject\",\"inLanguage\":\"pt-BR\",\"@id\":\"https:\/\/nk7-testes.com.br\/agazeta\/alunos-da-escola-armando-nogueira-fazem-protesto\/#primaryimage\",\"url\":\"https:\/\/nk7-testes.com.br\/agazeta\/wp-content\/uploads\/2015\/09\/120915-cotidiano-protestoalunos-cleriston2.jpg\",\"contentUrl\":\"https:\/\/nk7-testes.com.br\/agazeta\/wp-content\/uploads\/2015\/09\/120915-cotidiano-protestoalunos-cleriston2.jpg\",\"width\":458,\"height\":340,\"caption\":\"120915-cotidiano-protestoalunos-cleriston2\"},{\"@type\":\"BreadcrumbList\",\"@id\":\"https:\/\/nk7-testes.com.br\/agazeta\/alunos-da-escola-armando-nogueira-fazem-protesto\/#breadcrumb\",\"itemListElement\":[{\"@type\":\"ListItem\",\"position\":1,\"name\":\"In\u00edcio\",\"item\":\"https:\/\/nk7-testes.com.br\/agazeta\/\"},{\"@type\":\"ListItem\",\"position\":2,\"name\":\"Alunos da escola Armando Nogueira fazem protesto\"}]},{\"@type\":\"WebSite\",\"@id\":\"https:\/\/nk7-testes.com.br\/agazeta\/#website\",\"url\":\"https:\/\/nk7-testes.com.br\/agazeta\/\",\"name\":\"Agazeta.net\",\"description\":\"Agazeta.net - Not\u00edcias de Rio Branco\/AC\",\"potentialAction\":[{\"@type\":\"SearchAction\",\"target\":{\"@type\":\"EntryPoint\",\"urlTemplate\":\"https:\/\/nk7-testes.com.br\/agazeta\/?s={search_term_string}\"},\"query-input\":{\"@type\":\"PropertyValueSpecification\",\"valueRequired\":true,\"valueName\":\"search_term_string\"}}],\"inLanguage\":\"pt-BR\"},{\"@type\":\"Person\",\"@id\":\"https:\/\/nk7-testes.com.br\/agazeta\/#\/schema\/person\/6d6e25cb0435eb4a02fd44d30b4e3020\",\"name\":\"Agazeta.Net\",\"url\":\"https:\/\/nk7-testes.com.br\/agazeta\/author\/agazeta\/\"}]}<\/script>\n<!-- \/ Yoast SEO plugin. -->","yoast_head_json":{"title":"Alunos da escola Armando Nogueira fazem protesto - Agazeta.net","robots":{"index":"index","follow":"follow","max-snippet":"max-snippet:-1","max-image-preview":"max-image-preview:large","max-video-preview":"max-video-preview:-1"},"canonical":"https:\/\/nk7-testes.com.br\/agazeta\/alunos-da-escola-armando-nogueira-fazem-protesto\/","og_locale":"pt_BR","og_type":"article","og_title":"Alunos da escola Armando Nogueira fazem protesto - Agazeta.net","og_description":"Alunos bloquearam a Avenida Dias Martins","og_url":"https:\/\/nk7-testes.com.br\/agazeta\/alunos-da-escola-armando-nogueira-fazem-protesto\/","og_site_name":"Agazeta.net","article_published_time":"2015-09-12T17:15:12+00:00","og_image":[{"width":458,"height":340,"url":"https:\/\/nk7-testes.com.br\/agazeta\/wp-content\/uploads\/2015\/09\/120915-cotidiano-protestoalunos-cleriston2.jpg","type":"image\/jpeg"}],"author":"Agazeta.Net","twitter_card":"summary_large_image","twitter_misc":{"Escrito por":"Agazeta.Net","Est. tempo de leitura":"1 minuto"},"schema":{"@context":"https:\/\/schema.org","@graph":[{"@type":"WebPage","@id":"https:\/\/nk7-testes.com.br\/agazeta\/alunos-da-escola-armando-nogueira-fazem-protesto\/","url":"https:\/\/nk7-testes.com.br\/agazeta\/alunos-da-escola-armando-nogueira-fazem-protesto\/","name":"Alunos da escola Armando Nogueira fazem protesto - Agazeta.net","isPartOf":{"@id":"https:\/\/nk7-testes.com.br\/agazeta\/#website"},"primaryImageOfPage":{"@id":"https:\/\/nk7-testes.com.br\/agazeta\/alunos-da-escola-armando-nogueira-fazem-protesto\/#primaryimage"},"image":{"@id":"https:\/\/nk7-testes.com.br\/agazeta\/alunos-da-escola-armando-nogueira-fazem-protesto\/#primaryimage"},"thumbnailUrl":"https:\/\/nk7-testes.com.br\/agazeta\/wp-content\/uploads\/2015\/09\/120915-cotidiano-protestoalunos-cleriston2.jpg","datePublished":"2015-09-12T17:15:12+00:00","author":{"@id":"https:\/\/nk7-testes.com.br\/agazeta\/#\/schema\/person\/6d6e25cb0435eb4a02fd44d30b4e3020"},"breadcrumb":{"@id":"https:\/\/nk7-testes.com.br\/agazeta\/alunos-da-escola-armando-nogueira-fazem-protesto\/#breadcrumb"},"inLanguage":"pt-BR","potentialAction":[{"@type":"ReadAction","target":["https:\/\/nk7-testes.com.br\/agazeta\/alunos-da-escola-armando-nogueira-fazem-protesto\/"]}]},{"@type":"ImageObject","inLanguage":"pt-BR","@id":"https:\/\/nk7-testes.com.br\/agazeta\/alunos-da-escola-armando-nogueira-fazem-protesto\/#primaryimage","url":"https:\/\/nk7-testes.com.br\/agazeta\/wp-content\/uploads\/2015\/09\/120915-cotidiano-protestoalunos-cleriston2.jpg","contentUrl":"https:\/\/nk7-testes.com.br\/agazeta\/wp-content\/uploads\/2015\/09\/120915-cotidiano-protestoalunos-cleriston2.jpg","width":458,"height":340,"caption":"120915-cotidiano-protestoalunos-cleriston2"},{"@type":"BreadcrumbList","@id":"https:\/\/nk7-testes.com.br\/agazeta\/alunos-da-escola-armando-nogueira-fazem-protesto\/#breadcrumb","itemListElement":[{"@type":"ListItem","position":1,"name":"In\u00edcio","item":"https:\/\/nk7-testes.com.br\/agazeta\/"},{"@type":"ListItem","position":2,"name":"Alunos da escola Armando Nogueira fazem protesto"}]},{"@type":"WebSite","@id":"https:\/\/nk7-testes.com.br\/agazeta\/#website","url":"https:\/\/nk7-testes.com.br\/agazeta\/","name":"Agazeta.net","description":"Agazeta.net - Not\u00edcias de Rio Branco\/AC","potentialAction":[{"@type":"SearchAction","target":{"@type":"EntryPoint","urlTemplate":"https:\/\/nk7-testes.com.br\/agazeta\/?s={search_term_string}"},"query-input":{"@type":"PropertyValueSpecification","valueRequired":true,"valueName":"search_term_string"}}],"inLanguage":"pt-BR"},{"@type":"Person","@id":"https:\/\/nk7-testes.com.br\/agazeta\/#\/schema\/person\/6d6e25cb0435eb4a02fd44d30b4e3020","name":"Agazeta.Net","url":"https:\/\/nk7-testes.com.br\/agazeta\/author\/agazeta\/"}]}},"_links":{"self":[{"href":"https:\/\/nk7-testes.com.br\/agazeta\/wp-json\/wp\/v2\/posts\/18309","targetHints":{"allow":["GET"]}}],"collection":[{"href":"https:\/\/nk7-testes.com.br\/agazeta\/wp-json\/wp\/v2\/posts"}],"about":[{"href":"https:\/\/nk7-testes.com.br\/agazeta\/wp-json\/wp\/v2\/types\/post"}],"author":[{"embeddable":true,"href":"https:\/\/nk7-testes.com.br\/agazeta\/wp-json\/wp\/v2\/users\/4"}],"replies":[{"embeddable":true,"href":"https:\/\/nk7-testes.com.br\/agazeta\/wp-json\/wp\/v2\/comments?post=18309"}],"version-history":[{"count":0,"href":"https:\/\/nk7-testes.com.br\/agazeta\/wp-json\/wp\/v2\/posts\/18309\/revisions"}],"wp:featuredmedia":[{"embeddable":true,"href":"https:\/\/nk7-testes.com.br\/agazeta\/wp-json\/wp\/v2\/media\/18308"}],"wp:attachment":[{"href":"https:\/\/nk7-testes.com.br\/agazeta\/wp-json\/wp\/v2\/media?parent=18309"}],"wp:term":[{"taxonomy":"category","embeddable":true,"href":"https:\/\/nk7-testes.com.br\/agazeta\/wp-json\/wp\/v2\/categories?post=18309"},{"taxonomy":"post_tag","embeddable":true,"href":"https:\/\/nk7-testes.com.br\/agazeta\/wp-json\/wp\/v2\/tags?post=18309"}],"curies":[{"name":"wp","href":"https:\/\/api.w.org\/{rel}","templated":true}]}}