{"id":18280,"date":"2015-09-10T21:12:19","date_gmt":"2015-09-10T21:12:19","guid":{"rendered":"https:\/\/abarevegan.com.br\/index.php\/2015\/09\/10\/incendio-ameaca-polo-moveleiro-em-cruzeiro-do-sul\/"},"modified":"2015-09-10T21:12:19","modified_gmt":"2015-09-10T21:12:19","slug":"incendio-ameaca-polo-moveleiro-em-cruzeiro-do-sul","status":"publish","type":"post","link":"https:\/\/nk7-testes.com.br\/agazeta\/incendio-ameaca-polo-moveleiro-em-cruzeiro-do-sul\/","title":{"rendered":"Inc\u00eandio amea\u00e7a polo moveleiro em Cruzeiro do Sul"},"content":{"rendered":"<p style=\"text-align: justify;\">Chamas tamb\u00e9m danificaram rede el\u00e9trica<\/p>\n<p style=\"text-align: justify;\">Uma \u00e1rea de aproximadamente 10 hectares pr\u00f3xima ao Polo Moveleiro em Cruzeiro do Sul, no bairro Nova Olinda, foi atingida por um inc\u00eandio. Ainda n\u00e3o se sabe exatamente o que causou o fogo.<\/p>\n<p style=\"text-align: justify;\">O incidente ocorreu por volta de 12h30minutos desta quinta-feira. Os policiais bombeiros distribu\u00eddos em dois caminh\u00f5es temiam que as chamas atingissem resid\u00eancias pr\u00f3ximas, al\u00e9m do risco de atingir o pr\u00f3prio polo moveleiro (que possui muita madeira).<\/p>\n<p style=\"text-align: justify;\">De acordo com as informa\u00e7\u00f5es publicadas no site Juru\u00e1 On Line, est\u00e3o sendo feitas cerca de 15 ocorr\u00eancias por dia relacionadas a inc\u00eandios. O site diz ainda que os bombeiros demoraram cerca de duas horas para controlar a situa\u00e7\u00e3o.<\/p>\n<p style=\"text-align: justify;\">A Eletrobras, ainda de acordo com o site, esteve no local para reparar os danos causados pelas chamas que atingiram a fia\u00e7\u00e3o el\u00e9trica.<\/p>\n","protected":false},"excerpt":{"rendered":"<p style=\"text-align: justify;\">Chamas tamb\u00e9m danificaram rede el\u00e9trica<\/p>\n","protected":false},"author":4,"featured_media":18279,"comment_status":"open","ping_status":"open","sticky":false,"template":"","format":"standard","meta":{"jnews-multi-image_gallery":[],"jnews_single_post":[],"jnews_primary_category":[],"jnews_social_meta":[],"jnews_review":[],"enable_review":"","type":"","name":"","summary":"","brand":"","sku":"","good":[],"bad":[],"score_override":"","override_value":"","rating":[],"price":[],"footnotes":""},"categories":[54],"tags":[],"class_list":["post-18280","post","type-post","status-publish","format-standard","has-post-thumbnail","hentry","category-cotidiano"],"yoast_head":"<!-- This site is optimized with the Yoast SEO plugin v26.5 - https:\/\/yoast.com\/wordpress\/plugins\/seo\/ -->\n<title>Inc\u00eandio amea\u00e7a polo moveleiro em Cruzeiro do Sul - Agazeta.net<\/title>\n<meta name=\"robots\" content=\"index, follow, max-snippet:-1, max-image-preview:large, max-video-preview:-1\" \/>\n<link rel=\"canonical\" href=\"https:\/\/nk7-testes.com.br\/agazeta\/incendio-ameaca-polo-moveleiro-em-cruzeiro-do-sul\/\" \/>\n<meta property=\"og:locale\" content=\"pt_BR\" \/>\n<meta property=\"og:type\" content=\"article\" \/>\n<meta property=\"og:title\" content=\"Inc\u00eandio amea\u00e7a polo moveleiro em Cruzeiro do Sul - Agazeta.net\" \/>\n<meta property=\"og:description\" content=\"Chamas tamb\u00e9m danificaram rede el\u00e9trica\" \/>\n<meta property=\"og:url\" content=\"https:\/\/nk7-testes.com.br\/agazeta\/incendio-ameaca-polo-moveleiro-em-cruzeiro-do-sul\/\" \/>\n<meta property=\"og:site_name\" content=\"Agazeta.net\" \/>\n<meta property=\"article:published_time\" content=\"2015-09-10T21:12:19+00:00\" \/>\n<meta property=\"og:image\" content=\"https:\/\/nk7-testes.com.br\/agazeta\/wp-content\/uploads\/2015\/09\/100915-cotidiano-incendiocruzeirodosul-juruaonline.jpg\" \/>\n\t<meta property=\"og:image:width\" content=\"458\" \/>\n\t<meta property=\"og:image:height\" content=\"340\" \/>\n\t<meta property=\"og:image:type\" content=\"image\/jpeg\" \/>\n<meta name=\"author\" content=\"Agazeta.Net\" \/>\n<meta name=\"twitter:card\" content=\"summary_large_image\" \/>\n<meta name=\"twitter:label1\" content=\"Escrito por\" \/>\n\t<meta name=\"twitter:data1\" content=\"Agazeta.Net\" \/>\n\t<meta name=\"twitter:label2\" content=\"Est. tempo de leitura\" \/>\n\t<meta name=\"twitter:data2\" content=\"1 minuto\" \/>\n<script type=\"application\/ld+json\" class=\"yoast-schema-graph\">{\"@context\":\"https:\/\/schema.org\",\"@graph\":[{\"@type\":\"WebPage\",\"@id\":\"https:\/\/nk7-testes.com.br\/agazeta\/incendio-ameaca-polo-moveleiro-em-cruzeiro-do-sul\/\",\"url\":\"https:\/\/nk7-testes.com.br\/agazeta\/incendio-ameaca-polo-moveleiro-em-cruzeiro-do-sul\/\",\"name\":\"Inc\u00eandio amea\u00e7a polo moveleiro em Cruzeiro do Sul - Agazeta.net\",\"isPartOf\":{\"@id\":\"https:\/\/nk7-testes.com.br\/agazeta\/#website\"},\"primaryImageOfPage\":{\"@id\":\"https:\/\/nk7-testes.com.br\/agazeta\/incendio-ameaca-polo-moveleiro-em-cruzeiro-do-sul\/#primaryimage\"},\"image\":{\"@id\":\"https:\/\/nk7-testes.com.br\/agazeta\/incendio-ameaca-polo-moveleiro-em-cruzeiro-do-sul\/#primaryimage\"},\"thumbnailUrl\":\"https:\/\/nk7-testes.com.br\/agazeta\/wp-content\/uploads\/2015\/09\/100915-cotidiano-incendiocruzeirodosul-juruaonline.jpg\",\"datePublished\":\"2015-09-10T21:12:19+00:00\",\"author\":{\"@id\":\"https:\/\/nk7-testes.com.br\/agazeta\/#\/schema\/person\/6d6e25cb0435eb4a02fd44d30b4e3020\"},\"breadcrumb\":{\"@id\":\"https:\/\/nk7-testes.com.br\/agazeta\/incendio-ameaca-polo-moveleiro-em-cruzeiro-do-sul\/#breadcrumb\"},\"inLanguage\":\"pt-BR\",\"potentialAction\":[{\"@type\":\"ReadAction\",\"target\":[\"https:\/\/nk7-testes.com.br\/agazeta\/incendio-ameaca-polo-moveleiro-em-cruzeiro-do-sul\/\"]}]},{\"@type\":\"ImageObject\",\"inLanguage\":\"pt-BR\",\"@id\":\"https:\/\/nk7-testes.com.br\/agazeta\/incendio-ameaca-polo-moveleiro-em-cruzeiro-do-sul\/#primaryimage\",\"url\":\"https:\/\/nk7-testes.com.br\/agazeta\/wp-content\/uploads\/2015\/09\/100915-cotidiano-incendiocruzeirodosul-juruaonline.jpg\",\"contentUrl\":\"https:\/\/nk7-testes.com.br\/agazeta\/wp-content\/uploads\/2015\/09\/100915-cotidiano-incendiocruzeirodosul-juruaonline.jpg\",\"width\":458,\"height\":340,\"caption\":\"100915-cotidiano-incendiocruzeirodosul-juruaonline\"},{\"@type\":\"BreadcrumbList\",\"@id\":\"https:\/\/nk7-testes.com.br\/agazeta\/incendio-ameaca-polo-moveleiro-em-cruzeiro-do-sul\/#breadcrumb\",\"itemListElement\":[{\"@type\":\"ListItem\",\"position\":1,\"name\":\"In\u00edcio\",\"item\":\"https:\/\/nk7-testes.com.br\/agazeta\/\"},{\"@type\":\"ListItem\",\"position\":2,\"name\":\"Inc\u00eandio amea\u00e7a polo moveleiro em Cruzeiro do Sul\"}]},{\"@type\":\"WebSite\",\"@id\":\"https:\/\/nk7-testes.com.br\/agazeta\/#website\",\"url\":\"https:\/\/nk7-testes.com.br\/agazeta\/\",\"name\":\"Agazeta.net\",\"description\":\"Agazeta.net - Not\u00edcias de Rio Branco\/AC\",\"potentialAction\":[{\"@type\":\"SearchAction\",\"target\":{\"@type\":\"EntryPoint\",\"urlTemplate\":\"https:\/\/nk7-testes.com.br\/agazeta\/?s={search_term_string}\"},\"query-input\":{\"@type\":\"PropertyValueSpecification\",\"valueRequired\":true,\"valueName\":\"search_term_string\"}}],\"inLanguage\":\"pt-BR\"},{\"@type\":\"Person\",\"@id\":\"https:\/\/nk7-testes.com.br\/agazeta\/#\/schema\/person\/6d6e25cb0435eb4a02fd44d30b4e3020\",\"name\":\"Agazeta.Net\",\"url\":\"https:\/\/nk7-testes.com.br\/agazeta\/author\/agazeta\/\"}]}<\/script>\n<!-- \/ Yoast SEO plugin. -->","yoast_head_json":{"title":"Inc\u00eandio amea\u00e7a polo moveleiro em Cruzeiro do Sul - Agazeta.net","robots":{"index":"index","follow":"follow","max-snippet":"max-snippet:-1","max-image-preview":"max-image-preview:large","max-video-preview":"max-video-preview:-1"},"canonical":"https:\/\/nk7-testes.com.br\/agazeta\/incendio-ameaca-polo-moveleiro-em-cruzeiro-do-sul\/","og_locale":"pt_BR","og_type":"article","og_title":"Inc\u00eandio amea\u00e7a polo moveleiro em Cruzeiro do Sul - Agazeta.net","og_description":"Chamas tamb\u00e9m danificaram rede el\u00e9trica","og_url":"https:\/\/nk7-testes.com.br\/agazeta\/incendio-ameaca-polo-moveleiro-em-cruzeiro-do-sul\/","og_site_name":"Agazeta.net","article_published_time":"2015-09-10T21:12:19+00:00","og_image":[{"width":458,"height":340,"url":"https:\/\/nk7-testes.com.br\/agazeta\/wp-content\/uploads\/2015\/09\/100915-cotidiano-incendiocruzeirodosul-juruaonline.jpg","type":"image\/jpeg"}],"author":"Agazeta.Net","twitter_card":"summary_large_image","twitter_misc":{"Escrito por":"Agazeta.Net","Est. tempo de leitura":"1 minuto"},"schema":{"@context":"https:\/\/schema.org","@graph":[{"@type":"WebPage","@id":"https:\/\/nk7-testes.com.br\/agazeta\/incendio-ameaca-polo-moveleiro-em-cruzeiro-do-sul\/","url":"https:\/\/nk7-testes.com.br\/agazeta\/incendio-ameaca-polo-moveleiro-em-cruzeiro-do-sul\/","name":"Inc\u00eandio amea\u00e7a polo moveleiro em Cruzeiro do Sul - Agazeta.net","isPartOf":{"@id":"https:\/\/nk7-testes.com.br\/agazeta\/#website"},"primaryImageOfPage":{"@id":"https:\/\/nk7-testes.com.br\/agazeta\/incendio-ameaca-polo-moveleiro-em-cruzeiro-do-sul\/#primaryimage"},"image":{"@id":"https:\/\/nk7-testes.com.br\/agazeta\/incendio-ameaca-polo-moveleiro-em-cruzeiro-do-sul\/#primaryimage"},"thumbnailUrl":"https:\/\/nk7-testes.com.br\/agazeta\/wp-content\/uploads\/2015\/09\/100915-cotidiano-incendiocruzeirodosul-juruaonline.jpg","datePublished":"2015-09-10T21:12:19+00:00","author":{"@id":"https:\/\/nk7-testes.com.br\/agazeta\/#\/schema\/person\/6d6e25cb0435eb4a02fd44d30b4e3020"},"breadcrumb":{"@id":"https:\/\/nk7-testes.com.br\/agazeta\/incendio-ameaca-polo-moveleiro-em-cruzeiro-do-sul\/#breadcrumb"},"inLanguage":"pt-BR","potentialAction":[{"@type":"ReadAction","target":["https:\/\/nk7-testes.com.br\/agazeta\/incendio-ameaca-polo-moveleiro-em-cruzeiro-do-sul\/"]}]},{"@type":"ImageObject","inLanguage":"pt-BR","@id":"https:\/\/nk7-testes.com.br\/agazeta\/incendio-ameaca-polo-moveleiro-em-cruzeiro-do-sul\/#primaryimage","url":"https:\/\/nk7-testes.com.br\/agazeta\/wp-content\/uploads\/2015\/09\/100915-cotidiano-incendiocruzeirodosul-juruaonline.jpg","contentUrl":"https:\/\/nk7-testes.com.br\/agazeta\/wp-content\/uploads\/2015\/09\/100915-cotidiano-incendiocruzeirodosul-juruaonline.jpg","width":458,"height":340,"caption":"100915-cotidiano-incendiocruzeirodosul-juruaonline"},{"@type":"BreadcrumbList","@id":"https:\/\/nk7-testes.com.br\/agazeta\/incendio-ameaca-polo-moveleiro-em-cruzeiro-do-sul\/#breadcrumb","itemListElement":[{"@type":"ListItem","position":1,"name":"In\u00edcio","item":"https:\/\/nk7-testes.com.br\/agazeta\/"},{"@type":"ListItem","position":2,"name":"Inc\u00eandio amea\u00e7a polo moveleiro em Cruzeiro do Sul"}]},{"@type":"WebSite","@id":"https:\/\/nk7-testes.com.br\/agazeta\/#website","url":"https:\/\/nk7-testes.com.br\/agazeta\/","name":"Agazeta.net","description":"Agazeta.net - Not\u00edcias de Rio Branco\/AC","potentialAction":[{"@type":"SearchAction","target":{"@type":"EntryPoint","urlTemplate":"https:\/\/nk7-testes.com.br\/agazeta\/?s={search_term_string}"},"query-input":{"@type":"PropertyValueSpecification","valueRequired":true,"valueName":"search_term_string"}}],"inLanguage":"pt-BR"},{"@type":"Person","@id":"https:\/\/nk7-testes.com.br\/agazeta\/#\/schema\/person\/6d6e25cb0435eb4a02fd44d30b4e3020","name":"Agazeta.Net","url":"https:\/\/nk7-testes.com.br\/agazeta\/author\/agazeta\/"}]}},"_links":{"self":[{"href":"https:\/\/nk7-testes.com.br\/agazeta\/wp-json\/wp\/v2\/posts\/18280","targetHints":{"allow":["GET"]}}],"collection":[{"href":"https:\/\/nk7-testes.com.br\/agazeta\/wp-json\/wp\/v2\/posts"}],"about":[{"href":"https:\/\/nk7-testes.com.br\/agazeta\/wp-json\/wp\/v2\/types\/post"}],"author":[{"embeddable":true,"href":"https:\/\/nk7-testes.com.br\/agazeta\/wp-json\/wp\/v2\/users\/4"}],"replies":[{"embeddable":true,"href":"https:\/\/nk7-testes.com.br\/agazeta\/wp-json\/wp\/v2\/comments?post=18280"}],"version-history":[{"count":0,"href":"https:\/\/nk7-testes.com.br\/agazeta\/wp-json\/wp\/v2\/posts\/18280\/revisions"}],"wp:featuredmedia":[{"embeddable":true,"href":"https:\/\/nk7-testes.com.br\/agazeta\/wp-json\/wp\/v2\/media\/18279"}],"wp:attachment":[{"href":"https:\/\/nk7-testes.com.br\/agazeta\/wp-json\/wp\/v2\/media?parent=18280"}],"wp:term":[{"taxonomy":"category","embeddable":true,"href":"https:\/\/nk7-testes.com.br\/agazeta\/wp-json\/wp\/v2\/categories?post=18280"},{"taxonomy":"post_tag","embeddable":true,"href":"https:\/\/nk7-testes.com.br\/agazeta\/wp-json\/wp\/v2\/tags?post=18280"}],"curies":[{"name":"wp","href":"https:\/\/api.w.org\/{rel}","templated":true}]}}