{"id":18267,"date":"2015-09-10T14:27:56","date_gmt":"2015-09-10T14:27:56","guid":{"rendered":"https:\/\/abarevegan.com.br\/index.php\/2015\/09\/10\/eleicao-do-conselho-tutelar-120-vagas\/"},"modified":"2015-09-10T14:27:56","modified_gmt":"2015-09-10T14:27:56","slug":"eleicao-do-conselho-tutelar-120-vagas","status":"publish","type":"post","link":"https:\/\/nk7-testes.com.br\/agazeta\/eleicao-do-conselho-tutelar-120-vagas\/","title":{"rendered":"Elei\u00e7\u00e3o do Conselho Tutelar: 120 vagas"},"content":{"rendered":"<p style=\"text-align: justify;\">Quase 400 candidatos participam do pleito no Acre<\/p>\n<p style=\"text-align: justify;\">Em julho de 2012 foi sancionada a Lei Federal n\u00ba 12.696, que estabeleceu a realiza\u00e7\u00e3o de um processo de escolha em data unificada em todas as cidades do pa\u00eds, para conselheiros tutelares. Esta lei tamb\u00e9m modificou as regras para a organiza\u00e7\u00e3o dos Conselhos Tutelares e ampliou o mandato dos membros de tr\u00eas para quatro anos.<\/p>\n<p style=\"text-align: justify;\">Nesta quarta-feira (9), em coletiva de imprensa, a comiss\u00e3o eleitoral e o Minist\u00e9rio P\u00fablico do Estado refor\u00e7aram a import\u00e2ncia da elei\u00e7\u00e3o, que vai acontece em outubro.<\/p>\n<p style=\"text-align: justify;\">No Acre, 399 candidatos disputam 120 vagas, distribu\u00eddas para 24 Conselhos Tutelares. Como a capital ampliou para tr\u00eas, o n\u00famero de conselhos, foram disponibilizadas 15 vagas tanto para titulares quanto para suplentes.<\/p>\n<p style=\"text-align: justify;\">Segundo a comiss\u00e3o eleitoral, todos os selecionados passaram por fases previstas&nbsp;pela lei federal, obedecendo a uma s\u00e9rie de crit\u00e9rios. \u201cAl\u00e9m de ter idade superior a 21 anos, idoneidade moral e residir no munic\u00edpio, tiveram que cumprir com os requisitos suplementares da lei como ser pessoa com experi\u00eancia com a causa da inf\u00e2ncia e juventude e que tenha hist\u00f3ria de vida com servi\u00e7os prestados dentro dessa causa\u201d, explicou o presidente da comiss\u00e3o eleitoral, Jota Concei\u00e7\u00e3o.<\/p>\n<p style=\"text-align: justify;\">Cada conselheiro vai receber mensalmente R$ 3,5 mil, e ter\u00e1 todos os direitos sociais e previdenci\u00e1rios garantidos.<\/p>\n<p style=\"text-align: justify;\">O voto para escolha dos conselheiros tutelares \u00e9 facultativo, ou seja, ningu\u00e9m \u00e9 obrigado ir \u00e0s urnas no dia 4 de outubro. Contudo a organiza\u00e7\u00e3o do pleito quer enfatizar nas pr\u00f3ximas semanas que todo cidad\u00e3o em dias com a justi\u00e7a eleitoral, pode votar e contribuir para eleger aqueles que v\u00e3o defender os direitos da crian\u00e7a e do adolescente.<\/p>\n<p style=\"text-align: justify;\">Esta \u00e9 a primeira vez que a elei\u00e7\u00e3o unificada acontece no Brasil. Para o promotor Ricardo Coelho, as novas regras valorizam as leis que amparam a crian\u00e7a e o adolescente.<\/p>\n<p style=\"text-align: justify;\">\u201cIsso vai ajudar a dar visibilidade ao trabalho do Conselho Tutelar e a mostrar a popula\u00e7\u00e3o como \u00e9 importante sua participa\u00e7\u00e3o na escolha desses conselheiros\u201d, disse.<\/p>\n<p style=\"text-align: justify;\">O conselheiro tutelar \u00e9 o respons\u00e1vel por adotar medidas protetivas, sem necessidade de interven\u00e7\u00e3o do judici\u00e1rio. Ele tamb\u00e9m \u00e9 considerado o fiscal do Estatuto da Crian\u00e7a e do Adolescente.<\/p>\n","protected":false},"excerpt":{"rendered":"<p style=\"text-align: justify;\">Quase 400 candidatos participam do pleito no Acre<\/p>\n","protected":false},"author":4,"featured_media":18266,"comment_status":"open","ping_status":"open","sticky":false,"template":"","format":"standard","meta":{"jnews-multi-image_gallery":[],"jnews_single_post":[],"jnews_primary_category":[],"jnews_social_meta":[],"jnews_review":[],"enable_review":"","type":"","name":"","summary":"","brand":"","sku":"","good":[],"bad":[],"score_override":"","override_value":"","rating":[],"price":[],"footnotes":""},"categories":[54],"tags":[],"class_list":["post-18267","post","type-post","status-publish","format-standard","has-post-thumbnail","hentry","category-cotidiano"],"yoast_head":"<!-- This site is optimized with the Yoast SEO plugin v26.5 - https:\/\/yoast.com\/wordpress\/plugins\/seo\/ -->\n<title>Elei\u00e7\u00e3o do Conselho Tutelar: 120 vagas - Agazeta.net<\/title>\n<meta name=\"robots\" content=\"index, follow, max-snippet:-1, max-image-preview:large, max-video-preview:-1\" \/>\n<link rel=\"canonical\" href=\"https:\/\/nk7-testes.com.br\/agazeta\/eleicao-do-conselho-tutelar-120-vagas\/\" \/>\n<meta property=\"og:locale\" content=\"pt_BR\" \/>\n<meta property=\"og:type\" content=\"article\" \/>\n<meta property=\"og:title\" content=\"Elei\u00e7\u00e3o do Conselho Tutelar: 120 vagas - Agazeta.net\" \/>\n<meta property=\"og:description\" content=\"Quase 400 candidatos participam do pleito no Acre\" \/>\n<meta property=\"og:url\" content=\"https:\/\/nk7-testes.com.br\/agazeta\/eleicao-do-conselho-tutelar-120-vagas\/\" \/>\n<meta property=\"og:site_name\" content=\"Agazeta.net\" \/>\n<meta property=\"article:published_time\" content=\"2015-09-10T14:27:56+00:00\" \/>\n<meta property=\"og:image\" content=\"https:\/\/nk7-testes.com.br\/agazeta\/wp-content\/uploads\/2015\/09\/100915-cotidiano-conselhotutelar-tvgazeta.jpg\" \/>\n\t<meta property=\"og:image:width\" content=\"458\" \/>\n\t<meta property=\"og:image:height\" content=\"340\" \/>\n\t<meta property=\"og:image:type\" content=\"image\/jpeg\" \/>\n<meta name=\"author\" content=\"Agazeta.Net\" \/>\n<meta name=\"twitter:card\" content=\"summary_large_image\" \/>\n<meta name=\"twitter:label1\" content=\"Escrito por\" \/>\n\t<meta name=\"twitter:data1\" content=\"Agazeta.Net\" \/>\n\t<meta name=\"twitter:label2\" content=\"Est. tempo de leitura\" \/>\n\t<meta name=\"twitter:data2\" content=\"2 minutos\" \/>\n<script type=\"application\/ld+json\" class=\"yoast-schema-graph\">{\"@context\":\"https:\/\/schema.org\",\"@graph\":[{\"@type\":\"WebPage\",\"@id\":\"https:\/\/nk7-testes.com.br\/agazeta\/eleicao-do-conselho-tutelar-120-vagas\/\",\"url\":\"https:\/\/nk7-testes.com.br\/agazeta\/eleicao-do-conselho-tutelar-120-vagas\/\",\"name\":\"Elei\u00e7\u00e3o do Conselho Tutelar: 120 vagas - Agazeta.net\",\"isPartOf\":{\"@id\":\"https:\/\/nk7-testes.com.br\/agazeta\/#website\"},\"primaryImageOfPage\":{\"@id\":\"https:\/\/nk7-testes.com.br\/agazeta\/eleicao-do-conselho-tutelar-120-vagas\/#primaryimage\"},\"image\":{\"@id\":\"https:\/\/nk7-testes.com.br\/agazeta\/eleicao-do-conselho-tutelar-120-vagas\/#primaryimage\"},\"thumbnailUrl\":\"https:\/\/nk7-testes.com.br\/agazeta\/wp-content\/uploads\/2015\/09\/100915-cotidiano-conselhotutelar-tvgazeta.jpg\",\"datePublished\":\"2015-09-10T14:27:56+00:00\",\"author\":{\"@id\":\"https:\/\/nk7-testes.com.br\/agazeta\/#\/schema\/person\/6d6e25cb0435eb4a02fd44d30b4e3020\"},\"breadcrumb\":{\"@id\":\"https:\/\/nk7-testes.com.br\/agazeta\/eleicao-do-conselho-tutelar-120-vagas\/#breadcrumb\"},\"inLanguage\":\"pt-BR\",\"potentialAction\":[{\"@type\":\"ReadAction\",\"target\":[\"https:\/\/nk7-testes.com.br\/agazeta\/eleicao-do-conselho-tutelar-120-vagas\/\"]}]},{\"@type\":\"ImageObject\",\"inLanguage\":\"pt-BR\",\"@id\":\"https:\/\/nk7-testes.com.br\/agazeta\/eleicao-do-conselho-tutelar-120-vagas\/#primaryimage\",\"url\":\"https:\/\/nk7-testes.com.br\/agazeta\/wp-content\/uploads\/2015\/09\/100915-cotidiano-conselhotutelar-tvgazeta.jpg\",\"contentUrl\":\"https:\/\/nk7-testes.com.br\/agazeta\/wp-content\/uploads\/2015\/09\/100915-cotidiano-conselhotutelar-tvgazeta.jpg\",\"width\":458,\"height\":340,\"caption\":\"100915-cotidiano-conselhotutelar-tvgazeta\"},{\"@type\":\"BreadcrumbList\",\"@id\":\"https:\/\/nk7-testes.com.br\/agazeta\/eleicao-do-conselho-tutelar-120-vagas\/#breadcrumb\",\"itemListElement\":[{\"@type\":\"ListItem\",\"position\":1,\"name\":\"In\u00edcio\",\"item\":\"https:\/\/nk7-testes.com.br\/agazeta\/\"},{\"@type\":\"ListItem\",\"position\":2,\"name\":\"Elei\u00e7\u00e3o do Conselho Tutelar: 120 vagas\"}]},{\"@type\":\"WebSite\",\"@id\":\"https:\/\/nk7-testes.com.br\/agazeta\/#website\",\"url\":\"https:\/\/nk7-testes.com.br\/agazeta\/\",\"name\":\"Agazeta.net\",\"description\":\"Agazeta.net - Not\u00edcias de Rio Branco\/AC\",\"potentialAction\":[{\"@type\":\"SearchAction\",\"target\":{\"@type\":\"EntryPoint\",\"urlTemplate\":\"https:\/\/nk7-testes.com.br\/agazeta\/?s={search_term_string}\"},\"query-input\":{\"@type\":\"PropertyValueSpecification\",\"valueRequired\":true,\"valueName\":\"search_term_string\"}}],\"inLanguage\":\"pt-BR\"},{\"@type\":\"Person\",\"@id\":\"https:\/\/nk7-testes.com.br\/agazeta\/#\/schema\/person\/6d6e25cb0435eb4a02fd44d30b4e3020\",\"name\":\"Agazeta.Net\",\"url\":\"https:\/\/nk7-testes.com.br\/agazeta\/author\/agazeta\/\"}]}<\/script>\n<!-- \/ Yoast SEO plugin. -->","yoast_head_json":{"title":"Elei\u00e7\u00e3o do Conselho Tutelar: 120 vagas - Agazeta.net","robots":{"index":"index","follow":"follow","max-snippet":"max-snippet:-1","max-image-preview":"max-image-preview:large","max-video-preview":"max-video-preview:-1"},"canonical":"https:\/\/nk7-testes.com.br\/agazeta\/eleicao-do-conselho-tutelar-120-vagas\/","og_locale":"pt_BR","og_type":"article","og_title":"Elei\u00e7\u00e3o do Conselho Tutelar: 120 vagas - Agazeta.net","og_description":"Quase 400 candidatos participam do pleito no Acre","og_url":"https:\/\/nk7-testes.com.br\/agazeta\/eleicao-do-conselho-tutelar-120-vagas\/","og_site_name":"Agazeta.net","article_published_time":"2015-09-10T14:27:56+00:00","og_image":[{"width":458,"height":340,"url":"https:\/\/nk7-testes.com.br\/agazeta\/wp-content\/uploads\/2015\/09\/100915-cotidiano-conselhotutelar-tvgazeta.jpg","type":"image\/jpeg"}],"author":"Agazeta.Net","twitter_card":"summary_large_image","twitter_misc":{"Escrito por":"Agazeta.Net","Est. tempo de leitura":"2 minutos"},"schema":{"@context":"https:\/\/schema.org","@graph":[{"@type":"WebPage","@id":"https:\/\/nk7-testes.com.br\/agazeta\/eleicao-do-conselho-tutelar-120-vagas\/","url":"https:\/\/nk7-testes.com.br\/agazeta\/eleicao-do-conselho-tutelar-120-vagas\/","name":"Elei\u00e7\u00e3o do Conselho Tutelar: 120 vagas - Agazeta.net","isPartOf":{"@id":"https:\/\/nk7-testes.com.br\/agazeta\/#website"},"primaryImageOfPage":{"@id":"https:\/\/nk7-testes.com.br\/agazeta\/eleicao-do-conselho-tutelar-120-vagas\/#primaryimage"},"image":{"@id":"https:\/\/nk7-testes.com.br\/agazeta\/eleicao-do-conselho-tutelar-120-vagas\/#primaryimage"},"thumbnailUrl":"https:\/\/nk7-testes.com.br\/agazeta\/wp-content\/uploads\/2015\/09\/100915-cotidiano-conselhotutelar-tvgazeta.jpg","datePublished":"2015-09-10T14:27:56+00:00","author":{"@id":"https:\/\/nk7-testes.com.br\/agazeta\/#\/schema\/person\/6d6e25cb0435eb4a02fd44d30b4e3020"},"breadcrumb":{"@id":"https:\/\/nk7-testes.com.br\/agazeta\/eleicao-do-conselho-tutelar-120-vagas\/#breadcrumb"},"inLanguage":"pt-BR","potentialAction":[{"@type":"ReadAction","target":["https:\/\/nk7-testes.com.br\/agazeta\/eleicao-do-conselho-tutelar-120-vagas\/"]}]},{"@type":"ImageObject","inLanguage":"pt-BR","@id":"https:\/\/nk7-testes.com.br\/agazeta\/eleicao-do-conselho-tutelar-120-vagas\/#primaryimage","url":"https:\/\/nk7-testes.com.br\/agazeta\/wp-content\/uploads\/2015\/09\/100915-cotidiano-conselhotutelar-tvgazeta.jpg","contentUrl":"https:\/\/nk7-testes.com.br\/agazeta\/wp-content\/uploads\/2015\/09\/100915-cotidiano-conselhotutelar-tvgazeta.jpg","width":458,"height":340,"caption":"100915-cotidiano-conselhotutelar-tvgazeta"},{"@type":"BreadcrumbList","@id":"https:\/\/nk7-testes.com.br\/agazeta\/eleicao-do-conselho-tutelar-120-vagas\/#breadcrumb","itemListElement":[{"@type":"ListItem","position":1,"name":"In\u00edcio","item":"https:\/\/nk7-testes.com.br\/agazeta\/"},{"@type":"ListItem","position":2,"name":"Elei\u00e7\u00e3o do Conselho Tutelar: 120 vagas"}]},{"@type":"WebSite","@id":"https:\/\/nk7-testes.com.br\/agazeta\/#website","url":"https:\/\/nk7-testes.com.br\/agazeta\/","name":"Agazeta.net","description":"Agazeta.net - Not\u00edcias de Rio Branco\/AC","potentialAction":[{"@type":"SearchAction","target":{"@type":"EntryPoint","urlTemplate":"https:\/\/nk7-testes.com.br\/agazeta\/?s={search_term_string}"},"query-input":{"@type":"PropertyValueSpecification","valueRequired":true,"valueName":"search_term_string"}}],"inLanguage":"pt-BR"},{"@type":"Person","@id":"https:\/\/nk7-testes.com.br\/agazeta\/#\/schema\/person\/6d6e25cb0435eb4a02fd44d30b4e3020","name":"Agazeta.Net","url":"https:\/\/nk7-testes.com.br\/agazeta\/author\/agazeta\/"}]}},"_links":{"self":[{"href":"https:\/\/nk7-testes.com.br\/agazeta\/wp-json\/wp\/v2\/posts\/18267","targetHints":{"allow":["GET"]}}],"collection":[{"href":"https:\/\/nk7-testes.com.br\/agazeta\/wp-json\/wp\/v2\/posts"}],"about":[{"href":"https:\/\/nk7-testes.com.br\/agazeta\/wp-json\/wp\/v2\/types\/post"}],"author":[{"embeddable":true,"href":"https:\/\/nk7-testes.com.br\/agazeta\/wp-json\/wp\/v2\/users\/4"}],"replies":[{"embeddable":true,"href":"https:\/\/nk7-testes.com.br\/agazeta\/wp-json\/wp\/v2\/comments?post=18267"}],"version-history":[{"count":0,"href":"https:\/\/nk7-testes.com.br\/agazeta\/wp-json\/wp\/v2\/posts\/18267\/revisions"}],"wp:featuredmedia":[{"embeddable":true,"href":"https:\/\/nk7-testes.com.br\/agazeta\/wp-json\/wp\/v2\/media\/18266"}],"wp:attachment":[{"href":"https:\/\/nk7-testes.com.br\/agazeta\/wp-json\/wp\/v2\/media?parent=18267"}],"wp:term":[{"taxonomy":"category","embeddable":true,"href":"https:\/\/nk7-testes.com.br\/agazeta\/wp-json\/wp\/v2\/categories?post=18267"},{"taxonomy":"post_tag","embeddable":true,"href":"https:\/\/nk7-testes.com.br\/agazeta\/wp-json\/wp\/v2\/tags?post=18267"}],"curies":[{"name":"wp","href":"https:\/\/api.w.org\/{rel}","templated":true}]}}