{"id":18259,"date":"2015-09-09T21:44:53","date_gmt":"2015-09-09T21:44:53","guid":{"rendered":"https:\/\/abarevegan.com.br\/index.php\/2015\/09\/09\/mae-clama-por-tratamento-de-filhos-dependentes-quimicos\/"},"modified":"2015-09-09T21:44:53","modified_gmt":"2015-09-09T21:44:53","slug":"mae-clama-por-tratamento-de-filhos-dependentes-quimicos","status":"publish","type":"post","link":"https:\/\/nk7-testes.com.br\/agazeta\/mae-clama-por-tratamento-de-filhos-dependentes-quimicos\/","title":{"rendered":"M\u00e3e clama por tratamento de filhos dependentes qu\u00edmicos"},"content":{"rendered":"<p style=\"text-align: justify;\">Jovem \u00e9 amarrado para n\u00e3o agredir m\u00e3e<\/p>\n<p style=\"text-align: justify;\">Maria Jos\u00e9 da Silva cria os cinco filhos homens no bairro Jorge Lavocat. Dos cinco, tr\u00eas s\u00e3o dependentes qu\u00edmicos. E isso muda tudo na rotina dela. Na casa de madeira de poucos c\u00f4modos, o pequeno fog\u00e3o branco com algumas partes quebradas tem uma botija de g\u00e1s acorrentada.<\/p>\n<p style=\"text-align: justify;\">\u201cOu acorrenta ou eles levam\u201d, relata a m\u00e3e. \u201cJ\u00e1 perdi as contas de quantos buj\u00f5es (sic) eles levaram de mim\u201d. Ela \u00e9 aposentada e todos os meses parte do mirrado or\u00e7amento \u00e9 comprometida com o v\u00edcio dos filhos.<\/p>\n<p style=\"text-align: justify;\">Al\u00e9m dos constantes furtos de dinheiro e objetos da casa, as agress\u00f5es f\u00edsicas tamb\u00e9m s\u00e3o comuns. Franzina, sem condi\u00e7\u00f5es de reagir, Maria da Silva \u00e9 constantemente agredida pelos tr\u00eas filhos dependentes. De m\u00eas em m\u00eas, falta de dinheiro, furtos, roubos, agress\u00f5es: a ciranda n\u00e3o para.<\/p>\n<p style=\"text-align: justify;\">Nesta quarta-feira, 9 de setembro, o desespero falou mais alto na casa de Maria Jos\u00e9 da Silva. Um dos filhos, o jovem Renilson da Silva, 24, estava muito agressivo. Um dos dois irm\u00e3os que n\u00e3o s\u00e3o dependentes qu\u00edmicos flagrou o momento em que a m\u00e3e j\u00e1 iria ser agredida. Interveio de uma forma dram\u00e1tica.<\/p>\n<p style=\"text-align: justify;\">\u201cOu acorrenta ou ela vai morrer n\u00e3o apenas de desgosto, mas morrer mesmo. Quem garante que n\u00e3o?\u201d, pergunta o irm\u00e3o, enquanto amarra p\u00e9s e m\u00e3os do irm\u00e3o viciado. Renilson da Silva tem algum tipo de defici\u00eancia intelectual.<\/p>\n<p style=\"text-align: justify;\">\u201cEu preciso de ajuda, meu Deus. Algu\u00e9m olhe por mim porque eu j\u00e1 n\u00e3o aguento mais a dor\u201d, a frase era dita como um grito. Aos prantos, Maria Jos\u00e9 da Silva ia vendo o filho sendo acorrentado. O choro e o desespero da m\u00e3e diante da situa\u00e7\u00e3o impressionavam.<\/p>\n<p style=\"text-align: justify;\">Na chegada da equipe do Samu, a m\u00e3e mantinha o olhar distante e fixo. O filho sempre nervoso agora estava calmo. Foi levado para o hospital. Maria Jos\u00e9 da Silva ficou em casa. Os outros dois filhos dependentes qu\u00edmicos iriam voltar em breve.<\/p>\n<p style=\"text-align: justify;\"><img decoding=\"async\" class=\" size-full wp-image-18256\" alt=\"Captura de tela 2015-09-09 as 17.43.05\" src=\"https:\/\/nk7-testes.com.br\/wp-content\/uploads\/2015\/09\/Captura_de_tela_2015-09-09_as_17.43.05.png\" height=\"559\" width=\"425\" srcset=\"https:\/\/nk7-testes.com.br\/agazeta\/wp-content\/uploads\/2015\/09\/Captura_de_tela_2015-09-09_as_17.43.05.png 363w, https:\/\/nk7-testes.com.br\/agazeta\/wp-content\/uploads\/2015\/09\/Captura_de_tela_2015-09-09_as_17.43.05-228x300.png 228w\" sizes=\"(max-width: 425px) 100vw, 425px\" \/> <img decoding=\"async\" class=\" size-full wp-image-18257\" alt=\"carcere09097Fogao\" src=\"https:\/\/nk7-testes.com.br\/wp-content\/uploads\/2015\/09\/carcere09097Fogao.jpg\" height=\"480\" width=\"803\" \/><\/p>\n<p style=\"text-align: justify;\"><img decoding=\"async\" class=\" size-full wp-image-18258\" alt=\"Captura de tela 2015-09-09 as 17.45.35\" src=\"https:\/\/nk7-testes.com.br\/wp-content\/uploads\/2015\/09\/Captura_de_tela_2015-09-09_as_17.45.35.png\" height=\"747\" width=\"423\" srcset=\"https:\/\/nk7-testes.com.br\/agazeta\/wp-content\/uploads\/2015\/09\/Captura_de_tela_2015-09-09_as_17.45.35.png 270w, https:\/\/nk7-testes.com.br\/agazeta\/wp-content\/uploads\/2015\/09\/Captura_de_tela_2015-09-09_as_17.45.35-170x300.png 170w\" sizes=\"(max-width: 423px) 100vw, 423px\" \/><\/p>\n<p style=\"text-align: justify;\">&nbsp;<\/p>\n","protected":false},"excerpt":{"rendered":"<p style=\"text-align: justify;\">Jovem \u00e9 amarrado para n\u00e3o agredir m\u00e3e<\/p>\n","protected":false},"author":4,"featured_media":18255,"comment_status":"open","ping_status":"open","sticky":false,"template":"","format":"standard","meta":{"jnews-multi-image_gallery":[],"jnews_single_post":[],"jnews_primary_category":[],"jnews_social_meta":[],"jnews_review":[],"enable_review":"","type":"","name":"","summary":"","brand":"","sku":"","good":[],"bad":[],"score_override":"","override_value":"","rating":[],"price":[],"footnotes":""},"categories":[54],"tags":[],"class_list":["post-18259","post","type-post","status-publish","format-standard","has-post-thumbnail","hentry","category-cotidiano"],"yoast_head":"<!-- This site is optimized with the Yoast SEO plugin v26.5 - https:\/\/yoast.com\/wordpress\/plugins\/seo\/ -->\n<title>M\u00e3e clama por tratamento de filhos dependentes qu\u00edmicos - Agazeta.net<\/title>\n<meta name=\"robots\" content=\"index, follow, max-snippet:-1, max-image-preview:large, max-video-preview:-1\" \/>\n<link rel=\"canonical\" href=\"https:\/\/nk7-testes.com.br\/agazeta\/mae-clama-por-tratamento-de-filhos-dependentes-quimicos\/\" \/>\n<meta property=\"og:locale\" content=\"pt_BR\" \/>\n<meta property=\"og:type\" content=\"article\" \/>\n<meta property=\"og:title\" content=\"M\u00e3e clama por tratamento de filhos dependentes qu\u00edmicos - Agazeta.net\" \/>\n<meta property=\"og:description\" content=\"Jovem \u00e9 amarrado para n\u00e3o agredir m\u00e3e\" \/>\n<meta property=\"og:url\" content=\"https:\/\/nk7-testes.com.br\/agazeta\/mae-clama-por-tratamento-de-filhos-dependentes-quimicos\/\" \/>\n<meta property=\"og:site_name\" content=\"Agazeta.net\" \/>\n<meta property=\"article:published_time\" content=\"2015-09-09T21:44:53+00:00\" \/>\n<meta property=\"og:image\" content=\"https:\/\/nk7-testes.com.br\/agazeta\/wp-content\/uploads\/2015\/09\/090915-cotidiano-dependentequimico-jardelangelim.jpg\" \/>\n\t<meta property=\"og:image:width\" content=\"458\" \/>\n\t<meta property=\"og:image:height\" content=\"340\" \/>\n\t<meta property=\"og:image:type\" content=\"image\/jpeg\" \/>\n<meta name=\"author\" content=\"Agazeta.Net\" \/>\n<meta name=\"twitter:card\" content=\"summary_large_image\" \/>\n<meta name=\"twitter:label1\" content=\"Escrito por\" \/>\n\t<meta name=\"twitter:data1\" content=\"Agazeta.Net\" \/>\n\t<meta name=\"twitter:label2\" content=\"Est. tempo de leitura\" \/>\n\t<meta name=\"twitter:data2\" content=\"2 minutos\" \/>\n<script type=\"application\/ld+json\" class=\"yoast-schema-graph\">{\"@context\":\"https:\/\/schema.org\",\"@graph\":[{\"@type\":\"WebPage\",\"@id\":\"https:\/\/nk7-testes.com.br\/agazeta\/mae-clama-por-tratamento-de-filhos-dependentes-quimicos\/\",\"url\":\"https:\/\/nk7-testes.com.br\/agazeta\/mae-clama-por-tratamento-de-filhos-dependentes-quimicos\/\",\"name\":\"M\u00e3e clama por tratamento de filhos dependentes qu\u00edmicos - Agazeta.net\",\"isPartOf\":{\"@id\":\"https:\/\/nk7-testes.com.br\/agazeta\/#website\"},\"primaryImageOfPage\":{\"@id\":\"https:\/\/nk7-testes.com.br\/agazeta\/mae-clama-por-tratamento-de-filhos-dependentes-quimicos\/#primaryimage\"},\"image\":{\"@id\":\"https:\/\/nk7-testes.com.br\/agazeta\/mae-clama-por-tratamento-de-filhos-dependentes-quimicos\/#primaryimage\"},\"thumbnailUrl\":\"https:\/\/nk7-testes.com.br\/agazeta\/wp-content\/uploads\/2015\/09\/090915-cotidiano-dependentequimico-jardelangelim.jpg\",\"datePublished\":\"2015-09-09T21:44:53+00:00\",\"author\":{\"@id\":\"https:\/\/nk7-testes.com.br\/agazeta\/#\/schema\/person\/6d6e25cb0435eb4a02fd44d30b4e3020\"},\"breadcrumb\":{\"@id\":\"https:\/\/nk7-testes.com.br\/agazeta\/mae-clama-por-tratamento-de-filhos-dependentes-quimicos\/#breadcrumb\"},\"inLanguage\":\"pt-BR\",\"potentialAction\":[{\"@type\":\"ReadAction\",\"target\":[\"https:\/\/nk7-testes.com.br\/agazeta\/mae-clama-por-tratamento-de-filhos-dependentes-quimicos\/\"]}]},{\"@type\":\"ImageObject\",\"inLanguage\":\"pt-BR\",\"@id\":\"https:\/\/nk7-testes.com.br\/agazeta\/mae-clama-por-tratamento-de-filhos-dependentes-quimicos\/#primaryimage\",\"url\":\"https:\/\/nk7-testes.com.br\/agazeta\/wp-content\/uploads\/2015\/09\/090915-cotidiano-dependentequimico-jardelangelim.jpg\",\"contentUrl\":\"https:\/\/nk7-testes.com.br\/agazeta\/wp-content\/uploads\/2015\/09\/090915-cotidiano-dependentequimico-jardelangelim.jpg\",\"width\":458,\"height\":340,\"caption\":\"090915-cotidiano-dependentequimico-jardelangelim\"},{\"@type\":\"BreadcrumbList\",\"@id\":\"https:\/\/nk7-testes.com.br\/agazeta\/mae-clama-por-tratamento-de-filhos-dependentes-quimicos\/#breadcrumb\",\"itemListElement\":[{\"@type\":\"ListItem\",\"position\":1,\"name\":\"In\u00edcio\",\"item\":\"https:\/\/nk7-testes.com.br\/agazeta\/\"},{\"@type\":\"ListItem\",\"position\":2,\"name\":\"M\u00e3e clama por tratamento de filhos dependentes qu\u00edmicos\"}]},{\"@type\":\"WebSite\",\"@id\":\"https:\/\/nk7-testes.com.br\/agazeta\/#website\",\"url\":\"https:\/\/nk7-testes.com.br\/agazeta\/\",\"name\":\"Agazeta.net\",\"description\":\"Agazeta.net - Not\u00edcias de Rio Branco\/AC\",\"potentialAction\":[{\"@type\":\"SearchAction\",\"target\":{\"@type\":\"EntryPoint\",\"urlTemplate\":\"https:\/\/nk7-testes.com.br\/agazeta\/?s={search_term_string}\"},\"query-input\":{\"@type\":\"PropertyValueSpecification\",\"valueRequired\":true,\"valueName\":\"search_term_string\"}}],\"inLanguage\":\"pt-BR\"},{\"@type\":\"Person\",\"@id\":\"https:\/\/nk7-testes.com.br\/agazeta\/#\/schema\/person\/6d6e25cb0435eb4a02fd44d30b4e3020\",\"name\":\"Agazeta.Net\",\"url\":\"https:\/\/nk7-testes.com.br\/agazeta\/author\/agazeta\/\"}]}<\/script>\n<!-- \/ Yoast SEO plugin. -->","yoast_head_json":{"title":"M\u00e3e clama por tratamento de filhos dependentes qu\u00edmicos - Agazeta.net","robots":{"index":"index","follow":"follow","max-snippet":"max-snippet:-1","max-image-preview":"max-image-preview:large","max-video-preview":"max-video-preview:-1"},"canonical":"https:\/\/nk7-testes.com.br\/agazeta\/mae-clama-por-tratamento-de-filhos-dependentes-quimicos\/","og_locale":"pt_BR","og_type":"article","og_title":"M\u00e3e clama por tratamento de filhos dependentes qu\u00edmicos - Agazeta.net","og_description":"Jovem \u00e9 amarrado para n\u00e3o agredir m\u00e3e","og_url":"https:\/\/nk7-testes.com.br\/agazeta\/mae-clama-por-tratamento-de-filhos-dependentes-quimicos\/","og_site_name":"Agazeta.net","article_published_time":"2015-09-09T21:44:53+00:00","og_image":[{"width":458,"height":340,"url":"https:\/\/nk7-testes.com.br\/agazeta\/wp-content\/uploads\/2015\/09\/090915-cotidiano-dependentequimico-jardelangelim.jpg","type":"image\/jpeg"}],"author":"Agazeta.Net","twitter_card":"summary_large_image","twitter_misc":{"Escrito por":"Agazeta.Net","Est. tempo de leitura":"2 minutos"},"schema":{"@context":"https:\/\/schema.org","@graph":[{"@type":"WebPage","@id":"https:\/\/nk7-testes.com.br\/agazeta\/mae-clama-por-tratamento-de-filhos-dependentes-quimicos\/","url":"https:\/\/nk7-testes.com.br\/agazeta\/mae-clama-por-tratamento-de-filhos-dependentes-quimicos\/","name":"M\u00e3e clama por tratamento de filhos dependentes qu\u00edmicos - Agazeta.net","isPartOf":{"@id":"https:\/\/nk7-testes.com.br\/agazeta\/#website"},"primaryImageOfPage":{"@id":"https:\/\/nk7-testes.com.br\/agazeta\/mae-clama-por-tratamento-de-filhos-dependentes-quimicos\/#primaryimage"},"image":{"@id":"https:\/\/nk7-testes.com.br\/agazeta\/mae-clama-por-tratamento-de-filhos-dependentes-quimicos\/#primaryimage"},"thumbnailUrl":"https:\/\/nk7-testes.com.br\/agazeta\/wp-content\/uploads\/2015\/09\/090915-cotidiano-dependentequimico-jardelangelim.jpg","datePublished":"2015-09-09T21:44:53+00:00","author":{"@id":"https:\/\/nk7-testes.com.br\/agazeta\/#\/schema\/person\/6d6e25cb0435eb4a02fd44d30b4e3020"},"breadcrumb":{"@id":"https:\/\/nk7-testes.com.br\/agazeta\/mae-clama-por-tratamento-de-filhos-dependentes-quimicos\/#breadcrumb"},"inLanguage":"pt-BR","potentialAction":[{"@type":"ReadAction","target":["https:\/\/nk7-testes.com.br\/agazeta\/mae-clama-por-tratamento-de-filhos-dependentes-quimicos\/"]}]},{"@type":"ImageObject","inLanguage":"pt-BR","@id":"https:\/\/nk7-testes.com.br\/agazeta\/mae-clama-por-tratamento-de-filhos-dependentes-quimicos\/#primaryimage","url":"https:\/\/nk7-testes.com.br\/agazeta\/wp-content\/uploads\/2015\/09\/090915-cotidiano-dependentequimico-jardelangelim.jpg","contentUrl":"https:\/\/nk7-testes.com.br\/agazeta\/wp-content\/uploads\/2015\/09\/090915-cotidiano-dependentequimico-jardelangelim.jpg","width":458,"height":340,"caption":"090915-cotidiano-dependentequimico-jardelangelim"},{"@type":"BreadcrumbList","@id":"https:\/\/nk7-testes.com.br\/agazeta\/mae-clama-por-tratamento-de-filhos-dependentes-quimicos\/#breadcrumb","itemListElement":[{"@type":"ListItem","position":1,"name":"In\u00edcio","item":"https:\/\/nk7-testes.com.br\/agazeta\/"},{"@type":"ListItem","position":2,"name":"M\u00e3e clama por tratamento de filhos dependentes qu\u00edmicos"}]},{"@type":"WebSite","@id":"https:\/\/nk7-testes.com.br\/agazeta\/#website","url":"https:\/\/nk7-testes.com.br\/agazeta\/","name":"Agazeta.net","description":"Agazeta.net - Not\u00edcias de Rio Branco\/AC","potentialAction":[{"@type":"SearchAction","target":{"@type":"EntryPoint","urlTemplate":"https:\/\/nk7-testes.com.br\/agazeta\/?s={search_term_string}"},"query-input":{"@type":"PropertyValueSpecification","valueRequired":true,"valueName":"search_term_string"}}],"inLanguage":"pt-BR"},{"@type":"Person","@id":"https:\/\/nk7-testes.com.br\/agazeta\/#\/schema\/person\/6d6e25cb0435eb4a02fd44d30b4e3020","name":"Agazeta.Net","url":"https:\/\/nk7-testes.com.br\/agazeta\/author\/agazeta\/"}]}},"_links":{"self":[{"href":"https:\/\/nk7-testes.com.br\/agazeta\/wp-json\/wp\/v2\/posts\/18259","targetHints":{"allow":["GET"]}}],"collection":[{"href":"https:\/\/nk7-testes.com.br\/agazeta\/wp-json\/wp\/v2\/posts"}],"about":[{"href":"https:\/\/nk7-testes.com.br\/agazeta\/wp-json\/wp\/v2\/types\/post"}],"author":[{"embeddable":true,"href":"https:\/\/nk7-testes.com.br\/agazeta\/wp-json\/wp\/v2\/users\/4"}],"replies":[{"embeddable":true,"href":"https:\/\/nk7-testes.com.br\/agazeta\/wp-json\/wp\/v2\/comments?post=18259"}],"version-history":[{"count":0,"href":"https:\/\/nk7-testes.com.br\/agazeta\/wp-json\/wp\/v2\/posts\/18259\/revisions"}],"wp:featuredmedia":[{"embeddable":true,"href":"https:\/\/nk7-testes.com.br\/agazeta\/wp-json\/wp\/v2\/media\/18255"}],"wp:attachment":[{"href":"https:\/\/nk7-testes.com.br\/agazeta\/wp-json\/wp\/v2\/media?parent=18259"}],"wp:term":[{"taxonomy":"category","embeddable":true,"href":"https:\/\/nk7-testes.com.br\/agazeta\/wp-json\/wp\/v2\/categories?post=18259"},{"taxonomy":"post_tag","embeddable":true,"href":"https:\/\/nk7-testes.com.br\/agazeta\/wp-json\/wp\/v2\/tags?post=18259"}],"curies":[{"name":"wp","href":"https:\/\/api.w.org\/{rel}","templated":true}]}}