{"id":18231,"date":"2015-09-08T22:44:33","date_gmt":"2015-09-08T22:44:33","guid":{"rendered":"https:\/\/abarevegan.com.br\/index.php\/2015\/09\/08\/lancado-programa-fale-com-a-corregedora-no-acre\/"},"modified":"2015-09-08T22:44:33","modified_gmt":"2015-09-08T22:44:33","slug":"lancado-programa-fale-com-a-corregedora-no-acre","status":"publish","type":"post","link":"https:\/\/nk7-testes.com.br\/agazeta\/lancado-programa-fale-com-a-corregedora-no-acre\/","title":{"rendered":"Lan\u00e7ado programa Fale com a Corregedora no Acre"},"content":{"rendered":"<p style=\"text-align: justify;\">Ministra Nancy Andrighi participa do lan\u00e7amento<\/p>\n<p style=\"text-align: justify;\">Em encontro realizado nesta ter\u00e7a-feira (8) com magistrados do Judici\u00e1rio Acreano, a ministra Nancy Andrighi, corregedora nacional de Justi\u00e7a, lan\u00e7ou o programa Fale com a Corregedora.<\/p>\n<p style=\"text-align: justify;\">A abertura da reuni\u00e3o de trabalho teve as presen\u00e7as da desembargadora-presidente Cezarinete Angelim e da corregedora geral da Justi\u00e7a, desembargadora Regina Ferrari e do presidente da Associa\u00e7\u00e3o dos Magistrados do Acre (Asmac), juiz Giordane Dourado.<\/p>\n<p style=\"text-align: justify;\">O principal intuito dessa iniciativa \u00e9 apresentar o trabalho da Corregedoria Nacional e estabelecer uma rela\u00e7\u00e3o com os ju\u00edzes de primeira inst\u00e2ncia, conhecendo os desafios e necessidades de suas respectivas jurisdi\u00e7\u00f5es, as ideias e propostas que possam levar \u00e0 melhoria dos servi\u00e7os administrativos e, principalmente, judici\u00e1rios.<\/p>\n<p style=\"text-align: justify;\">O encontro aconteceu no Pal\u00e1cio da Justi\u00e7a, centro, com a presen\u00e7a de mais ju\u00edzes da Capital e do interior do Acre. Os desembargadores Samoel Evangelista, Roberto Barros e J\u00fanior Alberto tamb\u00e9m prestigiaram a atividade.<\/p>\n<p style=\"text-align: justify;\">\u201cA sua vida ao Acre traduz uma coincid\u00eancia feliz, por ocasi\u00e3o do anivers\u00e1rio de 20 anos dos Juizados Especiais, neste m\u00eas de setembro, que tive a honra de instalar com a sua presen\u00e7a. Ao mesmo tempo, traz a sincronicidade de sua vis\u00e3o, que \u00e9 a mesma desta gest\u00e3o, de um Judici\u00e1rio mais acess\u00edvel, mais sens\u00edvel e mais social, voltada a todos quantos tenham sede e fome de justi\u00e7a\u201d, assinalou Cezarinete Angelim.<\/p>\n<p style=\"text-align: justify;\">Ao desejar que a estada da ministra Nancy Andrighi no Estado fosse \u201co mais acolhedora poss\u00edvel\u201d, a presidente do TJAC lembrou diversas a\u00e7\u00f5es da atual Administra\u00e7\u00e3o (marcada pelo di\u00e1logo interno e externo), voltadas a manter e integrar a Justi\u00e7a Estadual.<\/p>\n<p style=\"text-align: justify;\">\u201cTrata-se de um encontro que valoriza a magistratura do Acre e converge para a miss\u00e3o constitucional e democr\u00e1tica que os magistrados cumprem a cada dia. Precisamos estar a cada dia mais unidos, para dar conta dos desafios de judiciais e extrajudiciais\u201d, ressaltou a desembargadora Regina Ferrari.<\/p>\n<p style=\"text-align: justify;\">Nancy Andrighi \u00e9 a primeira ju\u00edza de carreira a ocupar o cargo de corregedora nacional de Justi\u00e7a. \u201cSintam-se todos abra\u00e7ados com amorosidade. A minha visita aos senhores n\u00e3o tem o objetivo de punir ou cuidar dos desvios de conduta, pois est\u00e1 em um segundo plano. O que busco mesmo \u00e9 estabelecer maior aproxima\u00e7\u00e3o e um di\u00e1logo assertivo, que me permita ouvi-los e, juntos, analisarmos o que \u00e9 poss\u00edvel melhorar\u201d, declarou.<\/p>\n","protected":false},"excerpt":{"rendered":"<p style=\"text-align: justify;\">Ministra Nancy Andrighi participa do lan\u00e7amento<\/p>\n","protected":false},"author":4,"featured_media":18230,"comment_status":"open","ping_status":"open","sticky":false,"template":"","format":"standard","meta":{"jnews-multi-image_gallery":[],"jnews_single_post":[],"jnews_primary_category":[],"jnews_social_meta":[],"jnews_review":[],"enable_review":"","type":"","name":"","summary":"","brand":"","sku":"","good":[],"bad":[],"score_override":"","override_value":"","rating":[],"price":[],"footnotes":""},"categories":[54],"tags":[],"class_list":["post-18231","post","type-post","status-publish","format-standard","has-post-thumbnail","hentry","category-cotidiano"],"yoast_head":"<!-- This site is optimized with the Yoast SEO plugin v26.5 - https:\/\/yoast.com\/wordpress\/plugins\/seo\/ -->\n<title>Lan\u00e7ado programa Fale com a Corregedora no Acre - Agazeta.net<\/title>\n<meta name=\"robots\" content=\"index, follow, max-snippet:-1, max-image-preview:large, max-video-preview:-1\" \/>\n<link rel=\"canonical\" href=\"https:\/\/nk7-testes.com.br\/agazeta\/lancado-programa-fale-com-a-corregedora-no-acre\/\" \/>\n<meta property=\"og:locale\" content=\"pt_BR\" \/>\n<meta property=\"og:type\" content=\"article\" \/>\n<meta property=\"og:title\" content=\"Lan\u00e7ado programa Fale com a Corregedora no Acre - Agazeta.net\" \/>\n<meta property=\"og:description\" content=\"Ministra Nancy Andrighi participa do lan\u00e7amento\" \/>\n<meta property=\"og:url\" content=\"https:\/\/nk7-testes.com.br\/agazeta\/lancado-programa-fale-com-a-corregedora-no-acre\/\" \/>\n<meta property=\"og:site_name\" content=\"Agazeta.net\" \/>\n<meta property=\"article:published_time\" content=\"2015-09-08T22:44:33+00:00\" \/>\n<meta property=\"og:image\" content=\"https:\/\/nk7-testes.com.br\/agazeta\/wp-content\/uploads\/2015\/09\/080915-cotidiano-tribunaldejustica-agenciatj.jpg\" \/>\n\t<meta property=\"og:image:width\" content=\"458\" \/>\n\t<meta property=\"og:image:height\" content=\"340\" \/>\n\t<meta property=\"og:image:type\" content=\"image\/jpeg\" \/>\n<meta name=\"author\" content=\"Agazeta.Net\" \/>\n<meta name=\"twitter:card\" content=\"summary_large_image\" \/>\n<meta name=\"twitter:label1\" content=\"Escrito por\" \/>\n\t<meta name=\"twitter:data1\" content=\"Agazeta.Net\" \/>\n\t<meta name=\"twitter:label2\" content=\"Est. tempo de leitura\" \/>\n\t<meta name=\"twitter:data2\" content=\"2 minutos\" \/>\n<script type=\"application\/ld+json\" class=\"yoast-schema-graph\">{\"@context\":\"https:\/\/schema.org\",\"@graph\":[{\"@type\":\"WebPage\",\"@id\":\"https:\/\/nk7-testes.com.br\/agazeta\/lancado-programa-fale-com-a-corregedora-no-acre\/\",\"url\":\"https:\/\/nk7-testes.com.br\/agazeta\/lancado-programa-fale-com-a-corregedora-no-acre\/\",\"name\":\"Lan\u00e7ado programa Fale com a Corregedora no Acre - Agazeta.net\",\"isPartOf\":{\"@id\":\"https:\/\/nk7-testes.com.br\/agazeta\/#website\"},\"primaryImageOfPage\":{\"@id\":\"https:\/\/nk7-testes.com.br\/agazeta\/lancado-programa-fale-com-a-corregedora-no-acre\/#primaryimage\"},\"image\":{\"@id\":\"https:\/\/nk7-testes.com.br\/agazeta\/lancado-programa-fale-com-a-corregedora-no-acre\/#primaryimage\"},\"thumbnailUrl\":\"https:\/\/nk7-testes.com.br\/agazeta\/wp-content\/uploads\/2015\/09\/080915-cotidiano-tribunaldejustica-agenciatj.jpg\",\"datePublished\":\"2015-09-08T22:44:33+00:00\",\"author\":{\"@id\":\"https:\/\/nk7-testes.com.br\/agazeta\/#\/schema\/person\/6d6e25cb0435eb4a02fd44d30b4e3020\"},\"breadcrumb\":{\"@id\":\"https:\/\/nk7-testes.com.br\/agazeta\/lancado-programa-fale-com-a-corregedora-no-acre\/#breadcrumb\"},\"inLanguage\":\"pt-BR\",\"potentialAction\":[{\"@type\":\"ReadAction\",\"target\":[\"https:\/\/nk7-testes.com.br\/agazeta\/lancado-programa-fale-com-a-corregedora-no-acre\/\"]}]},{\"@type\":\"ImageObject\",\"inLanguage\":\"pt-BR\",\"@id\":\"https:\/\/nk7-testes.com.br\/agazeta\/lancado-programa-fale-com-a-corregedora-no-acre\/#primaryimage\",\"url\":\"https:\/\/nk7-testes.com.br\/agazeta\/wp-content\/uploads\/2015\/09\/080915-cotidiano-tribunaldejustica-agenciatj.jpg\",\"contentUrl\":\"https:\/\/nk7-testes.com.br\/agazeta\/wp-content\/uploads\/2015\/09\/080915-cotidiano-tribunaldejustica-agenciatj.jpg\",\"width\":458,\"height\":340,\"caption\":\"080915-cotidiano-tribunaldejustica-agenciatj\"},{\"@type\":\"BreadcrumbList\",\"@id\":\"https:\/\/nk7-testes.com.br\/agazeta\/lancado-programa-fale-com-a-corregedora-no-acre\/#breadcrumb\",\"itemListElement\":[{\"@type\":\"ListItem\",\"position\":1,\"name\":\"In\u00edcio\",\"item\":\"https:\/\/nk7-testes.com.br\/agazeta\/\"},{\"@type\":\"ListItem\",\"position\":2,\"name\":\"Lan\u00e7ado programa Fale com a Corregedora no Acre\"}]},{\"@type\":\"WebSite\",\"@id\":\"https:\/\/nk7-testes.com.br\/agazeta\/#website\",\"url\":\"https:\/\/nk7-testes.com.br\/agazeta\/\",\"name\":\"Agazeta.net\",\"description\":\"Agazeta.net - Not\u00edcias de Rio Branco\/AC\",\"potentialAction\":[{\"@type\":\"SearchAction\",\"target\":{\"@type\":\"EntryPoint\",\"urlTemplate\":\"https:\/\/nk7-testes.com.br\/agazeta\/?s={search_term_string}\"},\"query-input\":{\"@type\":\"PropertyValueSpecification\",\"valueRequired\":true,\"valueName\":\"search_term_string\"}}],\"inLanguage\":\"pt-BR\"},{\"@type\":\"Person\",\"@id\":\"https:\/\/nk7-testes.com.br\/agazeta\/#\/schema\/person\/6d6e25cb0435eb4a02fd44d30b4e3020\",\"name\":\"Agazeta.Net\",\"url\":\"https:\/\/nk7-testes.com.br\/agazeta\/author\/agazeta\/\"}]}<\/script>\n<!-- \/ Yoast SEO plugin. -->","yoast_head_json":{"title":"Lan\u00e7ado programa Fale com a Corregedora no Acre - Agazeta.net","robots":{"index":"index","follow":"follow","max-snippet":"max-snippet:-1","max-image-preview":"max-image-preview:large","max-video-preview":"max-video-preview:-1"},"canonical":"https:\/\/nk7-testes.com.br\/agazeta\/lancado-programa-fale-com-a-corregedora-no-acre\/","og_locale":"pt_BR","og_type":"article","og_title":"Lan\u00e7ado programa Fale com a Corregedora no Acre - Agazeta.net","og_description":"Ministra Nancy Andrighi participa do lan\u00e7amento","og_url":"https:\/\/nk7-testes.com.br\/agazeta\/lancado-programa-fale-com-a-corregedora-no-acre\/","og_site_name":"Agazeta.net","article_published_time":"2015-09-08T22:44:33+00:00","og_image":[{"width":458,"height":340,"url":"https:\/\/nk7-testes.com.br\/agazeta\/wp-content\/uploads\/2015\/09\/080915-cotidiano-tribunaldejustica-agenciatj.jpg","type":"image\/jpeg"}],"author":"Agazeta.Net","twitter_card":"summary_large_image","twitter_misc":{"Escrito por":"Agazeta.Net","Est. tempo de leitura":"2 minutos"},"schema":{"@context":"https:\/\/schema.org","@graph":[{"@type":"WebPage","@id":"https:\/\/nk7-testes.com.br\/agazeta\/lancado-programa-fale-com-a-corregedora-no-acre\/","url":"https:\/\/nk7-testes.com.br\/agazeta\/lancado-programa-fale-com-a-corregedora-no-acre\/","name":"Lan\u00e7ado programa Fale com a Corregedora no Acre - Agazeta.net","isPartOf":{"@id":"https:\/\/nk7-testes.com.br\/agazeta\/#website"},"primaryImageOfPage":{"@id":"https:\/\/nk7-testes.com.br\/agazeta\/lancado-programa-fale-com-a-corregedora-no-acre\/#primaryimage"},"image":{"@id":"https:\/\/nk7-testes.com.br\/agazeta\/lancado-programa-fale-com-a-corregedora-no-acre\/#primaryimage"},"thumbnailUrl":"https:\/\/nk7-testes.com.br\/agazeta\/wp-content\/uploads\/2015\/09\/080915-cotidiano-tribunaldejustica-agenciatj.jpg","datePublished":"2015-09-08T22:44:33+00:00","author":{"@id":"https:\/\/nk7-testes.com.br\/agazeta\/#\/schema\/person\/6d6e25cb0435eb4a02fd44d30b4e3020"},"breadcrumb":{"@id":"https:\/\/nk7-testes.com.br\/agazeta\/lancado-programa-fale-com-a-corregedora-no-acre\/#breadcrumb"},"inLanguage":"pt-BR","potentialAction":[{"@type":"ReadAction","target":["https:\/\/nk7-testes.com.br\/agazeta\/lancado-programa-fale-com-a-corregedora-no-acre\/"]}]},{"@type":"ImageObject","inLanguage":"pt-BR","@id":"https:\/\/nk7-testes.com.br\/agazeta\/lancado-programa-fale-com-a-corregedora-no-acre\/#primaryimage","url":"https:\/\/nk7-testes.com.br\/agazeta\/wp-content\/uploads\/2015\/09\/080915-cotidiano-tribunaldejustica-agenciatj.jpg","contentUrl":"https:\/\/nk7-testes.com.br\/agazeta\/wp-content\/uploads\/2015\/09\/080915-cotidiano-tribunaldejustica-agenciatj.jpg","width":458,"height":340,"caption":"080915-cotidiano-tribunaldejustica-agenciatj"},{"@type":"BreadcrumbList","@id":"https:\/\/nk7-testes.com.br\/agazeta\/lancado-programa-fale-com-a-corregedora-no-acre\/#breadcrumb","itemListElement":[{"@type":"ListItem","position":1,"name":"In\u00edcio","item":"https:\/\/nk7-testes.com.br\/agazeta\/"},{"@type":"ListItem","position":2,"name":"Lan\u00e7ado programa Fale com a Corregedora no Acre"}]},{"@type":"WebSite","@id":"https:\/\/nk7-testes.com.br\/agazeta\/#website","url":"https:\/\/nk7-testes.com.br\/agazeta\/","name":"Agazeta.net","description":"Agazeta.net - Not\u00edcias de Rio Branco\/AC","potentialAction":[{"@type":"SearchAction","target":{"@type":"EntryPoint","urlTemplate":"https:\/\/nk7-testes.com.br\/agazeta\/?s={search_term_string}"},"query-input":{"@type":"PropertyValueSpecification","valueRequired":true,"valueName":"search_term_string"}}],"inLanguage":"pt-BR"},{"@type":"Person","@id":"https:\/\/nk7-testes.com.br\/agazeta\/#\/schema\/person\/6d6e25cb0435eb4a02fd44d30b4e3020","name":"Agazeta.Net","url":"https:\/\/nk7-testes.com.br\/agazeta\/author\/agazeta\/"}]}},"_links":{"self":[{"href":"https:\/\/nk7-testes.com.br\/agazeta\/wp-json\/wp\/v2\/posts\/18231","targetHints":{"allow":["GET"]}}],"collection":[{"href":"https:\/\/nk7-testes.com.br\/agazeta\/wp-json\/wp\/v2\/posts"}],"about":[{"href":"https:\/\/nk7-testes.com.br\/agazeta\/wp-json\/wp\/v2\/types\/post"}],"author":[{"embeddable":true,"href":"https:\/\/nk7-testes.com.br\/agazeta\/wp-json\/wp\/v2\/users\/4"}],"replies":[{"embeddable":true,"href":"https:\/\/nk7-testes.com.br\/agazeta\/wp-json\/wp\/v2\/comments?post=18231"}],"version-history":[{"count":0,"href":"https:\/\/nk7-testes.com.br\/agazeta\/wp-json\/wp\/v2\/posts\/18231\/revisions"}],"wp:featuredmedia":[{"embeddable":true,"href":"https:\/\/nk7-testes.com.br\/agazeta\/wp-json\/wp\/v2\/media\/18230"}],"wp:attachment":[{"href":"https:\/\/nk7-testes.com.br\/agazeta\/wp-json\/wp\/v2\/media?parent=18231"}],"wp:term":[{"taxonomy":"category","embeddable":true,"href":"https:\/\/nk7-testes.com.br\/agazeta\/wp-json\/wp\/v2\/categories?post=18231"},{"taxonomy":"post_tag","embeddable":true,"href":"https:\/\/nk7-testes.com.br\/agazeta\/wp-json\/wp\/v2\/tags?post=18231"}],"curies":[{"name":"wp","href":"https:\/\/api.w.org\/{rel}","templated":true}]}}