{"id":18150,"date":"2015-09-04T20:31:45","date_gmt":"2015-09-04T20:31:45","guid":{"rendered":"https:\/\/abarevegan.com.br\/index.php\/2015\/09\/04\/diminui-a-chegada-de-haitianos-ao-brasil-pelo-acre\/"},"modified":"2015-09-04T20:31:45","modified_gmt":"2015-09-04T20:31:45","slug":"diminui-a-chegada-de-haitianos-ao-brasil-pelo-acre","status":"publish","type":"post","link":"https:\/\/nk7-testes.com.br\/agazeta\/diminui-a-chegada-de-haitianos-ao-brasil-pelo-acre\/","title":{"rendered":"Diminui a chegada de haitianos ao Brasil pelo Acre"},"content":{"rendered":"<p style=\"text-align: justify;\">Entrada de imigrantes est\u00e1 ocorrendo direto por S\u00e3o Paulo<\/p>\n<p style=\"text-align: justify;\">Enquanto a imigra\u00e7\u00e3o de haitianos reduziu, o n\u00famero de senegaleses que chega ao Brasil pelo Acre n\u00e3o para de crescer. Atualmente, no abrigo de Rio Branco, existem mais imigrantes do Senegal, que do Haiti. Dos 335 imigrantes do abrigo, 154 s\u00e3o haitianos e 179 senegaleses.<\/p>\n<p style=\"text-align: justify;\">A queda dos n\u00fameros de haitianos que chegam pelo Acre come\u00e7ou h\u00e1 tr\u00eas semanas. A m\u00e9dia j\u00e1 chegou a 80 por dia, hoje s\u00e3o 10.<\/p>\n<p style=\"text-align: justify;\">Em contrapartida, o Brasil n\u00e3o est\u00e1 recebendo menos haitianos. A rota do Acre pe que passou a ser menos usada. O Governo Federal contratou a organiza\u00e7\u00e3o de migra\u00e7\u00f5es internacionais, que est\u00e1 controlando, no Haiti, os vistos para o Brasil.<\/p>\n<p style=\"text-align: justify;\">Eles ficaram mais f\u00e1ceis e menos demorados. Com isso, os imigrantes est\u00e3o viajando direto para S\u00e3o Paulo com os documentos de autoriza\u00e7\u00e3o de entrada no pa\u00eds. \u201cAgora eles est\u00e3o fugindo do coiote. Fazem uma viagem mais segura e mais r\u00e1pida\u201d, disse o Secret\u00e1rio Estadual de Direitos Humanos, Nilson Mour\u00e3o.<\/p>\n<p style=\"text-align: justify;\">O Peru, a Bol\u00edvia e o Equador endureceram a pol\u00edtica migrat\u00f3ria, e n\u00e3o est\u00e1 sendo f\u00e1cil conseguir vistos nesses pa\u00edses usados pelos coiotes para trazer os haitianos.<\/p>\n","protected":false},"excerpt":{"rendered":"<p style=\"text-align: justify;\">Entrada de imigrantes est\u00e1 ocorrendo direto por S\u00e3o Paulo<\/p>\n","protected":false},"author":4,"featured_media":18149,"comment_status":"open","ping_status":"open","sticky":false,"template":"","format":"standard","meta":{"jnews-multi-image_gallery":[],"jnews_single_post":[],"jnews_primary_category":[],"jnews_social_meta":[],"jnews_review":[],"enable_review":"","type":"","name":"","summary":"","brand":"","sku":"","good":[],"bad":[],"score_override":"","override_value":"","rating":[],"price":[],"footnotes":""},"categories":[54],"tags":[],"class_list":["post-18150","post","type-post","status-publish","format-standard","has-post-thumbnail","hentry","category-cotidiano"],"yoast_head":"<!-- This site is optimized with the Yoast SEO plugin v26.5 - https:\/\/yoast.com\/wordpress\/plugins\/seo\/ -->\n<title>Diminui a chegada de haitianos ao Brasil pelo Acre - Agazeta.net<\/title>\n<meta name=\"robots\" content=\"index, follow, max-snippet:-1, max-image-preview:large, max-video-preview:-1\" \/>\n<link rel=\"canonical\" href=\"https:\/\/nk7-testes.com.br\/agazeta\/diminui-a-chegada-de-haitianos-ao-brasil-pelo-acre\/\" \/>\n<meta property=\"og:locale\" content=\"pt_BR\" \/>\n<meta property=\"og:type\" content=\"article\" \/>\n<meta property=\"og:title\" content=\"Diminui a chegada de haitianos ao Brasil pelo Acre - Agazeta.net\" \/>\n<meta property=\"og:description\" content=\"Entrada de imigrantes est\u00e1 ocorrendo direto por S\u00e3o Paulo\" \/>\n<meta property=\"og:url\" content=\"https:\/\/nk7-testes.com.br\/agazeta\/diminui-a-chegada-de-haitianos-ao-brasil-pelo-acre\/\" \/>\n<meta property=\"og:site_name\" content=\"Agazeta.net\" \/>\n<meta property=\"article:published_time\" content=\"2015-09-04T20:31:45+00:00\" \/>\n<meta property=\"og:image\" content=\"https:\/\/nk7-testes.com.br\/agazeta\/wp-content\/uploads\/2015\/09\/040915-cotidiano-imigrantes-tvgazeta2.jpg\" \/>\n\t<meta property=\"og:image:width\" content=\"458\" \/>\n\t<meta property=\"og:image:height\" content=\"340\" \/>\n\t<meta property=\"og:image:type\" content=\"image\/jpeg\" \/>\n<meta name=\"author\" content=\"Agazeta.Net\" \/>\n<meta name=\"twitter:card\" content=\"summary_large_image\" \/>\n<meta name=\"twitter:label1\" content=\"Escrito por\" \/>\n\t<meta name=\"twitter:data1\" content=\"Agazeta.Net\" \/>\n\t<meta name=\"twitter:label2\" content=\"Est. tempo de leitura\" \/>\n\t<meta name=\"twitter:data2\" content=\"1 minuto\" \/>\n<script type=\"application\/ld+json\" class=\"yoast-schema-graph\">{\"@context\":\"https:\/\/schema.org\",\"@graph\":[{\"@type\":\"WebPage\",\"@id\":\"https:\/\/nk7-testes.com.br\/agazeta\/diminui-a-chegada-de-haitianos-ao-brasil-pelo-acre\/\",\"url\":\"https:\/\/nk7-testes.com.br\/agazeta\/diminui-a-chegada-de-haitianos-ao-brasil-pelo-acre\/\",\"name\":\"Diminui a chegada de haitianos ao Brasil pelo Acre - Agazeta.net\",\"isPartOf\":{\"@id\":\"https:\/\/nk7-testes.com.br\/agazeta\/#website\"},\"primaryImageOfPage\":{\"@id\":\"https:\/\/nk7-testes.com.br\/agazeta\/diminui-a-chegada-de-haitianos-ao-brasil-pelo-acre\/#primaryimage\"},\"image\":{\"@id\":\"https:\/\/nk7-testes.com.br\/agazeta\/diminui-a-chegada-de-haitianos-ao-brasil-pelo-acre\/#primaryimage\"},\"thumbnailUrl\":\"https:\/\/nk7-testes.com.br\/agazeta\/wp-content\/uploads\/2015\/09\/040915-cotidiano-imigrantes-tvgazeta2.jpg\",\"datePublished\":\"2015-09-04T20:31:45+00:00\",\"author\":{\"@id\":\"https:\/\/nk7-testes.com.br\/agazeta\/#\/schema\/person\/6d6e25cb0435eb4a02fd44d30b4e3020\"},\"breadcrumb\":{\"@id\":\"https:\/\/nk7-testes.com.br\/agazeta\/diminui-a-chegada-de-haitianos-ao-brasil-pelo-acre\/#breadcrumb\"},\"inLanguage\":\"pt-BR\",\"potentialAction\":[{\"@type\":\"ReadAction\",\"target\":[\"https:\/\/nk7-testes.com.br\/agazeta\/diminui-a-chegada-de-haitianos-ao-brasil-pelo-acre\/\"]}]},{\"@type\":\"ImageObject\",\"inLanguage\":\"pt-BR\",\"@id\":\"https:\/\/nk7-testes.com.br\/agazeta\/diminui-a-chegada-de-haitianos-ao-brasil-pelo-acre\/#primaryimage\",\"url\":\"https:\/\/nk7-testes.com.br\/agazeta\/wp-content\/uploads\/2015\/09\/040915-cotidiano-imigrantes-tvgazeta2.jpg\",\"contentUrl\":\"https:\/\/nk7-testes.com.br\/agazeta\/wp-content\/uploads\/2015\/09\/040915-cotidiano-imigrantes-tvgazeta2.jpg\",\"width\":458,\"height\":340,\"caption\":\"040915-cotidiano-imigrantes-tvgazeta2\"},{\"@type\":\"BreadcrumbList\",\"@id\":\"https:\/\/nk7-testes.com.br\/agazeta\/diminui-a-chegada-de-haitianos-ao-brasil-pelo-acre\/#breadcrumb\",\"itemListElement\":[{\"@type\":\"ListItem\",\"position\":1,\"name\":\"In\u00edcio\",\"item\":\"https:\/\/nk7-testes.com.br\/agazeta\/\"},{\"@type\":\"ListItem\",\"position\":2,\"name\":\"Diminui a chegada de haitianos ao Brasil pelo Acre\"}]},{\"@type\":\"WebSite\",\"@id\":\"https:\/\/nk7-testes.com.br\/agazeta\/#website\",\"url\":\"https:\/\/nk7-testes.com.br\/agazeta\/\",\"name\":\"Agazeta.net\",\"description\":\"Agazeta.net - Not\u00edcias de Rio Branco\/AC\",\"potentialAction\":[{\"@type\":\"SearchAction\",\"target\":{\"@type\":\"EntryPoint\",\"urlTemplate\":\"https:\/\/nk7-testes.com.br\/agazeta\/?s={search_term_string}\"},\"query-input\":{\"@type\":\"PropertyValueSpecification\",\"valueRequired\":true,\"valueName\":\"search_term_string\"}}],\"inLanguage\":\"pt-BR\"},{\"@type\":\"Person\",\"@id\":\"https:\/\/nk7-testes.com.br\/agazeta\/#\/schema\/person\/6d6e25cb0435eb4a02fd44d30b4e3020\",\"name\":\"Agazeta.Net\",\"url\":\"https:\/\/nk7-testes.com.br\/agazeta\/author\/agazeta\/\"}]}<\/script>\n<!-- \/ Yoast SEO plugin. -->","yoast_head_json":{"title":"Diminui a chegada de haitianos ao Brasil pelo Acre - Agazeta.net","robots":{"index":"index","follow":"follow","max-snippet":"max-snippet:-1","max-image-preview":"max-image-preview:large","max-video-preview":"max-video-preview:-1"},"canonical":"https:\/\/nk7-testes.com.br\/agazeta\/diminui-a-chegada-de-haitianos-ao-brasil-pelo-acre\/","og_locale":"pt_BR","og_type":"article","og_title":"Diminui a chegada de haitianos ao Brasil pelo Acre - Agazeta.net","og_description":"Entrada de imigrantes est\u00e1 ocorrendo direto por S\u00e3o Paulo","og_url":"https:\/\/nk7-testes.com.br\/agazeta\/diminui-a-chegada-de-haitianos-ao-brasil-pelo-acre\/","og_site_name":"Agazeta.net","article_published_time":"2015-09-04T20:31:45+00:00","og_image":[{"width":458,"height":340,"url":"https:\/\/nk7-testes.com.br\/agazeta\/wp-content\/uploads\/2015\/09\/040915-cotidiano-imigrantes-tvgazeta2.jpg","type":"image\/jpeg"}],"author":"Agazeta.Net","twitter_card":"summary_large_image","twitter_misc":{"Escrito por":"Agazeta.Net","Est. tempo de leitura":"1 minuto"},"schema":{"@context":"https:\/\/schema.org","@graph":[{"@type":"WebPage","@id":"https:\/\/nk7-testes.com.br\/agazeta\/diminui-a-chegada-de-haitianos-ao-brasil-pelo-acre\/","url":"https:\/\/nk7-testes.com.br\/agazeta\/diminui-a-chegada-de-haitianos-ao-brasil-pelo-acre\/","name":"Diminui a chegada de haitianos ao Brasil pelo Acre - Agazeta.net","isPartOf":{"@id":"https:\/\/nk7-testes.com.br\/agazeta\/#website"},"primaryImageOfPage":{"@id":"https:\/\/nk7-testes.com.br\/agazeta\/diminui-a-chegada-de-haitianos-ao-brasil-pelo-acre\/#primaryimage"},"image":{"@id":"https:\/\/nk7-testes.com.br\/agazeta\/diminui-a-chegada-de-haitianos-ao-brasil-pelo-acre\/#primaryimage"},"thumbnailUrl":"https:\/\/nk7-testes.com.br\/agazeta\/wp-content\/uploads\/2015\/09\/040915-cotidiano-imigrantes-tvgazeta2.jpg","datePublished":"2015-09-04T20:31:45+00:00","author":{"@id":"https:\/\/nk7-testes.com.br\/agazeta\/#\/schema\/person\/6d6e25cb0435eb4a02fd44d30b4e3020"},"breadcrumb":{"@id":"https:\/\/nk7-testes.com.br\/agazeta\/diminui-a-chegada-de-haitianos-ao-brasil-pelo-acre\/#breadcrumb"},"inLanguage":"pt-BR","potentialAction":[{"@type":"ReadAction","target":["https:\/\/nk7-testes.com.br\/agazeta\/diminui-a-chegada-de-haitianos-ao-brasil-pelo-acre\/"]}]},{"@type":"ImageObject","inLanguage":"pt-BR","@id":"https:\/\/nk7-testes.com.br\/agazeta\/diminui-a-chegada-de-haitianos-ao-brasil-pelo-acre\/#primaryimage","url":"https:\/\/nk7-testes.com.br\/agazeta\/wp-content\/uploads\/2015\/09\/040915-cotidiano-imigrantes-tvgazeta2.jpg","contentUrl":"https:\/\/nk7-testes.com.br\/agazeta\/wp-content\/uploads\/2015\/09\/040915-cotidiano-imigrantes-tvgazeta2.jpg","width":458,"height":340,"caption":"040915-cotidiano-imigrantes-tvgazeta2"},{"@type":"BreadcrumbList","@id":"https:\/\/nk7-testes.com.br\/agazeta\/diminui-a-chegada-de-haitianos-ao-brasil-pelo-acre\/#breadcrumb","itemListElement":[{"@type":"ListItem","position":1,"name":"In\u00edcio","item":"https:\/\/nk7-testes.com.br\/agazeta\/"},{"@type":"ListItem","position":2,"name":"Diminui a chegada de haitianos ao Brasil pelo Acre"}]},{"@type":"WebSite","@id":"https:\/\/nk7-testes.com.br\/agazeta\/#website","url":"https:\/\/nk7-testes.com.br\/agazeta\/","name":"Agazeta.net","description":"Agazeta.net - Not\u00edcias de Rio Branco\/AC","potentialAction":[{"@type":"SearchAction","target":{"@type":"EntryPoint","urlTemplate":"https:\/\/nk7-testes.com.br\/agazeta\/?s={search_term_string}"},"query-input":{"@type":"PropertyValueSpecification","valueRequired":true,"valueName":"search_term_string"}}],"inLanguage":"pt-BR"},{"@type":"Person","@id":"https:\/\/nk7-testes.com.br\/agazeta\/#\/schema\/person\/6d6e25cb0435eb4a02fd44d30b4e3020","name":"Agazeta.Net","url":"https:\/\/nk7-testes.com.br\/agazeta\/author\/agazeta\/"}]}},"_links":{"self":[{"href":"https:\/\/nk7-testes.com.br\/agazeta\/wp-json\/wp\/v2\/posts\/18150","targetHints":{"allow":["GET"]}}],"collection":[{"href":"https:\/\/nk7-testes.com.br\/agazeta\/wp-json\/wp\/v2\/posts"}],"about":[{"href":"https:\/\/nk7-testes.com.br\/agazeta\/wp-json\/wp\/v2\/types\/post"}],"author":[{"embeddable":true,"href":"https:\/\/nk7-testes.com.br\/agazeta\/wp-json\/wp\/v2\/users\/4"}],"replies":[{"embeddable":true,"href":"https:\/\/nk7-testes.com.br\/agazeta\/wp-json\/wp\/v2\/comments?post=18150"}],"version-history":[{"count":0,"href":"https:\/\/nk7-testes.com.br\/agazeta\/wp-json\/wp\/v2\/posts\/18150\/revisions"}],"wp:featuredmedia":[{"embeddable":true,"href":"https:\/\/nk7-testes.com.br\/agazeta\/wp-json\/wp\/v2\/media\/18149"}],"wp:attachment":[{"href":"https:\/\/nk7-testes.com.br\/agazeta\/wp-json\/wp\/v2\/media?parent=18150"}],"wp:term":[{"taxonomy":"category","embeddable":true,"href":"https:\/\/nk7-testes.com.br\/agazeta\/wp-json\/wp\/v2\/categories?post=18150"},{"taxonomy":"post_tag","embeddable":true,"href":"https:\/\/nk7-testes.com.br\/agazeta\/wp-json\/wp\/v2\/tags?post=18150"}],"curies":[{"name":"wp","href":"https:\/\/api.w.org\/{rel}","templated":true}]}}