{"id":18136,"date":"2015-09-04T14:43:24","date_gmt":"2015-09-04T14:43:24","guid":{"rendered":"https:\/\/abarevegan.com.br\/index.php\/2015\/09\/04\/mudancas-climaticas-serao-mais-intensas\/"},"modified":"2015-09-04T14:43:24","modified_gmt":"2015-09-04T14:43:24","slug":"mudancas-climaticas-serao-mais-intensas","status":"publish","type":"post","link":"https:\/\/nk7-testes.com.br\/agazeta\/mudancas-climaticas-serao-mais-intensas\/","title":{"rendered":"Mudan\u00e7as clim\u00e1ticas ser\u00e3o mais intensas"},"content":{"rendered":"<p style=\"text-align: justify;\">Temporais e secas: extremos mais rotineiros<\/p>\n<p style=\"text-align: justify;\">Fen\u00f4meno El Ninho pode ser um dos mais intensos desde o ano de 1950. De outubro de 2015 a janeiro de 2016 os efeitos poder\u00e3o ser sentidos pelas popula\u00e7\u00f5es do Peru e da regi\u00e3o Amaz\u00f4nica do Brasil. No Acre, os especialistas preveem uma forte seca com mudan\u00e7a de padr\u00f5es nas chuvas.<\/p>\n<p style=\"text-align: justify;\">O efeito El Ninho \u00e9 causado por um aumento de temperatura na superf\u00edcie do oceano pac\u00edfico. Segundo especialistas da Organiza\u00e7\u00e3o Meteorol\u00f3gica Mundial (OMM), as previs\u00f5es indicam que o El Ninho que j\u00e1 est\u00e1 em curso ser\u00e1 um dos mais fortes desde o ano de 1950. A probabilidade \u00e9 de 80%.<\/p>\n<p style=\"text-align: justify;\">No ano de 1998 o El Ninho tamb\u00e9m foi intenso e sentido de diferentes maneiras em algumas regi\u00f5es do planeta. No Brasil, naquele ano, especialmente no estado de Roraima, uma forte seca desencadeou in\u00fameros inc\u00eandios florestais.Desta vez pode ser semelhante na regi\u00e3o amaz\u00f4nica.<\/p>\n<p style=\"text-align: justify;\">Segundo o cientista Forster Brown, no Acre, \u201ca seca pode ser severa e as chuvas podem apresentar mudan\u00e7as de padr\u00f5es\u201d.<\/p>\n<p style=\"text-align: justify;\">O cientista enfatiza que \u201cn\u00e3o \u00e9 poss\u00edvel prever o que o fen\u00f4meno pode provocar\u201d, contudo, no caso do Acre as autoridades j\u00e1 experimentaram algumas situa\u00e7\u00f5es que podem nortear medidas preventivas.<\/p>\n<p style=\"text-align: justify;\">\u201cDeve haver resili\u00eancia. No ano passado o estado ficou com a BR inundada devido a cheia do Madeira, este ano, enchentes nunca vistas ent\u00e3o, a resili\u00eancia pode ajudar fam\u00edlias e autoridades\u201d, disse.<\/p>\n<p style=\"text-align: justify;\">No Peru, a\u00e7\u00f5es preventivas j\u00e1 est\u00e3o sendo tomadas. O circuito Rali Dakar 2016 n\u00e3o vai contar com a participa\u00e7\u00e3o do pa\u00eds devido ao risco de inunda\u00e7\u00f5es e deslizamento de terras.<\/p>\n<p style=\"text-align: justify;\">Segundo o cientista Brown, n\u00e3o existe uma receita para diminuir os impactos, nem mesmo h\u00e1 como precisar o que de fato acontecer\u00e1, mas \u201c\u00e9 necess\u00e1rio ficar alerta\u201d.<\/p>\n<p style=\"text-align: justify;\">Muita coisa mudou desde 1998, per\u00edodo do \u00faltimo El Ninho. O fen\u00f4meno atual ocorre sob novas condi\u00e7\u00f5es derivadas da mudan\u00e7a clim\u00e1tica. At\u00e9 o momento as caracter\u00edsticas do El Ninho registradas indicaram que ele est\u00e1 causando aumento na intensidade das chuvas na costa oeste da Am\u00e9rica do Sul e registram-se secas na Austr\u00e1lia, Indon\u00e9sia, sudeste da \u00c1sia e no sul da \u00c1frica.<\/p>\n","protected":false},"excerpt":{"rendered":"<p style=\"text-align: justify;\">Temporais e secas: extremos mais rotineiros<\/p>\n","protected":false},"author":4,"featured_media":18135,"comment_status":"open","ping_status":"open","sticky":false,"template":"","format":"standard","meta":{"jnews-multi-image_gallery":[],"jnews_single_post":[],"jnews_primary_category":[],"jnews_social_meta":[],"jnews_review":[],"enable_review":"","type":"","name":"","summary":"","brand":"","sku":"","good":[],"bad":[],"score_override":"","override_value":"","rating":[],"price":[],"footnotes":""},"categories":[54],"tags":[],"class_list":["post-18136","post","type-post","status-publish","format-standard","has-post-thumbnail","hentry","category-cotidiano"],"yoast_head":"<!-- This site is optimized with the Yoast SEO plugin v26.5 - https:\/\/yoast.com\/wordpress\/plugins\/seo\/ -->\n<title>Mudan\u00e7as clim\u00e1ticas ser\u00e3o mais intensas - Agazeta.net<\/title>\n<meta name=\"robots\" content=\"index, follow, max-snippet:-1, max-image-preview:large, max-video-preview:-1\" \/>\n<link rel=\"canonical\" href=\"https:\/\/nk7-testes.com.br\/agazeta\/mudancas-climaticas-serao-mais-intensas\/\" \/>\n<meta property=\"og:locale\" content=\"pt_BR\" \/>\n<meta property=\"og:type\" content=\"article\" \/>\n<meta property=\"og:title\" content=\"Mudan\u00e7as clim\u00e1ticas ser\u00e3o mais intensas - Agazeta.net\" \/>\n<meta property=\"og:description\" content=\"Temporais e secas: extremos mais rotineiros\" \/>\n<meta property=\"og:url\" content=\"https:\/\/nk7-testes.com.br\/agazeta\/mudancas-climaticas-serao-mais-intensas\/\" \/>\n<meta property=\"og:site_name\" content=\"Agazeta.net\" \/>\n<meta property=\"article:published_time\" content=\"2015-09-04T14:43:24+00:00\" \/>\n<meta property=\"og:image\" content=\"https:\/\/nk7-testes.com.br\/agazeta\/wp-content\/uploads\/2015\/09\/040915-cotidiano-elnino-tvgazeta2.jpg\" \/>\n\t<meta property=\"og:image:width\" content=\"458\" \/>\n\t<meta property=\"og:image:height\" content=\"340\" \/>\n\t<meta property=\"og:image:type\" content=\"image\/jpeg\" \/>\n<meta name=\"author\" content=\"Agazeta.Net\" \/>\n<meta name=\"twitter:card\" content=\"summary_large_image\" \/>\n<meta name=\"twitter:label1\" content=\"Escrito por\" \/>\n\t<meta name=\"twitter:data1\" content=\"Agazeta.Net\" \/>\n\t<meta name=\"twitter:label2\" content=\"Est. tempo de leitura\" \/>\n\t<meta name=\"twitter:data2\" content=\"2 minutos\" \/>\n<script type=\"application\/ld+json\" class=\"yoast-schema-graph\">{\"@context\":\"https:\/\/schema.org\",\"@graph\":[{\"@type\":\"WebPage\",\"@id\":\"https:\/\/nk7-testes.com.br\/agazeta\/mudancas-climaticas-serao-mais-intensas\/\",\"url\":\"https:\/\/nk7-testes.com.br\/agazeta\/mudancas-climaticas-serao-mais-intensas\/\",\"name\":\"Mudan\u00e7as clim\u00e1ticas ser\u00e3o mais intensas - Agazeta.net\",\"isPartOf\":{\"@id\":\"https:\/\/nk7-testes.com.br\/agazeta\/#website\"},\"primaryImageOfPage\":{\"@id\":\"https:\/\/nk7-testes.com.br\/agazeta\/mudancas-climaticas-serao-mais-intensas\/#primaryimage\"},\"image\":{\"@id\":\"https:\/\/nk7-testes.com.br\/agazeta\/mudancas-climaticas-serao-mais-intensas\/#primaryimage\"},\"thumbnailUrl\":\"https:\/\/nk7-testes.com.br\/agazeta\/wp-content\/uploads\/2015\/09\/040915-cotidiano-elnino-tvgazeta2.jpg\",\"datePublished\":\"2015-09-04T14:43:24+00:00\",\"author\":{\"@id\":\"https:\/\/nk7-testes.com.br\/agazeta\/#\/schema\/person\/6d6e25cb0435eb4a02fd44d30b4e3020\"},\"breadcrumb\":{\"@id\":\"https:\/\/nk7-testes.com.br\/agazeta\/mudancas-climaticas-serao-mais-intensas\/#breadcrumb\"},\"inLanguage\":\"pt-BR\",\"potentialAction\":[{\"@type\":\"ReadAction\",\"target\":[\"https:\/\/nk7-testes.com.br\/agazeta\/mudancas-climaticas-serao-mais-intensas\/\"]}]},{\"@type\":\"ImageObject\",\"inLanguage\":\"pt-BR\",\"@id\":\"https:\/\/nk7-testes.com.br\/agazeta\/mudancas-climaticas-serao-mais-intensas\/#primaryimage\",\"url\":\"https:\/\/nk7-testes.com.br\/agazeta\/wp-content\/uploads\/2015\/09\/040915-cotidiano-elnino-tvgazeta2.jpg\",\"contentUrl\":\"https:\/\/nk7-testes.com.br\/agazeta\/wp-content\/uploads\/2015\/09\/040915-cotidiano-elnino-tvgazeta2.jpg\",\"width\":458,\"height\":340,\"caption\":\"040915-cotidiano-elnino-tvgazeta2\"},{\"@type\":\"BreadcrumbList\",\"@id\":\"https:\/\/nk7-testes.com.br\/agazeta\/mudancas-climaticas-serao-mais-intensas\/#breadcrumb\",\"itemListElement\":[{\"@type\":\"ListItem\",\"position\":1,\"name\":\"In\u00edcio\",\"item\":\"https:\/\/nk7-testes.com.br\/agazeta\/\"},{\"@type\":\"ListItem\",\"position\":2,\"name\":\"Mudan\u00e7as clim\u00e1ticas ser\u00e3o mais intensas\"}]},{\"@type\":\"WebSite\",\"@id\":\"https:\/\/nk7-testes.com.br\/agazeta\/#website\",\"url\":\"https:\/\/nk7-testes.com.br\/agazeta\/\",\"name\":\"Agazeta.net\",\"description\":\"Agazeta.net - Not\u00edcias de Rio Branco\/AC\",\"potentialAction\":[{\"@type\":\"SearchAction\",\"target\":{\"@type\":\"EntryPoint\",\"urlTemplate\":\"https:\/\/nk7-testes.com.br\/agazeta\/?s={search_term_string}\"},\"query-input\":{\"@type\":\"PropertyValueSpecification\",\"valueRequired\":true,\"valueName\":\"search_term_string\"}}],\"inLanguage\":\"pt-BR\"},{\"@type\":\"Person\",\"@id\":\"https:\/\/nk7-testes.com.br\/agazeta\/#\/schema\/person\/6d6e25cb0435eb4a02fd44d30b4e3020\",\"name\":\"Agazeta.Net\",\"url\":\"https:\/\/nk7-testes.com.br\/agazeta\/author\/agazeta\/\"}]}<\/script>\n<!-- \/ Yoast SEO plugin. -->","yoast_head_json":{"title":"Mudan\u00e7as clim\u00e1ticas ser\u00e3o mais intensas - Agazeta.net","robots":{"index":"index","follow":"follow","max-snippet":"max-snippet:-1","max-image-preview":"max-image-preview:large","max-video-preview":"max-video-preview:-1"},"canonical":"https:\/\/nk7-testes.com.br\/agazeta\/mudancas-climaticas-serao-mais-intensas\/","og_locale":"pt_BR","og_type":"article","og_title":"Mudan\u00e7as clim\u00e1ticas ser\u00e3o mais intensas - Agazeta.net","og_description":"Temporais e secas: extremos mais rotineiros","og_url":"https:\/\/nk7-testes.com.br\/agazeta\/mudancas-climaticas-serao-mais-intensas\/","og_site_name":"Agazeta.net","article_published_time":"2015-09-04T14:43:24+00:00","og_image":[{"width":458,"height":340,"url":"https:\/\/nk7-testes.com.br\/agazeta\/wp-content\/uploads\/2015\/09\/040915-cotidiano-elnino-tvgazeta2.jpg","type":"image\/jpeg"}],"author":"Agazeta.Net","twitter_card":"summary_large_image","twitter_misc":{"Escrito por":"Agazeta.Net","Est. tempo de leitura":"2 minutos"},"schema":{"@context":"https:\/\/schema.org","@graph":[{"@type":"WebPage","@id":"https:\/\/nk7-testes.com.br\/agazeta\/mudancas-climaticas-serao-mais-intensas\/","url":"https:\/\/nk7-testes.com.br\/agazeta\/mudancas-climaticas-serao-mais-intensas\/","name":"Mudan\u00e7as clim\u00e1ticas ser\u00e3o mais intensas - Agazeta.net","isPartOf":{"@id":"https:\/\/nk7-testes.com.br\/agazeta\/#website"},"primaryImageOfPage":{"@id":"https:\/\/nk7-testes.com.br\/agazeta\/mudancas-climaticas-serao-mais-intensas\/#primaryimage"},"image":{"@id":"https:\/\/nk7-testes.com.br\/agazeta\/mudancas-climaticas-serao-mais-intensas\/#primaryimage"},"thumbnailUrl":"https:\/\/nk7-testes.com.br\/agazeta\/wp-content\/uploads\/2015\/09\/040915-cotidiano-elnino-tvgazeta2.jpg","datePublished":"2015-09-04T14:43:24+00:00","author":{"@id":"https:\/\/nk7-testes.com.br\/agazeta\/#\/schema\/person\/6d6e25cb0435eb4a02fd44d30b4e3020"},"breadcrumb":{"@id":"https:\/\/nk7-testes.com.br\/agazeta\/mudancas-climaticas-serao-mais-intensas\/#breadcrumb"},"inLanguage":"pt-BR","potentialAction":[{"@type":"ReadAction","target":["https:\/\/nk7-testes.com.br\/agazeta\/mudancas-climaticas-serao-mais-intensas\/"]}]},{"@type":"ImageObject","inLanguage":"pt-BR","@id":"https:\/\/nk7-testes.com.br\/agazeta\/mudancas-climaticas-serao-mais-intensas\/#primaryimage","url":"https:\/\/nk7-testes.com.br\/agazeta\/wp-content\/uploads\/2015\/09\/040915-cotidiano-elnino-tvgazeta2.jpg","contentUrl":"https:\/\/nk7-testes.com.br\/agazeta\/wp-content\/uploads\/2015\/09\/040915-cotidiano-elnino-tvgazeta2.jpg","width":458,"height":340,"caption":"040915-cotidiano-elnino-tvgazeta2"},{"@type":"BreadcrumbList","@id":"https:\/\/nk7-testes.com.br\/agazeta\/mudancas-climaticas-serao-mais-intensas\/#breadcrumb","itemListElement":[{"@type":"ListItem","position":1,"name":"In\u00edcio","item":"https:\/\/nk7-testes.com.br\/agazeta\/"},{"@type":"ListItem","position":2,"name":"Mudan\u00e7as clim\u00e1ticas ser\u00e3o mais intensas"}]},{"@type":"WebSite","@id":"https:\/\/nk7-testes.com.br\/agazeta\/#website","url":"https:\/\/nk7-testes.com.br\/agazeta\/","name":"Agazeta.net","description":"Agazeta.net - Not\u00edcias de Rio Branco\/AC","potentialAction":[{"@type":"SearchAction","target":{"@type":"EntryPoint","urlTemplate":"https:\/\/nk7-testes.com.br\/agazeta\/?s={search_term_string}"},"query-input":{"@type":"PropertyValueSpecification","valueRequired":true,"valueName":"search_term_string"}}],"inLanguage":"pt-BR"},{"@type":"Person","@id":"https:\/\/nk7-testes.com.br\/agazeta\/#\/schema\/person\/6d6e25cb0435eb4a02fd44d30b4e3020","name":"Agazeta.Net","url":"https:\/\/nk7-testes.com.br\/agazeta\/author\/agazeta\/"}]}},"_links":{"self":[{"href":"https:\/\/nk7-testes.com.br\/agazeta\/wp-json\/wp\/v2\/posts\/18136","targetHints":{"allow":["GET"]}}],"collection":[{"href":"https:\/\/nk7-testes.com.br\/agazeta\/wp-json\/wp\/v2\/posts"}],"about":[{"href":"https:\/\/nk7-testes.com.br\/agazeta\/wp-json\/wp\/v2\/types\/post"}],"author":[{"embeddable":true,"href":"https:\/\/nk7-testes.com.br\/agazeta\/wp-json\/wp\/v2\/users\/4"}],"replies":[{"embeddable":true,"href":"https:\/\/nk7-testes.com.br\/agazeta\/wp-json\/wp\/v2\/comments?post=18136"}],"version-history":[{"count":0,"href":"https:\/\/nk7-testes.com.br\/agazeta\/wp-json\/wp\/v2\/posts\/18136\/revisions"}],"wp:featuredmedia":[{"embeddable":true,"href":"https:\/\/nk7-testes.com.br\/agazeta\/wp-json\/wp\/v2\/media\/18135"}],"wp:attachment":[{"href":"https:\/\/nk7-testes.com.br\/agazeta\/wp-json\/wp\/v2\/media?parent=18136"}],"wp:term":[{"taxonomy":"category","embeddable":true,"href":"https:\/\/nk7-testes.com.br\/agazeta\/wp-json\/wp\/v2\/categories?post=18136"},{"taxonomy":"post_tag","embeddable":true,"href":"https:\/\/nk7-testes.com.br\/agazeta\/wp-json\/wp\/v2\/tags?post=18136"}],"curies":[{"name":"wp","href":"https:\/\/api.w.org\/{rel}","templated":true}]}}