{"id":18128,"date":"2015-09-03T22:23:52","date_gmt":"2015-09-03T22:23:52","guid":{"rendered":"https:\/\/abarevegan.com.br\/index.php\/2015\/09\/03\/campanha-vacinal-contra-polio-acaba\/"},"modified":"2015-09-03T22:23:52","modified_gmt":"2015-09-03T22:23:52","slug":"campanha-vacinal-contra-polio-acaba","status":"publish","type":"post","link":"https:\/\/nk7-testes.com.br\/agazeta\/campanha-vacinal-contra-polio-acaba\/","title":{"rendered":"Campanha vacinal contra p\u00f3lio acaba"},"content":{"rendered":"<p style=\"text-align: justify;\">Vacina ainda fica dispon\u00edvel nos postos de sa\u00fade<\/p>\n<p style=\"text-align: justify;\">A campanha contra a poliomielite se encerrou no dia 31 de agosto. A meta no Acre era vacinar 73.457 crian\u00e7as de seis meses a cinco anos de idade, mas somente 75,5% deste p\u00fablico foi imunizado. Em Rio Branco, foram vacinadas 22.572, a meta m\u00ednima seria de 27.853 crian\u00e7as.<\/p>\n<p style=\"text-align: justify;\">Conforme o Secret\u00e1rio Municipal de Sa\u00fade, Oteniel Almeida, a meta n\u00e3o foi alcan\u00e7ada porque os pais n\u00e3o levam os filhos aos postos de sa\u00fade. Apesar da campanha j\u00e1 ter encerrado, a imuniza\u00e7\u00e3o contra a paralisia infantil continua em todos os postos de sa\u00fade da Capital.<\/p>\n<p style=\"text-align: justify;\">\u201cAgora n\u00f3s estamos a\u00ed com um pouco mais de cinco mil crian\u00e7as para vacinar at\u00e9 o dia. Ent\u00e3o, pedimos que na rotina das unidades que as m\u00e3es e os pais levem as crian\u00e7as para vacinar, para garantir que seus filhos fiquem imunizados por um per\u00edodo at\u00e9 a pr\u00f3xima campanha\u201d.<\/p>\n<p style=\"text-align: justify;\">Durante a campanha, foram realizados mutir\u00f5es em 10 bairros de Rio Branco com arrast\u00f5es para alcan\u00e7ar o maior n\u00famero de crian\u00e7as. A poliomielite \u00e9 uma doen\u00e7a do sistema nervoso causada por um v\u00edrus que acarreta a paralisia dos membros.<\/p>\n<p style=\"text-align: justify;\">Al\u00e9m da vacina\u00e7\u00e3o contra a p\u00f3lio, \u00e9 poss\u00edvel realizar a multivacina\u00e7\u00e3o para a atualiza\u00e7\u00e3o do esquema vacinal das crian\u00e7as. \u201cA gente pede que as pessoas procurem a unidade mais pr\u00f3xima de suas casas, aquelas pessoas que tiverem dificuldades entrem em contato como agente comunit\u00e1rio da sua \u00e1rea, para que a gente possa deslocar uma equipe para fazer a vacina\u00e7\u00e3o na resid\u00eancia\u201d, disse Almeida.<\/p>\n","protected":false},"excerpt":{"rendered":"<p style=\"text-align: justify;\">Vacina ainda fica dispon\u00edvel nos postos de sa\u00fade<\/p>\n","protected":false},"author":4,"featured_media":18127,"comment_status":"open","ping_status":"open","sticky":false,"template":"","format":"standard","meta":{"jnews-multi-image_gallery":[],"jnews_single_post":[],"jnews_primary_category":[],"jnews_social_meta":[],"jnews_review":[],"enable_review":"","type":"","name":"","summary":"","brand":"","sku":"","good":[],"bad":[],"score_override":"","override_value":"","rating":[],"price":[],"footnotes":""},"categories":[54],"tags":[],"class_list":["post-18128","post","type-post","status-publish","format-standard","has-post-thumbnail","hentry","category-cotidiano"],"yoast_head":"<!-- This site is optimized with the Yoast SEO plugin v26.5 - https:\/\/yoast.com\/wordpress\/plugins\/seo\/ -->\n<title>Campanha vacinal contra p\u00f3lio acaba - Agazeta.net<\/title>\n<meta name=\"robots\" content=\"index, follow, max-snippet:-1, max-image-preview:large, max-video-preview:-1\" \/>\n<link rel=\"canonical\" href=\"https:\/\/nk7-testes.com.br\/agazeta\/campanha-vacinal-contra-polio-acaba\/\" \/>\n<meta property=\"og:locale\" content=\"pt_BR\" \/>\n<meta property=\"og:type\" content=\"article\" \/>\n<meta property=\"og:title\" content=\"Campanha vacinal contra p\u00f3lio acaba - Agazeta.net\" \/>\n<meta property=\"og:description\" content=\"Vacina ainda fica dispon\u00edvel nos postos de sa\u00fade\" \/>\n<meta property=\"og:url\" content=\"https:\/\/nk7-testes.com.br\/agazeta\/campanha-vacinal-contra-polio-acaba\/\" \/>\n<meta property=\"og:site_name\" content=\"Agazeta.net\" \/>\n<meta property=\"article:published_time\" content=\"2015-09-03T22:23:52+00:00\" \/>\n<meta property=\"og:image\" content=\"https:\/\/nk7-testes.com.br\/agazeta\/wp-content\/uploads\/2015\/09\/030915-cotidiano-vacinacaopolio-tvgazeta.jpg\" \/>\n\t<meta property=\"og:image:width\" content=\"458\" \/>\n\t<meta property=\"og:image:height\" content=\"340\" \/>\n\t<meta property=\"og:image:type\" content=\"image\/jpeg\" \/>\n<meta name=\"author\" content=\"Agazeta.Net\" \/>\n<meta name=\"twitter:card\" content=\"summary_large_image\" \/>\n<meta name=\"twitter:label1\" content=\"Escrito por\" \/>\n\t<meta name=\"twitter:data1\" content=\"Agazeta.Net\" \/>\n\t<meta name=\"twitter:label2\" content=\"Est. tempo de leitura\" \/>\n\t<meta name=\"twitter:data2\" content=\"1 minuto\" \/>\n<script type=\"application\/ld+json\" class=\"yoast-schema-graph\">{\"@context\":\"https:\/\/schema.org\",\"@graph\":[{\"@type\":\"WebPage\",\"@id\":\"https:\/\/nk7-testes.com.br\/agazeta\/campanha-vacinal-contra-polio-acaba\/\",\"url\":\"https:\/\/nk7-testes.com.br\/agazeta\/campanha-vacinal-contra-polio-acaba\/\",\"name\":\"Campanha vacinal contra p\u00f3lio acaba - Agazeta.net\",\"isPartOf\":{\"@id\":\"https:\/\/nk7-testes.com.br\/agazeta\/#website\"},\"primaryImageOfPage\":{\"@id\":\"https:\/\/nk7-testes.com.br\/agazeta\/campanha-vacinal-contra-polio-acaba\/#primaryimage\"},\"image\":{\"@id\":\"https:\/\/nk7-testes.com.br\/agazeta\/campanha-vacinal-contra-polio-acaba\/#primaryimage\"},\"thumbnailUrl\":\"https:\/\/nk7-testes.com.br\/agazeta\/wp-content\/uploads\/2015\/09\/030915-cotidiano-vacinacaopolio-tvgazeta.jpg\",\"datePublished\":\"2015-09-03T22:23:52+00:00\",\"author\":{\"@id\":\"https:\/\/nk7-testes.com.br\/agazeta\/#\/schema\/person\/6d6e25cb0435eb4a02fd44d30b4e3020\"},\"breadcrumb\":{\"@id\":\"https:\/\/nk7-testes.com.br\/agazeta\/campanha-vacinal-contra-polio-acaba\/#breadcrumb\"},\"inLanguage\":\"pt-BR\",\"potentialAction\":[{\"@type\":\"ReadAction\",\"target\":[\"https:\/\/nk7-testes.com.br\/agazeta\/campanha-vacinal-contra-polio-acaba\/\"]}]},{\"@type\":\"ImageObject\",\"inLanguage\":\"pt-BR\",\"@id\":\"https:\/\/nk7-testes.com.br\/agazeta\/campanha-vacinal-contra-polio-acaba\/#primaryimage\",\"url\":\"https:\/\/nk7-testes.com.br\/agazeta\/wp-content\/uploads\/2015\/09\/030915-cotidiano-vacinacaopolio-tvgazeta.jpg\",\"contentUrl\":\"https:\/\/nk7-testes.com.br\/agazeta\/wp-content\/uploads\/2015\/09\/030915-cotidiano-vacinacaopolio-tvgazeta.jpg\",\"width\":458,\"height\":340,\"caption\":\"030915-cotidiano-vacinacaopolio-tvgazeta\"},{\"@type\":\"BreadcrumbList\",\"@id\":\"https:\/\/nk7-testes.com.br\/agazeta\/campanha-vacinal-contra-polio-acaba\/#breadcrumb\",\"itemListElement\":[{\"@type\":\"ListItem\",\"position\":1,\"name\":\"In\u00edcio\",\"item\":\"https:\/\/nk7-testes.com.br\/agazeta\/\"},{\"@type\":\"ListItem\",\"position\":2,\"name\":\"Campanha vacinal contra p\u00f3lio acaba\"}]},{\"@type\":\"WebSite\",\"@id\":\"https:\/\/nk7-testes.com.br\/agazeta\/#website\",\"url\":\"https:\/\/nk7-testes.com.br\/agazeta\/\",\"name\":\"Agazeta.net\",\"description\":\"Agazeta.net - Not\u00edcias de Rio Branco\/AC\",\"potentialAction\":[{\"@type\":\"SearchAction\",\"target\":{\"@type\":\"EntryPoint\",\"urlTemplate\":\"https:\/\/nk7-testes.com.br\/agazeta\/?s={search_term_string}\"},\"query-input\":{\"@type\":\"PropertyValueSpecification\",\"valueRequired\":true,\"valueName\":\"search_term_string\"}}],\"inLanguage\":\"pt-BR\"},{\"@type\":\"Person\",\"@id\":\"https:\/\/nk7-testes.com.br\/agazeta\/#\/schema\/person\/6d6e25cb0435eb4a02fd44d30b4e3020\",\"name\":\"Agazeta.Net\",\"url\":\"https:\/\/nk7-testes.com.br\/agazeta\/author\/agazeta\/\"}]}<\/script>\n<!-- \/ Yoast SEO plugin. -->","yoast_head_json":{"title":"Campanha vacinal contra p\u00f3lio acaba - Agazeta.net","robots":{"index":"index","follow":"follow","max-snippet":"max-snippet:-1","max-image-preview":"max-image-preview:large","max-video-preview":"max-video-preview:-1"},"canonical":"https:\/\/nk7-testes.com.br\/agazeta\/campanha-vacinal-contra-polio-acaba\/","og_locale":"pt_BR","og_type":"article","og_title":"Campanha vacinal contra p\u00f3lio acaba - Agazeta.net","og_description":"Vacina ainda fica dispon\u00edvel nos postos de sa\u00fade","og_url":"https:\/\/nk7-testes.com.br\/agazeta\/campanha-vacinal-contra-polio-acaba\/","og_site_name":"Agazeta.net","article_published_time":"2015-09-03T22:23:52+00:00","og_image":[{"width":458,"height":340,"url":"https:\/\/nk7-testes.com.br\/agazeta\/wp-content\/uploads\/2015\/09\/030915-cotidiano-vacinacaopolio-tvgazeta.jpg","type":"image\/jpeg"}],"author":"Agazeta.Net","twitter_card":"summary_large_image","twitter_misc":{"Escrito por":"Agazeta.Net","Est. tempo de leitura":"1 minuto"},"schema":{"@context":"https:\/\/schema.org","@graph":[{"@type":"WebPage","@id":"https:\/\/nk7-testes.com.br\/agazeta\/campanha-vacinal-contra-polio-acaba\/","url":"https:\/\/nk7-testes.com.br\/agazeta\/campanha-vacinal-contra-polio-acaba\/","name":"Campanha vacinal contra p\u00f3lio acaba - Agazeta.net","isPartOf":{"@id":"https:\/\/nk7-testes.com.br\/agazeta\/#website"},"primaryImageOfPage":{"@id":"https:\/\/nk7-testes.com.br\/agazeta\/campanha-vacinal-contra-polio-acaba\/#primaryimage"},"image":{"@id":"https:\/\/nk7-testes.com.br\/agazeta\/campanha-vacinal-contra-polio-acaba\/#primaryimage"},"thumbnailUrl":"https:\/\/nk7-testes.com.br\/agazeta\/wp-content\/uploads\/2015\/09\/030915-cotidiano-vacinacaopolio-tvgazeta.jpg","datePublished":"2015-09-03T22:23:52+00:00","author":{"@id":"https:\/\/nk7-testes.com.br\/agazeta\/#\/schema\/person\/6d6e25cb0435eb4a02fd44d30b4e3020"},"breadcrumb":{"@id":"https:\/\/nk7-testes.com.br\/agazeta\/campanha-vacinal-contra-polio-acaba\/#breadcrumb"},"inLanguage":"pt-BR","potentialAction":[{"@type":"ReadAction","target":["https:\/\/nk7-testes.com.br\/agazeta\/campanha-vacinal-contra-polio-acaba\/"]}]},{"@type":"ImageObject","inLanguage":"pt-BR","@id":"https:\/\/nk7-testes.com.br\/agazeta\/campanha-vacinal-contra-polio-acaba\/#primaryimage","url":"https:\/\/nk7-testes.com.br\/agazeta\/wp-content\/uploads\/2015\/09\/030915-cotidiano-vacinacaopolio-tvgazeta.jpg","contentUrl":"https:\/\/nk7-testes.com.br\/agazeta\/wp-content\/uploads\/2015\/09\/030915-cotidiano-vacinacaopolio-tvgazeta.jpg","width":458,"height":340,"caption":"030915-cotidiano-vacinacaopolio-tvgazeta"},{"@type":"BreadcrumbList","@id":"https:\/\/nk7-testes.com.br\/agazeta\/campanha-vacinal-contra-polio-acaba\/#breadcrumb","itemListElement":[{"@type":"ListItem","position":1,"name":"In\u00edcio","item":"https:\/\/nk7-testes.com.br\/agazeta\/"},{"@type":"ListItem","position":2,"name":"Campanha vacinal contra p\u00f3lio acaba"}]},{"@type":"WebSite","@id":"https:\/\/nk7-testes.com.br\/agazeta\/#website","url":"https:\/\/nk7-testes.com.br\/agazeta\/","name":"Agazeta.net","description":"Agazeta.net - Not\u00edcias de Rio Branco\/AC","potentialAction":[{"@type":"SearchAction","target":{"@type":"EntryPoint","urlTemplate":"https:\/\/nk7-testes.com.br\/agazeta\/?s={search_term_string}"},"query-input":{"@type":"PropertyValueSpecification","valueRequired":true,"valueName":"search_term_string"}}],"inLanguage":"pt-BR"},{"@type":"Person","@id":"https:\/\/nk7-testes.com.br\/agazeta\/#\/schema\/person\/6d6e25cb0435eb4a02fd44d30b4e3020","name":"Agazeta.Net","url":"https:\/\/nk7-testes.com.br\/agazeta\/author\/agazeta\/"}]}},"_links":{"self":[{"href":"https:\/\/nk7-testes.com.br\/agazeta\/wp-json\/wp\/v2\/posts\/18128","targetHints":{"allow":["GET"]}}],"collection":[{"href":"https:\/\/nk7-testes.com.br\/agazeta\/wp-json\/wp\/v2\/posts"}],"about":[{"href":"https:\/\/nk7-testes.com.br\/agazeta\/wp-json\/wp\/v2\/types\/post"}],"author":[{"embeddable":true,"href":"https:\/\/nk7-testes.com.br\/agazeta\/wp-json\/wp\/v2\/users\/4"}],"replies":[{"embeddable":true,"href":"https:\/\/nk7-testes.com.br\/agazeta\/wp-json\/wp\/v2\/comments?post=18128"}],"version-history":[{"count":0,"href":"https:\/\/nk7-testes.com.br\/agazeta\/wp-json\/wp\/v2\/posts\/18128\/revisions"}],"wp:featuredmedia":[{"embeddable":true,"href":"https:\/\/nk7-testes.com.br\/agazeta\/wp-json\/wp\/v2\/media\/18127"}],"wp:attachment":[{"href":"https:\/\/nk7-testes.com.br\/agazeta\/wp-json\/wp\/v2\/media?parent=18128"}],"wp:term":[{"taxonomy":"category","embeddable":true,"href":"https:\/\/nk7-testes.com.br\/agazeta\/wp-json\/wp\/v2\/categories?post=18128"},{"taxonomy":"post_tag","embeddable":true,"href":"https:\/\/nk7-testes.com.br\/agazeta\/wp-json\/wp\/v2\/tags?post=18128"}],"curies":[{"name":"wp","href":"https:\/\/api.w.org\/{rel}","templated":true}]}}