{"id":18124,"date":"2015-09-03T20:36:10","date_gmt":"2015-09-03T20:36:10","guid":{"rendered":"https:\/\/abarevegan.com.br\/index.php\/2015\/09\/03\/morre-frei-andre-ficarelli\/"},"modified":"2015-09-03T20:36:10","modified_gmt":"2015-09-03T20:36:10","slug":"morre-frei-andre-ficarelli","status":"publish","type":"post","link":"https:\/\/nk7-testes.com.br\/agazeta\/morre-frei-andre-ficarelli\/","title":{"rendered":"Morre Frei Andr\u00e9 Ficarelli"},"content":{"rendered":"<p style=\"text-align: justify;\">A pr\u00e1tica crist\u00e3 pr\u00f3xima das pessoas mais simples<\/p>\n<p style=\"text-align: justify;\">Padre Andr\u00e9 Ficarelli morreu no fim da manh\u00e3 desta quinta-feira. Nascido na It\u00e1lia, ele tinha 92 anos e veio para o Acre em 1950 como integrante da congrega\u00e7\u00e3o Servos de Maria. Ele morreu em casa, acompanhado dos m\u00e9dicos que lhe atendiam nos \u00faltimos anos. \u201cMorreu em consequ\u00eancia da velhice e tinha muitas complica\u00e7\u00f5es em decorr\u00eancia disso\u201d, afirmou o padre e amigo Massimo Lombardi.<\/p>\n<p style=\"text-align: justify;\">Ficarelli projetou e acompanhou cada detalhe da constru\u00e7\u00e3o da Catedral Nossa Senhora de Nazar\u00e9, a principal refer\u00eancia da arquitetura cat\u00f3lica na Capital. Nos \u00faltimos anos, arriscou-se nas letras e escreveu um livro.<\/p>\n<p style=\"text-align: justify;\">O Padre Massimo Lombardi chegou a publicar em sua p\u00e1gina no facebook uma breve homenagem al\u00e9m de anunciar o local onde o corpo do Frei ser\u00e1 velado. \u201cO padre Andr\u00e9 Ficarelli viajou para a Casa do Pai. O corpo ser\u00e1 velado na Catedral a partir das 16h de hoje [quinta-feira]\u201d.<\/p>\n<p style=\"text-align: justify;\">A missa de corpo presente ser\u00e1 celebrada nesta sexta-feira a partir das 15h.<br \/>Padre Andr\u00e9 Ficarelli tornava a defesa do cristianismo menos panflet\u00e1ria do que gostaria a esquerda. As missas celebradas por ele necessitavam de aten\u00e7\u00e3o. Com voz calma, ele criticava duramente a postura dos \u201ccrist\u00e3os que n\u00e3o se dedicavam \u00e1 causa de Cristo\u201d.<\/p>\n<p style=\"text-align: justify;\">A maior parte das pessoas relaciona a atua\u00e7\u00e3o do Padre Andr\u00e9 \u00e0 constru\u00e7\u00e3o da Catedral. Mas, essa n\u00e3o foi a maior obra dele. A voz calma para um sangue italiano, por vezes deixava transparecer alguma natureza ranzinza. Foi justamente a aproxima\u00e7\u00e3o da pr\u00e1tica crist\u00e3 das pessoas mais pr\u00f3ximas que torna a passagem de Ficarelli marcante pelo Acre.<\/p>\n<p style=\"text-align: justify;\">Enquanto Dom Moacyr atuava na ceara mais politizada da Igreja Cat\u00f3lica, Ficarelli preferia os caminhos mais tortuosos dos conflitos individuais. No entanto, a homilia (para quem era atento ao que ele dizia) era dura com todos. N\u00e3o que ele desprezasse a pol\u00edtica. Participava tamb\u00e9m das CEB&#8217;s. Mas, o que ele gostava mesmo era da conversa \u00edntima. Era a\u00ed, nos momentos mais \u00edntimos, que as falhas encontravam um pastor pronto a cuidar do crist\u00e3o.<\/p>\n<p style=\"text-align: justify;\">A refer\u00eancia era o Cristo: quem sa\u00edsse dessa linha, era criticado: seja o cidad\u00e3o mais simples, seja senador, governador, presidente. Ele n\u00e3o poupava. A evangeliza\u00e7\u00e3o executada por ele exigia uma seriedade e um comprometimento incomuns.<\/p>\n<p style=\"text-align: justify;\">\u201cEle se inseriu de modo progressista na situa\u00e7\u00e3o do Acre no per\u00edodo de Ditadura Militar, sempre engajado nas lutas sociais dos acrianos, ele foi um frade exemplar inspirou toda uma juventude da minha \u00e9poca e tamb\u00e9m da sua ordem\u201d, afirmou o secret\u00e1rio Nilson Mour\u00e3o, um pol\u00edtico que iniciou o trabalho de mobiliza\u00e7\u00e3o pol\u00edtica nas Comunidades Eclesiais de Base nos anos 70.<\/p>\n","protected":false},"excerpt":{"rendered":"<p style=\"text-align: justify;\">A pr\u00e1tica crist\u00e3 pr\u00f3xima das pessoas mais simples<\/p>\n","protected":false},"author":4,"featured_media":18123,"comment_status":"open","ping_status":"open","sticky":false,"template":"","format":"standard","meta":{"jnews-multi-image_gallery":[],"jnews_single_post":[],"jnews_primary_category":[],"jnews_social_meta":[],"jnews_review":[],"enable_review":"","type":"","name":"","summary":"","brand":"","sku":"","good":[],"bad":[],"score_override":"","override_value":"","rating":[],"price":[],"footnotes":""},"categories":[54],"tags":[],"class_list":["post-18124","post","type-post","status-publish","format-standard","has-post-thumbnail","hentry","category-cotidiano"],"yoast_head":"<!-- This site is optimized with the Yoast SEO plugin v26.5 - https:\/\/yoast.com\/wordpress\/plugins\/seo\/ -->\n<title>Morre Frei Andr\u00e9 Ficarelli - Agazeta.net<\/title>\n<meta name=\"robots\" content=\"index, follow, max-snippet:-1, max-image-preview:large, max-video-preview:-1\" \/>\n<link rel=\"canonical\" href=\"https:\/\/nk7-testes.com.br\/agazeta\/morre-frei-andre-ficarelli\/\" \/>\n<meta property=\"og:locale\" content=\"pt_BR\" \/>\n<meta property=\"og:type\" content=\"article\" \/>\n<meta property=\"og:title\" content=\"Morre Frei Andr\u00e9 Ficarelli - Agazeta.net\" \/>\n<meta property=\"og:description\" content=\"A pr\u00e1tica crist\u00e3 pr\u00f3xima das pessoas mais simples\" \/>\n<meta property=\"og:url\" content=\"https:\/\/nk7-testes.com.br\/agazeta\/morre-frei-andre-ficarelli\/\" \/>\n<meta property=\"og:site_name\" content=\"Agazeta.net\" \/>\n<meta property=\"article:published_time\" content=\"2015-09-03T20:36:10+00:00\" \/>\n<meta property=\"og:image\" content=\"https:\/\/nk7-testes.com.br\/agazeta\/wp-content\/uploads\/2015\/09\/030915-cotidiano-andreficarelli-cedida.jpg\" \/>\n\t<meta property=\"og:image:width\" content=\"458\" \/>\n\t<meta property=\"og:image:height\" content=\"340\" \/>\n\t<meta property=\"og:image:type\" content=\"image\/jpeg\" \/>\n<meta name=\"author\" content=\"Agazeta.Net\" \/>\n<meta name=\"twitter:card\" content=\"summary_large_image\" \/>\n<meta name=\"twitter:label1\" content=\"Escrito por\" \/>\n\t<meta name=\"twitter:data1\" content=\"Agazeta.Net\" \/>\n\t<meta name=\"twitter:label2\" content=\"Est. tempo de leitura\" \/>\n\t<meta name=\"twitter:data2\" content=\"2 minutos\" \/>\n<script type=\"application\/ld+json\" class=\"yoast-schema-graph\">{\"@context\":\"https:\/\/schema.org\",\"@graph\":[{\"@type\":\"WebPage\",\"@id\":\"https:\/\/nk7-testes.com.br\/agazeta\/morre-frei-andre-ficarelli\/\",\"url\":\"https:\/\/nk7-testes.com.br\/agazeta\/morre-frei-andre-ficarelli\/\",\"name\":\"Morre Frei Andr\u00e9 Ficarelli - Agazeta.net\",\"isPartOf\":{\"@id\":\"https:\/\/nk7-testes.com.br\/agazeta\/#website\"},\"primaryImageOfPage\":{\"@id\":\"https:\/\/nk7-testes.com.br\/agazeta\/morre-frei-andre-ficarelli\/#primaryimage\"},\"image\":{\"@id\":\"https:\/\/nk7-testes.com.br\/agazeta\/morre-frei-andre-ficarelli\/#primaryimage\"},\"thumbnailUrl\":\"https:\/\/nk7-testes.com.br\/agazeta\/wp-content\/uploads\/2015\/09\/030915-cotidiano-andreficarelli-cedida.jpg\",\"datePublished\":\"2015-09-03T20:36:10+00:00\",\"author\":{\"@id\":\"https:\/\/nk7-testes.com.br\/agazeta\/#\/schema\/person\/6d6e25cb0435eb4a02fd44d30b4e3020\"},\"breadcrumb\":{\"@id\":\"https:\/\/nk7-testes.com.br\/agazeta\/morre-frei-andre-ficarelli\/#breadcrumb\"},\"inLanguage\":\"pt-BR\",\"potentialAction\":[{\"@type\":\"ReadAction\",\"target\":[\"https:\/\/nk7-testes.com.br\/agazeta\/morre-frei-andre-ficarelli\/\"]}]},{\"@type\":\"ImageObject\",\"inLanguage\":\"pt-BR\",\"@id\":\"https:\/\/nk7-testes.com.br\/agazeta\/morre-frei-andre-ficarelli\/#primaryimage\",\"url\":\"https:\/\/nk7-testes.com.br\/agazeta\/wp-content\/uploads\/2015\/09\/030915-cotidiano-andreficarelli-cedida.jpg\",\"contentUrl\":\"https:\/\/nk7-testes.com.br\/agazeta\/wp-content\/uploads\/2015\/09\/030915-cotidiano-andreficarelli-cedida.jpg\",\"width\":458,\"height\":340,\"caption\":\"030915-cotidiano-andreficarelli-cedida\"},{\"@type\":\"BreadcrumbList\",\"@id\":\"https:\/\/nk7-testes.com.br\/agazeta\/morre-frei-andre-ficarelli\/#breadcrumb\",\"itemListElement\":[{\"@type\":\"ListItem\",\"position\":1,\"name\":\"In\u00edcio\",\"item\":\"https:\/\/nk7-testes.com.br\/agazeta\/\"},{\"@type\":\"ListItem\",\"position\":2,\"name\":\"Morre Frei Andr\u00e9 Ficarelli\"}]},{\"@type\":\"WebSite\",\"@id\":\"https:\/\/nk7-testes.com.br\/agazeta\/#website\",\"url\":\"https:\/\/nk7-testes.com.br\/agazeta\/\",\"name\":\"Agazeta.net\",\"description\":\"Agazeta.net - Not\u00edcias de Rio Branco\/AC\",\"potentialAction\":[{\"@type\":\"SearchAction\",\"target\":{\"@type\":\"EntryPoint\",\"urlTemplate\":\"https:\/\/nk7-testes.com.br\/agazeta\/?s={search_term_string}\"},\"query-input\":{\"@type\":\"PropertyValueSpecification\",\"valueRequired\":true,\"valueName\":\"search_term_string\"}}],\"inLanguage\":\"pt-BR\"},{\"@type\":\"Person\",\"@id\":\"https:\/\/nk7-testes.com.br\/agazeta\/#\/schema\/person\/6d6e25cb0435eb4a02fd44d30b4e3020\",\"name\":\"Agazeta.Net\",\"url\":\"https:\/\/nk7-testes.com.br\/agazeta\/author\/agazeta\/\"}]}<\/script>\n<!-- \/ Yoast SEO plugin. -->","yoast_head_json":{"title":"Morre Frei Andr\u00e9 Ficarelli - Agazeta.net","robots":{"index":"index","follow":"follow","max-snippet":"max-snippet:-1","max-image-preview":"max-image-preview:large","max-video-preview":"max-video-preview:-1"},"canonical":"https:\/\/nk7-testes.com.br\/agazeta\/morre-frei-andre-ficarelli\/","og_locale":"pt_BR","og_type":"article","og_title":"Morre Frei Andr\u00e9 Ficarelli - Agazeta.net","og_description":"A pr\u00e1tica crist\u00e3 pr\u00f3xima das pessoas mais simples","og_url":"https:\/\/nk7-testes.com.br\/agazeta\/morre-frei-andre-ficarelli\/","og_site_name":"Agazeta.net","article_published_time":"2015-09-03T20:36:10+00:00","og_image":[{"width":458,"height":340,"url":"https:\/\/nk7-testes.com.br\/agazeta\/wp-content\/uploads\/2015\/09\/030915-cotidiano-andreficarelli-cedida.jpg","type":"image\/jpeg"}],"author":"Agazeta.Net","twitter_card":"summary_large_image","twitter_misc":{"Escrito por":"Agazeta.Net","Est. tempo de leitura":"2 minutos"},"schema":{"@context":"https:\/\/schema.org","@graph":[{"@type":"WebPage","@id":"https:\/\/nk7-testes.com.br\/agazeta\/morre-frei-andre-ficarelli\/","url":"https:\/\/nk7-testes.com.br\/agazeta\/morre-frei-andre-ficarelli\/","name":"Morre Frei Andr\u00e9 Ficarelli - Agazeta.net","isPartOf":{"@id":"https:\/\/nk7-testes.com.br\/agazeta\/#website"},"primaryImageOfPage":{"@id":"https:\/\/nk7-testes.com.br\/agazeta\/morre-frei-andre-ficarelli\/#primaryimage"},"image":{"@id":"https:\/\/nk7-testes.com.br\/agazeta\/morre-frei-andre-ficarelli\/#primaryimage"},"thumbnailUrl":"https:\/\/nk7-testes.com.br\/agazeta\/wp-content\/uploads\/2015\/09\/030915-cotidiano-andreficarelli-cedida.jpg","datePublished":"2015-09-03T20:36:10+00:00","author":{"@id":"https:\/\/nk7-testes.com.br\/agazeta\/#\/schema\/person\/6d6e25cb0435eb4a02fd44d30b4e3020"},"breadcrumb":{"@id":"https:\/\/nk7-testes.com.br\/agazeta\/morre-frei-andre-ficarelli\/#breadcrumb"},"inLanguage":"pt-BR","potentialAction":[{"@type":"ReadAction","target":["https:\/\/nk7-testes.com.br\/agazeta\/morre-frei-andre-ficarelli\/"]}]},{"@type":"ImageObject","inLanguage":"pt-BR","@id":"https:\/\/nk7-testes.com.br\/agazeta\/morre-frei-andre-ficarelli\/#primaryimage","url":"https:\/\/nk7-testes.com.br\/agazeta\/wp-content\/uploads\/2015\/09\/030915-cotidiano-andreficarelli-cedida.jpg","contentUrl":"https:\/\/nk7-testes.com.br\/agazeta\/wp-content\/uploads\/2015\/09\/030915-cotidiano-andreficarelli-cedida.jpg","width":458,"height":340,"caption":"030915-cotidiano-andreficarelli-cedida"},{"@type":"BreadcrumbList","@id":"https:\/\/nk7-testes.com.br\/agazeta\/morre-frei-andre-ficarelli\/#breadcrumb","itemListElement":[{"@type":"ListItem","position":1,"name":"In\u00edcio","item":"https:\/\/nk7-testes.com.br\/agazeta\/"},{"@type":"ListItem","position":2,"name":"Morre Frei Andr\u00e9 Ficarelli"}]},{"@type":"WebSite","@id":"https:\/\/nk7-testes.com.br\/agazeta\/#website","url":"https:\/\/nk7-testes.com.br\/agazeta\/","name":"Agazeta.net","description":"Agazeta.net - Not\u00edcias de Rio Branco\/AC","potentialAction":[{"@type":"SearchAction","target":{"@type":"EntryPoint","urlTemplate":"https:\/\/nk7-testes.com.br\/agazeta\/?s={search_term_string}"},"query-input":{"@type":"PropertyValueSpecification","valueRequired":true,"valueName":"search_term_string"}}],"inLanguage":"pt-BR"},{"@type":"Person","@id":"https:\/\/nk7-testes.com.br\/agazeta\/#\/schema\/person\/6d6e25cb0435eb4a02fd44d30b4e3020","name":"Agazeta.Net","url":"https:\/\/nk7-testes.com.br\/agazeta\/author\/agazeta\/"}]}},"_links":{"self":[{"href":"https:\/\/nk7-testes.com.br\/agazeta\/wp-json\/wp\/v2\/posts\/18124","targetHints":{"allow":["GET"]}}],"collection":[{"href":"https:\/\/nk7-testes.com.br\/agazeta\/wp-json\/wp\/v2\/posts"}],"about":[{"href":"https:\/\/nk7-testes.com.br\/agazeta\/wp-json\/wp\/v2\/types\/post"}],"author":[{"embeddable":true,"href":"https:\/\/nk7-testes.com.br\/agazeta\/wp-json\/wp\/v2\/users\/4"}],"replies":[{"embeddable":true,"href":"https:\/\/nk7-testes.com.br\/agazeta\/wp-json\/wp\/v2\/comments?post=18124"}],"version-history":[{"count":0,"href":"https:\/\/nk7-testes.com.br\/agazeta\/wp-json\/wp\/v2\/posts\/18124\/revisions"}],"wp:featuredmedia":[{"embeddable":true,"href":"https:\/\/nk7-testes.com.br\/agazeta\/wp-json\/wp\/v2\/media\/18123"}],"wp:attachment":[{"href":"https:\/\/nk7-testes.com.br\/agazeta\/wp-json\/wp\/v2\/media?parent=18124"}],"wp:term":[{"taxonomy":"category","embeddable":true,"href":"https:\/\/nk7-testes.com.br\/agazeta\/wp-json\/wp\/v2\/categories?post=18124"},{"taxonomy":"post_tag","embeddable":true,"href":"https:\/\/nk7-testes.com.br\/agazeta\/wp-json\/wp\/v2\/tags?post=18124"}],"curies":[{"name":"wp","href":"https:\/\/api.w.org\/{rel}","templated":true}]}}