{"id":18117,"date":"2015-09-03T15:53:08","date_gmt":"2015-09-03T15:53:08","guid":{"rendered":"https:\/\/abarevegan.com.br\/index.php\/2015\/09\/03\/ancine-melhora-qualidade-do-audiovisual-do-acre\/"},"modified":"2015-09-03T15:53:08","modified_gmt":"2015-09-03T15:53:08","slug":"ancine-melhora-qualidade-do-audiovisual-do-acre","status":"publish","type":"post","link":"https:\/\/nk7-testes.com.br\/agazeta\/ancine-melhora-qualidade-do-audiovisual-do-acre\/","title":{"rendered":"Ancine melhora qualidade do audiovisual do Acre"},"content":{"rendered":"<p>Dois projetos do Acre s\u00e3o contemplados<\/p>\n<p>A Ag\u00eancia Nacional de Cinema divulgou o resultado da chamada p\u00fablica da Linha de produ\u00e7\u00e3o de Conte\u00fados destinados \u00e0s tev\u00eas p\u00fablicas. Por meio do Programa Brasil de Todas as Telas (parceria da Ancine, Secretaria do Audiovisual e Empresa Brasil de Comunica\u00e7\u00e3o), a diversidade da cultura ind\u00edgena do Acre conquistas novas fronteiras no Brasil.<\/p>\n<p>Os cineastas S\u00e9rgio de Carvalho e S\u00edlvio Margarido s\u00e3o os proponentes dos dois projetos contemplados. Com <em><strong>\u201cNokun Txai- Nossos Txais\u201d<\/strong><\/em>, Carvalho exp\u00f5e uma leitura documental da diversidade cultural ind\u00edgena. Ser\u00e3o 13 docs com or\u00e7amento de R$ 1,3 milh\u00e3o.<\/p>\n<p>Margarido tamb\u00e9m optou pela cultura ind\u00edgena como mote. Em <strong><em>\u201cMauani, o Sil\u00eancio de Maria\u201d<\/em><\/strong>, o cineasta optou pela fic\u00e7\u00e3o para falar do Acre e sua cultura. Ser\u00e3o cinco cap\u00edtulos de 21 minutos cada, or\u00e7ado em R$ 651 mil.<\/p>\n<p>Em todo o pa\u00eds, o Governo Federal dedicou R$ 60 milh\u00f5es para a programa\u00e7\u00e3o in\u00e9dita. Ser\u00e3o 250 horas de programa\u00e7\u00e3o que v\u00e3o traduzir o pa\u00eds em imagens. A escolha dos dois projetos do Acre ajuda a compreender o pr\u00f3prio Acre e contribui com o mosaico de identidades regionais a que se prop\u00f5e a Secretaria Nacional do Audiovisual.<\/p>\n<p>Os dois projetos acrianos foram selecionados entre 768 propostas inscritas. \u201cFoi o maior n\u00famero j\u00e1 alcan\u00e7ado por uma linha do Fundo Setorial do Audiovisual (FSA)\u201d, diz o material de divulga\u00e7\u00e3o da Ancine.<\/p>\n<p>\u201c\u00c9 uma felicidade ver o interesse de todo o pa\u00eds para esse edital. Isso demonstra como o brasileiro precisa e quer se ver mais nas telas, se reconhecer no que assiste. Ser\u00e1 a oportunidade de mostrar nossos diferentes sotaques, nossas culturas diversas \u2013 da periferia de uma grande cidade a uma aldeia ind\u00edgena \u2013 que tanto nos une, quanto nos diferencia\u201d, comemora o diretor-presidente da ANCINE, Manoel Rangel, no press-release de divulga\u00e7\u00e3o.<\/p>\n<p><strong>Resultados por regi\u00e3o:<\/strong><\/p>\n<p>Na Chamada P\u00fablica PRODAV 08\/2014 &#8211; Regi\u00e3o Norte, foram escolhidas 18 propostas, origin\u00e1rias dos estados do Amazonas (08 propostas), Par\u00e1 (06 propostas), Rond\u00f4nia (01 proposta), Tocantins (01 proposta) e Acre (02 propostas). Veja aqui os contemplados desta regi\u00e3o.<\/p>\n<p>Na Chamada P\u00fablica PRODAV 09\/2014 &#8211; Regi\u00e3o Nordeste foram selecionadas 16 propostas, dos estados de Pernambuco (04 propostas), Bahia (06 propostas), Piau\u00ed (01 proposta), Maranh\u00e3o (02 propostas), Para\u00edba (01 proposta) e Cear\u00e1 (02 propostas); Veja aqui os contemplados desta regi\u00e3o.<\/p>\n<p>A Chamada P\u00fablica PRODAV 10\/2014 &#8211; Regi\u00e3o Centro Oeste selecionou 19 propostas origin\u00e1rias do Mato Grosso (02 propostas), Mato Grosso do Sul (02 propostas), Goi\u00e1s (09 propostas) e tamb\u00e9m do Distrito Federal (06 propostas); Veja aqui os contemplados desta regi\u00e3o.<\/p>\n<p>Da Chamada P\u00fablica PRODAV 11\/2014 &#8211; Regi\u00e3o Sudeste selecionou-se 23 propostas, sendo 09 de S\u00e3o Paulo, 02 do Rio de Janeiro, 11 de Minas Gerais e 01 do Esp\u00edrito Santo, lembrando que na Regi\u00e3o Sudeste o edital previa que os recursos seriam divididos entre S\u00e3o Paulo e Rio de Janeiro; e Minas Gerais e Esp\u00edrito Santo; Veja aqui os contemplados desta regi\u00e3o.<\/p>\n<p>Finalizando a lista, na Chamada P\u00fablica PRODAV 12\/2014 &#8211; Regi\u00e3o Sul foram selecionadas 18 propostas, sendo 06 do Rio Grande do Sul, 09 do Paran\u00e1 e 03 de Santa Catarina. Veja aqui os contemplados desta regi\u00e3o.<br \/><strong><\/strong><\/p>\n<p><strong>Saiba mais sobre o Programa Brasil de Todas as Telas<\/strong><\/p>\n<p>O Programa BRASIL DE TODAS AS TELAS \u00e9 uma ampla a\u00e7\u00e3o governamental que visa transformar o Pa\u00eds em um centro relevante de produ\u00e7\u00e3o e programa\u00e7\u00e3o de conte\u00fados audiovisuais. Trata-se do maior programa de desenvolvimento do setor audiovisual j\u00e1 constru\u00eddo no Brasil, formulado pela Ag\u00eancia Nacional do Cinema &#8211; ANCINE em parceria com o Minist\u00e9rio da Cultura &#8211; MinC, e com a colabora\u00e7\u00e3o do setor audiovisual por meio de seus representantes no Comit\u00ea Gestor do Fundo Setorial do Audiovisual &#8211; FSA.<\/p>\n","protected":false},"excerpt":{"rendered":"<p>Dois projetos do Acre s\u00e3o contemplados<\/p>\n","protected":false},"author":4,"featured_media":18116,"comment_status":"open","ping_status":"open","sticky":false,"template":"","format":"standard","meta":{"jnews-multi-image_gallery":[],"jnews_single_post":[],"jnews_primary_category":[],"jnews_social_meta":[],"jnews_review":[],"enable_review":"","type":"","name":"","summary":"","brand":"","sku":"","good":[],"bad":[],"score_override":"","override_value":"","rating":[],"price":[],"footnotes":""},"categories":[54],"tags":[],"class_list":["post-18117","post","type-post","status-publish","format-standard","has-post-thumbnail","hentry","category-cotidiano"],"yoast_head":"<!-- This site is optimized with the Yoast SEO plugin v26.5 - https:\/\/yoast.com\/wordpress\/plugins\/seo\/ -->\n<title>Ancine melhora qualidade do audiovisual do Acre - Agazeta.net<\/title>\n<meta name=\"robots\" content=\"index, follow, max-snippet:-1, max-image-preview:large, max-video-preview:-1\" \/>\n<link rel=\"canonical\" href=\"https:\/\/nk7-testes.com.br\/agazeta\/ancine-melhora-qualidade-do-audiovisual-do-acre\/\" \/>\n<meta property=\"og:locale\" content=\"pt_BR\" \/>\n<meta property=\"og:type\" content=\"article\" \/>\n<meta property=\"og:title\" content=\"Ancine melhora qualidade do audiovisual do Acre - Agazeta.net\" \/>\n<meta property=\"og:description\" content=\"Dois projetos do Acre s\u00e3o contemplados\" \/>\n<meta property=\"og:url\" content=\"https:\/\/nk7-testes.com.br\/agazeta\/ancine-melhora-qualidade-do-audiovisual-do-acre\/\" \/>\n<meta property=\"og:site_name\" content=\"Agazeta.net\" \/>\n<meta property=\"article:published_time\" content=\"2015-09-03T15:53:08+00:00\" \/>\n<meta property=\"og:image\" content=\"https:\/\/nk7-testes.com.br\/agazeta\/wp-content\/uploads\/2015\/09\/030915-cotidiano-ancine-divulgacao.jpg\" \/>\n\t<meta property=\"og:image:width\" content=\"458\" \/>\n\t<meta property=\"og:image:height\" content=\"340\" \/>\n\t<meta property=\"og:image:type\" content=\"image\/jpeg\" \/>\n<meta name=\"author\" content=\"Agazeta.Net\" \/>\n<meta name=\"twitter:card\" content=\"summary_large_image\" \/>\n<meta name=\"twitter:label1\" content=\"Escrito por\" \/>\n\t<meta name=\"twitter:data1\" content=\"Agazeta.Net\" \/>\n\t<meta name=\"twitter:label2\" content=\"Est. tempo de leitura\" \/>\n\t<meta name=\"twitter:data2\" content=\"3 minutos\" \/>\n<script type=\"application\/ld+json\" class=\"yoast-schema-graph\">{\"@context\":\"https:\/\/schema.org\",\"@graph\":[{\"@type\":\"WebPage\",\"@id\":\"https:\/\/nk7-testes.com.br\/agazeta\/ancine-melhora-qualidade-do-audiovisual-do-acre\/\",\"url\":\"https:\/\/nk7-testes.com.br\/agazeta\/ancine-melhora-qualidade-do-audiovisual-do-acre\/\",\"name\":\"Ancine melhora qualidade do audiovisual do Acre - Agazeta.net\",\"isPartOf\":{\"@id\":\"https:\/\/nk7-testes.com.br\/agazeta\/#website\"},\"primaryImageOfPage\":{\"@id\":\"https:\/\/nk7-testes.com.br\/agazeta\/ancine-melhora-qualidade-do-audiovisual-do-acre\/#primaryimage\"},\"image\":{\"@id\":\"https:\/\/nk7-testes.com.br\/agazeta\/ancine-melhora-qualidade-do-audiovisual-do-acre\/#primaryimage\"},\"thumbnailUrl\":\"https:\/\/nk7-testes.com.br\/agazeta\/wp-content\/uploads\/2015\/09\/030915-cotidiano-ancine-divulgacao.jpg\",\"datePublished\":\"2015-09-03T15:53:08+00:00\",\"author\":{\"@id\":\"https:\/\/nk7-testes.com.br\/agazeta\/#\/schema\/person\/6d6e25cb0435eb4a02fd44d30b4e3020\"},\"breadcrumb\":{\"@id\":\"https:\/\/nk7-testes.com.br\/agazeta\/ancine-melhora-qualidade-do-audiovisual-do-acre\/#breadcrumb\"},\"inLanguage\":\"pt-BR\",\"potentialAction\":[{\"@type\":\"ReadAction\",\"target\":[\"https:\/\/nk7-testes.com.br\/agazeta\/ancine-melhora-qualidade-do-audiovisual-do-acre\/\"]}]},{\"@type\":\"ImageObject\",\"inLanguage\":\"pt-BR\",\"@id\":\"https:\/\/nk7-testes.com.br\/agazeta\/ancine-melhora-qualidade-do-audiovisual-do-acre\/#primaryimage\",\"url\":\"https:\/\/nk7-testes.com.br\/agazeta\/wp-content\/uploads\/2015\/09\/030915-cotidiano-ancine-divulgacao.jpg\",\"contentUrl\":\"https:\/\/nk7-testes.com.br\/agazeta\/wp-content\/uploads\/2015\/09\/030915-cotidiano-ancine-divulgacao.jpg\",\"width\":458,\"height\":340,\"caption\":\"030915-cotidiano-ancine-divulgacao\"},{\"@type\":\"BreadcrumbList\",\"@id\":\"https:\/\/nk7-testes.com.br\/agazeta\/ancine-melhora-qualidade-do-audiovisual-do-acre\/#breadcrumb\",\"itemListElement\":[{\"@type\":\"ListItem\",\"position\":1,\"name\":\"In\u00edcio\",\"item\":\"https:\/\/nk7-testes.com.br\/agazeta\/\"},{\"@type\":\"ListItem\",\"position\":2,\"name\":\"Ancine melhora qualidade do audiovisual do Acre\"}]},{\"@type\":\"WebSite\",\"@id\":\"https:\/\/nk7-testes.com.br\/agazeta\/#website\",\"url\":\"https:\/\/nk7-testes.com.br\/agazeta\/\",\"name\":\"Agazeta.net\",\"description\":\"Agazeta.net - Not\u00edcias de Rio Branco\/AC\",\"potentialAction\":[{\"@type\":\"SearchAction\",\"target\":{\"@type\":\"EntryPoint\",\"urlTemplate\":\"https:\/\/nk7-testes.com.br\/agazeta\/?s={search_term_string}\"},\"query-input\":{\"@type\":\"PropertyValueSpecification\",\"valueRequired\":true,\"valueName\":\"search_term_string\"}}],\"inLanguage\":\"pt-BR\"},{\"@type\":\"Person\",\"@id\":\"https:\/\/nk7-testes.com.br\/agazeta\/#\/schema\/person\/6d6e25cb0435eb4a02fd44d30b4e3020\",\"name\":\"Agazeta.Net\",\"url\":\"https:\/\/nk7-testes.com.br\/agazeta\/author\/agazeta\/\"}]}<\/script>\n<!-- \/ Yoast SEO plugin. -->","yoast_head_json":{"title":"Ancine melhora qualidade do audiovisual do Acre - Agazeta.net","robots":{"index":"index","follow":"follow","max-snippet":"max-snippet:-1","max-image-preview":"max-image-preview:large","max-video-preview":"max-video-preview:-1"},"canonical":"https:\/\/nk7-testes.com.br\/agazeta\/ancine-melhora-qualidade-do-audiovisual-do-acre\/","og_locale":"pt_BR","og_type":"article","og_title":"Ancine melhora qualidade do audiovisual do Acre - Agazeta.net","og_description":"Dois projetos do Acre s\u00e3o contemplados","og_url":"https:\/\/nk7-testes.com.br\/agazeta\/ancine-melhora-qualidade-do-audiovisual-do-acre\/","og_site_name":"Agazeta.net","article_published_time":"2015-09-03T15:53:08+00:00","og_image":[{"width":458,"height":340,"url":"https:\/\/nk7-testes.com.br\/agazeta\/wp-content\/uploads\/2015\/09\/030915-cotidiano-ancine-divulgacao.jpg","type":"image\/jpeg"}],"author":"Agazeta.Net","twitter_card":"summary_large_image","twitter_misc":{"Escrito por":"Agazeta.Net","Est. tempo de leitura":"3 minutos"},"schema":{"@context":"https:\/\/schema.org","@graph":[{"@type":"WebPage","@id":"https:\/\/nk7-testes.com.br\/agazeta\/ancine-melhora-qualidade-do-audiovisual-do-acre\/","url":"https:\/\/nk7-testes.com.br\/agazeta\/ancine-melhora-qualidade-do-audiovisual-do-acre\/","name":"Ancine melhora qualidade do audiovisual do Acre - Agazeta.net","isPartOf":{"@id":"https:\/\/nk7-testes.com.br\/agazeta\/#website"},"primaryImageOfPage":{"@id":"https:\/\/nk7-testes.com.br\/agazeta\/ancine-melhora-qualidade-do-audiovisual-do-acre\/#primaryimage"},"image":{"@id":"https:\/\/nk7-testes.com.br\/agazeta\/ancine-melhora-qualidade-do-audiovisual-do-acre\/#primaryimage"},"thumbnailUrl":"https:\/\/nk7-testes.com.br\/agazeta\/wp-content\/uploads\/2015\/09\/030915-cotidiano-ancine-divulgacao.jpg","datePublished":"2015-09-03T15:53:08+00:00","author":{"@id":"https:\/\/nk7-testes.com.br\/agazeta\/#\/schema\/person\/6d6e25cb0435eb4a02fd44d30b4e3020"},"breadcrumb":{"@id":"https:\/\/nk7-testes.com.br\/agazeta\/ancine-melhora-qualidade-do-audiovisual-do-acre\/#breadcrumb"},"inLanguage":"pt-BR","potentialAction":[{"@type":"ReadAction","target":["https:\/\/nk7-testes.com.br\/agazeta\/ancine-melhora-qualidade-do-audiovisual-do-acre\/"]}]},{"@type":"ImageObject","inLanguage":"pt-BR","@id":"https:\/\/nk7-testes.com.br\/agazeta\/ancine-melhora-qualidade-do-audiovisual-do-acre\/#primaryimage","url":"https:\/\/nk7-testes.com.br\/agazeta\/wp-content\/uploads\/2015\/09\/030915-cotidiano-ancine-divulgacao.jpg","contentUrl":"https:\/\/nk7-testes.com.br\/agazeta\/wp-content\/uploads\/2015\/09\/030915-cotidiano-ancine-divulgacao.jpg","width":458,"height":340,"caption":"030915-cotidiano-ancine-divulgacao"},{"@type":"BreadcrumbList","@id":"https:\/\/nk7-testes.com.br\/agazeta\/ancine-melhora-qualidade-do-audiovisual-do-acre\/#breadcrumb","itemListElement":[{"@type":"ListItem","position":1,"name":"In\u00edcio","item":"https:\/\/nk7-testes.com.br\/agazeta\/"},{"@type":"ListItem","position":2,"name":"Ancine melhora qualidade do audiovisual do Acre"}]},{"@type":"WebSite","@id":"https:\/\/nk7-testes.com.br\/agazeta\/#website","url":"https:\/\/nk7-testes.com.br\/agazeta\/","name":"Agazeta.net","description":"Agazeta.net - Not\u00edcias de Rio Branco\/AC","potentialAction":[{"@type":"SearchAction","target":{"@type":"EntryPoint","urlTemplate":"https:\/\/nk7-testes.com.br\/agazeta\/?s={search_term_string}"},"query-input":{"@type":"PropertyValueSpecification","valueRequired":true,"valueName":"search_term_string"}}],"inLanguage":"pt-BR"},{"@type":"Person","@id":"https:\/\/nk7-testes.com.br\/agazeta\/#\/schema\/person\/6d6e25cb0435eb4a02fd44d30b4e3020","name":"Agazeta.Net","url":"https:\/\/nk7-testes.com.br\/agazeta\/author\/agazeta\/"}]}},"_links":{"self":[{"href":"https:\/\/nk7-testes.com.br\/agazeta\/wp-json\/wp\/v2\/posts\/18117","targetHints":{"allow":["GET"]}}],"collection":[{"href":"https:\/\/nk7-testes.com.br\/agazeta\/wp-json\/wp\/v2\/posts"}],"about":[{"href":"https:\/\/nk7-testes.com.br\/agazeta\/wp-json\/wp\/v2\/types\/post"}],"author":[{"embeddable":true,"href":"https:\/\/nk7-testes.com.br\/agazeta\/wp-json\/wp\/v2\/users\/4"}],"replies":[{"embeddable":true,"href":"https:\/\/nk7-testes.com.br\/agazeta\/wp-json\/wp\/v2\/comments?post=18117"}],"version-history":[{"count":0,"href":"https:\/\/nk7-testes.com.br\/agazeta\/wp-json\/wp\/v2\/posts\/18117\/revisions"}],"wp:featuredmedia":[{"embeddable":true,"href":"https:\/\/nk7-testes.com.br\/agazeta\/wp-json\/wp\/v2\/media\/18116"}],"wp:attachment":[{"href":"https:\/\/nk7-testes.com.br\/agazeta\/wp-json\/wp\/v2\/media?parent=18117"}],"wp:term":[{"taxonomy":"category","embeddable":true,"href":"https:\/\/nk7-testes.com.br\/agazeta\/wp-json\/wp\/v2\/categories?post=18117"},{"taxonomy":"post_tag","embeddable":true,"href":"https:\/\/nk7-testes.com.br\/agazeta\/wp-json\/wp\/v2\/tags?post=18117"}],"curies":[{"name":"wp","href":"https:\/\/api.w.org\/{rel}","templated":true}]}}