{"id":18106,"date":"2015-09-02T21:04:26","date_gmt":"2015-09-02T21:04:26","guid":{"rendered":"https:\/\/abarevegan.com.br\/index.php\/2015\/09\/02\/vigilantes-exigem-mais-seguranca\/"},"modified":"2015-09-02T21:04:26","modified_gmt":"2015-09-02T21:04:26","slug":"vigilantes-exigem-mais-seguranca","status":"publish","type":"post","link":"https:\/\/nk7-testes.com.br\/agazeta\/vigilantes-exigem-mais-seguranca\/","title":{"rendered":"Vigilantes exigem mais seguran\u00e7a"},"content":{"rendered":"<p style=\"text-align: justify;\">Cobran\u00e7a \u00e9 para aumentar efetivo nos espa\u00e7os p\u00fablicos<\/p>\n<p style=\"text-align: justify;\">O Sindicato dos Vigilantes decidiu fazer um manifesto no Hospital das Cl\u00ednicas para cobrar do Estado \u201cmais seguran\u00e7a\u201d. A categoria n\u00e3o ficou sozinha no movimento que durou toda a manh\u00e3 dessa quarta-feira: recebeu apoio de diversos sindicatos.<\/p>\n<p style=\"text-align: justify;\">O movimento come\u00e7ou na recep\u00e7\u00e3o da funda\u00e7\u00e3o hospital. Como n\u00e3o teve muita repercuss\u00e3o, os sindicalistas decidiram fechar a BR-364 por 20 minutos.<\/p>\n<p style=\"text-align: justify;\">Os vigilantes est\u00e3o pedindo mais seguran\u00e7a para eles e as pessoas que trabalham e usam o servi\u00e7o dos hospitais. Segundo o presidente do sindicato, Nonato Santos, no m\u00eas passado, os bandidos atacaram tr\u00eas vezes os vigilantes da funda\u00e7\u00e3o hospital para roubar as armas e, na \u00faltima abordagem, tentaram explodir um caixa eletr\u00f4nico.<\/p>\n<p style=\"text-align: justify;\">O Sindicato dos Vigilantes criticou a posi\u00e7\u00e3o do comandante da Pol\u00edcia Militar que ironizou o movimento. Na p\u00e1gina pessoal que mant\u00e9m em uma rede social, o tenente coronel J\u00falio C\u00e9sar criticou os vigilantes que pedem seguran\u00e7a. \u201cJustamente eles que s\u00e3o pagos para garantir a seguran\u00e7a\u201d, zombou.<\/p>\n<p style=\"text-align: justify;\">O sindicato rebate a cr\u00edtica afirmando que os vigilantes est\u00e3o inseguros porque 80% dos trabalhadores que atuavam em hospitais perderam o emprego. \u201cS\u00f3 aqui na funda\u00e7\u00e3o hospital eram 8 vigilantes agora s\u00e3o dois. Como podemos cuidar de uma \u00e1rea t\u00e3o grande? \u00c9 praticamente imposs\u00edvel\u201d, alertou.<\/p>\n<p style=\"text-align: justify;\">Segundo Nonato Santos, no interior do estado, os hospitais n\u00e3o contam com seguran\u00e7as. Todos foram retirados para reduzir despesas.<\/p>\n","protected":false},"excerpt":{"rendered":"<p style=\"text-align: justify;\">Cobran\u00e7a \u00e9 para aumentar efetivo nos espa\u00e7os p\u00fablicos<\/p>\n","protected":false},"author":4,"featured_media":18105,"comment_status":"open","ping_status":"open","sticky":false,"template":"","format":"standard","meta":{"jnews-multi-image_gallery":[],"jnews_single_post":[],"jnews_primary_category":[],"jnews_social_meta":[],"jnews_review":[],"enable_review":"","type":"","name":"","summary":"","brand":"","sku":"","good":[],"bad":[],"score_override":"","override_value":"","rating":[],"price":[],"footnotes":""},"categories":[54],"tags":[],"class_list":["post-18106","post","type-post","status-publish","format-standard","has-post-thumbnail","hentry","category-cotidiano"],"yoast_head":"<!-- This site is optimized with the Yoast SEO plugin v26.5 - https:\/\/yoast.com\/wordpress\/plugins\/seo\/ -->\n<title>Vigilantes exigem mais seguran\u00e7a - Agazeta.net<\/title>\n<meta name=\"robots\" content=\"index, follow, max-snippet:-1, max-image-preview:large, max-video-preview:-1\" \/>\n<link rel=\"canonical\" href=\"https:\/\/nk7-testes.com.br\/agazeta\/vigilantes-exigem-mais-seguranca\/\" \/>\n<meta property=\"og:locale\" content=\"pt_BR\" \/>\n<meta property=\"og:type\" content=\"article\" \/>\n<meta property=\"og:title\" content=\"Vigilantes exigem mais seguran\u00e7a - Agazeta.net\" \/>\n<meta property=\"og:description\" content=\"Cobran\u00e7a \u00e9 para aumentar efetivo nos espa\u00e7os p\u00fablicos\" \/>\n<meta property=\"og:url\" content=\"https:\/\/nk7-testes.com.br\/agazeta\/vigilantes-exigem-mais-seguranca\/\" \/>\n<meta property=\"og:site_name\" content=\"Agazeta.net\" \/>\n<meta property=\"article:published_time\" content=\"2015-09-02T21:04:26+00:00\" \/>\n<meta property=\"og:image\" content=\"https:\/\/nk7-testes.com.br\/agazeta\/wp-content\/uploads\/2015\/09\/020915-cotidiano-protestovigilantes-tvgazeta2.jpg\" \/>\n\t<meta property=\"og:image:width\" content=\"458\" \/>\n\t<meta property=\"og:image:height\" content=\"340\" \/>\n\t<meta property=\"og:image:type\" content=\"image\/jpeg\" \/>\n<meta name=\"author\" content=\"Agazeta.Net\" \/>\n<meta name=\"twitter:card\" content=\"summary_large_image\" \/>\n<meta name=\"twitter:label1\" content=\"Escrito por\" \/>\n\t<meta name=\"twitter:data1\" content=\"Agazeta.Net\" \/>\n\t<meta name=\"twitter:label2\" content=\"Est. tempo de leitura\" \/>\n\t<meta name=\"twitter:data2\" content=\"1 minuto\" \/>\n<script type=\"application\/ld+json\" class=\"yoast-schema-graph\">{\"@context\":\"https:\/\/schema.org\",\"@graph\":[{\"@type\":\"WebPage\",\"@id\":\"https:\/\/nk7-testes.com.br\/agazeta\/vigilantes-exigem-mais-seguranca\/\",\"url\":\"https:\/\/nk7-testes.com.br\/agazeta\/vigilantes-exigem-mais-seguranca\/\",\"name\":\"Vigilantes exigem mais seguran\u00e7a - Agazeta.net\",\"isPartOf\":{\"@id\":\"https:\/\/nk7-testes.com.br\/agazeta\/#website\"},\"primaryImageOfPage\":{\"@id\":\"https:\/\/nk7-testes.com.br\/agazeta\/vigilantes-exigem-mais-seguranca\/#primaryimage\"},\"image\":{\"@id\":\"https:\/\/nk7-testes.com.br\/agazeta\/vigilantes-exigem-mais-seguranca\/#primaryimage\"},\"thumbnailUrl\":\"https:\/\/nk7-testes.com.br\/agazeta\/wp-content\/uploads\/2015\/09\/020915-cotidiano-protestovigilantes-tvgazeta2.jpg\",\"datePublished\":\"2015-09-02T21:04:26+00:00\",\"author\":{\"@id\":\"https:\/\/nk7-testes.com.br\/agazeta\/#\/schema\/person\/6d6e25cb0435eb4a02fd44d30b4e3020\"},\"breadcrumb\":{\"@id\":\"https:\/\/nk7-testes.com.br\/agazeta\/vigilantes-exigem-mais-seguranca\/#breadcrumb\"},\"inLanguage\":\"pt-BR\",\"potentialAction\":[{\"@type\":\"ReadAction\",\"target\":[\"https:\/\/nk7-testes.com.br\/agazeta\/vigilantes-exigem-mais-seguranca\/\"]}]},{\"@type\":\"ImageObject\",\"inLanguage\":\"pt-BR\",\"@id\":\"https:\/\/nk7-testes.com.br\/agazeta\/vigilantes-exigem-mais-seguranca\/#primaryimage\",\"url\":\"https:\/\/nk7-testes.com.br\/agazeta\/wp-content\/uploads\/2015\/09\/020915-cotidiano-protestovigilantes-tvgazeta2.jpg\",\"contentUrl\":\"https:\/\/nk7-testes.com.br\/agazeta\/wp-content\/uploads\/2015\/09\/020915-cotidiano-protestovigilantes-tvgazeta2.jpg\",\"width\":458,\"height\":340,\"caption\":\"020915-cotidiano-protestovigilantes-tvgazeta2\"},{\"@type\":\"BreadcrumbList\",\"@id\":\"https:\/\/nk7-testes.com.br\/agazeta\/vigilantes-exigem-mais-seguranca\/#breadcrumb\",\"itemListElement\":[{\"@type\":\"ListItem\",\"position\":1,\"name\":\"In\u00edcio\",\"item\":\"https:\/\/nk7-testes.com.br\/agazeta\/\"},{\"@type\":\"ListItem\",\"position\":2,\"name\":\"Vigilantes exigem mais seguran\u00e7a\"}]},{\"@type\":\"WebSite\",\"@id\":\"https:\/\/nk7-testes.com.br\/agazeta\/#website\",\"url\":\"https:\/\/nk7-testes.com.br\/agazeta\/\",\"name\":\"Agazeta.net\",\"description\":\"Agazeta.net - Not\u00edcias de Rio Branco\/AC\",\"potentialAction\":[{\"@type\":\"SearchAction\",\"target\":{\"@type\":\"EntryPoint\",\"urlTemplate\":\"https:\/\/nk7-testes.com.br\/agazeta\/?s={search_term_string}\"},\"query-input\":{\"@type\":\"PropertyValueSpecification\",\"valueRequired\":true,\"valueName\":\"search_term_string\"}}],\"inLanguage\":\"pt-BR\"},{\"@type\":\"Person\",\"@id\":\"https:\/\/nk7-testes.com.br\/agazeta\/#\/schema\/person\/6d6e25cb0435eb4a02fd44d30b4e3020\",\"name\":\"Agazeta.Net\",\"url\":\"https:\/\/nk7-testes.com.br\/agazeta\/author\/agazeta\/\"}]}<\/script>\n<!-- \/ Yoast SEO plugin. -->","yoast_head_json":{"title":"Vigilantes exigem mais seguran\u00e7a - Agazeta.net","robots":{"index":"index","follow":"follow","max-snippet":"max-snippet:-1","max-image-preview":"max-image-preview:large","max-video-preview":"max-video-preview:-1"},"canonical":"https:\/\/nk7-testes.com.br\/agazeta\/vigilantes-exigem-mais-seguranca\/","og_locale":"pt_BR","og_type":"article","og_title":"Vigilantes exigem mais seguran\u00e7a - Agazeta.net","og_description":"Cobran\u00e7a \u00e9 para aumentar efetivo nos espa\u00e7os p\u00fablicos","og_url":"https:\/\/nk7-testes.com.br\/agazeta\/vigilantes-exigem-mais-seguranca\/","og_site_name":"Agazeta.net","article_published_time":"2015-09-02T21:04:26+00:00","og_image":[{"width":458,"height":340,"url":"https:\/\/nk7-testes.com.br\/agazeta\/wp-content\/uploads\/2015\/09\/020915-cotidiano-protestovigilantes-tvgazeta2.jpg","type":"image\/jpeg"}],"author":"Agazeta.Net","twitter_card":"summary_large_image","twitter_misc":{"Escrito por":"Agazeta.Net","Est. tempo de leitura":"1 minuto"},"schema":{"@context":"https:\/\/schema.org","@graph":[{"@type":"WebPage","@id":"https:\/\/nk7-testes.com.br\/agazeta\/vigilantes-exigem-mais-seguranca\/","url":"https:\/\/nk7-testes.com.br\/agazeta\/vigilantes-exigem-mais-seguranca\/","name":"Vigilantes exigem mais seguran\u00e7a - Agazeta.net","isPartOf":{"@id":"https:\/\/nk7-testes.com.br\/agazeta\/#website"},"primaryImageOfPage":{"@id":"https:\/\/nk7-testes.com.br\/agazeta\/vigilantes-exigem-mais-seguranca\/#primaryimage"},"image":{"@id":"https:\/\/nk7-testes.com.br\/agazeta\/vigilantes-exigem-mais-seguranca\/#primaryimage"},"thumbnailUrl":"https:\/\/nk7-testes.com.br\/agazeta\/wp-content\/uploads\/2015\/09\/020915-cotidiano-protestovigilantes-tvgazeta2.jpg","datePublished":"2015-09-02T21:04:26+00:00","author":{"@id":"https:\/\/nk7-testes.com.br\/agazeta\/#\/schema\/person\/6d6e25cb0435eb4a02fd44d30b4e3020"},"breadcrumb":{"@id":"https:\/\/nk7-testes.com.br\/agazeta\/vigilantes-exigem-mais-seguranca\/#breadcrumb"},"inLanguage":"pt-BR","potentialAction":[{"@type":"ReadAction","target":["https:\/\/nk7-testes.com.br\/agazeta\/vigilantes-exigem-mais-seguranca\/"]}]},{"@type":"ImageObject","inLanguage":"pt-BR","@id":"https:\/\/nk7-testes.com.br\/agazeta\/vigilantes-exigem-mais-seguranca\/#primaryimage","url":"https:\/\/nk7-testes.com.br\/agazeta\/wp-content\/uploads\/2015\/09\/020915-cotidiano-protestovigilantes-tvgazeta2.jpg","contentUrl":"https:\/\/nk7-testes.com.br\/agazeta\/wp-content\/uploads\/2015\/09\/020915-cotidiano-protestovigilantes-tvgazeta2.jpg","width":458,"height":340,"caption":"020915-cotidiano-protestovigilantes-tvgazeta2"},{"@type":"BreadcrumbList","@id":"https:\/\/nk7-testes.com.br\/agazeta\/vigilantes-exigem-mais-seguranca\/#breadcrumb","itemListElement":[{"@type":"ListItem","position":1,"name":"In\u00edcio","item":"https:\/\/nk7-testes.com.br\/agazeta\/"},{"@type":"ListItem","position":2,"name":"Vigilantes exigem mais seguran\u00e7a"}]},{"@type":"WebSite","@id":"https:\/\/nk7-testes.com.br\/agazeta\/#website","url":"https:\/\/nk7-testes.com.br\/agazeta\/","name":"Agazeta.net","description":"Agazeta.net - Not\u00edcias de Rio Branco\/AC","potentialAction":[{"@type":"SearchAction","target":{"@type":"EntryPoint","urlTemplate":"https:\/\/nk7-testes.com.br\/agazeta\/?s={search_term_string}"},"query-input":{"@type":"PropertyValueSpecification","valueRequired":true,"valueName":"search_term_string"}}],"inLanguage":"pt-BR"},{"@type":"Person","@id":"https:\/\/nk7-testes.com.br\/agazeta\/#\/schema\/person\/6d6e25cb0435eb4a02fd44d30b4e3020","name":"Agazeta.Net","url":"https:\/\/nk7-testes.com.br\/agazeta\/author\/agazeta\/"}]}},"_links":{"self":[{"href":"https:\/\/nk7-testes.com.br\/agazeta\/wp-json\/wp\/v2\/posts\/18106","targetHints":{"allow":["GET"]}}],"collection":[{"href":"https:\/\/nk7-testes.com.br\/agazeta\/wp-json\/wp\/v2\/posts"}],"about":[{"href":"https:\/\/nk7-testes.com.br\/agazeta\/wp-json\/wp\/v2\/types\/post"}],"author":[{"embeddable":true,"href":"https:\/\/nk7-testes.com.br\/agazeta\/wp-json\/wp\/v2\/users\/4"}],"replies":[{"embeddable":true,"href":"https:\/\/nk7-testes.com.br\/agazeta\/wp-json\/wp\/v2\/comments?post=18106"}],"version-history":[{"count":0,"href":"https:\/\/nk7-testes.com.br\/agazeta\/wp-json\/wp\/v2\/posts\/18106\/revisions"}],"wp:featuredmedia":[{"embeddable":true,"href":"https:\/\/nk7-testes.com.br\/agazeta\/wp-json\/wp\/v2\/media\/18105"}],"wp:attachment":[{"href":"https:\/\/nk7-testes.com.br\/agazeta\/wp-json\/wp\/v2\/media?parent=18106"}],"wp:term":[{"taxonomy":"category","embeddable":true,"href":"https:\/\/nk7-testes.com.br\/agazeta\/wp-json\/wp\/v2\/categories?post=18106"},{"taxonomy":"post_tag","embeddable":true,"href":"https:\/\/nk7-testes.com.br\/agazeta\/wp-json\/wp\/v2\/tags?post=18106"}],"curies":[{"name":"wp","href":"https:\/\/api.w.org\/{rel}","templated":true}]}}