{"id":18088,"date":"2015-09-02T13:58:47","date_gmt":"2015-09-02T13:58:47","guid":{"rendered":"https:\/\/abarevegan.com.br\/index.php\/2015\/09\/02\/comerciantes-do-terminal-reclamam-de-oscilacao-de-energia\/"},"modified":"2015-09-02T13:58:47","modified_gmt":"2015-09-02T13:58:47","slug":"comerciantes-do-terminal-reclamam-de-oscilacao-de-energia","status":"publish","type":"post","link":"https:\/\/nk7-testes.com.br\/agazeta\/comerciantes-do-terminal-reclamam-de-oscilacao-de-energia\/","title":{"rendered":"Comerciantes do Terminal reclamam de oscila\u00e7\u00e3o de energia"},"content":{"rendered":"<p style=\"text-align: justify;\">Presta\u00e7\u00e3o de servi\u00e7o teve que ser improvisada<\/p>\n<p style=\"text-align: justify;\">O cabeleireiro precisa atender o fregu\u00eas do lado de fora para aproveitar a luz do dia. J\u00e1 a manicure usa l\u00e2mpada de emerg\u00eancia [equipamento movido a bateria] e o celular para iluminar as unhas da cliente.<\/p>\n<p style=\"text-align: justify;\">Isso tudo est\u00e1 acontecendo em algumas lojas que ficam no entorno do Terminal Urbano de Rio Branco. \u201cA empresa que \u00e9 respons\u00e1vel pela manuten\u00e7\u00e3o vem n\u00e3o resolve vai embora e o que vamos fazer\u201d, disse o cabeleireiro Aroldo Andr\u00e9.<\/p>\n<p style=\"text-align: justify;\">Segundo os comerciantes, desde s\u00e1bado, a energia oscila e quando retorna, fica em uma fase. \u201cAqui as l\u00e2mpadas acendem e os demais aparelhos n\u00e3o funcionam\u201d, explica Maria Ant\u00f4nia Lima.<\/p>\n<p style=\"text-align: justify;\">Segundo a cabeleireira, o problema j\u00e1 foi comunicado \u00e0 Eletrobras\/Acre. \u201cS\u00e1bado ficamos sem energia de 11 da manh\u00e3 \u00e0s 5 da tarde. A equipe de plant\u00e3o veio e disse que n\u00e3o tinha condi\u00e7\u00f5es de resolver o problema\u201d, relatou.<\/p>\n<p style=\"text-align: justify;\">Na loja de variedades, nenhum cliente. Os vendedores ficam do lado de fora pra suportar o calor. Em outro estabelecimento, o ar condicionado n\u00e3o aguentou \u00e0s constantes quedas de energia e queimou.<\/p>\n<p style=\"text-align: justify;\">\u201c\u00c9 \u00e9poca de pagamento e precisamos pagar nossas d\u00edvidas. A Eletroacre n\u00e3o perdoa se n\u00e3o pagamos o tal\u00e3o e se n\u00f3s n\u00e3o trabalhamos, como vamos pagar\u201d, questiona a comerciante Eliomar Rodrigues.<\/p>\n<p style=\"text-align: justify;\">Segundo os comerciantes, de 10 a 15 lojas passam pelo mesmo problema. O Procon j\u00e1 foi informado, mas orientou os consumidores a procurarem o Minist\u00e9rio P\u00fablico tamb\u00e9m.<\/p>\n<p style=\"text-align: justify;\">Segundo a Eletrobr\u00e1s Distribui\u00e7\u00e3o Acre o problema foi comunicado para uma equipe que foi at\u00e9 o local. De acordo com as informa\u00e7\u00f5es desses t\u00e9cnicos, alguns consumidores est\u00e3o fazendo liga\u00e7\u00f5es clandestinas na rede que alimenta os comerciantes do Terminal.<\/p>\n<p style=\"text-align: justify;\">O Departamento de Servi\u00e7os de Energia informou que os consumidores irregulares precisam fazer um pedido de liga\u00e7\u00e3o para a Eletroacre, e s\u00f3 assim, o problema das oscila\u00e7\u00f5es ser\u00e1 resolvido.<\/p>\n","protected":false},"excerpt":{"rendered":"<p style=\"text-align: justify;\">Presta\u00e7\u00e3o de servi\u00e7o teve que ser improvisada<\/p>\n","protected":false},"author":4,"featured_media":18087,"comment_status":"open","ping_status":"open","sticky":false,"template":"","format":"standard","meta":{"jnews-multi-image_gallery":[],"jnews_single_post":[],"jnews_primary_category":[],"jnews_social_meta":[],"jnews_review":[],"enable_review":"","type":"","name":"","summary":"","brand":"","sku":"","good":[],"bad":[],"score_override":"","override_value":"","rating":[],"price":[],"footnotes":""},"categories":[54],"tags":[],"class_list":["post-18088","post","type-post","status-publish","format-standard","has-post-thumbnail","hentry","category-cotidiano"],"yoast_head":"<!-- This site is optimized with the Yoast SEO plugin v26.5 - https:\/\/yoast.com\/wordpress\/plugins\/seo\/ -->\n<title>Comerciantes do Terminal reclamam de oscila\u00e7\u00e3o de energia - Agazeta.net<\/title>\n<meta name=\"robots\" content=\"index, follow, max-snippet:-1, max-image-preview:large, max-video-preview:-1\" \/>\n<link rel=\"canonical\" href=\"https:\/\/nk7-testes.com.br\/agazeta\/comerciantes-do-terminal-reclamam-de-oscilacao-de-energia\/\" \/>\n<meta property=\"og:locale\" content=\"pt_BR\" \/>\n<meta property=\"og:type\" content=\"article\" \/>\n<meta property=\"og:title\" content=\"Comerciantes do Terminal reclamam de oscila\u00e7\u00e3o de energia - Agazeta.net\" \/>\n<meta property=\"og:description\" content=\"Presta\u00e7\u00e3o de servi\u00e7o teve que ser improvisada\" \/>\n<meta property=\"og:url\" content=\"https:\/\/nk7-testes.com.br\/agazeta\/comerciantes-do-terminal-reclamam-de-oscilacao-de-energia\/\" \/>\n<meta property=\"og:site_name\" content=\"Agazeta.net\" \/>\n<meta property=\"article:published_time\" content=\"2015-09-02T13:58:47+00:00\" \/>\n<meta property=\"og:image\" content=\"https:\/\/nk7-testes.com.br\/agazeta\/wp-content\/uploads\/2015\/09\/020915-cotidiano-energia-tvgazeta.jpg\" \/>\n\t<meta property=\"og:image:width\" content=\"458\" \/>\n\t<meta property=\"og:image:height\" content=\"340\" \/>\n\t<meta property=\"og:image:type\" content=\"image\/jpeg\" \/>\n<meta name=\"author\" content=\"Agazeta.Net\" \/>\n<meta name=\"twitter:card\" content=\"summary_large_image\" \/>\n<meta name=\"twitter:label1\" content=\"Escrito por\" \/>\n\t<meta name=\"twitter:data1\" content=\"Agazeta.Net\" \/>\n\t<meta name=\"twitter:label2\" content=\"Est. tempo de leitura\" \/>\n\t<meta name=\"twitter:data2\" content=\"2 minutos\" \/>\n<script type=\"application\/ld+json\" class=\"yoast-schema-graph\">{\"@context\":\"https:\/\/schema.org\",\"@graph\":[{\"@type\":\"WebPage\",\"@id\":\"https:\/\/nk7-testes.com.br\/agazeta\/comerciantes-do-terminal-reclamam-de-oscilacao-de-energia\/\",\"url\":\"https:\/\/nk7-testes.com.br\/agazeta\/comerciantes-do-terminal-reclamam-de-oscilacao-de-energia\/\",\"name\":\"Comerciantes do Terminal reclamam de oscila\u00e7\u00e3o de energia - Agazeta.net\",\"isPartOf\":{\"@id\":\"https:\/\/nk7-testes.com.br\/agazeta\/#website\"},\"primaryImageOfPage\":{\"@id\":\"https:\/\/nk7-testes.com.br\/agazeta\/comerciantes-do-terminal-reclamam-de-oscilacao-de-energia\/#primaryimage\"},\"image\":{\"@id\":\"https:\/\/nk7-testes.com.br\/agazeta\/comerciantes-do-terminal-reclamam-de-oscilacao-de-energia\/#primaryimage\"},\"thumbnailUrl\":\"https:\/\/nk7-testes.com.br\/agazeta\/wp-content\/uploads\/2015\/09\/020915-cotidiano-energia-tvgazeta.jpg\",\"datePublished\":\"2015-09-02T13:58:47+00:00\",\"author\":{\"@id\":\"https:\/\/nk7-testes.com.br\/agazeta\/#\/schema\/person\/6d6e25cb0435eb4a02fd44d30b4e3020\"},\"breadcrumb\":{\"@id\":\"https:\/\/nk7-testes.com.br\/agazeta\/comerciantes-do-terminal-reclamam-de-oscilacao-de-energia\/#breadcrumb\"},\"inLanguage\":\"pt-BR\",\"potentialAction\":[{\"@type\":\"ReadAction\",\"target\":[\"https:\/\/nk7-testes.com.br\/agazeta\/comerciantes-do-terminal-reclamam-de-oscilacao-de-energia\/\"]}]},{\"@type\":\"ImageObject\",\"inLanguage\":\"pt-BR\",\"@id\":\"https:\/\/nk7-testes.com.br\/agazeta\/comerciantes-do-terminal-reclamam-de-oscilacao-de-energia\/#primaryimage\",\"url\":\"https:\/\/nk7-testes.com.br\/agazeta\/wp-content\/uploads\/2015\/09\/020915-cotidiano-energia-tvgazeta.jpg\",\"contentUrl\":\"https:\/\/nk7-testes.com.br\/agazeta\/wp-content\/uploads\/2015\/09\/020915-cotidiano-energia-tvgazeta.jpg\",\"width\":458,\"height\":340,\"caption\":\"020915-cotidiano-energia-tvgazeta\"},{\"@type\":\"BreadcrumbList\",\"@id\":\"https:\/\/nk7-testes.com.br\/agazeta\/comerciantes-do-terminal-reclamam-de-oscilacao-de-energia\/#breadcrumb\",\"itemListElement\":[{\"@type\":\"ListItem\",\"position\":1,\"name\":\"In\u00edcio\",\"item\":\"https:\/\/nk7-testes.com.br\/agazeta\/\"},{\"@type\":\"ListItem\",\"position\":2,\"name\":\"Comerciantes do Terminal reclamam de oscila\u00e7\u00e3o de energia\"}]},{\"@type\":\"WebSite\",\"@id\":\"https:\/\/nk7-testes.com.br\/agazeta\/#website\",\"url\":\"https:\/\/nk7-testes.com.br\/agazeta\/\",\"name\":\"Agazeta.net\",\"description\":\"Agazeta.net - Not\u00edcias de Rio Branco\/AC\",\"potentialAction\":[{\"@type\":\"SearchAction\",\"target\":{\"@type\":\"EntryPoint\",\"urlTemplate\":\"https:\/\/nk7-testes.com.br\/agazeta\/?s={search_term_string}\"},\"query-input\":{\"@type\":\"PropertyValueSpecification\",\"valueRequired\":true,\"valueName\":\"search_term_string\"}}],\"inLanguage\":\"pt-BR\"},{\"@type\":\"Person\",\"@id\":\"https:\/\/nk7-testes.com.br\/agazeta\/#\/schema\/person\/6d6e25cb0435eb4a02fd44d30b4e3020\",\"name\":\"Agazeta.Net\",\"url\":\"https:\/\/nk7-testes.com.br\/agazeta\/author\/agazeta\/\"}]}<\/script>\n<!-- \/ Yoast SEO plugin. -->","yoast_head_json":{"title":"Comerciantes do Terminal reclamam de oscila\u00e7\u00e3o de energia - Agazeta.net","robots":{"index":"index","follow":"follow","max-snippet":"max-snippet:-1","max-image-preview":"max-image-preview:large","max-video-preview":"max-video-preview:-1"},"canonical":"https:\/\/nk7-testes.com.br\/agazeta\/comerciantes-do-terminal-reclamam-de-oscilacao-de-energia\/","og_locale":"pt_BR","og_type":"article","og_title":"Comerciantes do Terminal reclamam de oscila\u00e7\u00e3o de energia - Agazeta.net","og_description":"Presta\u00e7\u00e3o de servi\u00e7o teve que ser improvisada","og_url":"https:\/\/nk7-testes.com.br\/agazeta\/comerciantes-do-terminal-reclamam-de-oscilacao-de-energia\/","og_site_name":"Agazeta.net","article_published_time":"2015-09-02T13:58:47+00:00","og_image":[{"width":458,"height":340,"url":"https:\/\/nk7-testes.com.br\/agazeta\/wp-content\/uploads\/2015\/09\/020915-cotidiano-energia-tvgazeta.jpg","type":"image\/jpeg"}],"author":"Agazeta.Net","twitter_card":"summary_large_image","twitter_misc":{"Escrito por":"Agazeta.Net","Est. tempo de leitura":"2 minutos"},"schema":{"@context":"https:\/\/schema.org","@graph":[{"@type":"WebPage","@id":"https:\/\/nk7-testes.com.br\/agazeta\/comerciantes-do-terminal-reclamam-de-oscilacao-de-energia\/","url":"https:\/\/nk7-testes.com.br\/agazeta\/comerciantes-do-terminal-reclamam-de-oscilacao-de-energia\/","name":"Comerciantes do Terminal reclamam de oscila\u00e7\u00e3o de energia - Agazeta.net","isPartOf":{"@id":"https:\/\/nk7-testes.com.br\/agazeta\/#website"},"primaryImageOfPage":{"@id":"https:\/\/nk7-testes.com.br\/agazeta\/comerciantes-do-terminal-reclamam-de-oscilacao-de-energia\/#primaryimage"},"image":{"@id":"https:\/\/nk7-testes.com.br\/agazeta\/comerciantes-do-terminal-reclamam-de-oscilacao-de-energia\/#primaryimage"},"thumbnailUrl":"https:\/\/nk7-testes.com.br\/agazeta\/wp-content\/uploads\/2015\/09\/020915-cotidiano-energia-tvgazeta.jpg","datePublished":"2015-09-02T13:58:47+00:00","author":{"@id":"https:\/\/nk7-testes.com.br\/agazeta\/#\/schema\/person\/6d6e25cb0435eb4a02fd44d30b4e3020"},"breadcrumb":{"@id":"https:\/\/nk7-testes.com.br\/agazeta\/comerciantes-do-terminal-reclamam-de-oscilacao-de-energia\/#breadcrumb"},"inLanguage":"pt-BR","potentialAction":[{"@type":"ReadAction","target":["https:\/\/nk7-testes.com.br\/agazeta\/comerciantes-do-terminal-reclamam-de-oscilacao-de-energia\/"]}]},{"@type":"ImageObject","inLanguage":"pt-BR","@id":"https:\/\/nk7-testes.com.br\/agazeta\/comerciantes-do-terminal-reclamam-de-oscilacao-de-energia\/#primaryimage","url":"https:\/\/nk7-testes.com.br\/agazeta\/wp-content\/uploads\/2015\/09\/020915-cotidiano-energia-tvgazeta.jpg","contentUrl":"https:\/\/nk7-testes.com.br\/agazeta\/wp-content\/uploads\/2015\/09\/020915-cotidiano-energia-tvgazeta.jpg","width":458,"height":340,"caption":"020915-cotidiano-energia-tvgazeta"},{"@type":"BreadcrumbList","@id":"https:\/\/nk7-testes.com.br\/agazeta\/comerciantes-do-terminal-reclamam-de-oscilacao-de-energia\/#breadcrumb","itemListElement":[{"@type":"ListItem","position":1,"name":"In\u00edcio","item":"https:\/\/nk7-testes.com.br\/agazeta\/"},{"@type":"ListItem","position":2,"name":"Comerciantes do Terminal reclamam de oscila\u00e7\u00e3o de energia"}]},{"@type":"WebSite","@id":"https:\/\/nk7-testes.com.br\/agazeta\/#website","url":"https:\/\/nk7-testes.com.br\/agazeta\/","name":"Agazeta.net","description":"Agazeta.net - Not\u00edcias de Rio Branco\/AC","potentialAction":[{"@type":"SearchAction","target":{"@type":"EntryPoint","urlTemplate":"https:\/\/nk7-testes.com.br\/agazeta\/?s={search_term_string}"},"query-input":{"@type":"PropertyValueSpecification","valueRequired":true,"valueName":"search_term_string"}}],"inLanguage":"pt-BR"},{"@type":"Person","@id":"https:\/\/nk7-testes.com.br\/agazeta\/#\/schema\/person\/6d6e25cb0435eb4a02fd44d30b4e3020","name":"Agazeta.Net","url":"https:\/\/nk7-testes.com.br\/agazeta\/author\/agazeta\/"}]}},"_links":{"self":[{"href":"https:\/\/nk7-testes.com.br\/agazeta\/wp-json\/wp\/v2\/posts\/18088","targetHints":{"allow":["GET"]}}],"collection":[{"href":"https:\/\/nk7-testes.com.br\/agazeta\/wp-json\/wp\/v2\/posts"}],"about":[{"href":"https:\/\/nk7-testes.com.br\/agazeta\/wp-json\/wp\/v2\/types\/post"}],"author":[{"embeddable":true,"href":"https:\/\/nk7-testes.com.br\/agazeta\/wp-json\/wp\/v2\/users\/4"}],"replies":[{"embeddable":true,"href":"https:\/\/nk7-testes.com.br\/agazeta\/wp-json\/wp\/v2\/comments?post=18088"}],"version-history":[{"count":0,"href":"https:\/\/nk7-testes.com.br\/agazeta\/wp-json\/wp\/v2\/posts\/18088\/revisions"}],"wp:featuredmedia":[{"embeddable":true,"href":"https:\/\/nk7-testes.com.br\/agazeta\/wp-json\/wp\/v2\/media\/18087"}],"wp:attachment":[{"href":"https:\/\/nk7-testes.com.br\/agazeta\/wp-json\/wp\/v2\/media?parent=18088"}],"wp:term":[{"taxonomy":"category","embeddable":true,"href":"https:\/\/nk7-testes.com.br\/agazeta\/wp-json\/wp\/v2\/categories?post=18088"},{"taxonomy":"post_tag","embeddable":true,"href":"https:\/\/nk7-testes.com.br\/agazeta\/wp-json\/wp\/v2\/tags?post=18088"}],"curies":[{"name":"wp","href":"https:\/\/api.w.org\/{rel}","templated":true}]}}