{"id":18071,"date":"2015-09-01T21:15:56","date_gmt":"2015-09-01T21:15:56","guid":{"rendered":"https:\/\/abarevegan.com.br\/index.php\/2015\/09\/01\/aumento-do-preco-do-gas-de-cozinha-15\/"},"modified":"2015-09-01T21:15:56","modified_gmt":"2015-09-01T21:15:56","slug":"aumento-do-preco-do-gas-de-cozinha-15","status":"publish","type":"post","link":"https:\/\/nk7-testes.com.br\/agazeta\/aumento-do-preco-do-gas-de-cozinha-15\/","title":{"rendered":"Aumento do pre\u00e7o do g\u00e1s de cozinha: 15%"},"content":{"rendered":"<p style=\"text-align: justify;\">Botija de 13 Kg vai custar pr\u00f3ximo de R$ 55<\/p>\n<p style=\"text-align: justify;\">A Petrobras divulgou esta semana um aumento de 15% no g\u00e1s de cozinha. O reajuste j\u00e1 come\u00e7a nesta ter\u00e7a-feira (1) e j\u00e1 foi repassado \u00e0s distribuidoras. Os reajustes nos pre\u00e7os em outros setores, como o combust\u00edvel e a energia el\u00e9trica, n\u00e3o deixou ser novidade o aumento no pre\u00e7o do g\u00e1s de cozinha. No Acre, as companhias distribuidoras j\u00e1 compraram o produto com um novo valor.<\/p>\n<p style=\"text-align: justify;\">Para o aut\u00f4nomo Anderson Ara\u00fajo, o sal\u00e1rio do trabalhador n\u00e3o vai cobrir as despesas com tanto aumento. Como o g\u00e1s de cozinha \u00e9 um produto essencial, ele n\u00e3o tem como fugir de mais esta conta.<\/p>\n<p style=\"text-align: justify;\">\u201cO sal\u00e1rio aumenta, mas a\u00ed o g\u00e1s aumenta, a gasolina aumenta, a energia, tudo aumenta. Ent\u00e3o, \u00e0s vezes, n\u00e3o compensa aumentar o sal\u00e1rio porque as coisas aumentam o dobro\u201d, analisou.<\/p>\n<p style=\"text-align: justify;\">Para quem tem restaurante, como o empres\u00e1rio Mois\u00e9s Melo, esse novo valor vai causar preju\u00edzos, j\u00e1 que ele diz n\u00e3o ter coragem de repassar o reajuste para o seu cliente. O jeito vai ser cortar gastos para manter o pre\u00e7o da comida.<\/p>\n<p style=\"text-align: justify;\">\u201cA gente ainda est\u00e1 vendo como ser\u00e1 a quest\u00e3o do repasse. Em nenhum momento, a gente pretende passar o aumento ao cliente. Vamos tentar segurar at\u00e9 o fim do ano e avaliar as condi\u00e7\u00f5es de continuarmos no mercado,\u201d afirmou.<\/p>\n","protected":false},"excerpt":{"rendered":"<p style=\"text-align: justify;\">Botija de 13 Kg vai custar pr\u00f3ximo de R$ 55<\/p>\n","protected":false},"author":4,"featured_media":18070,"comment_status":"open","ping_status":"open","sticky":false,"template":"","format":"standard","meta":{"jnews-multi-image_gallery":[],"jnews_single_post":[],"jnews_primary_category":[],"jnews_social_meta":[],"jnews_review":[],"enable_review":"","type":"","name":"","summary":"","brand":"","sku":"","good":[],"bad":[],"score_override":"","override_value":"","rating":[],"price":[],"footnotes":""},"categories":[54],"tags":[],"class_list":["post-18071","post","type-post","status-publish","format-standard","has-post-thumbnail","hentry","category-cotidiano"],"yoast_head":"<!-- This site is optimized with the Yoast SEO plugin v26.5 - https:\/\/yoast.com\/wordpress\/plugins\/seo\/ -->\n<title>Aumento do pre\u00e7o do g\u00e1s de cozinha: 15% - Agazeta.net<\/title>\n<meta name=\"robots\" content=\"index, follow, max-snippet:-1, max-image-preview:large, max-video-preview:-1\" \/>\n<link rel=\"canonical\" href=\"https:\/\/nk7-testes.com.br\/agazeta\/aumento-do-preco-do-gas-de-cozinha-15\/\" \/>\n<meta property=\"og:locale\" content=\"pt_BR\" \/>\n<meta property=\"og:type\" content=\"article\" \/>\n<meta property=\"og:title\" content=\"Aumento do pre\u00e7o do g\u00e1s de cozinha: 15% - Agazeta.net\" \/>\n<meta property=\"og:description\" content=\"Botija de 13 Kg vai custar pr\u00f3ximo de R$ 55\" \/>\n<meta property=\"og:url\" content=\"https:\/\/nk7-testes.com.br\/agazeta\/aumento-do-preco-do-gas-de-cozinha-15\/\" \/>\n<meta property=\"og:site_name\" content=\"Agazeta.net\" \/>\n<meta property=\"article:published_time\" content=\"2015-09-01T21:15:56+00:00\" \/>\n<meta property=\"og:image\" content=\"https:\/\/nk7-testes.com.br\/agazeta\/wp-content\/uploads\/2015\/09\/010915-cotidiano-botijaodegas-tvgazeta2.jpg\" \/>\n\t<meta property=\"og:image:width\" content=\"458\" \/>\n\t<meta property=\"og:image:height\" content=\"340\" \/>\n\t<meta property=\"og:image:type\" content=\"image\/jpeg\" \/>\n<meta name=\"author\" content=\"Agazeta.Net\" \/>\n<meta name=\"twitter:card\" content=\"summary_large_image\" \/>\n<meta name=\"twitter:label1\" content=\"Escrito por\" \/>\n\t<meta name=\"twitter:data1\" content=\"Agazeta.Net\" \/>\n\t<meta name=\"twitter:label2\" content=\"Est. tempo de leitura\" \/>\n\t<meta name=\"twitter:data2\" content=\"1 minuto\" \/>\n<script type=\"application\/ld+json\" class=\"yoast-schema-graph\">{\"@context\":\"https:\/\/schema.org\",\"@graph\":[{\"@type\":\"WebPage\",\"@id\":\"https:\/\/nk7-testes.com.br\/agazeta\/aumento-do-preco-do-gas-de-cozinha-15\/\",\"url\":\"https:\/\/nk7-testes.com.br\/agazeta\/aumento-do-preco-do-gas-de-cozinha-15\/\",\"name\":\"Aumento do pre\u00e7o do g\u00e1s de cozinha: 15% - Agazeta.net\",\"isPartOf\":{\"@id\":\"https:\/\/nk7-testes.com.br\/agazeta\/#website\"},\"primaryImageOfPage\":{\"@id\":\"https:\/\/nk7-testes.com.br\/agazeta\/aumento-do-preco-do-gas-de-cozinha-15\/#primaryimage\"},\"image\":{\"@id\":\"https:\/\/nk7-testes.com.br\/agazeta\/aumento-do-preco-do-gas-de-cozinha-15\/#primaryimage\"},\"thumbnailUrl\":\"https:\/\/nk7-testes.com.br\/agazeta\/wp-content\/uploads\/2015\/09\/010915-cotidiano-botijaodegas-tvgazeta2.jpg\",\"datePublished\":\"2015-09-01T21:15:56+00:00\",\"author\":{\"@id\":\"https:\/\/nk7-testes.com.br\/agazeta\/#\/schema\/person\/6d6e25cb0435eb4a02fd44d30b4e3020\"},\"breadcrumb\":{\"@id\":\"https:\/\/nk7-testes.com.br\/agazeta\/aumento-do-preco-do-gas-de-cozinha-15\/#breadcrumb\"},\"inLanguage\":\"pt-BR\",\"potentialAction\":[{\"@type\":\"ReadAction\",\"target\":[\"https:\/\/nk7-testes.com.br\/agazeta\/aumento-do-preco-do-gas-de-cozinha-15\/\"]}]},{\"@type\":\"ImageObject\",\"inLanguage\":\"pt-BR\",\"@id\":\"https:\/\/nk7-testes.com.br\/agazeta\/aumento-do-preco-do-gas-de-cozinha-15\/#primaryimage\",\"url\":\"https:\/\/nk7-testes.com.br\/agazeta\/wp-content\/uploads\/2015\/09\/010915-cotidiano-botijaodegas-tvgazeta2.jpg\",\"contentUrl\":\"https:\/\/nk7-testes.com.br\/agazeta\/wp-content\/uploads\/2015\/09\/010915-cotidiano-botijaodegas-tvgazeta2.jpg\",\"width\":458,\"height\":340,\"caption\":\"010915-cotidiano-botijaodegas-tvgazeta2\"},{\"@type\":\"BreadcrumbList\",\"@id\":\"https:\/\/nk7-testes.com.br\/agazeta\/aumento-do-preco-do-gas-de-cozinha-15\/#breadcrumb\",\"itemListElement\":[{\"@type\":\"ListItem\",\"position\":1,\"name\":\"In\u00edcio\",\"item\":\"https:\/\/nk7-testes.com.br\/agazeta\/\"},{\"@type\":\"ListItem\",\"position\":2,\"name\":\"Aumento do pre\u00e7o do g\u00e1s de cozinha: 15%\"}]},{\"@type\":\"WebSite\",\"@id\":\"https:\/\/nk7-testes.com.br\/agazeta\/#website\",\"url\":\"https:\/\/nk7-testes.com.br\/agazeta\/\",\"name\":\"Agazeta.net\",\"description\":\"Agazeta.net - Not\u00edcias de Rio Branco\/AC\",\"potentialAction\":[{\"@type\":\"SearchAction\",\"target\":{\"@type\":\"EntryPoint\",\"urlTemplate\":\"https:\/\/nk7-testes.com.br\/agazeta\/?s={search_term_string}\"},\"query-input\":{\"@type\":\"PropertyValueSpecification\",\"valueRequired\":true,\"valueName\":\"search_term_string\"}}],\"inLanguage\":\"pt-BR\"},{\"@type\":\"Person\",\"@id\":\"https:\/\/nk7-testes.com.br\/agazeta\/#\/schema\/person\/6d6e25cb0435eb4a02fd44d30b4e3020\",\"name\":\"Agazeta.Net\",\"url\":\"https:\/\/nk7-testes.com.br\/agazeta\/author\/agazeta\/\"}]}<\/script>\n<!-- \/ Yoast SEO plugin. -->","yoast_head_json":{"title":"Aumento do pre\u00e7o do g\u00e1s de cozinha: 15% - Agazeta.net","robots":{"index":"index","follow":"follow","max-snippet":"max-snippet:-1","max-image-preview":"max-image-preview:large","max-video-preview":"max-video-preview:-1"},"canonical":"https:\/\/nk7-testes.com.br\/agazeta\/aumento-do-preco-do-gas-de-cozinha-15\/","og_locale":"pt_BR","og_type":"article","og_title":"Aumento do pre\u00e7o do g\u00e1s de cozinha: 15% - Agazeta.net","og_description":"Botija de 13 Kg vai custar pr\u00f3ximo de R$ 55","og_url":"https:\/\/nk7-testes.com.br\/agazeta\/aumento-do-preco-do-gas-de-cozinha-15\/","og_site_name":"Agazeta.net","article_published_time":"2015-09-01T21:15:56+00:00","og_image":[{"width":458,"height":340,"url":"https:\/\/nk7-testes.com.br\/agazeta\/wp-content\/uploads\/2015\/09\/010915-cotidiano-botijaodegas-tvgazeta2.jpg","type":"image\/jpeg"}],"author":"Agazeta.Net","twitter_card":"summary_large_image","twitter_misc":{"Escrito por":"Agazeta.Net","Est. tempo de leitura":"1 minuto"},"schema":{"@context":"https:\/\/schema.org","@graph":[{"@type":"WebPage","@id":"https:\/\/nk7-testes.com.br\/agazeta\/aumento-do-preco-do-gas-de-cozinha-15\/","url":"https:\/\/nk7-testes.com.br\/agazeta\/aumento-do-preco-do-gas-de-cozinha-15\/","name":"Aumento do pre\u00e7o do g\u00e1s de cozinha: 15% - Agazeta.net","isPartOf":{"@id":"https:\/\/nk7-testes.com.br\/agazeta\/#website"},"primaryImageOfPage":{"@id":"https:\/\/nk7-testes.com.br\/agazeta\/aumento-do-preco-do-gas-de-cozinha-15\/#primaryimage"},"image":{"@id":"https:\/\/nk7-testes.com.br\/agazeta\/aumento-do-preco-do-gas-de-cozinha-15\/#primaryimage"},"thumbnailUrl":"https:\/\/nk7-testes.com.br\/agazeta\/wp-content\/uploads\/2015\/09\/010915-cotidiano-botijaodegas-tvgazeta2.jpg","datePublished":"2015-09-01T21:15:56+00:00","author":{"@id":"https:\/\/nk7-testes.com.br\/agazeta\/#\/schema\/person\/6d6e25cb0435eb4a02fd44d30b4e3020"},"breadcrumb":{"@id":"https:\/\/nk7-testes.com.br\/agazeta\/aumento-do-preco-do-gas-de-cozinha-15\/#breadcrumb"},"inLanguage":"pt-BR","potentialAction":[{"@type":"ReadAction","target":["https:\/\/nk7-testes.com.br\/agazeta\/aumento-do-preco-do-gas-de-cozinha-15\/"]}]},{"@type":"ImageObject","inLanguage":"pt-BR","@id":"https:\/\/nk7-testes.com.br\/agazeta\/aumento-do-preco-do-gas-de-cozinha-15\/#primaryimage","url":"https:\/\/nk7-testes.com.br\/agazeta\/wp-content\/uploads\/2015\/09\/010915-cotidiano-botijaodegas-tvgazeta2.jpg","contentUrl":"https:\/\/nk7-testes.com.br\/agazeta\/wp-content\/uploads\/2015\/09\/010915-cotidiano-botijaodegas-tvgazeta2.jpg","width":458,"height":340,"caption":"010915-cotidiano-botijaodegas-tvgazeta2"},{"@type":"BreadcrumbList","@id":"https:\/\/nk7-testes.com.br\/agazeta\/aumento-do-preco-do-gas-de-cozinha-15\/#breadcrumb","itemListElement":[{"@type":"ListItem","position":1,"name":"In\u00edcio","item":"https:\/\/nk7-testes.com.br\/agazeta\/"},{"@type":"ListItem","position":2,"name":"Aumento do pre\u00e7o do g\u00e1s de cozinha: 15%"}]},{"@type":"WebSite","@id":"https:\/\/nk7-testes.com.br\/agazeta\/#website","url":"https:\/\/nk7-testes.com.br\/agazeta\/","name":"Agazeta.net","description":"Agazeta.net - Not\u00edcias de Rio Branco\/AC","potentialAction":[{"@type":"SearchAction","target":{"@type":"EntryPoint","urlTemplate":"https:\/\/nk7-testes.com.br\/agazeta\/?s={search_term_string}"},"query-input":{"@type":"PropertyValueSpecification","valueRequired":true,"valueName":"search_term_string"}}],"inLanguage":"pt-BR"},{"@type":"Person","@id":"https:\/\/nk7-testes.com.br\/agazeta\/#\/schema\/person\/6d6e25cb0435eb4a02fd44d30b4e3020","name":"Agazeta.Net","url":"https:\/\/nk7-testes.com.br\/agazeta\/author\/agazeta\/"}]}},"_links":{"self":[{"href":"https:\/\/nk7-testes.com.br\/agazeta\/wp-json\/wp\/v2\/posts\/18071","targetHints":{"allow":["GET"]}}],"collection":[{"href":"https:\/\/nk7-testes.com.br\/agazeta\/wp-json\/wp\/v2\/posts"}],"about":[{"href":"https:\/\/nk7-testes.com.br\/agazeta\/wp-json\/wp\/v2\/types\/post"}],"author":[{"embeddable":true,"href":"https:\/\/nk7-testes.com.br\/agazeta\/wp-json\/wp\/v2\/users\/4"}],"replies":[{"embeddable":true,"href":"https:\/\/nk7-testes.com.br\/agazeta\/wp-json\/wp\/v2\/comments?post=18071"}],"version-history":[{"count":0,"href":"https:\/\/nk7-testes.com.br\/agazeta\/wp-json\/wp\/v2\/posts\/18071\/revisions"}],"wp:featuredmedia":[{"embeddable":true,"href":"https:\/\/nk7-testes.com.br\/agazeta\/wp-json\/wp\/v2\/media\/18070"}],"wp:attachment":[{"href":"https:\/\/nk7-testes.com.br\/agazeta\/wp-json\/wp\/v2\/media?parent=18071"}],"wp:term":[{"taxonomy":"category","embeddable":true,"href":"https:\/\/nk7-testes.com.br\/agazeta\/wp-json\/wp\/v2\/categories?post=18071"},{"taxonomy":"post_tag","embeddable":true,"href":"https:\/\/nk7-testes.com.br\/agazeta\/wp-json\/wp\/v2\/tags?post=18071"}],"curies":[{"name":"wp","href":"https:\/\/api.w.org\/{rel}","templated":true}]}}