{"id":18016,"date":"2015-08-31T14:02:16","date_gmt":"2015-08-31T14:02:16","guid":{"rendered":"https:\/\/abarevegan.com.br\/index.php\/2015\/08\/31\/temporal-atinge-cerca-de-nove-predios-e-destroi-seis-carros\/"},"modified":"2015-08-31T14:02:16","modified_gmt":"2015-08-31T14:02:16","slug":"temporal-atinge-cerca-de-nove-predios-e-destroi-seis-carros","status":"publish","type":"post","link":"https:\/\/nk7-testes.com.br\/agazeta\/temporal-atinge-cerca-de-nove-predios-e-destroi-seis-carros\/","title":{"rendered":"Temporal atinge cerca de nove pr\u00e9dios e destr\u00f3i seis carros"},"content":{"rendered":"<p style=\"text-align: justify;\">Teto de restaurante foi destru\u00eddo pelo vento<\/p>\n<p style=\"text-align: justify;\">Na tarde deste domingo (30), por volta das tr\u00eas horas da tarde, um temporal atingiu um residencial que fica localizado no bairro Vila Betel. Segundo os moradores, dos 13 pr\u00e9dios do condom\u00ednio, cerca de nove foram atingidos pelo vendaval que destelhou v\u00e1rios pr\u00e9dios.<\/p>\n<p style=\"text-align: justify;\">Os destro\u00e7os e restos de telhas atingiram mais de seis carros que estavam estacionados no condom\u00ednio, quebrando vidros e at\u00e9 chegou a danificar a latarias dos ve\u00edculos.<\/p>\n<p style=\"text-align: justify;\">A for\u00e7a do vento foi t\u00e3o intensa que chegou a voar telhas por cerca de 300 metros indo parar na Estrada do Calafate. Perto do residencial, outras casas foram atingidas com o vendaval tamb\u00e9m.<\/p>\n<p style=\"text-align: justify;\">Um restaurante que fica na Estrada do Calafate ficou com o telhado todo destru\u00eddo depois que uma casa que fica ao lado teve o telhado arrancado pelo vento jogando o mesmo em cima do restaurante. Por sorte, ningu\u00e9m ficou ferido. N\u00e3o havia ningu\u00e9m na hora dentro do local. Segundo o dono do restaurante o preju\u00edzo pode chegar a mais de R$ 7 mil.<\/p>\n","protected":false},"excerpt":{"rendered":"<p style=\"text-align: justify;\">Teto de restaurante foi destru\u00eddo pelo vento<\/p>\n","protected":false},"author":4,"featured_media":18015,"comment_status":"open","ping_status":"open","sticky":false,"template":"","format":"standard","meta":{"jnews-multi-image_gallery":[],"jnews_single_post":[],"jnews_primary_category":[],"jnews_social_meta":[],"jnews_review":[],"enable_review":"","type":"","name":"","summary":"","brand":"","sku":"","good":[],"bad":[],"score_override":"","override_value":"","rating":[],"price":[],"footnotes":""},"categories":[54],"tags":[],"class_list":["post-18016","post","type-post","status-publish","format-standard","has-post-thumbnail","hentry","category-cotidiano"],"yoast_head":"<!-- This site is optimized with the Yoast SEO plugin v26.5 - https:\/\/yoast.com\/wordpress\/plugins\/seo\/ -->\n<title>Temporal atinge cerca de nove pr\u00e9dios e destr\u00f3i seis carros - Agazeta.net<\/title>\n<meta name=\"robots\" content=\"index, follow, max-snippet:-1, max-image-preview:large, max-video-preview:-1\" \/>\n<link rel=\"canonical\" href=\"https:\/\/nk7-testes.com.br\/agazeta\/temporal-atinge-cerca-de-nove-predios-e-destroi-seis-carros\/\" \/>\n<meta property=\"og:locale\" content=\"pt_BR\" \/>\n<meta property=\"og:type\" content=\"article\" \/>\n<meta property=\"og:title\" content=\"Temporal atinge cerca de nove pr\u00e9dios e destr\u00f3i seis carros - Agazeta.net\" \/>\n<meta property=\"og:description\" content=\"Teto de restaurante foi destru\u00eddo pelo vento\" \/>\n<meta property=\"og:url\" content=\"https:\/\/nk7-testes.com.br\/agazeta\/temporal-atinge-cerca-de-nove-predios-e-destroi-seis-carros\/\" \/>\n<meta property=\"og:site_name\" content=\"Agazeta.net\" \/>\n<meta property=\"article:published_time\" content=\"2015-08-31T14:02:16+00:00\" \/>\n<meta property=\"og:image\" content=\"https:\/\/nk7-testes.com.br\/agazeta\/wp-content\/uploads\/2015\/08\/310815-policia-temporal-cleriston3.jpg\" \/>\n\t<meta property=\"og:image:width\" content=\"458\" \/>\n\t<meta property=\"og:image:height\" content=\"340\" \/>\n\t<meta property=\"og:image:type\" content=\"image\/jpeg\" \/>\n<meta name=\"author\" content=\"Agazeta.Net\" \/>\n<meta name=\"twitter:card\" content=\"summary_large_image\" \/>\n<meta name=\"twitter:label1\" content=\"Escrito por\" \/>\n\t<meta name=\"twitter:data1\" content=\"Agazeta.Net\" \/>\n\t<meta name=\"twitter:label2\" content=\"Est. tempo de leitura\" \/>\n\t<meta name=\"twitter:data2\" content=\"1 minuto\" \/>\n<script type=\"application\/ld+json\" class=\"yoast-schema-graph\">{\"@context\":\"https:\/\/schema.org\",\"@graph\":[{\"@type\":\"WebPage\",\"@id\":\"https:\/\/nk7-testes.com.br\/agazeta\/temporal-atinge-cerca-de-nove-predios-e-destroi-seis-carros\/\",\"url\":\"https:\/\/nk7-testes.com.br\/agazeta\/temporal-atinge-cerca-de-nove-predios-e-destroi-seis-carros\/\",\"name\":\"Temporal atinge cerca de nove pr\u00e9dios e destr\u00f3i seis carros - Agazeta.net\",\"isPartOf\":{\"@id\":\"https:\/\/nk7-testes.com.br\/agazeta\/#website\"},\"primaryImageOfPage\":{\"@id\":\"https:\/\/nk7-testes.com.br\/agazeta\/temporal-atinge-cerca-de-nove-predios-e-destroi-seis-carros\/#primaryimage\"},\"image\":{\"@id\":\"https:\/\/nk7-testes.com.br\/agazeta\/temporal-atinge-cerca-de-nove-predios-e-destroi-seis-carros\/#primaryimage\"},\"thumbnailUrl\":\"https:\/\/nk7-testes.com.br\/agazeta\/wp-content\/uploads\/2015\/08\/310815-policia-temporal-cleriston3.jpg\",\"datePublished\":\"2015-08-31T14:02:16+00:00\",\"author\":{\"@id\":\"https:\/\/nk7-testes.com.br\/agazeta\/#\/schema\/person\/6d6e25cb0435eb4a02fd44d30b4e3020\"},\"breadcrumb\":{\"@id\":\"https:\/\/nk7-testes.com.br\/agazeta\/temporal-atinge-cerca-de-nove-predios-e-destroi-seis-carros\/#breadcrumb\"},\"inLanguage\":\"pt-BR\",\"potentialAction\":[{\"@type\":\"ReadAction\",\"target\":[\"https:\/\/nk7-testes.com.br\/agazeta\/temporal-atinge-cerca-de-nove-predios-e-destroi-seis-carros\/\"]}]},{\"@type\":\"ImageObject\",\"inLanguage\":\"pt-BR\",\"@id\":\"https:\/\/nk7-testes.com.br\/agazeta\/temporal-atinge-cerca-de-nove-predios-e-destroi-seis-carros\/#primaryimage\",\"url\":\"https:\/\/nk7-testes.com.br\/agazeta\/wp-content\/uploads\/2015\/08\/310815-policia-temporal-cleriston3.jpg\",\"contentUrl\":\"https:\/\/nk7-testes.com.br\/agazeta\/wp-content\/uploads\/2015\/08\/310815-policia-temporal-cleriston3.jpg\",\"width\":458,\"height\":340,\"caption\":\"310815-policia-temporal-cleriston3\"},{\"@type\":\"BreadcrumbList\",\"@id\":\"https:\/\/nk7-testes.com.br\/agazeta\/temporal-atinge-cerca-de-nove-predios-e-destroi-seis-carros\/#breadcrumb\",\"itemListElement\":[{\"@type\":\"ListItem\",\"position\":1,\"name\":\"In\u00edcio\",\"item\":\"https:\/\/nk7-testes.com.br\/agazeta\/\"},{\"@type\":\"ListItem\",\"position\":2,\"name\":\"Temporal atinge cerca de nove pr\u00e9dios e destr\u00f3i seis carros\"}]},{\"@type\":\"WebSite\",\"@id\":\"https:\/\/nk7-testes.com.br\/agazeta\/#website\",\"url\":\"https:\/\/nk7-testes.com.br\/agazeta\/\",\"name\":\"Agazeta.net\",\"description\":\"Agazeta.net - Not\u00edcias de Rio Branco\/AC\",\"potentialAction\":[{\"@type\":\"SearchAction\",\"target\":{\"@type\":\"EntryPoint\",\"urlTemplate\":\"https:\/\/nk7-testes.com.br\/agazeta\/?s={search_term_string}\"},\"query-input\":{\"@type\":\"PropertyValueSpecification\",\"valueRequired\":true,\"valueName\":\"search_term_string\"}}],\"inLanguage\":\"pt-BR\"},{\"@type\":\"Person\",\"@id\":\"https:\/\/nk7-testes.com.br\/agazeta\/#\/schema\/person\/6d6e25cb0435eb4a02fd44d30b4e3020\",\"name\":\"Agazeta.Net\",\"url\":\"https:\/\/nk7-testes.com.br\/agazeta\/author\/agazeta\/\"}]}<\/script>\n<!-- \/ Yoast SEO plugin. -->","yoast_head_json":{"title":"Temporal atinge cerca de nove pr\u00e9dios e destr\u00f3i seis carros - Agazeta.net","robots":{"index":"index","follow":"follow","max-snippet":"max-snippet:-1","max-image-preview":"max-image-preview:large","max-video-preview":"max-video-preview:-1"},"canonical":"https:\/\/nk7-testes.com.br\/agazeta\/temporal-atinge-cerca-de-nove-predios-e-destroi-seis-carros\/","og_locale":"pt_BR","og_type":"article","og_title":"Temporal atinge cerca de nove pr\u00e9dios e destr\u00f3i seis carros - Agazeta.net","og_description":"Teto de restaurante foi destru\u00eddo pelo vento","og_url":"https:\/\/nk7-testes.com.br\/agazeta\/temporal-atinge-cerca-de-nove-predios-e-destroi-seis-carros\/","og_site_name":"Agazeta.net","article_published_time":"2015-08-31T14:02:16+00:00","og_image":[{"width":458,"height":340,"url":"https:\/\/nk7-testes.com.br\/agazeta\/wp-content\/uploads\/2015\/08\/310815-policia-temporal-cleriston3.jpg","type":"image\/jpeg"}],"author":"Agazeta.Net","twitter_card":"summary_large_image","twitter_misc":{"Escrito por":"Agazeta.Net","Est. tempo de leitura":"1 minuto"},"schema":{"@context":"https:\/\/schema.org","@graph":[{"@type":"WebPage","@id":"https:\/\/nk7-testes.com.br\/agazeta\/temporal-atinge-cerca-de-nove-predios-e-destroi-seis-carros\/","url":"https:\/\/nk7-testes.com.br\/agazeta\/temporal-atinge-cerca-de-nove-predios-e-destroi-seis-carros\/","name":"Temporal atinge cerca de nove pr\u00e9dios e destr\u00f3i seis carros - Agazeta.net","isPartOf":{"@id":"https:\/\/nk7-testes.com.br\/agazeta\/#website"},"primaryImageOfPage":{"@id":"https:\/\/nk7-testes.com.br\/agazeta\/temporal-atinge-cerca-de-nove-predios-e-destroi-seis-carros\/#primaryimage"},"image":{"@id":"https:\/\/nk7-testes.com.br\/agazeta\/temporal-atinge-cerca-de-nove-predios-e-destroi-seis-carros\/#primaryimage"},"thumbnailUrl":"https:\/\/nk7-testes.com.br\/agazeta\/wp-content\/uploads\/2015\/08\/310815-policia-temporal-cleriston3.jpg","datePublished":"2015-08-31T14:02:16+00:00","author":{"@id":"https:\/\/nk7-testes.com.br\/agazeta\/#\/schema\/person\/6d6e25cb0435eb4a02fd44d30b4e3020"},"breadcrumb":{"@id":"https:\/\/nk7-testes.com.br\/agazeta\/temporal-atinge-cerca-de-nove-predios-e-destroi-seis-carros\/#breadcrumb"},"inLanguage":"pt-BR","potentialAction":[{"@type":"ReadAction","target":["https:\/\/nk7-testes.com.br\/agazeta\/temporal-atinge-cerca-de-nove-predios-e-destroi-seis-carros\/"]}]},{"@type":"ImageObject","inLanguage":"pt-BR","@id":"https:\/\/nk7-testes.com.br\/agazeta\/temporal-atinge-cerca-de-nove-predios-e-destroi-seis-carros\/#primaryimage","url":"https:\/\/nk7-testes.com.br\/agazeta\/wp-content\/uploads\/2015\/08\/310815-policia-temporal-cleriston3.jpg","contentUrl":"https:\/\/nk7-testes.com.br\/agazeta\/wp-content\/uploads\/2015\/08\/310815-policia-temporal-cleriston3.jpg","width":458,"height":340,"caption":"310815-policia-temporal-cleriston3"},{"@type":"BreadcrumbList","@id":"https:\/\/nk7-testes.com.br\/agazeta\/temporal-atinge-cerca-de-nove-predios-e-destroi-seis-carros\/#breadcrumb","itemListElement":[{"@type":"ListItem","position":1,"name":"In\u00edcio","item":"https:\/\/nk7-testes.com.br\/agazeta\/"},{"@type":"ListItem","position":2,"name":"Temporal atinge cerca de nove pr\u00e9dios e destr\u00f3i seis carros"}]},{"@type":"WebSite","@id":"https:\/\/nk7-testes.com.br\/agazeta\/#website","url":"https:\/\/nk7-testes.com.br\/agazeta\/","name":"Agazeta.net","description":"Agazeta.net - Not\u00edcias de Rio Branco\/AC","potentialAction":[{"@type":"SearchAction","target":{"@type":"EntryPoint","urlTemplate":"https:\/\/nk7-testes.com.br\/agazeta\/?s={search_term_string}"},"query-input":{"@type":"PropertyValueSpecification","valueRequired":true,"valueName":"search_term_string"}}],"inLanguage":"pt-BR"},{"@type":"Person","@id":"https:\/\/nk7-testes.com.br\/agazeta\/#\/schema\/person\/6d6e25cb0435eb4a02fd44d30b4e3020","name":"Agazeta.Net","url":"https:\/\/nk7-testes.com.br\/agazeta\/author\/agazeta\/"}]}},"_links":{"self":[{"href":"https:\/\/nk7-testes.com.br\/agazeta\/wp-json\/wp\/v2\/posts\/18016","targetHints":{"allow":["GET"]}}],"collection":[{"href":"https:\/\/nk7-testes.com.br\/agazeta\/wp-json\/wp\/v2\/posts"}],"about":[{"href":"https:\/\/nk7-testes.com.br\/agazeta\/wp-json\/wp\/v2\/types\/post"}],"author":[{"embeddable":true,"href":"https:\/\/nk7-testes.com.br\/agazeta\/wp-json\/wp\/v2\/users\/4"}],"replies":[{"embeddable":true,"href":"https:\/\/nk7-testes.com.br\/agazeta\/wp-json\/wp\/v2\/comments?post=18016"}],"version-history":[{"count":0,"href":"https:\/\/nk7-testes.com.br\/agazeta\/wp-json\/wp\/v2\/posts\/18016\/revisions"}],"wp:featuredmedia":[{"embeddable":true,"href":"https:\/\/nk7-testes.com.br\/agazeta\/wp-json\/wp\/v2\/media\/18015"}],"wp:attachment":[{"href":"https:\/\/nk7-testes.com.br\/agazeta\/wp-json\/wp\/v2\/media?parent=18016"}],"wp:term":[{"taxonomy":"category","embeddable":true,"href":"https:\/\/nk7-testes.com.br\/agazeta\/wp-json\/wp\/v2\/categories?post=18016"},{"taxonomy":"post_tag","embeddable":true,"href":"https:\/\/nk7-testes.com.br\/agazeta\/wp-json\/wp\/v2\/tags?post=18016"}],"curies":[{"name":"wp","href":"https:\/\/api.w.org\/{rel}","templated":true}]}}