{"id":18006,"date":"2015-08-28T23:03:49","date_gmt":"2015-08-28T23:03:49","guid":{"rendered":"https:\/\/abarevegan.com.br\/index.php\/2015\/08\/28\/justica-determina-retirada-de-torre-de-transmissao\/"},"modified":"2015-08-28T23:03:49","modified_gmt":"2015-08-28T23:03:49","slug":"justica-determina-retirada-de-torre-de-transmissao","status":"publish","type":"post","link":"https:\/\/nk7-testes.com.br\/agazeta\/justica-determina-retirada-de-torre-de-transmissao\/","title":{"rendered":"Justi\u00e7a determina retirada de torre de transmiss\u00e3o"},"content":{"rendered":"<p style=\"text-align: justify;\">R\u00e1dio Boas Novas tem 15 dias para cumprir<\/p>\n<p style=\"text-align: justify;\">A 2\u00ba Vara da Fazenda P\u00fablica da Comarca de Rio Branco, atrav\u00e9s de procedimento de cumprimento de senten\u00e7a, determinou o prazo de 15 dias para que a R\u00e1dio e Televis\u00e3o Boas Novas Ltda proceda com a retirada volunt\u00e1ria da torre de transmiss\u00e3o, instalada na rua Taumaturgo de Azevedo, no centro da Capital.<\/p>\n<p style=\"text-align: justify;\">A ordem para que seja cumprida a senten\u00e7a, do processo n\u00ba 0020270- 58.2011.8.01.0001, foi publicada na edi\u00e7\u00e3o n\u00ba 5.470 do Di\u00e1rio da Justi\u00e7a Eletr\u00f4nico (fls. 58).<\/p>\n<p style=\"text-align: justify;\">A senten\u00e7a obrigando que a empresa retirasse a torre de transmiss\u00e3o j\u00e1 havia sido proferida pela Justi\u00e7a em setembro de 2012. Contudo, por causa dos recursos e pedidos de prazos interpostos pela r\u00e9, a determina\u00e7\u00e3o ainda n\u00e3o tinha sido cumprida.<\/p>\n<p style=\"text-align: justify;\">Agora, conforme a ordem de cumprimento de senten\u00e7a, assinada pela ju\u00edza de Direito, Zenair Bueno, titular da 2\u00aa Vara da Fazenda P\u00fablica, a empresa ter\u00e1 que efetuar a remo\u00e7\u00e3o da torre de transmiss\u00e3o no prazo estabelecido.<\/p>\n<p style=\"text-align: justify;\">\u201cAnte o n\u00e3o cumprimento, por parte da R\u00e1dio e Televis\u00e3o Boas Novas, dos termos compreendidos no ato sentencial, muito embora j\u00e1 transcorridos quase tr\u00eas anos desde a sua prola\u00e7\u00e3o, faculto \u00e0 r\u00e9 o derradeiro e improrrog\u00e1vel prazo de quinze dias para que proceda \u00e0 retirada volunt\u00e1ria da torre de transmiss\u00e3o de r\u00e1dio e televis\u00e3o instalada na Rua Taumaturgo de Azevedo, n\u00ba 49, Centro\u201d, ordenou a magistrada.<\/p>\n<p style=\"text-align: justify;\">Caso ocorra o descumprimento injustificado da obriga\u00e7\u00e3o, a ju\u00edza deferiu \u201co requerimento formulado pela municipalidade (\u00e0s p\u00e1ginas 1.151\/1.154 do processo), inclusive no que tange ao acompanhamento de oficial de Justi\u00e7a e policiais militares na dilig\u00eancia, devendo o ente p\u00fablico comprovar o cumprimento da obriga\u00e7\u00e3o \u00e0 sua expensas, oportunidade em que dever\u00e1 apresentar planilha de c\u00e1lculo dos valores despendidos para a retirada da torre e requerer, querendo, as perdas e danos ocasionadas pelo descumprimento da decis\u00e3o judicial, e, do somat\u00f3rio aritm\u00e9tico das astreintes devidas\u201d.<\/p>\n<p style=\"text-align: justify;\"><strong>Entenda o Caso<\/strong><\/p>\n<p style=\"text-align: justify;\">O processo iniciou em 2011 por meio de uma a\u00e7\u00e3o Civil P\u00fablica de autoria do Munic\u00edpio de Rio Branco que solicitava em car\u00e1ter liminar que a R\u00e1dio e Televis\u00e3o Boas Novas Ltda demolisse ou retirasse a antena \u201clocalizada em zona inadequada para sua implanta\u00e7\u00e3o\u201d bem como providenciasse a demoli\u00e7\u00e3o de obra de amplia\u00e7\u00e3o que estava sendo constru\u00edda sem o alvar\u00e1 de licen\u00e7a de constru\u00e7\u00e3o.<\/p>\n<p style=\"text-align: justify;\">Na inicial, o Ente P\u00fablico informou que a Rede Boas Novas de R\u00e1dio e Televis\u00e3o junto com a empresa respons\u00e1vel pela montagem da torre, a Forts Engenharia, \u201cignoraram as ordens administrativas de paralisa\u00e7\u00e3o das obras, bem como transgrediram as normas urban\u00edsticas\u201d, pois, a torre est\u00e1 \u201clocalizada na Macrozona de Consolida\u00e7\u00e3o Urbana, onde \u00e9 vedada a instala\u00e7\u00e3o do referido equipamento, consoante dispositivo o novo Plano Diretor municipal\u201d.<\/p>\n<p style=\"text-align: justify;\">Ao apresentar sua defesa a empresa de comunica\u00e7\u00e3o alegou que \u201ca antena foi simplesmente deslocada de um im\u00f3vel alugado para outro, de sua propriedade, que dista poucos metros do antigo endere\u00e7o, raz\u00e3o porque n\u00e3o existe motivo para invocar a suposta viola\u00e7\u00e3o ao Plano Diretor municipal\u201d.<\/p>\n<p style=\"text-align: justify;\">Por\u00e9m, o juiz de Direito Anast\u00e1cio Menezes (na \u00e9poca era titular da 2\u00aa Vara da Fazenda P\u00fablica), julgou parcialmente procedente os pedidos do Munic\u00edpio de Rio Branco, determinando que a R\u00e1dio e Televis\u00e3o Boas Novas Ltda promovesse a retirada da torre de transmiss\u00e3o. Na senten\u00e7a, O juiz destacou o direito fundamental de propriedade, que se submete a preval\u00eancia do bem comum, \u201ca fun\u00e7\u00e3o social da propriedade configura, assim, a preval\u00eancia do interesse comum sobre o interesse individual, condicionando o uso da propriedade ao bem-estar, sob pena de justificar a interven\u00e7\u00e3o estatal na esfera dominial privada\u201d.<\/p>\n<p style=\"text-align: justify;\">Quanto \u00e0 argumenta\u00e7\u00e3o da defesa de ter feito apenas deslocamento, o magistrado constatou: \u201ccerto \u00e9 que n\u00e3o se trata de mero deslocamento do antigo aparelho de radiotransmiss\u00e3o \u2013 instalado na Av. Cear\u00e1, n. 1.436, Centro \u2013 para um novo endere\u00e7o, mas da instala\u00e7\u00e3o de uma nova torre, implementada com mais 35 metros de altura, na Rua Taumaturgo de Azevedo, n.49 \u2013 Centro\u201d.<\/p>\n<p style=\"text-align: justify;\">Inconformada com a decis\u00e3o, a R\u00e1dio e Televis\u00e3o Boas Novas Ltda apresentou recursos pleiteando pela reconsidera\u00e7\u00e3o da senten\u00e7a prolatada, que foram considerados desertos. Vale lembrar, que em janeiro de 2012 o processo tinha sido suspenso para que as partes tentassem firmar um termo de ajustamento de conduta que n\u00e3o obteve \u00eaxito, sendo retomado o andamento do processo.<\/p>\n<p style=\"text-align: justify;\">Nessa quinta-feira (28), foi expedida a ordem de cumprimento da senten\u00e7a, publicada no Di\u00e1rio da Justi\u00e7a Eletr\u00f4nico.<\/p>\n","protected":false},"excerpt":{"rendered":"<p style=\"text-align: justify;\">R\u00e1dio Boas Novas tem 15 dias para cumprir<\/p>\n","protected":false},"author":4,"featured_media":18005,"comment_status":"open","ping_status":"open","sticky":false,"template":"","format":"standard","meta":{"jnews-multi-image_gallery":[],"jnews_single_post":[],"jnews_primary_category":[],"jnews_social_meta":[],"jnews_review":[],"enable_review":"","type":"","name":"","summary":"","brand":"","sku":"","good":[],"bad":[],"score_override":"","override_value":"","rating":[],"price":[],"footnotes":""},"categories":[54],"tags":[],"class_list":["post-18006","post","type-post","status-publish","format-standard","has-post-thumbnail","hentry","category-cotidiano"],"yoast_head":"<!-- This site is optimized with the Yoast SEO plugin v26.5 - https:\/\/yoast.com\/wordpress\/plugins\/seo\/ -->\n<title>Justi\u00e7a determina retirada de torre de transmiss\u00e3o - Agazeta.net<\/title>\n<meta name=\"robots\" content=\"index, follow, max-snippet:-1, max-image-preview:large, max-video-preview:-1\" \/>\n<link rel=\"canonical\" href=\"https:\/\/nk7-testes.com.br\/agazeta\/justica-determina-retirada-de-torre-de-transmissao\/\" \/>\n<meta property=\"og:locale\" content=\"pt_BR\" \/>\n<meta property=\"og:type\" content=\"article\" \/>\n<meta property=\"og:title\" content=\"Justi\u00e7a determina retirada de torre de transmiss\u00e3o - Agazeta.net\" \/>\n<meta property=\"og:description\" content=\"R\u00e1dio Boas Novas tem 15 dias para cumprir\" \/>\n<meta property=\"og:url\" content=\"https:\/\/nk7-testes.com.br\/agazeta\/justica-determina-retirada-de-torre-de-transmissao\/\" \/>\n<meta property=\"og:site_name\" content=\"Agazeta.net\" \/>\n<meta property=\"article:published_time\" content=\"2015-08-28T23:03:49+00:00\" \/>\n<meta property=\"og:image\" content=\"https:\/\/nk7-testes.com.br\/agazeta\/wp-content\/uploads\/2015\/08\/280815-cotidiano-antonialucia-terranauasblogspot.jpg\" \/>\n\t<meta property=\"og:image:width\" content=\"458\" \/>\n\t<meta property=\"og:image:height\" content=\"340\" \/>\n\t<meta property=\"og:image:type\" content=\"image\/jpeg\" \/>\n<meta name=\"author\" content=\"Agazeta.Net\" \/>\n<meta name=\"twitter:card\" content=\"summary_large_image\" \/>\n<meta name=\"twitter:label1\" content=\"Escrito por\" \/>\n\t<meta name=\"twitter:data1\" content=\"Agazeta.Net\" \/>\n\t<meta name=\"twitter:label2\" content=\"Est. tempo de leitura\" \/>\n\t<meta name=\"twitter:data2\" content=\"4 minutos\" \/>\n<script type=\"application\/ld+json\" class=\"yoast-schema-graph\">{\"@context\":\"https:\/\/schema.org\",\"@graph\":[{\"@type\":\"WebPage\",\"@id\":\"https:\/\/nk7-testes.com.br\/agazeta\/justica-determina-retirada-de-torre-de-transmissao\/\",\"url\":\"https:\/\/nk7-testes.com.br\/agazeta\/justica-determina-retirada-de-torre-de-transmissao\/\",\"name\":\"Justi\u00e7a determina retirada de torre de transmiss\u00e3o - Agazeta.net\",\"isPartOf\":{\"@id\":\"https:\/\/nk7-testes.com.br\/agazeta\/#website\"},\"primaryImageOfPage\":{\"@id\":\"https:\/\/nk7-testes.com.br\/agazeta\/justica-determina-retirada-de-torre-de-transmissao\/#primaryimage\"},\"image\":{\"@id\":\"https:\/\/nk7-testes.com.br\/agazeta\/justica-determina-retirada-de-torre-de-transmissao\/#primaryimage\"},\"thumbnailUrl\":\"https:\/\/nk7-testes.com.br\/agazeta\/wp-content\/uploads\/2015\/08\/280815-cotidiano-antonialucia-terranauasblogspot.jpg\",\"datePublished\":\"2015-08-28T23:03:49+00:00\",\"author\":{\"@id\":\"https:\/\/nk7-testes.com.br\/agazeta\/#\/schema\/person\/6d6e25cb0435eb4a02fd44d30b4e3020\"},\"breadcrumb\":{\"@id\":\"https:\/\/nk7-testes.com.br\/agazeta\/justica-determina-retirada-de-torre-de-transmissao\/#breadcrumb\"},\"inLanguage\":\"pt-BR\",\"potentialAction\":[{\"@type\":\"ReadAction\",\"target\":[\"https:\/\/nk7-testes.com.br\/agazeta\/justica-determina-retirada-de-torre-de-transmissao\/\"]}]},{\"@type\":\"ImageObject\",\"inLanguage\":\"pt-BR\",\"@id\":\"https:\/\/nk7-testes.com.br\/agazeta\/justica-determina-retirada-de-torre-de-transmissao\/#primaryimage\",\"url\":\"https:\/\/nk7-testes.com.br\/agazeta\/wp-content\/uploads\/2015\/08\/280815-cotidiano-antonialucia-terranauasblogspot.jpg\",\"contentUrl\":\"https:\/\/nk7-testes.com.br\/agazeta\/wp-content\/uploads\/2015\/08\/280815-cotidiano-antonialucia-terranauasblogspot.jpg\",\"width\":458,\"height\":340,\"caption\":\"280815-cotidiano-antonialucia-terranauasblogspot\"},{\"@type\":\"BreadcrumbList\",\"@id\":\"https:\/\/nk7-testes.com.br\/agazeta\/justica-determina-retirada-de-torre-de-transmissao\/#breadcrumb\",\"itemListElement\":[{\"@type\":\"ListItem\",\"position\":1,\"name\":\"In\u00edcio\",\"item\":\"https:\/\/nk7-testes.com.br\/agazeta\/\"},{\"@type\":\"ListItem\",\"position\":2,\"name\":\"Justi\u00e7a determina retirada de torre de transmiss\u00e3o\"}]},{\"@type\":\"WebSite\",\"@id\":\"https:\/\/nk7-testes.com.br\/agazeta\/#website\",\"url\":\"https:\/\/nk7-testes.com.br\/agazeta\/\",\"name\":\"Agazeta.net\",\"description\":\"Agazeta.net - Not\u00edcias de Rio Branco\/AC\",\"potentialAction\":[{\"@type\":\"SearchAction\",\"target\":{\"@type\":\"EntryPoint\",\"urlTemplate\":\"https:\/\/nk7-testes.com.br\/agazeta\/?s={search_term_string}\"},\"query-input\":{\"@type\":\"PropertyValueSpecification\",\"valueRequired\":true,\"valueName\":\"search_term_string\"}}],\"inLanguage\":\"pt-BR\"},{\"@type\":\"Person\",\"@id\":\"https:\/\/nk7-testes.com.br\/agazeta\/#\/schema\/person\/6d6e25cb0435eb4a02fd44d30b4e3020\",\"name\":\"Agazeta.Net\",\"url\":\"https:\/\/nk7-testes.com.br\/agazeta\/author\/agazeta\/\"}]}<\/script>\n<!-- \/ Yoast SEO plugin. -->","yoast_head_json":{"title":"Justi\u00e7a determina retirada de torre de transmiss\u00e3o - Agazeta.net","robots":{"index":"index","follow":"follow","max-snippet":"max-snippet:-1","max-image-preview":"max-image-preview:large","max-video-preview":"max-video-preview:-1"},"canonical":"https:\/\/nk7-testes.com.br\/agazeta\/justica-determina-retirada-de-torre-de-transmissao\/","og_locale":"pt_BR","og_type":"article","og_title":"Justi\u00e7a determina retirada de torre de transmiss\u00e3o - Agazeta.net","og_description":"R\u00e1dio Boas Novas tem 15 dias para cumprir","og_url":"https:\/\/nk7-testes.com.br\/agazeta\/justica-determina-retirada-de-torre-de-transmissao\/","og_site_name":"Agazeta.net","article_published_time":"2015-08-28T23:03:49+00:00","og_image":[{"width":458,"height":340,"url":"https:\/\/nk7-testes.com.br\/agazeta\/wp-content\/uploads\/2015\/08\/280815-cotidiano-antonialucia-terranauasblogspot.jpg","type":"image\/jpeg"}],"author":"Agazeta.Net","twitter_card":"summary_large_image","twitter_misc":{"Escrito por":"Agazeta.Net","Est. tempo de leitura":"4 minutos"},"schema":{"@context":"https:\/\/schema.org","@graph":[{"@type":"WebPage","@id":"https:\/\/nk7-testes.com.br\/agazeta\/justica-determina-retirada-de-torre-de-transmissao\/","url":"https:\/\/nk7-testes.com.br\/agazeta\/justica-determina-retirada-de-torre-de-transmissao\/","name":"Justi\u00e7a determina retirada de torre de transmiss\u00e3o - Agazeta.net","isPartOf":{"@id":"https:\/\/nk7-testes.com.br\/agazeta\/#website"},"primaryImageOfPage":{"@id":"https:\/\/nk7-testes.com.br\/agazeta\/justica-determina-retirada-de-torre-de-transmissao\/#primaryimage"},"image":{"@id":"https:\/\/nk7-testes.com.br\/agazeta\/justica-determina-retirada-de-torre-de-transmissao\/#primaryimage"},"thumbnailUrl":"https:\/\/nk7-testes.com.br\/agazeta\/wp-content\/uploads\/2015\/08\/280815-cotidiano-antonialucia-terranauasblogspot.jpg","datePublished":"2015-08-28T23:03:49+00:00","author":{"@id":"https:\/\/nk7-testes.com.br\/agazeta\/#\/schema\/person\/6d6e25cb0435eb4a02fd44d30b4e3020"},"breadcrumb":{"@id":"https:\/\/nk7-testes.com.br\/agazeta\/justica-determina-retirada-de-torre-de-transmissao\/#breadcrumb"},"inLanguage":"pt-BR","potentialAction":[{"@type":"ReadAction","target":["https:\/\/nk7-testes.com.br\/agazeta\/justica-determina-retirada-de-torre-de-transmissao\/"]}]},{"@type":"ImageObject","inLanguage":"pt-BR","@id":"https:\/\/nk7-testes.com.br\/agazeta\/justica-determina-retirada-de-torre-de-transmissao\/#primaryimage","url":"https:\/\/nk7-testes.com.br\/agazeta\/wp-content\/uploads\/2015\/08\/280815-cotidiano-antonialucia-terranauasblogspot.jpg","contentUrl":"https:\/\/nk7-testes.com.br\/agazeta\/wp-content\/uploads\/2015\/08\/280815-cotidiano-antonialucia-terranauasblogspot.jpg","width":458,"height":340,"caption":"280815-cotidiano-antonialucia-terranauasblogspot"},{"@type":"BreadcrumbList","@id":"https:\/\/nk7-testes.com.br\/agazeta\/justica-determina-retirada-de-torre-de-transmissao\/#breadcrumb","itemListElement":[{"@type":"ListItem","position":1,"name":"In\u00edcio","item":"https:\/\/nk7-testes.com.br\/agazeta\/"},{"@type":"ListItem","position":2,"name":"Justi\u00e7a determina retirada de torre de transmiss\u00e3o"}]},{"@type":"WebSite","@id":"https:\/\/nk7-testes.com.br\/agazeta\/#website","url":"https:\/\/nk7-testes.com.br\/agazeta\/","name":"Agazeta.net","description":"Agazeta.net - Not\u00edcias de Rio Branco\/AC","potentialAction":[{"@type":"SearchAction","target":{"@type":"EntryPoint","urlTemplate":"https:\/\/nk7-testes.com.br\/agazeta\/?s={search_term_string}"},"query-input":{"@type":"PropertyValueSpecification","valueRequired":true,"valueName":"search_term_string"}}],"inLanguage":"pt-BR"},{"@type":"Person","@id":"https:\/\/nk7-testes.com.br\/agazeta\/#\/schema\/person\/6d6e25cb0435eb4a02fd44d30b4e3020","name":"Agazeta.Net","url":"https:\/\/nk7-testes.com.br\/agazeta\/author\/agazeta\/"}]}},"_links":{"self":[{"href":"https:\/\/nk7-testes.com.br\/agazeta\/wp-json\/wp\/v2\/posts\/18006","targetHints":{"allow":["GET"]}}],"collection":[{"href":"https:\/\/nk7-testes.com.br\/agazeta\/wp-json\/wp\/v2\/posts"}],"about":[{"href":"https:\/\/nk7-testes.com.br\/agazeta\/wp-json\/wp\/v2\/types\/post"}],"author":[{"embeddable":true,"href":"https:\/\/nk7-testes.com.br\/agazeta\/wp-json\/wp\/v2\/users\/4"}],"replies":[{"embeddable":true,"href":"https:\/\/nk7-testes.com.br\/agazeta\/wp-json\/wp\/v2\/comments?post=18006"}],"version-history":[{"count":0,"href":"https:\/\/nk7-testes.com.br\/agazeta\/wp-json\/wp\/v2\/posts\/18006\/revisions"}],"wp:featuredmedia":[{"embeddable":true,"href":"https:\/\/nk7-testes.com.br\/agazeta\/wp-json\/wp\/v2\/media\/18005"}],"wp:attachment":[{"href":"https:\/\/nk7-testes.com.br\/agazeta\/wp-json\/wp\/v2\/media?parent=18006"}],"wp:term":[{"taxonomy":"category","embeddable":true,"href":"https:\/\/nk7-testes.com.br\/agazeta\/wp-json\/wp\/v2\/categories?post=18006"},{"taxonomy":"post_tag","embeddable":true,"href":"https:\/\/nk7-testes.com.br\/agazeta\/wp-json\/wp\/v2\/tags?post=18006"}],"curies":[{"name":"wp","href":"https:\/\/api.w.org\/{rel}","templated":true}]}}