{"id":18004,"date":"2015-08-28T22:49:02","date_gmt":"2015-08-28T22:49:02","guid":{"rendered":"https:\/\/abarevegan.com.br\/index.php\/2015\/08\/28\/inadimplencia-aumenta-na-capital\/"},"modified":"2015-08-28T22:49:02","modified_gmt":"2015-08-28T22:49:02","slug":"inadimplencia-aumenta-na-capital","status":"publish","type":"post","link":"https:\/\/nk7-testes.com.br\/agazeta\/inadimplencia-aumenta-na-capital\/","title":{"rendered":"Inadimpl\u00eancia aumenta na Capital"},"content":{"rendered":"<p style=\"text-align: justify;\">Demiss\u00f5es na constru\u00e7\u00e3o civil pode ser causa<\/p>\n<p style=\"text-align: justify;\">Al\u00e9m das estrat\u00e9gias para chamar a aten\u00e7\u00e3o do consumidor, o ramo varejista oferece como atrativo as compras, o cr\u00e9dito. A venda parcelada parece ser a melhor sa\u00edda diante do cen\u00e1rio de crise, mas \u00e9 a\u00ed que muitas fam\u00edlias sufocam o or\u00e7amento. A consequ\u00eancia disso \u00e9 a inadimpl\u00eancia.<\/p>\n<p style=\"text-align: justify;\">Em Rio Branco, nos primeiros seis meses de 2015, 18.335 pessoas tiveram o nome inclu\u00eddo no Sistema de Prote\u00e7\u00e3o ao Cr\u00e9dito (SPC). O n\u00famero \u00e9 4% maior que o registrado no mesmo per\u00edodo de 2014, que foi de 17631 inadimplentes.<\/p>\n<p style=\"text-align: justify;\">Contudo, o dado real de pessoas que devem no com\u00e9rcio \u00e9 muito maior, j\u00e1 que muitas empresas aguardam com paci\u00eancia at\u00e9 tr\u00eas meses de atraso para incluir o nome do devedor no cadastro do SPC.<\/p>\n<p style=\"text-align: justify;\">Para a Associa\u00e7\u00e3o Comercial e Industrial do Estado, o resultado de agosto ser\u00e1 ainda pior. Isso faz com que o empres\u00e1rio segure o cr\u00e9dito. \u201cTem aumentado a inadimpl\u00eancia em rela\u00e7\u00e3o ao m\u00eas anterior entre 2% e 4% ent\u00e3o as empresas est\u00e3o deixando de vender quando n\u00e3o tem certeza que v\u00e3o receber. O cr\u00e9dito est\u00e1 ficando mais rigoroso\u201d, afirmou o presidente da Acisa, Jurilande Arag\u00e3o.<\/p>\n<p style=\"text-align: justify;\">Em uma rede de lojas de eletrodom\u00e9sticos, com 22 estabelecimentos no Acre, a inadimpl\u00eancia alcan\u00e7ou patamar assustador: 11% no fechamento do primeiro semestre de 2015.<\/p>\n<p style=\"text-align: justify;\">\u201cAs financeiras acabam aumentando os juros para compensar a inadimpl\u00eancia e as pessoas acabam se afastando das compras e, com isso, \u00e9 negativo para o varejo\u201d, comentou o gerente de mercado, Francisco Ara\u00fajo.<\/p>\n<p style=\"text-align: justify;\">Enquanto na Capital a inadimpl\u00eancia aumentou, no interior, diminuiu. Um exemplo \u00e9 Cruzeiro do Sul. No primeiro semestre de 2014, 414 pessoas estavam no cadastro de devedores do SPC, este ano, no mesmo per\u00edodo, foram inclu\u00eddos 298 nomes. A queda na inadimpl\u00eancia na segunda maior cidade do Estado foi de 28%.<\/p>\n<p style=\"text-align: justify;\">Avaliando os clientes das lojas do Estado, a rede onde Francisco gerencia conclui que a inadimpl\u00eancia maior na Capital pode ser explicada pela alaga\u00e7\u00e3o e tamb\u00e9m demiss\u00f5es que ocorreram na constru\u00e7\u00e3o civil.<\/p>\n<p style=\"text-align: justify;\">\u201cMuitos compraram porque tiveram seus m\u00f3veis perdidos nas \u00e1guas e acabaram n\u00e3o conseguindo pagar e a gente sabe que na constru\u00e7\u00e3o civil houve desemprego, ent\u00e3o essa jun\u00e7\u00e3o pode ter contribu\u00eddo\u201d, opinou.<\/p>\n","protected":false},"excerpt":{"rendered":"<p style=\"text-align: justify;\">Demiss\u00f5es na constru\u00e7\u00e3o civil pode ser causa<\/p>\n","protected":false},"author":4,"featured_media":18003,"comment_status":"open","ping_status":"open","sticky":false,"template":"","format":"standard","meta":{"jnews-multi-image_gallery":[],"jnews_single_post":[],"jnews_primary_category":[],"jnews_social_meta":[],"jnews_review":[],"enable_review":"","type":"","name":"","summary":"","brand":"","sku":"","good":[],"bad":[],"score_override":"","override_value":"","rating":[],"price":[],"footnotes":""},"categories":[54],"tags":[],"class_list":["post-18004","post","type-post","status-publish","format-standard","has-post-thumbnail","hentry","category-cotidiano"],"yoast_head":"<!-- This site is optimized with the Yoast SEO plugin v26.5 - https:\/\/yoast.com\/wordpress\/plugins\/seo\/ -->\n<title>Inadimpl\u00eancia aumenta na Capital - Agazeta.net<\/title>\n<meta name=\"robots\" content=\"index, follow, max-snippet:-1, max-image-preview:large, max-video-preview:-1\" \/>\n<link rel=\"canonical\" href=\"https:\/\/nk7-testes.com.br\/agazeta\/inadimplencia-aumenta-na-capital\/\" \/>\n<meta property=\"og:locale\" content=\"pt_BR\" \/>\n<meta property=\"og:type\" content=\"article\" \/>\n<meta property=\"og:title\" content=\"Inadimpl\u00eancia aumenta na Capital - Agazeta.net\" \/>\n<meta property=\"og:description\" content=\"Demiss\u00f5es na constru\u00e7\u00e3o civil pode ser causa\" \/>\n<meta property=\"og:url\" content=\"https:\/\/nk7-testes.com.br\/agazeta\/inadimplencia-aumenta-na-capital\/\" \/>\n<meta property=\"og:site_name\" content=\"Agazeta.net\" \/>\n<meta property=\"article:published_time\" content=\"2015-08-28T22:49:02+00:00\" \/>\n<meta property=\"og:image\" content=\"https:\/\/nk7-testes.com.br\/agazeta\/wp-content\/uploads\/2015\/08\/1510-cotidiano-jurilandearagao-souzagomes.jpg\" \/>\n\t<meta property=\"og:image:width\" content=\"458\" \/>\n\t<meta property=\"og:image:height\" content=\"340\" \/>\n\t<meta property=\"og:image:type\" content=\"image\/jpeg\" \/>\n<meta name=\"author\" content=\"Agazeta.Net\" \/>\n<meta name=\"twitter:card\" content=\"summary_large_image\" \/>\n<meta name=\"twitter:label1\" content=\"Escrito por\" \/>\n\t<meta name=\"twitter:data1\" content=\"Agazeta.Net\" \/>\n\t<meta name=\"twitter:label2\" content=\"Est. tempo de leitura\" \/>\n\t<meta name=\"twitter:data2\" content=\"2 minutos\" \/>\n<script type=\"application\/ld+json\" class=\"yoast-schema-graph\">{\"@context\":\"https:\/\/schema.org\",\"@graph\":[{\"@type\":\"WebPage\",\"@id\":\"https:\/\/nk7-testes.com.br\/agazeta\/inadimplencia-aumenta-na-capital\/\",\"url\":\"https:\/\/nk7-testes.com.br\/agazeta\/inadimplencia-aumenta-na-capital\/\",\"name\":\"Inadimpl\u00eancia aumenta na Capital - Agazeta.net\",\"isPartOf\":{\"@id\":\"https:\/\/nk7-testes.com.br\/agazeta\/#website\"},\"primaryImageOfPage\":{\"@id\":\"https:\/\/nk7-testes.com.br\/agazeta\/inadimplencia-aumenta-na-capital\/#primaryimage\"},\"image\":{\"@id\":\"https:\/\/nk7-testes.com.br\/agazeta\/inadimplencia-aumenta-na-capital\/#primaryimage\"},\"thumbnailUrl\":\"https:\/\/nk7-testes.com.br\/agazeta\/wp-content\/uploads\/2015\/08\/1510-cotidiano-jurilandearagao-souzagomes.jpg\",\"datePublished\":\"2015-08-28T22:49:02+00:00\",\"author\":{\"@id\":\"https:\/\/nk7-testes.com.br\/agazeta\/#\/schema\/person\/6d6e25cb0435eb4a02fd44d30b4e3020\"},\"breadcrumb\":{\"@id\":\"https:\/\/nk7-testes.com.br\/agazeta\/inadimplencia-aumenta-na-capital\/#breadcrumb\"},\"inLanguage\":\"pt-BR\",\"potentialAction\":[{\"@type\":\"ReadAction\",\"target\":[\"https:\/\/nk7-testes.com.br\/agazeta\/inadimplencia-aumenta-na-capital\/\"]}]},{\"@type\":\"ImageObject\",\"inLanguage\":\"pt-BR\",\"@id\":\"https:\/\/nk7-testes.com.br\/agazeta\/inadimplencia-aumenta-na-capital\/#primaryimage\",\"url\":\"https:\/\/nk7-testes.com.br\/agazeta\/wp-content\/uploads\/2015\/08\/1510-cotidiano-jurilandearagao-souzagomes.jpg\",\"contentUrl\":\"https:\/\/nk7-testes.com.br\/agazeta\/wp-content\/uploads\/2015\/08\/1510-cotidiano-jurilandearagao-souzagomes.jpg\",\"width\":458,\"height\":340,\"caption\":\"1510-cotidiano-jurilandearagao-souzagomes\"},{\"@type\":\"BreadcrumbList\",\"@id\":\"https:\/\/nk7-testes.com.br\/agazeta\/inadimplencia-aumenta-na-capital\/#breadcrumb\",\"itemListElement\":[{\"@type\":\"ListItem\",\"position\":1,\"name\":\"In\u00edcio\",\"item\":\"https:\/\/nk7-testes.com.br\/agazeta\/\"},{\"@type\":\"ListItem\",\"position\":2,\"name\":\"Inadimpl\u00eancia aumenta na Capital\"}]},{\"@type\":\"WebSite\",\"@id\":\"https:\/\/nk7-testes.com.br\/agazeta\/#website\",\"url\":\"https:\/\/nk7-testes.com.br\/agazeta\/\",\"name\":\"Agazeta.net\",\"description\":\"Agazeta.net - Not\u00edcias de Rio Branco\/AC\",\"potentialAction\":[{\"@type\":\"SearchAction\",\"target\":{\"@type\":\"EntryPoint\",\"urlTemplate\":\"https:\/\/nk7-testes.com.br\/agazeta\/?s={search_term_string}\"},\"query-input\":{\"@type\":\"PropertyValueSpecification\",\"valueRequired\":true,\"valueName\":\"search_term_string\"}}],\"inLanguage\":\"pt-BR\"},{\"@type\":\"Person\",\"@id\":\"https:\/\/nk7-testes.com.br\/agazeta\/#\/schema\/person\/6d6e25cb0435eb4a02fd44d30b4e3020\",\"name\":\"Agazeta.Net\",\"url\":\"https:\/\/nk7-testes.com.br\/agazeta\/author\/agazeta\/\"}]}<\/script>\n<!-- \/ Yoast SEO plugin. -->","yoast_head_json":{"title":"Inadimpl\u00eancia aumenta na Capital - Agazeta.net","robots":{"index":"index","follow":"follow","max-snippet":"max-snippet:-1","max-image-preview":"max-image-preview:large","max-video-preview":"max-video-preview:-1"},"canonical":"https:\/\/nk7-testes.com.br\/agazeta\/inadimplencia-aumenta-na-capital\/","og_locale":"pt_BR","og_type":"article","og_title":"Inadimpl\u00eancia aumenta na Capital - Agazeta.net","og_description":"Demiss\u00f5es na constru\u00e7\u00e3o civil pode ser causa","og_url":"https:\/\/nk7-testes.com.br\/agazeta\/inadimplencia-aumenta-na-capital\/","og_site_name":"Agazeta.net","article_published_time":"2015-08-28T22:49:02+00:00","og_image":[{"width":458,"height":340,"url":"https:\/\/nk7-testes.com.br\/agazeta\/wp-content\/uploads\/2015\/08\/1510-cotidiano-jurilandearagao-souzagomes.jpg","type":"image\/jpeg"}],"author":"Agazeta.Net","twitter_card":"summary_large_image","twitter_misc":{"Escrito por":"Agazeta.Net","Est. tempo de leitura":"2 minutos"},"schema":{"@context":"https:\/\/schema.org","@graph":[{"@type":"WebPage","@id":"https:\/\/nk7-testes.com.br\/agazeta\/inadimplencia-aumenta-na-capital\/","url":"https:\/\/nk7-testes.com.br\/agazeta\/inadimplencia-aumenta-na-capital\/","name":"Inadimpl\u00eancia aumenta na Capital - Agazeta.net","isPartOf":{"@id":"https:\/\/nk7-testes.com.br\/agazeta\/#website"},"primaryImageOfPage":{"@id":"https:\/\/nk7-testes.com.br\/agazeta\/inadimplencia-aumenta-na-capital\/#primaryimage"},"image":{"@id":"https:\/\/nk7-testes.com.br\/agazeta\/inadimplencia-aumenta-na-capital\/#primaryimage"},"thumbnailUrl":"https:\/\/nk7-testes.com.br\/agazeta\/wp-content\/uploads\/2015\/08\/1510-cotidiano-jurilandearagao-souzagomes.jpg","datePublished":"2015-08-28T22:49:02+00:00","author":{"@id":"https:\/\/nk7-testes.com.br\/agazeta\/#\/schema\/person\/6d6e25cb0435eb4a02fd44d30b4e3020"},"breadcrumb":{"@id":"https:\/\/nk7-testes.com.br\/agazeta\/inadimplencia-aumenta-na-capital\/#breadcrumb"},"inLanguage":"pt-BR","potentialAction":[{"@type":"ReadAction","target":["https:\/\/nk7-testes.com.br\/agazeta\/inadimplencia-aumenta-na-capital\/"]}]},{"@type":"ImageObject","inLanguage":"pt-BR","@id":"https:\/\/nk7-testes.com.br\/agazeta\/inadimplencia-aumenta-na-capital\/#primaryimage","url":"https:\/\/nk7-testes.com.br\/agazeta\/wp-content\/uploads\/2015\/08\/1510-cotidiano-jurilandearagao-souzagomes.jpg","contentUrl":"https:\/\/nk7-testes.com.br\/agazeta\/wp-content\/uploads\/2015\/08\/1510-cotidiano-jurilandearagao-souzagomes.jpg","width":458,"height":340,"caption":"1510-cotidiano-jurilandearagao-souzagomes"},{"@type":"BreadcrumbList","@id":"https:\/\/nk7-testes.com.br\/agazeta\/inadimplencia-aumenta-na-capital\/#breadcrumb","itemListElement":[{"@type":"ListItem","position":1,"name":"In\u00edcio","item":"https:\/\/nk7-testes.com.br\/agazeta\/"},{"@type":"ListItem","position":2,"name":"Inadimpl\u00eancia aumenta na Capital"}]},{"@type":"WebSite","@id":"https:\/\/nk7-testes.com.br\/agazeta\/#website","url":"https:\/\/nk7-testes.com.br\/agazeta\/","name":"Agazeta.net","description":"Agazeta.net - Not\u00edcias de Rio Branco\/AC","potentialAction":[{"@type":"SearchAction","target":{"@type":"EntryPoint","urlTemplate":"https:\/\/nk7-testes.com.br\/agazeta\/?s={search_term_string}"},"query-input":{"@type":"PropertyValueSpecification","valueRequired":true,"valueName":"search_term_string"}}],"inLanguage":"pt-BR"},{"@type":"Person","@id":"https:\/\/nk7-testes.com.br\/agazeta\/#\/schema\/person\/6d6e25cb0435eb4a02fd44d30b4e3020","name":"Agazeta.Net","url":"https:\/\/nk7-testes.com.br\/agazeta\/author\/agazeta\/"}]}},"_links":{"self":[{"href":"https:\/\/nk7-testes.com.br\/agazeta\/wp-json\/wp\/v2\/posts\/18004","targetHints":{"allow":["GET"]}}],"collection":[{"href":"https:\/\/nk7-testes.com.br\/agazeta\/wp-json\/wp\/v2\/posts"}],"about":[{"href":"https:\/\/nk7-testes.com.br\/agazeta\/wp-json\/wp\/v2\/types\/post"}],"author":[{"embeddable":true,"href":"https:\/\/nk7-testes.com.br\/agazeta\/wp-json\/wp\/v2\/users\/4"}],"replies":[{"embeddable":true,"href":"https:\/\/nk7-testes.com.br\/agazeta\/wp-json\/wp\/v2\/comments?post=18004"}],"version-history":[{"count":0,"href":"https:\/\/nk7-testes.com.br\/agazeta\/wp-json\/wp\/v2\/posts\/18004\/revisions"}],"wp:featuredmedia":[{"embeddable":true,"href":"https:\/\/nk7-testes.com.br\/agazeta\/wp-json\/wp\/v2\/media\/18003"}],"wp:attachment":[{"href":"https:\/\/nk7-testes.com.br\/agazeta\/wp-json\/wp\/v2\/media?parent=18004"}],"wp:term":[{"taxonomy":"category","embeddable":true,"href":"https:\/\/nk7-testes.com.br\/agazeta\/wp-json\/wp\/v2\/categories?post=18004"},{"taxonomy":"post_tag","embeddable":true,"href":"https:\/\/nk7-testes.com.br\/agazeta\/wp-json\/wp\/v2\/tags?post=18004"}],"curies":[{"name":"wp","href":"https:\/\/api.w.org\/{rel}","templated":true}]}}