{"id":17962,"date":"2015-08-27T15:23:49","date_gmt":"2015-08-27T15:23:49","guid":{"rendered":"https:\/\/abarevegan.com.br\/index.php\/2015\/08\/27\/acre-sedia-congresso-no-e-ne-de-pesquisa-e-inovacao\/"},"modified":"2015-08-27T15:23:49","modified_gmt":"2015-08-27T15:23:49","slug":"acre-sedia-congresso-no-e-ne-de-pesquisa-e-inovacao","status":"publish","type":"post","link":"https:\/\/nk7-testes.com.br\/agazeta\/acre-sedia-congresso-no-e-ne-de-pesquisa-e-inovacao\/","title":{"rendered":"Acre sedia Congresso NO e NE de Pesquisa e Inova\u00e7\u00e3o"},"content":{"rendered":"<p><span style=\"font-size: 12pt; line-height: 115%; font-family: 'Times New Roman', serif;\"><\/span><\/p>\n<p style=\"text-align: justify;\">Essa \u00e9 a d\u00e9cima edi\u00e7\u00e3o do encontro<\/p>\n<p style=\"text-align: justify;\"><span style=\"font-size: 12pt; line-height: 115%; font-family: 'Times New Roman', serif;\"><\/span><\/p>\n<p style=\"text-align: justify;\">No per\u00edodo de 30 de novembro a 3 de dezembro, Rio Branco ser\u00e1 a capital nacional do empreendedorismo com a realiza\u00e7\u00e3o da 10\u00aa edi\u00e7\u00e3o do Congresso Norte e Nordeste de Pesquisa e Inova\u00e7\u00e3o (Connepi).<\/p>\n<p style=\"text-align: justify;\"><span style=\"font-size: 12pt; line-height: 115%; font-family: 'Times New Roman', serif;\"><\/span><\/p>\n<p style=\"text-align: justify;\">O evento ser\u00e1 coordenado pelo Instituto Federal do Acre (Ifac), em parceria com o governo do Estado e com o Servi\u00e7o Brasileiro de Apoio \u00e0s Micro e Pequenas Empresas (Sebrae).<\/p>\n<p style=\"text-align: justify;\"><span style=\"font-size: 12pt; line-height: 115%; font-family: 'Times New Roman', serif;\"><\/span><\/p>\n<p style=\"text-align: justify;\">O governador Ti\u00e3o Viana recebeu na Casa Civil, nesta quarta-feira, 26, a reitora do Ifac, Rosana Cavalcante, para falar sobre os preparativos para a realiza\u00e7\u00e3o do congresso. O Connepi \u00e9 o evento mais importante da Rede Federal de Educa\u00e7\u00e3o Profissional, Cient\u00edfica e Tecnol\u00f3gica e, pela primeira vez, ser\u00e1 realizado no estado, onde o Ifac \u00e9 o mais recente da rede, com apenas cinco anos de efetiva\u00e7\u00e3o.<\/p>\n<p style=\"text-align: justify;\"><span style=\"font-size: 12pt; line-height: 115%; font-family: 'Times New Roman', serif;\"><\/span><\/p>\n<p style=\"text-align: justify;\">\u201cSer\u00e3o quatro dias onde os institutos federais de todo o Brasil estar\u00e3o apresentando seus trabalhos na \u00e1rea de inova\u00e7\u00e3o e empreendedorismo\u201d, conta a reitora do Ifac. O evento contar\u00e1 com um espa\u00e7o para apresenta\u00e7\u00e3o de a\u00e7\u00f5es e pesquisas, e o stand \u201cDesafio de Ideias\u201d, onde os alunos estar\u00e3o apresentando projetos empreendedores que ser\u00e3o avaliados, selecionados e premiados por um grupo de pesquisadores.<\/p>\n<p style=\"text-align: justify;\"><span style=\"font-size: 12pt; line-height: 115%; font-family: 'Times New Roman', serif;\"><\/span><\/p>\n<p style=\"text-align: justify;\">Para o governo, o congresso cient\u00edfico \u00e9 ben\u00e9fico, uma vez que estimula o campo da pesquisa e das ideias inovadoras, al\u00e9m de fomentar o turismo e a economia acreana, j\u00e1 que o Estado trabalha o fortalecimento de a\u00e7\u00f5es empreendedoras. \u201cA nossa luta \u00e9 essa, de uni\u00e3o, ser um governo parceiro para um povo empreendedor\u201d, destaca Ti\u00e3o Viana.<\/p>\n<p style=\"text-align: justify;\"><span style=\"font-size: 12pt; line-height: 115%; font-family: 'Times New Roman', serif;\"><\/span><\/p>\n<p style=\"text-align: justify;\">O Sebrae estar\u00e1 fazendo todo o acompanhamento do \u201cDesafio de Ideias\u201d, para transformar esses projetos em neg\u00f3cios. Al\u00e9m disso, o evento ser\u00e1 aberto ao p\u00fablico e contar\u00e1 com a apresenta\u00e7\u00e3o de uma feira de economia solid\u00e1ria e pequenos neg\u00f3cios. Eventos culturais como shows de artistas locais e do instituto tamb\u00e9m est\u00e3o inclusos na agenda.<\/p>\n<p style=\"text-align: justify;\"><span style=\"font-size: 12pt; line-height: 115%; font-family: 'Times New Roman', serif;\"><\/span><\/p>\n<p style=\"text-align: justify;\">\u201cA expectativa \u00e9 receber mais de tr\u00eas mil participantes de outros estados e a proposta do evento se assemelha \u00e0 reuni\u00e3o anual da SBPC [Sociedade Brasileira para o Progresso da Ci\u00eancia], realizada no ano passado pela Ufac [Universidade Federal do Acre]\u201d, comentou a reitora.<\/p>\n<p><span style=\"font-size: 12pt; line-height: 115%; font-family: 'Times New Roman', serif;\">&nbsp;<\/span><\/p>\n","protected":false},"excerpt":{"rendered":"<p><span style=\"font-size: 12pt; line-height: 115%; font-family: 'Times New Roman', serif;\"><\/span><\/p>\n<p style=\"text-align: justify;\">Essa \u00e9 a d\u00e9cima edi\u00e7\u00e3o do encontro<\/p>\n","protected":false},"author":4,"featured_media":17961,"comment_status":"open","ping_status":"open","sticky":false,"template":"","format":"standard","meta":{"jnews-multi-image_gallery":[],"jnews_single_post":[],"jnews_primary_category":[],"jnews_social_meta":[],"jnews_review":[],"enable_review":"","type":"","name":"","summary":"","brand":"","sku":"","good":[],"bad":[],"score_override":"","override_value":"","rating":[],"price":[],"footnotes":""},"categories":[54],"tags":[],"class_list":["post-17962","post","type-post","status-publish","format-standard","has-post-thumbnail","hentry","category-cotidiano"],"yoast_head":"<!-- This site is optimized with the Yoast SEO plugin v26.5 - https:\/\/yoast.com\/wordpress\/plugins\/seo\/ -->\n<title>Acre sedia Congresso NO e NE de Pesquisa e Inova\u00e7\u00e3o - Agazeta.net<\/title>\n<meta name=\"robots\" content=\"index, follow, max-snippet:-1, max-image-preview:large, max-video-preview:-1\" \/>\n<link rel=\"canonical\" href=\"https:\/\/nk7-testes.com.br\/agazeta\/acre-sedia-congresso-no-e-ne-de-pesquisa-e-inovacao\/\" \/>\n<meta property=\"og:locale\" content=\"pt_BR\" \/>\n<meta property=\"og:type\" content=\"article\" \/>\n<meta property=\"og:title\" content=\"Acre sedia Congresso NO e NE de Pesquisa e Inova\u00e7\u00e3o - Agazeta.net\" \/>\n<meta property=\"og:description\" content=\"Essa \u00e9 a d\u00e9cima edi\u00e7\u00e3o do encontro\" \/>\n<meta property=\"og:url\" content=\"https:\/\/nk7-testes.com.br\/agazeta\/acre-sedia-congresso-no-e-ne-de-pesquisa-e-inovacao\/\" \/>\n<meta property=\"og:site_name\" content=\"Agazeta.net\" \/>\n<meta property=\"article:published_time\" content=\"2015-08-27T15:23:49+00:00\" \/>\n<meta property=\"og:image\" content=\"https:\/\/nk7-testes.com.br\/agazeta\/wp-content\/uploads\/2015\/08\/270815-cotidiano-cienciaetecnologia-gleilsonmiranda.jpg\" \/>\n\t<meta property=\"og:image:width\" content=\"458\" \/>\n\t<meta property=\"og:image:height\" content=\"340\" \/>\n\t<meta property=\"og:image:type\" content=\"image\/jpeg\" \/>\n<meta name=\"author\" content=\"Agazeta.Net\" \/>\n<meta name=\"twitter:card\" content=\"summary_large_image\" \/>\n<meta name=\"twitter:label1\" content=\"Escrito por\" \/>\n\t<meta name=\"twitter:data1\" content=\"Agazeta.Net\" \/>\n\t<meta name=\"twitter:label2\" content=\"Est. tempo de leitura\" \/>\n\t<meta name=\"twitter:data2\" content=\"2 minutos\" \/>\n<script type=\"application\/ld+json\" class=\"yoast-schema-graph\">{\"@context\":\"https:\/\/schema.org\",\"@graph\":[{\"@type\":\"WebPage\",\"@id\":\"https:\/\/nk7-testes.com.br\/agazeta\/acre-sedia-congresso-no-e-ne-de-pesquisa-e-inovacao\/\",\"url\":\"https:\/\/nk7-testes.com.br\/agazeta\/acre-sedia-congresso-no-e-ne-de-pesquisa-e-inovacao\/\",\"name\":\"Acre sedia Congresso NO e NE de Pesquisa e Inova\u00e7\u00e3o - Agazeta.net\",\"isPartOf\":{\"@id\":\"https:\/\/nk7-testes.com.br\/agazeta\/#website\"},\"primaryImageOfPage\":{\"@id\":\"https:\/\/nk7-testes.com.br\/agazeta\/acre-sedia-congresso-no-e-ne-de-pesquisa-e-inovacao\/#primaryimage\"},\"image\":{\"@id\":\"https:\/\/nk7-testes.com.br\/agazeta\/acre-sedia-congresso-no-e-ne-de-pesquisa-e-inovacao\/#primaryimage\"},\"thumbnailUrl\":\"https:\/\/nk7-testes.com.br\/agazeta\/wp-content\/uploads\/2015\/08\/270815-cotidiano-cienciaetecnologia-gleilsonmiranda.jpg\",\"datePublished\":\"2015-08-27T15:23:49+00:00\",\"author\":{\"@id\":\"https:\/\/nk7-testes.com.br\/agazeta\/#\/schema\/person\/6d6e25cb0435eb4a02fd44d30b4e3020\"},\"breadcrumb\":{\"@id\":\"https:\/\/nk7-testes.com.br\/agazeta\/acre-sedia-congresso-no-e-ne-de-pesquisa-e-inovacao\/#breadcrumb\"},\"inLanguage\":\"pt-BR\",\"potentialAction\":[{\"@type\":\"ReadAction\",\"target\":[\"https:\/\/nk7-testes.com.br\/agazeta\/acre-sedia-congresso-no-e-ne-de-pesquisa-e-inovacao\/\"]}]},{\"@type\":\"ImageObject\",\"inLanguage\":\"pt-BR\",\"@id\":\"https:\/\/nk7-testes.com.br\/agazeta\/acre-sedia-congresso-no-e-ne-de-pesquisa-e-inovacao\/#primaryimage\",\"url\":\"https:\/\/nk7-testes.com.br\/agazeta\/wp-content\/uploads\/2015\/08\/270815-cotidiano-cienciaetecnologia-gleilsonmiranda.jpg\",\"contentUrl\":\"https:\/\/nk7-testes.com.br\/agazeta\/wp-content\/uploads\/2015\/08\/270815-cotidiano-cienciaetecnologia-gleilsonmiranda.jpg\",\"width\":458,\"height\":340,\"caption\":\"270815-cotidiano-cienciaetecnologia-gleilsonmiranda\"},{\"@type\":\"BreadcrumbList\",\"@id\":\"https:\/\/nk7-testes.com.br\/agazeta\/acre-sedia-congresso-no-e-ne-de-pesquisa-e-inovacao\/#breadcrumb\",\"itemListElement\":[{\"@type\":\"ListItem\",\"position\":1,\"name\":\"In\u00edcio\",\"item\":\"https:\/\/nk7-testes.com.br\/agazeta\/\"},{\"@type\":\"ListItem\",\"position\":2,\"name\":\"Acre sedia Congresso NO e NE de Pesquisa e Inova\u00e7\u00e3o\"}]},{\"@type\":\"WebSite\",\"@id\":\"https:\/\/nk7-testes.com.br\/agazeta\/#website\",\"url\":\"https:\/\/nk7-testes.com.br\/agazeta\/\",\"name\":\"Agazeta.net\",\"description\":\"Agazeta.net - Not\u00edcias de Rio Branco\/AC\",\"potentialAction\":[{\"@type\":\"SearchAction\",\"target\":{\"@type\":\"EntryPoint\",\"urlTemplate\":\"https:\/\/nk7-testes.com.br\/agazeta\/?s={search_term_string}\"},\"query-input\":{\"@type\":\"PropertyValueSpecification\",\"valueRequired\":true,\"valueName\":\"search_term_string\"}}],\"inLanguage\":\"pt-BR\"},{\"@type\":\"Person\",\"@id\":\"https:\/\/nk7-testes.com.br\/agazeta\/#\/schema\/person\/6d6e25cb0435eb4a02fd44d30b4e3020\",\"name\":\"Agazeta.Net\",\"url\":\"https:\/\/nk7-testes.com.br\/agazeta\/author\/agazeta\/\"}]}<\/script>\n<!-- \/ Yoast SEO plugin. -->","yoast_head_json":{"title":"Acre sedia Congresso NO e NE de Pesquisa e Inova\u00e7\u00e3o - Agazeta.net","robots":{"index":"index","follow":"follow","max-snippet":"max-snippet:-1","max-image-preview":"max-image-preview:large","max-video-preview":"max-video-preview:-1"},"canonical":"https:\/\/nk7-testes.com.br\/agazeta\/acre-sedia-congresso-no-e-ne-de-pesquisa-e-inovacao\/","og_locale":"pt_BR","og_type":"article","og_title":"Acre sedia Congresso NO e NE de Pesquisa e Inova\u00e7\u00e3o - Agazeta.net","og_description":"Essa \u00e9 a d\u00e9cima edi\u00e7\u00e3o do encontro","og_url":"https:\/\/nk7-testes.com.br\/agazeta\/acre-sedia-congresso-no-e-ne-de-pesquisa-e-inovacao\/","og_site_name":"Agazeta.net","article_published_time":"2015-08-27T15:23:49+00:00","og_image":[{"width":458,"height":340,"url":"https:\/\/nk7-testes.com.br\/agazeta\/wp-content\/uploads\/2015\/08\/270815-cotidiano-cienciaetecnologia-gleilsonmiranda.jpg","type":"image\/jpeg"}],"author":"Agazeta.Net","twitter_card":"summary_large_image","twitter_misc":{"Escrito por":"Agazeta.Net","Est. tempo de leitura":"2 minutos"},"schema":{"@context":"https:\/\/schema.org","@graph":[{"@type":"WebPage","@id":"https:\/\/nk7-testes.com.br\/agazeta\/acre-sedia-congresso-no-e-ne-de-pesquisa-e-inovacao\/","url":"https:\/\/nk7-testes.com.br\/agazeta\/acre-sedia-congresso-no-e-ne-de-pesquisa-e-inovacao\/","name":"Acre sedia Congresso NO e NE de Pesquisa e Inova\u00e7\u00e3o - Agazeta.net","isPartOf":{"@id":"https:\/\/nk7-testes.com.br\/agazeta\/#website"},"primaryImageOfPage":{"@id":"https:\/\/nk7-testes.com.br\/agazeta\/acre-sedia-congresso-no-e-ne-de-pesquisa-e-inovacao\/#primaryimage"},"image":{"@id":"https:\/\/nk7-testes.com.br\/agazeta\/acre-sedia-congresso-no-e-ne-de-pesquisa-e-inovacao\/#primaryimage"},"thumbnailUrl":"https:\/\/nk7-testes.com.br\/agazeta\/wp-content\/uploads\/2015\/08\/270815-cotidiano-cienciaetecnologia-gleilsonmiranda.jpg","datePublished":"2015-08-27T15:23:49+00:00","author":{"@id":"https:\/\/nk7-testes.com.br\/agazeta\/#\/schema\/person\/6d6e25cb0435eb4a02fd44d30b4e3020"},"breadcrumb":{"@id":"https:\/\/nk7-testes.com.br\/agazeta\/acre-sedia-congresso-no-e-ne-de-pesquisa-e-inovacao\/#breadcrumb"},"inLanguage":"pt-BR","potentialAction":[{"@type":"ReadAction","target":["https:\/\/nk7-testes.com.br\/agazeta\/acre-sedia-congresso-no-e-ne-de-pesquisa-e-inovacao\/"]}]},{"@type":"ImageObject","inLanguage":"pt-BR","@id":"https:\/\/nk7-testes.com.br\/agazeta\/acre-sedia-congresso-no-e-ne-de-pesquisa-e-inovacao\/#primaryimage","url":"https:\/\/nk7-testes.com.br\/agazeta\/wp-content\/uploads\/2015\/08\/270815-cotidiano-cienciaetecnologia-gleilsonmiranda.jpg","contentUrl":"https:\/\/nk7-testes.com.br\/agazeta\/wp-content\/uploads\/2015\/08\/270815-cotidiano-cienciaetecnologia-gleilsonmiranda.jpg","width":458,"height":340,"caption":"270815-cotidiano-cienciaetecnologia-gleilsonmiranda"},{"@type":"BreadcrumbList","@id":"https:\/\/nk7-testes.com.br\/agazeta\/acre-sedia-congresso-no-e-ne-de-pesquisa-e-inovacao\/#breadcrumb","itemListElement":[{"@type":"ListItem","position":1,"name":"In\u00edcio","item":"https:\/\/nk7-testes.com.br\/agazeta\/"},{"@type":"ListItem","position":2,"name":"Acre sedia Congresso NO e NE de Pesquisa e Inova\u00e7\u00e3o"}]},{"@type":"WebSite","@id":"https:\/\/nk7-testes.com.br\/agazeta\/#website","url":"https:\/\/nk7-testes.com.br\/agazeta\/","name":"Agazeta.net","description":"Agazeta.net - Not\u00edcias de Rio Branco\/AC","potentialAction":[{"@type":"SearchAction","target":{"@type":"EntryPoint","urlTemplate":"https:\/\/nk7-testes.com.br\/agazeta\/?s={search_term_string}"},"query-input":{"@type":"PropertyValueSpecification","valueRequired":true,"valueName":"search_term_string"}}],"inLanguage":"pt-BR"},{"@type":"Person","@id":"https:\/\/nk7-testes.com.br\/agazeta\/#\/schema\/person\/6d6e25cb0435eb4a02fd44d30b4e3020","name":"Agazeta.Net","url":"https:\/\/nk7-testes.com.br\/agazeta\/author\/agazeta\/"}]}},"_links":{"self":[{"href":"https:\/\/nk7-testes.com.br\/agazeta\/wp-json\/wp\/v2\/posts\/17962","targetHints":{"allow":["GET"]}}],"collection":[{"href":"https:\/\/nk7-testes.com.br\/agazeta\/wp-json\/wp\/v2\/posts"}],"about":[{"href":"https:\/\/nk7-testes.com.br\/agazeta\/wp-json\/wp\/v2\/types\/post"}],"author":[{"embeddable":true,"href":"https:\/\/nk7-testes.com.br\/agazeta\/wp-json\/wp\/v2\/users\/4"}],"replies":[{"embeddable":true,"href":"https:\/\/nk7-testes.com.br\/agazeta\/wp-json\/wp\/v2\/comments?post=17962"}],"version-history":[{"count":0,"href":"https:\/\/nk7-testes.com.br\/agazeta\/wp-json\/wp\/v2\/posts\/17962\/revisions"}],"wp:featuredmedia":[{"embeddable":true,"href":"https:\/\/nk7-testes.com.br\/agazeta\/wp-json\/wp\/v2\/media\/17961"}],"wp:attachment":[{"href":"https:\/\/nk7-testes.com.br\/agazeta\/wp-json\/wp\/v2\/media?parent=17962"}],"wp:term":[{"taxonomy":"category","embeddable":true,"href":"https:\/\/nk7-testes.com.br\/agazeta\/wp-json\/wp\/v2\/categories?post=17962"},{"taxonomy":"post_tag","embeddable":true,"href":"https:\/\/nk7-testes.com.br\/agazeta\/wp-json\/wp\/v2\/tags?post=17962"}],"curies":[{"name":"wp","href":"https:\/\/api.w.org\/{rel}","templated":true}]}}