{"id":17940,"date":"2015-08-26T22:57:51","date_gmt":"2015-08-26T22:57:51","guid":{"rendered":"https:\/\/abarevegan.com.br\/index.php\/2015\/08\/26\/eletrobras-nega-falta-de-energia-em-presidio\/"},"modified":"2015-08-26T22:57:51","modified_gmt":"2015-08-26T22:57:51","slug":"eletrobras-nega-falta-de-energia-em-presidio","status":"publish","type":"post","link":"https:\/\/nk7-testes.com.br\/agazeta\/eletrobras-nega-falta-de-energia-em-presidio\/","title":{"rendered":"Eletrobras nega falta de energia em pres\u00eddio"},"content":{"rendered":"<p style=\"text-align: justify;\">Energia foi restabelecida \u00e0s 13 horas, defende-se<\/p>\n<p style=\"text-align: justify;\">A Eletrobras Distribui\u00e7\u00e3o Acre divulga nota em que nega que o pres\u00eddio Papudinha estivesse sem energia el\u00e9trica no momento em que os presos que cumprem pena no regime semiaberto chegavam para dormir.<\/p>\n<p style=\"text-align: justify;\">Nas contas da Eletrobras Distribui\u00e7\u00e3o Acre o restabelecimento da energia ocorreu \u201cantes das 13 horas\u201d e que, portanto, \u201ca Unidade Prisional continuou sem energia por um problema nas instala\u00e7\u00f5es internas no pres\u00eddio\u201d.<\/p>\n<p style=\"text-align: justify;\">A assessoria do Iapen lembrou que a libera\u00e7\u00e3o dos presos para que dormissem nas resid\u00eancias foi uma decis\u00e3o \u201cde comum acordo\u201d com a ju\u00edza da vara de Execu\u00e7\u00f5es Penais, Luana Campos, de maneira informal.<\/p>\n<p style=\"text-align: justify;\">A assessoria confirmou que&nbsp;a falta de energia foi ocasionada pela queda de um poste instalado em uma \u00e1rea privada. O problema no poste causou danos \u00e0 parte el\u00e9trica da unidade penitenci\u00e1ria. Servi\u00e7o este que o Instituto de Administra\u00e7\u00e3o Penitenci\u00e1ria (Iapen) s\u00f3 conseguiu concluir na manh\u00e3 desta quarta-feira (26). Entretanto, na ter\u00e7a-feira (25), quando a energia foi restabelecida pela Eletrobras Distribui\u00e7\u00e3o Acre, voltou em apenas uma fase.<\/p>\n<p style=\"text-align: justify;\"><strong>Nota da Eletrobras<\/strong><\/p>\n<p style=\"text-align: justify;\">Em rela\u00e7\u00e3o \u00e0 informa\u00e7\u00e3o veiculada pelos principais ve\u00edculos da imprensa local, informando que detentos da UP \u2013 4, conhecida como Papudinha, foram liberados para dormir em casa por falta de energia, a Eletrobras Distribui\u00e7\u00e3o Acre esclarece que:<br \/>\u00c0s 10h da manh\u00e3 de ontem, 25, recebeu uma reclama\u00e7\u00e3o de interrup\u00e7\u00e3o no fornecimento de energia no local, por meio do seu Centro de Opera\u00e7\u00e3o Integrada. <br \/>Foi identificando que se tratava de um poste abalroado por uma m\u00e1quina que trabalha na constru\u00e7\u00e3o do Instituto de Traumatologia e Ortopedia do Acre (Into\/AC), por onde passa a rede em quest\u00e3o, que n\u00e3o \u00e9 de propriedade da Concession\u00e1ria.<\/p>\n<p style=\"text-align: justify;\">Por ser uma rede particular, a responsabilidade pela manuten\u00e7\u00e3o \u00e9 do propriet\u00e1rio. No entanto, levando em conta a relev\u00e2ncia do caso e a parceria que a Eletrobras Distribui\u00e7\u00e3o Acre mant\u00e9m com as institui\u00e7\u00f5es p\u00fablicas no Estado, a Distribuidora atendeu prontamente ao chamado, restabelecendo o fornecimento antes das 13h. Contudo, a Unidade Prisional continuou sem energia por um problema nas instala\u00e7\u00f5es internas no pres\u00eddio.<\/p>\n<p style=\"text-align: justify;\">A Eletrobras Distribui\u00e7\u00e3o Acre se coloca a disposi\u00e7\u00e3o para eventuais esclarecimentos.<\/p>\n<p><strong>A Dire\u00e7\u00e3o<\/strong><\/p>\n","protected":false},"excerpt":{"rendered":"<p style=\"text-align: justify;\">Energia foi restabelecida \u00e0s 13 horas, defende-se<\/p>\n","protected":false},"author":4,"featured_media":11131,"comment_status":"open","ping_status":"open","sticky":false,"template":"","format":"standard","meta":{"jnews-multi-image_gallery":[],"jnews_single_post":[],"jnews_primary_category":[],"jnews_social_meta":[],"jnews_review":[],"enable_review":"","type":"","name":"","summary":"","brand":"","sku":"","good":[],"bad":[],"score_override":"","override_value":"","rating":[],"price":[],"footnotes":""},"categories":[54],"tags":[],"class_list":["post-17940","post","type-post","status-publish","format-standard","has-post-thumbnail","hentry","category-cotidiano"],"yoast_head":"<!-- This site is optimized with the Yoast SEO plugin v26.5 - https:\/\/yoast.com\/wordpress\/plugins\/seo\/ -->\n<title>Eletrobras nega falta de energia em pres\u00eddio - Agazeta.net<\/title>\n<meta name=\"robots\" content=\"index, follow, max-snippet:-1, max-image-preview:large, max-video-preview:-1\" \/>\n<link rel=\"canonical\" href=\"https:\/\/nk7-testes.com.br\/agazeta\/eletrobras-nega-falta-de-energia-em-presidio\/\" \/>\n<meta property=\"og:locale\" content=\"pt_BR\" \/>\n<meta property=\"og:type\" content=\"article\" \/>\n<meta property=\"og:title\" content=\"Eletrobras nega falta de energia em pres\u00eddio - Agazeta.net\" \/>\n<meta property=\"og:description\" content=\"Energia foi restabelecida \u00e0s 13 horas, defende-se\" \/>\n<meta property=\"og:url\" content=\"https:\/\/nk7-testes.com.br\/agazeta\/eletrobras-nega-falta-de-energia-em-presidio\/\" \/>\n<meta property=\"og:site_name\" content=\"Agazeta.net\" \/>\n<meta property=\"article:published_time\" content=\"2015-08-26T22:57:51+00:00\" \/>\n<meta property=\"og:image\" content=\"https:\/\/nk7-testes.com.br\/agazeta\/wp-content\/uploads\/2014\/10\/3110-cotidiano-eletrobras-tvgazeta.jpg\" \/>\n\t<meta property=\"og:image:width\" content=\"458\" \/>\n\t<meta property=\"og:image:height\" content=\"340\" \/>\n\t<meta property=\"og:image:type\" content=\"image\/jpeg\" \/>\n<meta name=\"author\" content=\"Agazeta.Net\" \/>\n<meta name=\"twitter:card\" content=\"summary_large_image\" \/>\n<meta name=\"twitter:label1\" content=\"Escrito por\" \/>\n\t<meta name=\"twitter:data1\" content=\"Agazeta.Net\" \/>\n\t<meta name=\"twitter:label2\" content=\"Est. tempo de leitura\" \/>\n\t<meta name=\"twitter:data2\" content=\"2 minutos\" \/>\n<script type=\"application\/ld+json\" class=\"yoast-schema-graph\">{\"@context\":\"https:\/\/schema.org\",\"@graph\":[{\"@type\":\"WebPage\",\"@id\":\"https:\/\/nk7-testes.com.br\/agazeta\/eletrobras-nega-falta-de-energia-em-presidio\/\",\"url\":\"https:\/\/nk7-testes.com.br\/agazeta\/eletrobras-nega-falta-de-energia-em-presidio\/\",\"name\":\"Eletrobras nega falta de energia em pres\u00eddio - Agazeta.net\",\"isPartOf\":{\"@id\":\"https:\/\/nk7-testes.com.br\/agazeta\/#website\"},\"primaryImageOfPage\":{\"@id\":\"https:\/\/nk7-testes.com.br\/agazeta\/eletrobras-nega-falta-de-energia-em-presidio\/#primaryimage\"},\"image\":{\"@id\":\"https:\/\/nk7-testes.com.br\/agazeta\/eletrobras-nega-falta-de-energia-em-presidio\/#primaryimage\"},\"thumbnailUrl\":\"https:\/\/nk7-testes.com.br\/agazeta\/wp-content\/uploads\/2014\/10\/3110-cotidiano-eletrobras-tvgazeta.jpg\",\"datePublished\":\"2015-08-26T22:57:51+00:00\",\"author\":{\"@id\":\"https:\/\/nk7-testes.com.br\/agazeta\/#\/schema\/person\/6d6e25cb0435eb4a02fd44d30b4e3020\"},\"breadcrumb\":{\"@id\":\"https:\/\/nk7-testes.com.br\/agazeta\/eletrobras-nega-falta-de-energia-em-presidio\/#breadcrumb\"},\"inLanguage\":\"pt-BR\",\"potentialAction\":[{\"@type\":\"ReadAction\",\"target\":[\"https:\/\/nk7-testes.com.br\/agazeta\/eletrobras-nega-falta-de-energia-em-presidio\/\"]}]},{\"@type\":\"ImageObject\",\"inLanguage\":\"pt-BR\",\"@id\":\"https:\/\/nk7-testes.com.br\/agazeta\/eletrobras-nega-falta-de-energia-em-presidio\/#primaryimage\",\"url\":\"https:\/\/nk7-testes.com.br\/agazeta\/wp-content\/uploads\/2014\/10\/3110-cotidiano-eletrobras-tvgazeta.jpg\",\"contentUrl\":\"https:\/\/nk7-testes.com.br\/agazeta\/wp-content\/uploads\/2014\/10\/3110-cotidiano-eletrobras-tvgazeta.jpg\",\"width\":458,\"height\":340,\"caption\":\"3110-cotidiano-eletrobras-tvgazeta\"},{\"@type\":\"BreadcrumbList\",\"@id\":\"https:\/\/nk7-testes.com.br\/agazeta\/eletrobras-nega-falta-de-energia-em-presidio\/#breadcrumb\",\"itemListElement\":[{\"@type\":\"ListItem\",\"position\":1,\"name\":\"In\u00edcio\",\"item\":\"https:\/\/nk7-testes.com.br\/agazeta\/\"},{\"@type\":\"ListItem\",\"position\":2,\"name\":\"Eletrobras nega falta de energia em pres\u00eddio\"}]},{\"@type\":\"WebSite\",\"@id\":\"https:\/\/nk7-testes.com.br\/agazeta\/#website\",\"url\":\"https:\/\/nk7-testes.com.br\/agazeta\/\",\"name\":\"Agazeta.net\",\"description\":\"Agazeta.net - Not\u00edcias de Rio Branco\/AC\",\"potentialAction\":[{\"@type\":\"SearchAction\",\"target\":{\"@type\":\"EntryPoint\",\"urlTemplate\":\"https:\/\/nk7-testes.com.br\/agazeta\/?s={search_term_string}\"},\"query-input\":{\"@type\":\"PropertyValueSpecification\",\"valueRequired\":true,\"valueName\":\"search_term_string\"}}],\"inLanguage\":\"pt-BR\"},{\"@type\":\"Person\",\"@id\":\"https:\/\/nk7-testes.com.br\/agazeta\/#\/schema\/person\/6d6e25cb0435eb4a02fd44d30b4e3020\",\"name\":\"Agazeta.Net\",\"url\":\"https:\/\/nk7-testes.com.br\/agazeta\/author\/agazeta\/\"}]}<\/script>\n<!-- \/ Yoast SEO plugin. -->","yoast_head_json":{"title":"Eletrobras nega falta de energia em pres\u00eddio - Agazeta.net","robots":{"index":"index","follow":"follow","max-snippet":"max-snippet:-1","max-image-preview":"max-image-preview:large","max-video-preview":"max-video-preview:-1"},"canonical":"https:\/\/nk7-testes.com.br\/agazeta\/eletrobras-nega-falta-de-energia-em-presidio\/","og_locale":"pt_BR","og_type":"article","og_title":"Eletrobras nega falta de energia em pres\u00eddio - Agazeta.net","og_description":"Energia foi restabelecida \u00e0s 13 horas, defende-se","og_url":"https:\/\/nk7-testes.com.br\/agazeta\/eletrobras-nega-falta-de-energia-em-presidio\/","og_site_name":"Agazeta.net","article_published_time":"2015-08-26T22:57:51+00:00","og_image":[{"width":458,"height":340,"url":"https:\/\/nk7-testes.com.br\/agazeta\/wp-content\/uploads\/2014\/10\/3110-cotidiano-eletrobras-tvgazeta.jpg","type":"image\/jpeg"}],"author":"Agazeta.Net","twitter_card":"summary_large_image","twitter_misc":{"Escrito por":"Agazeta.Net","Est. tempo de leitura":"2 minutos"},"schema":{"@context":"https:\/\/schema.org","@graph":[{"@type":"WebPage","@id":"https:\/\/nk7-testes.com.br\/agazeta\/eletrobras-nega-falta-de-energia-em-presidio\/","url":"https:\/\/nk7-testes.com.br\/agazeta\/eletrobras-nega-falta-de-energia-em-presidio\/","name":"Eletrobras nega falta de energia em pres\u00eddio - Agazeta.net","isPartOf":{"@id":"https:\/\/nk7-testes.com.br\/agazeta\/#website"},"primaryImageOfPage":{"@id":"https:\/\/nk7-testes.com.br\/agazeta\/eletrobras-nega-falta-de-energia-em-presidio\/#primaryimage"},"image":{"@id":"https:\/\/nk7-testes.com.br\/agazeta\/eletrobras-nega-falta-de-energia-em-presidio\/#primaryimage"},"thumbnailUrl":"https:\/\/nk7-testes.com.br\/agazeta\/wp-content\/uploads\/2014\/10\/3110-cotidiano-eletrobras-tvgazeta.jpg","datePublished":"2015-08-26T22:57:51+00:00","author":{"@id":"https:\/\/nk7-testes.com.br\/agazeta\/#\/schema\/person\/6d6e25cb0435eb4a02fd44d30b4e3020"},"breadcrumb":{"@id":"https:\/\/nk7-testes.com.br\/agazeta\/eletrobras-nega-falta-de-energia-em-presidio\/#breadcrumb"},"inLanguage":"pt-BR","potentialAction":[{"@type":"ReadAction","target":["https:\/\/nk7-testes.com.br\/agazeta\/eletrobras-nega-falta-de-energia-em-presidio\/"]}]},{"@type":"ImageObject","inLanguage":"pt-BR","@id":"https:\/\/nk7-testes.com.br\/agazeta\/eletrobras-nega-falta-de-energia-em-presidio\/#primaryimage","url":"https:\/\/nk7-testes.com.br\/agazeta\/wp-content\/uploads\/2014\/10\/3110-cotidiano-eletrobras-tvgazeta.jpg","contentUrl":"https:\/\/nk7-testes.com.br\/agazeta\/wp-content\/uploads\/2014\/10\/3110-cotidiano-eletrobras-tvgazeta.jpg","width":458,"height":340,"caption":"3110-cotidiano-eletrobras-tvgazeta"},{"@type":"BreadcrumbList","@id":"https:\/\/nk7-testes.com.br\/agazeta\/eletrobras-nega-falta-de-energia-em-presidio\/#breadcrumb","itemListElement":[{"@type":"ListItem","position":1,"name":"In\u00edcio","item":"https:\/\/nk7-testes.com.br\/agazeta\/"},{"@type":"ListItem","position":2,"name":"Eletrobras nega falta de energia em pres\u00eddio"}]},{"@type":"WebSite","@id":"https:\/\/nk7-testes.com.br\/agazeta\/#website","url":"https:\/\/nk7-testes.com.br\/agazeta\/","name":"Agazeta.net","description":"Agazeta.net - Not\u00edcias de Rio Branco\/AC","potentialAction":[{"@type":"SearchAction","target":{"@type":"EntryPoint","urlTemplate":"https:\/\/nk7-testes.com.br\/agazeta\/?s={search_term_string}"},"query-input":{"@type":"PropertyValueSpecification","valueRequired":true,"valueName":"search_term_string"}}],"inLanguage":"pt-BR"},{"@type":"Person","@id":"https:\/\/nk7-testes.com.br\/agazeta\/#\/schema\/person\/6d6e25cb0435eb4a02fd44d30b4e3020","name":"Agazeta.Net","url":"https:\/\/nk7-testes.com.br\/agazeta\/author\/agazeta\/"}]}},"_links":{"self":[{"href":"https:\/\/nk7-testes.com.br\/agazeta\/wp-json\/wp\/v2\/posts\/17940","targetHints":{"allow":["GET"]}}],"collection":[{"href":"https:\/\/nk7-testes.com.br\/agazeta\/wp-json\/wp\/v2\/posts"}],"about":[{"href":"https:\/\/nk7-testes.com.br\/agazeta\/wp-json\/wp\/v2\/types\/post"}],"author":[{"embeddable":true,"href":"https:\/\/nk7-testes.com.br\/agazeta\/wp-json\/wp\/v2\/users\/4"}],"replies":[{"embeddable":true,"href":"https:\/\/nk7-testes.com.br\/agazeta\/wp-json\/wp\/v2\/comments?post=17940"}],"version-history":[{"count":0,"href":"https:\/\/nk7-testes.com.br\/agazeta\/wp-json\/wp\/v2\/posts\/17940\/revisions"}],"wp:featuredmedia":[{"embeddable":true,"href":"https:\/\/nk7-testes.com.br\/agazeta\/wp-json\/wp\/v2\/media\/11131"}],"wp:attachment":[{"href":"https:\/\/nk7-testes.com.br\/agazeta\/wp-json\/wp\/v2\/media?parent=17940"}],"wp:term":[{"taxonomy":"category","embeddable":true,"href":"https:\/\/nk7-testes.com.br\/agazeta\/wp-json\/wp\/v2\/categories?post=17940"},{"taxonomy":"post_tag","embeddable":true,"href":"https:\/\/nk7-testes.com.br\/agazeta\/wp-json\/wp\/v2\/tags?post=17940"}],"curies":[{"name":"wp","href":"https:\/\/api.w.org\/{rel}","templated":true}]}}