{"id":17934,"date":"2015-08-26T15:32:17","date_gmt":"2015-08-26T15:32:17","guid":{"rendered":"https:\/\/abarevegan.com.br\/index.php\/2015\/08\/26\/peixes-da-amazonia-inicia-comercializacao\/"},"modified":"2015-08-26T15:32:17","modified_gmt":"2015-08-26T15:32:17","slug":"peixes-da-amazonia-inicia-comercializacao","status":"publish","type":"post","link":"https:\/\/nk7-testes.com.br\/agazeta\/peixes-da-amazonia-inicia-comercializacao\/","title":{"rendered":"Peixes da Amaz\u00f4nia inicia comercializa\u00e7\u00e3o"},"content":{"rendered":"<p style=\"text-align: justify;\">Primeiras 16 toneladas v\u00e3o para o Centro-Oeste<\/p>\n<p style=\"text-align: justify;\">A Peixes da Amaz\u00f4nia S\/A iniciou na manh\u00e3 desta quarta-feira (26) a comercializa\u00e7\u00e3o para fora do Acre. A Upper Foods Distribuidora de Alimentos foi a primeira cliente. A primeira encomenda foi de 16 toneladas.<\/p>\n<p style=\"text-align: justify;\">A maior parte da carga (cerca de 70%) \u00e9 composta por pirarucu. A Upper Foods mant\u00e9m uma rede de distribui\u00e7\u00e3o por todo o Centro-Oeste. Est\u00e1 previsto o envio de um segundo lote de mais 16 toneladas.<\/p>\n<p style=\"text-align: justify;\">Essa encomenda da Upper vai abastecer restaurantes especializados em pescado na regi\u00e3o Centro-Oeste: Universal Restaurante, Bloco C Restaurante, Carpe Diem Restaurante, Francisco Restaurante, Peixaria rio Mar e Cia do Peixe (os dois \u00faltimos em Goi\u00e2nia).<\/p>\n<p style=\"text-align: justify;\">A Peixes da Amaz\u00f4nia j\u00e1 enviou lotes menores para S\u00e3o Paulo para que fossem feitas avalia\u00e7\u00f5es de corte e qualidade: estrat\u00e9gias para conquista do sens\u00edvel mercado do pescado.<\/p>\n<p style=\"text-align: justify;\">Recentemente, executivos de tr\u00eas grandes grupos empresariais (P\u00e3o de A\u00e7\u00facar, Sass\u00e1 Sushi e Vivenda do Camar\u00e3o) visitaram as instala\u00e7\u00f5es do Complexo de Piscicultura. <br \/>Ainda n\u00e3o foi formalizado nenhum contrato, mas, segundo acionistas da Peixes da Amaz\u00f4nia (empresa que administra o complexo), \u201ca primeira impress\u00e3o causada foi muito boa\u201d.<\/p>\n","protected":false},"excerpt":{"rendered":"<p style=\"text-align: justify;\">Primeiras 16 toneladas v\u00e3o para o Centro-Oeste<\/p>\n","protected":false},"author":4,"featured_media":17933,"comment_status":"open","ping_status":"open","sticky":false,"template":"","format":"standard","meta":{"jnews-multi-image_gallery":[],"jnews_single_post":[],"jnews_primary_category":[],"jnews_social_meta":[],"jnews_review":[],"enable_review":"","type":"","name":"","summary":"","brand":"","sku":"","good":[],"bad":[],"score_override":"","override_value":"","rating":[],"price":[],"footnotes":""},"categories":[54],"tags":[],"class_list":["post-17934","post","type-post","status-publish","format-standard","has-post-thumbnail","hentry","category-cotidiano"],"yoast_head":"<!-- This site is optimized with the Yoast SEO plugin v26.5 - https:\/\/yoast.com\/wordpress\/plugins\/seo\/ -->\n<title>Peixes da Amaz\u00f4nia inicia comercializa\u00e7\u00e3o - Agazeta.net<\/title>\n<meta name=\"robots\" content=\"index, follow, max-snippet:-1, max-image-preview:large, max-video-preview:-1\" \/>\n<link rel=\"canonical\" href=\"https:\/\/nk7-testes.com.br\/agazeta\/peixes-da-amazonia-inicia-comercializacao\/\" \/>\n<meta property=\"og:locale\" content=\"pt_BR\" \/>\n<meta property=\"og:type\" content=\"article\" \/>\n<meta property=\"og:title\" content=\"Peixes da Amaz\u00f4nia inicia comercializa\u00e7\u00e3o - Agazeta.net\" \/>\n<meta property=\"og:description\" content=\"Primeiras 16 toneladas v\u00e3o para o Centro-Oeste\" \/>\n<meta property=\"og:url\" content=\"https:\/\/nk7-testes.com.br\/agazeta\/peixes-da-amazonia-inicia-comercializacao\/\" \/>\n<meta property=\"og:site_name\" content=\"Agazeta.net\" \/>\n<meta property=\"article:published_time\" content=\"2015-08-26T15:32:17+00:00\" \/>\n<meta property=\"og:image\" content=\"https:\/\/nk7-testes.com.br\/agazeta\/wp-content\/uploads\/2015\/08\/260815-cotidiano-peixesdaamazonia-cedida.jpg\" \/>\n\t<meta property=\"og:image:width\" content=\"458\" \/>\n\t<meta property=\"og:image:height\" content=\"340\" \/>\n\t<meta property=\"og:image:type\" content=\"image\/jpeg\" \/>\n<meta name=\"author\" content=\"Agazeta.Net\" \/>\n<meta name=\"twitter:card\" content=\"summary_large_image\" \/>\n<meta name=\"twitter:label1\" content=\"Escrito por\" \/>\n\t<meta name=\"twitter:data1\" content=\"Agazeta.Net\" \/>\n\t<meta name=\"twitter:label2\" content=\"Est. tempo de leitura\" \/>\n\t<meta name=\"twitter:data2\" content=\"1 minuto\" \/>\n<script type=\"application\/ld+json\" class=\"yoast-schema-graph\">{\"@context\":\"https:\/\/schema.org\",\"@graph\":[{\"@type\":\"WebPage\",\"@id\":\"https:\/\/nk7-testes.com.br\/agazeta\/peixes-da-amazonia-inicia-comercializacao\/\",\"url\":\"https:\/\/nk7-testes.com.br\/agazeta\/peixes-da-amazonia-inicia-comercializacao\/\",\"name\":\"Peixes da Amaz\u00f4nia inicia comercializa\u00e7\u00e3o - Agazeta.net\",\"isPartOf\":{\"@id\":\"https:\/\/nk7-testes.com.br\/agazeta\/#website\"},\"primaryImageOfPage\":{\"@id\":\"https:\/\/nk7-testes.com.br\/agazeta\/peixes-da-amazonia-inicia-comercializacao\/#primaryimage\"},\"image\":{\"@id\":\"https:\/\/nk7-testes.com.br\/agazeta\/peixes-da-amazonia-inicia-comercializacao\/#primaryimage\"},\"thumbnailUrl\":\"https:\/\/nk7-testes.com.br\/agazeta\/wp-content\/uploads\/2015\/08\/260815-cotidiano-peixesdaamazonia-cedida.jpg\",\"datePublished\":\"2015-08-26T15:32:17+00:00\",\"author\":{\"@id\":\"https:\/\/nk7-testes.com.br\/agazeta\/#\/schema\/person\/6d6e25cb0435eb4a02fd44d30b4e3020\"},\"breadcrumb\":{\"@id\":\"https:\/\/nk7-testes.com.br\/agazeta\/peixes-da-amazonia-inicia-comercializacao\/#breadcrumb\"},\"inLanguage\":\"pt-BR\",\"potentialAction\":[{\"@type\":\"ReadAction\",\"target\":[\"https:\/\/nk7-testes.com.br\/agazeta\/peixes-da-amazonia-inicia-comercializacao\/\"]}]},{\"@type\":\"ImageObject\",\"inLanguage\":\"pt-BR\",\"@id\":\"https:\/\/nk7-testes.com.br\/agazeta\/peixes-da-amazonia-inicia-comercializacao\/#primaryimage\",\"url\":\"https:\/\/nk7-testes.com.br\/agazeta\/wp-content\/uploads\/2015\/08\/260815-cotidiano-peixesdaamazonia-cedida.jpg\",\"contentUrl\":\"https:\/\/nk7-testes.com.br\/agazeta\/wp-content\/uploads\/2015\/08\/260815-cotidiano-peixesdaamazonia-cedida.jpg\",\"width\":458,\"height\":340,\"caption\":\"260815-cotidiano-peixesdaamazonia-cedida\"},{\"@type\":\"BreadcrumbList\",\"@id\":\"https:\/\/nk7-testes.com.br\/agazeta\/peixes-da-amazonia-inicia-comercializacao\/#breadcrumb\",\"itemListElement\":[{\"@type\":\"ListItem\",\"position\":1,\"name\":\"In\u00edcio\",\"item\":\"https:\/\/nk7-testes.com.br\/agazeta\/\"},{\"@type\":\"ListItem\",\"position\":2,\"name\":\"Peixes da Amaz\u00f4nia inicia comercializa\u00e7\u00e3o\"}]},{\"@type\":\"WebSite\",\"@id\":\"https:\/\/nk7-testes.com.br\/agazeta\/#website\",\"url\":\"https:\/\/nk7-testes.com.br\/agazeta\/\",\"name\":\"Agazeta.net\",\"description\":\"Agazeta.net - Not\u00edcias de Rio Branco\/AC\",\"potentialAction\":[{\"@type\":\"SearchAction\",\"target\":{\"@type\":\"EntryPoint\",\"urlTemplate\":\"https:\/\/nk7-testes.com.br\/agazeta\/?s={search_term_string}\"},\"query-input\":{\"@type\":\"PropertyValueSpecification\",\"valueRequired\":true,\"valueName\":\"search_term_string\"}}],\"inLanguage\":\"pt-BR\"},{\"@type\":\"Person\",\"@id\":\"https:\/\/nk7-testes.com.br\/agazeta\/#\/schema\/person\/6d6e25cb0435eb4a02fd44d30b4e3020\",\"name\":\"Agazeta.Net\",\"url\":\"https:\/\/nk7-testes.com.br\/agazeta\/author\/agazeta\/\"}]}<\/script>\n<!-- \/ Yoast SEO plugin. -->","yoast_head_json":{"title":"Peixes da Amaz\u00f4nia inicia comercializa\u00e7\u00e3o - Agazeta.net","robots":{"index":"index","follow":"follow","max-snippet":"max-snippet:-1","max-image-preview":"max-image-preview:large","max-video-preview":"max-video-preview:-1"},"canonical":"https:\/\/nk7-testes.com.br\/agazeta\/peixes-da-amazonia-inicia-comercializacao\/","og_locale":"pt_BR","og_type":"article","og_title":"Peixes da Amaz\u00f4nia inicia comercializa\u00e7\u00e3o - Agazeta.net","og_description":"Primeiras 16 toneladas v\u00e3o para o Centro-Oeste","og_url":"https:\/\/nk7-testes.com.br\/agazeta\/peixes-da-amazonia-inicia-comercializacao\/","og_site_name":"Agazeta.net","article_published_time":"2015-08-26T15:32:17+00:00","og_image":[{"width":458,"height":340,"url":"https:\/\/nk7-testes.com.br\/agazeta\/wp-content\/uploads\/2015\/08\/260815-cotidiano-peixesdaamazonia-cedida.jpg","type":"image\/jpeg"}],"author":"Agazeta.Net","twitter_card":"summary_large_image","twitter_misc":{"Escrito por":"Agazeta.Net","Est. tempo de leitura":"1 minuto"},"schema":{"@context":"https:\/\/schema.org","@graph":[{"@type":"WebPage","@id":"https:\/\/nk7-testes.com.br\/agazeta\/peixes-da-amazonia-inicia-comercializacao\/","url":"https:\/\/nk7-testes.com.br\/agazeta\/peixes-da-amazonia-inicia-comercializacao\/","name":"Peixes da Amaz\u00f4nia inicia comercializa\u00e7\u00e3o - Agazeta.net","isPartOf":{"@id":"https:\/\/nk7-testes.com.br\/agazeta\/#website"},"primaryImageOfPage":{"@id":"https:\/\/nk7-testes.com.br\/agazeta\/peixes-da-amazonia-inicia-comercializacao\/#primaryimage"},"image":{"@id":"https:\/\/nk7-testes.com.br\/agazeta\/peixes-da-amazonia-inicia-comercializacao\/#primaryimage"},"thumbnailUrl":"https:\/\/nk7-testes.com.br\/agazeta\/wp-content\/uploads\/2015\/08\/260815-cotidiano-peixesdaamazonia-cedida.jpg","datePublished":"2015-08-26T15:32:17+00:00","author":{"@id":"https:\/\/nk7-testes.com.br\/agazeta\/#\/schema\/person\/6d6e25cb0435eb4a02fd44d30b4e3020"},"breadcrumb":{"@id":"https:\/\/nk7-testes.com.br\/agazeta\/peixes-da-amazonia-inicia-comercializacao\/#breadcrumb"},"inLanguage":"pt-BR","potentialAction":[{"@type":"ReadAction","target":["https:\/\/nk7-testes.com.br\/agazeta\/peixes-da-amazonia-inicia-comercializacao\/"]}]},{"@type":"ImageObject","inLanguage":"pt-BR","@id":"https:\/\/nk7-testes.com.br\/agazeta\/peixes-da-amazonia-inicia-comercializacao\/#primaryimage","url":"https:\/\/nk7-testes.com.br\/agazeta\/wp-content\/uploads\/2015\/08\/260815-cotidiano-peixesdaamazonia-cedida.jpg","contentUrl":"https:\/\/nk7-testes.com.br\/agazeta\/wp-content\/uploads\/2015\/08\/260815-cotidiano-peixesdaamazonia-cedida.jpg","width":458,"height":340,"caption":"260815-cotidiano-peixesdaamazonia-cedida"},{"@type":"BreadcrumbList","@id":"https:\/\/nk7-testes.com.br\/agazeta\/peixes-da-amazonia-inicia-comercializacao\/#breadcrumb","itemListElement":[{"@type":"ListItem","position":1,"name":"In\u00edcio","item":"https:\/\/nk7-testes.com.br\/agazeta\/"},{"@type":"ListItem","position":2,"name":"Peixes da Amaz\u00f4nia inicia comercializa\u00e7\u00e3o"}]},{"@type":"WebSite","@id":"https:\/\/nk7-testes.com.br\/agazeta\/#website","url":"https:\/\/nk7-testes.com.br\/agazeta\/","name":"Agazeta.net","description":"Agazeta.net - Not\u00edcias de Rio Branco\/AC","potentialAction":[{"@type":"SearchAction","target":{"@type":"EntryPoint","urlTemplate":"https:\/\/nk7-testes.com.br\/agazeta\/?s={search_term_string}"},"query-input":{"@type":"PropertyValueSpecification","valueRequired":true,"valueName":"search_term_string"}}],"inLanguage":"pt-BR"},{"@type":"Person","@id":"https:\/\/nk7-testes.com.br\/agazeta\/#\/schema\/person\/6d6e25cb0435eb4a02fd44d30b4e3020","name":"Agazeta.Net","url":"https:\/\/nk7-testes.com.br\/agazeta\/author\/agazeta\/"}]}},"_links":{"self":[{"href":"https:\/\/nk7-testes.com.br\/agazeta\/wp-json\/wp\/v2\/posts\/17934","targetHints":{"allow":["GET"]}}],"collection":[{"href":"https:\/\/nk7-testes.com.br\/agazeta\/wp-json\/wp\/v2\/posts"}],"about":[{"href":"https:\/\/nk7-testes.com.br\/agazeta\/wp-json\/wp\/v2\/types\/post"}],"author":[{"embeddable":true,"href":"https:\/\/nk7-testes.com.br\/agazeta\/wp-json\/wp\/v2\/users\/4"}],"replies":[{"embeddable":true,"href":"https:\/\/nk7-testes.com.br\/agazeta\/wp-json\/wp\/v2\/comments?post=17934"}],"version-history":[{"count":0,"href":"https:\/\/nk7-testes.com.br\/agazeta\/wp-json\/wp\/v2\/posts\/17934\/revisions"}],"wp:featuredmedia":[{"embeddable":true,"href":"https:\/\/nk7-testes.com.br\/agazeta\/wp-json\/wp\/v2\/media\/17933"}],"wp:attachment":[{"href":"https:\/\/nk7-testes.com.br\/agazeta\/wp-json\/wp\/v2\/media?parent=17934"}],"wp:term":[{"taxonomy":"category","embeddable":true,"href":"https:\/\/nk7-testes.com.br\/agazeta\/wp-json\/wp\/v2\/categories?post=17934"},{"taxonomy":"post_tag","embeddable":true,"href":"https:\/\/nk7-testes.com.br\/agazeta\/wp-json\/wp\/v2\/tags?post=17934"}],"curies":[{"name":"wp","href":"https:\/\/api.w.org\/{rel}","templated":true}]}}