{"id":17920,"date":"2015-08-25T22:54:36","date_gmt":"2015-08-25T22:54:36","guid":{"rendered":"https:\/\/abarevegan.com.br\/index.php\/2015\/08\/25\/acordo-garante-tratamento-a-portadora-de-cancer\/"},"modified":"2015-08-25T22:54:36","modified_gmt":"2015-08-25T22:54:36","slug":"acordo-garante-tratamento-a-portadora-de-cancer","status":"publish","type":"post","link":"https:\/\/nk7-testes.com.br\/agazeta\/acordo-garante-tratamento-a-portadora-de-cancer\/","title":{"rendered":"Acordo garante tratamento \u00e0 portadora de c\u00e2ncer"},"content":{"rendered":"<p style=\"text-align: justify;\">Justi\u00e7a mudou hist\u00f3ria de Maria Ivani<\/p>\n<p style=\"text-align: justify;\">Quem visitasse a resid\u00eancia da senhora Maria Ivani Gomes da Silva h\u00e1 algumas semanas encontraria um cen\u00e1rio de desola\u00e7\u00e3o. Desanimada, ela n\u00e3o sa\u00eda de casa. Com rela\u00e7\u00e3o ao servi\u00e7o de assist\u00eancia \u00e0 sa\u00fade que (n\u00e3o?) vinha recebendo, estava muito descontente.<\/p>\n<p style=\"text-align: justify;\">N\u00e3o enxergava uma solu\u00e7\u00e3o que aplacasse a dor provocada pelo c\u00e2ncer e, deprimida, n\u00e3o raras vezes chegou a se desesperar. Mas gra\u00e7as \u00e0 Justi\u00e7a Acreana, a hist\u00f3ria da dona Ivani mudou e ganhou novos cap\u00edtulos de esperan\u00e7a e vida.<\/p>\n<p style=\"text-align: justify;\">Ao participar da Semana Estadual de Concilia\u00e7\u00e3o, e celebrar um acordo com a Unimed Rio Branco\/AC \u2013 Cooperativa de Trabalho M\u00e9dico, ela teve garantida a continuidade de um tratamento de sa\u00fade, iniciado no ano passado, mas interrompido por negativas da parte reclamada. \u201cDeus est\u00e1 no controle de tudo e dei sorte de estar acontecendo essa iniciativa. N\u00e3o esperava que fosse t\u00e3o r\u00e1pido, foi providencial. <br \/>Estou muito feliz e j\u00e1 estou de passagem comprada\u201d, disse a senhora emocionada.<\/p>\n<p style=\"text-align: justify;\"><strong>O que foi acordado<\/strong><\/p>\n<p style=\"text-align: justify;\">Dona Ivani exibe orgulhosa e sorridente o termo de audi\u00eancia, que a despeito de possuir apenas 13 linhas, encerrou um problema que poderia se arrastar por tempo indeterminado e, at\u00e9, custar-lhe vida.<\/p>\n<p style=\"text-align: justify;\">De forma r\u00e1pida e sem burocracia, sem a necessidade da espada da senten\u00e7a, na qual sempre algu\u00e9m fica insatisfeito com o resultado, as partes assinaram um acordo no Centro Judici\u00e1rio de Solu\u00e7\u00e3o de Conflitos e Cidadania dos Juizados Especiais (Cejus-JEC), em Rio Branco. A Unimed se comprometeu a emitir as autoriza\u00e7\u00f5es dos procedimentos m\u00e9dicos, realiza\u00e7\u00e3o dos exames e consultas m\u00e9dicas necess\u00e1rios. Caso descumpra o teor do acordo, a cooperativa ter\u00e1 de pagar multa di\u00e1ria no valor de R$ 500 pelo per\u00edodo de 30 dias.<\/p>\n<p style=\"text-align: justify;\">A empresa n\u00e3o vinha cumprindo o que fora determinado em decis\u00e3o liminar (com antecipa\u00e7\u00e3o de tutela), prejudicando a senhora, que ainda luta contra um c\u00e2ncer (tem um tumor), j\u00e1 passou por diversas interna\u00e7\u00f5es, radioterapia etc. e precisa retomar o tratamento em S\u00e3o Paulo, no hospital AC Camargo.<\/p>\n<p style=\"text-align: justify;\">Com essa concilia\u00e7\u00e3o, foi dado fim ao ato processual, de modo que todos sa\u00edram satisfeitos da audi\u00eancia e o conflito foi solucionado de modo amig\u00e1vel e fraterno.<br \/>O relato de dona Ivani da Silva se soma a tantas outras hist\u00f3rias, cujos conflitos foram resolvidos na Semana Estadual de Concilia\u00e7\u00e3o. Foram 965 acordos, mais de 1.730 audi\u00eancias, mais de 4.250 pessoas atendidas, al\u00e9m de ter sido gerado um montante de R$ 5,3 milh\u00f5es em apenas cinco dias.<\/p>\n<p style=\"text-align: justify;\">O abra\u00e7o do marido Nivaldo simboliza o in\u00edcio de uma nova fase, escrita com a caneta leve do acordo e com a tinta da Justi\u00e7a, que a todos acolhe indistintamente.<\/p>\n<p style=\"text-align: justify;\"><strong>Principais vantagens da Concilia\u00e7\u00e3o<\/strong><\/p>\n<p style=\"text-align: justify;\">Trata-se da \u00fanica modalidade que possibilita ao mesmo tempo uma solu\u00e7\u00e3o mais barata, mais r\u00e1pida e mais satisfat\u00f3ria para as partes que t\u00eam lit\u00edgios na Justi\u00e7a. A concilia\u00e7\u00e3o \u00e9 mais r\u00e1pida porque um processo que, em boa parte das vezes, depende da produ\u00e7\u00e3o de provas, oitiva de testemunhas, de realiza\u00e7\u00e3o de per\u00edcia etc., \u00e9 resolvido com base na constru\u00e7\u00e3o de um acordo firmado por ambas as partes, com concess\u00f5es rec\u00edprocas. Desse modo, s\u00e3o evitadas etapas como recursos, incidentes processuais e execu\u00e7\u00e3o.<\/p>\n<p style=\"text-align: justify;\">Al\u00e9m disso, concilia\u00e7\u00e3o tamb\u00e9m promove a pacifica\u00e7\u00e3o social, j\u00e1 que as partes t\u00eam suas rela\u00e7\u00f5es de amizade (e at\u00e9 familiares) restauradas, ap\u00f3s meses ou anos serem interrompidas por meio de brigas, desentendimentos e lit\u00edgios.<\/p>\n","protected":false},"excerpt":{"rendered":"<p style=\"text-align: justify;\">Justi\u00e7a mudou hist\u00f3ria de Maria Ivani<\/p>\n","protected":false},"author":4,"featured_media":17919,"comment_status":"open","ping_status":"open","sticky":false,"template":"","format":"standard","meta":{"jnews-multi-image_gallery":[],"jnews_single_post":[],"jnews_primary_category":[],"jnews_social_meta":[],"jnews_review":[],"enable_review":"","type":"","name":"","summary":"","brand":"","sku":"","good":[],"bad":[],"score_override":"","override_value":"","rating":[],"price":[],"footnotes":""},"categories":[54],"tags":[],"class_list":["post-17920","post","type-post","status-publish","format-standard","has-post-thumbnail","hentry","category-cotidiano"],"yoast_head":"<!-- This site is optimized with the Yoast SEO plugin v26.5 - https:\/\/yoast.com\/wordpress\/plugins\/seo\/ -->\n<title>Acordo garante tratamento \u00e0 portadora de c\u00e2ncer - Agazeta.net<\/title>\n<meta name=\"robots\" content=\"index, follow, max-snippet:-1, max-image-preview:large, max-video-preview:-1\" \/>\n<link rel=\"canonical\" href=\"https:\/\/nk7-testes.com.br\/agazeta\/acordo-garante-tratamento-a-portadora-de-cancer\/\" \/>\n<meta property=\"og:locale\" content=\"pt_BR\" \/>\n<meta property=\"og:type\" content=\"article\" \/>\n<meta property=\"og:title\" content=\"Acordo garante tratamento \u00e0 portadora de c\u00e2ncer - Agazeta.net\" \/>\n<meta property=\"og:description\" content=\"Justi\u00e7a mudou hist\u00f3ria de Maria Ivani\" \/>\n<meta property=\"og:url\" content=\"https:\/\/nk7-testes.com.br\/agazeta\/acordo-garante-tratamento-a-portadora-de-cancer\/\" \/>\n<meta property=\"og:site_name\" content=\"Agazeta.net\" \/>\n<meta property=\"article:published_time\" content=\"2015-08-25T22:54:36+00:00\" \/>\n<meta property=\"og:image\" content=\"https:\/\/nk7-testes.com.br\/agazeta\/wp-content\/uploads\/2015\/08\/250815-cotidiano-consumidor-agenciatj.jpg\" \/>\n\t<meta property=\"og:image:width\" content=\"458\" \/>\n\t<meta property=\"og:image:height\" content=\"340\" \/>\n\t<meta property=\"og:image:type\" content=\"image\/jpeg\" \/>\n<meta name=\"author\" content=\"Agazeta.Net\" \/>\n<meta name=\"twitter:card\" content=\"summary_large_image\" \/>\n<meta name=\"twitter:label1\" content=\"Escrito por\" \/>\n\t<meta name=\"twitter:data1\" content=\"Agazeta.Net\" \/>\n\t<meta name=\"twitter:label2\" content=\"Est. tempo de leitura\" \/>\n\t<meta name=\"twitter:data2\" content=\"3 minutos\" \/>\n<script type=\"application\/ld+json\" class=\"yoast-schema-graph\">{\"@context\":\"https:\/\/schema.org\",\"@graph\":[{\"@type\":\"WebPage\",\"@id\":\"https:\/\/nk7-testes.com.br\/agazeta\/acordo-garante-tratamento-a-portadora-de-cancer\/\",\"url\":\"https:\/\/nk7-testes.com.br\/agazeta\/acordo-garante-tratamento-a-portadora-de-cancer\/\",\"name\":\"Acordo garante tratamento \u00e0 portadora de c\u00e2ncer - Agazeta.net\",\"isPartOf\":{\"@id\":\"https:\/\/nk7-testes.com.br\/agazeta\/#website\"},\"primaryImageOfPage\":{\"@id\":\"https:\/\/nk7-testes.com.br\/agazeta\/acordo-garante-tratamento-a-portadora-de-cancer\/#primaryimage\"},\"image\":{\"@id\":\"https:\/\/nk7-testes.com.br\/agazeta\/acordo-garante-tratamento-a-portadora-de-cancer\/#primaryimage\"},\"thumbnailUrl\":\"https:\/\/nk7-testes.com.br\/agazeta\/wp-content\/uploads\/2015\/08\/250815-cotidiano-consumidor-agenciatj.jpg\",\"datePublished\":\"2015-08-25T22:54:36+00:00\",\"author\":{\"@id\":\"https:\/\/nk7-testes.com.br\/agazeta\/#\/schema\/person\/6d6e25cb0435eb4a02fd44d30b4e3020\"},\"breadcrumb\":{\"@id\":\"https:\/\/nk7-testes.com.br\/agazeta\/acordo-garante-tratamento-a-portadora-de-cancer\/#breadcrumb\"},\"inLanguage\":\"pt-BR\",\"potentialAction\":[{\"@type\":\"ReadAction\",\"target\":[\"https:\/\/nk7-testes.com.br\/agazeta\/acordo-garante-tratamento-a-portadora-de-cancer\/\"]}]},{\"@type\":\"ImageObject\",\"inLanguage\":\"pt-BR\",\"@id\":\"https:\/\/nk7-testes.com.br\/agazeta\/acordo-garante-tratamento-a-portadora-de-cancer\/#primaryimage\",\"url\":\"https:\/\/nk7-testes.com.br\/agazeta\/wp-content\/uploads\/2015\/08\/250815-cotidiano-consumidor-agenciatj.jpg\",\"contentUrl\":\"https:\/\/nk7-testes.com.br\/agazeta\/wp-content\/uploads\/2015\/08\/250815-cotidiano-consumidor-agenciatj.jpg\",\"width\":458,\"height\":340,\"caption\":\"250815-cotidiano-consumidor-agenciatj\"},{\"@type\":\"BreadcrumbList\",\"@id\":\"https:\/\/nk7-testes.com.br\/agazeta\/acordo-garante-tratamento-a-portadora-de-cancer\/#breadcrumb\",\"itemListElement\":[{\"@type\":\"ListItem\",\"position\":1,\"name\":\"In\u00edcio\",\"item\":\"https:\/\/nk7-testes.com.br\/agazeta\/\"},{\"@type\":\"ListItem\",\"position\":2,\"name\":\"Acordo garante tratamento \u00e0 portadora de c\u00e2ncer\"}]},{\"@type\":\"WebSite\",\"@id\":\"https:\/\/nk7-testes.com.br\/agazeta\/#website\",\"url\":\"https:\/\/nk7-testes.com.br\/agazeta\/\",\"name\":\"Agazeta.net\",\"description\":\"Agazeta.net - Not\u00edcias de Rio Branco\/AC\",\"potentialAction\":[{\"@type\":\"SearchAction\",\"target\":{\"@type\":\"EntryPoint\",\"urlTemplate\":\"https:\/\/nk7-testes.com.br\/agazeta\/?s={search_term_string}\"},\"query-input\":{\"@type\":\"PropertyValueSpecification\",\"valueRequired\":true,\"valueName\":\"search_term_string\"}}],\"inLanguage\":\"pt-BR\"},{\"@type\":\"Person\",\"@id\":\"https:\/\/nk7-testes.com.br\/agazeta\/#\/schema\/person\/6d6e25cb0435eb4a02fd44d30b4e3020\",\"name\":\"Agazeta.Net\",\"url\":\"https:\/\/nk7-testes.com.br\/agazeta\/author\/agazeta\/\"}]}<\/script>\n<!-- \/ Yoast SEO plugin. -->","yoast_head_json":{"title":"Acordo garante tratamento \u00e0 portadora de c\u00e2ncer - Agazeta.net","robots":{"index":"index","follow":"follow","max-snippet":"max-snippet:-1","max-image-preview":"max-image-preview:large","max-video-preview":"max-video-preview:-1"},"canonical":"https:\/\/nk7-testes.com.br\/agazeta\/acordo-garante-tratamento-a-portadora-de-cancer\/","og_locale":"pt_BR","og_type":"article","og_title":"Acordo garante tratamento \u00e0 portadora de c\u00e2ncer - Agazeta.net","og_description":"Justi\u00e7a mudou hist\u00f3ria de Maria Ivani","og_url":"https:\/\/nk7-testes.com.br\/agazeta\/acordo-garante-tratamento-a-portadora-de-cancer\/","og_site_name":"Agazeta.net","article_published_time":"2015-08-25T22:54:36+00:00","og_image":[{"width":458,"height":340,"url":"https:\/\/nk7-testes.com.br\/agazeta\/wp-content\/uploads\/2015\/08\/250815-cotidiano-consumidor-agenciatj.jpg","type":"image\/jpeg"}],"author":"Agazeta.Net","twitter_card":"summary_large_image","twitter_misc":{"Escrito por":"Agazeta.Net","Est. tempo de leitura":"3 minutos"},"schema":{"@context":"https:\/\/schema.org","@graph":[{"@type":"WebPage","@id":"https:\/\/nk7-testes.com.br\/agazeta\/acordo-garante-tratamento-a-portadora-de-cancer\/","url":"https:\/\/nk7-testes.com.br\/agazeta\/acordo-garante-tratamento-a-portadora-de-cancer\/","name":"Acordo garante tratamento \u00e0 portadora de c\u00e2ncer - Agazeta.net","isPartOf":{"@id":"https:\/\/nk7-testes.com.br\/agazeta\/#website"},"primaryImageOfPage":{"@id":"https:\/\/nk7-testes.com.br\/agazeta\/acordo-garante-tratamento-a-portadora-de-cancer\/#primaryimage"},"image":{"@id":"https:\/\/nk7-testes.com.br\/agazeta\/acordo-garante-tratamento-a-portadora-de-cancer\/#primaryimage"},"thumbnailUrl":"https:\/\/nk7-testes.com.br\/agazeta\/wp-content\/uploads\/2015\/08\/250815-cotidiano-consumidor-agenciatj.jpg","datePublished":"2015-08-25T22:54:36+00:00","author":{"@id":"https:\/\/nk7-testes.com.br\/agazeta\/#\/schema\/person\/6d6e25cb0435eb4a02fd44d30b4e3020"},"breadcrumb":{"@id":"https:\/\/nk7-testes.com.br\/agazeta\/acordo-garante-tratamento-a-portadora-de-cancer\/#breadcrumb"},"inLanguage":"pt-BR","potentialAction":[{"@type":"ReadAction","target":["https:\/\/nk7-testes.com.br\/agazeta\/acordo-garante-tratamento-a-portadora-de-cancer\/"]}]},{"@type":"ImageObject","inLanguage":"pt-BR","@id":"https:\/\/nk7-testes.com.br\/agazeta\/acordo-garante-tratamento-a-portadora-de-cancer\/#primaryimage","url":"https:\/\/nk7-testes.com.br\/agazeta\/wp-content\/uploads\/2015\/08\/250815-cotidiano-consumidor-agenciatj.jpg","contentUrl":"https:\/\/nk7-testes.com.br\/agazeta\/wp-content\/uploads\/2015\/08\/250815-cotidiano-consumidor-agenciatj.jpg","width":458,"height":340,"caption":"250815-cotidiano-consumidor-agenciatj"},{"@type":"BreadcrumbList","@id":"https:\/\/nk7-testes.com.br\/agazeta\/acordo-garante-tratamento-a-portadora-de-cancer\/#breadcrumb","itemListElement":[{"@type":"ListItem","position":1,"name":"In\u00edcio","item":"https:\/\/nk7-testes.com.br\/agazeta\/"},{"@type":"ListItem","position":2,"name":"Acordo garante tratamento \u00e0 portadora de c\u00e2ncer"}]},{"@type":"WebSite","@id":"https:\/\/nk7-testes.com.br\/agazeta\/#website","url":"https:\/\/nk7-testes.com.br\/agazeta\/","name":"Agazeta.net","description":"Agazeta.net - Not\u00edcias de Rio Branco\/AC","potentialAction":[{"@type":"SearchAction","target":{"@type":"EntryPoint","urlTemplate":"https:\/\/nk7-testes.com.br\/agazeta\/?s={search_term_string}"},"query-input":{"@type":"PropertyValueSpecification","valueRequired":true,"valueName":"search_term_string"}}],"inLanguage":"pt-BR"},{"@type":"Person","@id":"https:\/\/nk7-testes.com.br\/agazeta\/#\/schema\/person\/6d6e25cb0435eb4a02fd44d30b4e3020","name":"Agazeta.Net","url":"https:\/\/nk7-testes.com.br\/agazeta\/author\/agazeta\/"}]}},"_links":{"self":[{"href":"https:\/\/nk7-testes.com.br\/agazeta\/wp-json\/wp\/v2\/posts\/17920","targetHints":{"allow":["GET"]}}],"collection":[{"href":"https:\/\/nk7-testes.com.br\/agazeta\/wp-json\/wp\/v2\/posts"}],"about":[{"href":"https:\/\/nk7-testes.com.br\/agazeta\/wp-json\/wp\/v2\/types\/post"}],"author":[{"embeddable":true,"href":"https:\/\/nk7-testes.com.br\/agazeta\/wp-json\/wp\/v2\/users\/4"}],"replies":[{"embeddable":true,"href":"https:\/\/nk7-testes.com.br\/agazeta\/wp-json\/wp\/v2\/comments?post=17920"}],"version-history":[{"count":0,"href":"https:\/\/nk7-testes.com.br\/agazeta\/wp-json\/wp\/v2\/posts\/17920\/revisions"}],"wp:featuredmedia":[{"embeddable":true,"href":"https:\/\/nk7-testes.com.br\/agazeta\/wp-json\/wp\/v2\/media\/17919"}],"wp:attachment":[{"href":"https:\/\/nk7-testes.com.br\/agazeta\/wp-json\/wp\/v2\/media?parent=17920"}],"wp:term":[{"taxonomy":"category","embeddable":true,"href":"https:\/\/nk7-testes.com.br\/agazeta\/wp-json\/wp\/v2\/categories?post=17920"},{"taxonomy":"post_tag","embeddable":true,"href":"https:\/\/nk7-testes.com.br\/agazeta\/wp-json\/wp\/v2\/tags?post=17920"}],"curies":[{"name":"wp","href":"https:\/\/api.w.org\/{rel}","templated":true}]}}