{"id":17891,"date":"2015-08-24T22:54:36","date_gmt":"2015-08-24T22:54:36","guid":{"rendered":"https:\/\/abarevegan.com.br\/index.php\/2015\/08\/24\/escola-de-musica-apresenta-requiem-de-mozart\/"},"modified":"2015-08-24T22:54:36","modified_gmt":"2015-08-24T22:54:36","slug":"escola-de-musica-apresenta-requiem-de-mozart","status":"publish","type":"post","link":"https:\/\/nk7-testes.com.br\/agazeta\/escola-de-musica-apresenta-requiem-de-mozart\/","title":{"rendered":"Escola de M\u00fasica apresenta R\u00e9quiem de Mozart"},"content":{"rendered":"<p style=\"text-align: justify;\">Performance ser\u00e1 apresentada no Teatr\u00e3o<\/p>\n<p style=\"text-align: justify;\">Com 43 integrantes, a Companhia de Coro e Orquestra da Escola de M\u00fasica Acreana (Coemac) existe h\u00e1 tr\u00eas anos para encantar o p\u00fablico que prestigia a m\u00fasica erudita. No s\u00e1bado, 29, ser\u00e1 apresentado o Requiem de Mozart, no Teatro Pl\u00e1cido de Castro, \u00e0s 22 horas. A entrada \u00e9 franca.<\/p>\n<p style=\"text-align: justify;\">Regido pelo maestro Afonso Portela, o concerto, que ter\u00e1 divis\u00e3o de quatro vozes, solos e quartetos, ser\u00e1 apresentado em aproximadamente uma hora e meia. \u201cA companhia \u00e9 um projeto que deu certo e tem tudo para agradar aqueles que gostam dos instrumentos de orquestra e coral. Estamos contando com aquele teatro lotado\u201d, destaca Afonso.<\/p>\n<p style=\"text-align: justify;\">Ainda segundo o maestro, o r\u00e9quiem \u00e9 um tipo de obra f\u00fanebre, feito para quando pessoas famosas morrem. Mozart foi um grande compositor que come\u00e7ou a estudar aos quatro anos de idade influenciado pelo pai. Morreu jovem, com um pouco mais de 30 anos.<\/p>\n","protected":false},"excerpt":{"rendered":"<p style=\"text-align: justify;\">Performance ser\u00e1 apresentada no Teatr\u00e3o<\/p>\n","protected":false},"author":4,"featured_media":17890,"comment_status":"open","ping_status":"open","sticky":false,"template":"","format":"standard","meta":{"jnews-multi-image_gallery":[],"jnews_single_post":[],"jnews_primary_category":[],"jnews_social_meta":[],"jnews_review":[],"enable_review":"","type":"","name":"","summary":"","brand":"","sku":"","good":[],"bad":[],"score_override":"","override_value":"","rating":[],"price":[],"footnotes":""},"categories":[54],"tags":[],"class_list":["post-17891","post","type-post","status-publish","format-standard","has-post-thumbnail","hentry","category-cotidiano"],"yoast_head":"<!-- This site is optimized with the Yoast SEO plugin v26.5 - https:\/\/yoast.com\/wordpress\/plugins\/seo\/ -->\n<title>Escola de M\u00fasica apresenta R\u00e9quiem de Mozart - Agazeta.net<\/title>\n<meta name=\"robots\" content=\"index, follow, max-snippet:-1, max-image-preview:large, max-video-preview:-1\" \/>\n<link rel=\"canonical\" href=\"https:\/\/nk7-testes.com.br\/agazeta\/escola-de-musica-apresenta-requiem-de-mozart\/\" \/>\n<meta property=\"og:locale\" content=\"pt_BR\" \/>\n<meta property=\"og:type\" content=\"article\" \/>\n<meta property=\"og:title\" content=\"Escola de M\u00fasica apresenta R\u00e9quiem de Mozart - Agazeta.net\" \/>\n<meta property=\"og:description\" content=\"Performance ser\u00e1 apresentada no Teatr\u00e3o\" \/>\n<meta property=\"og:url\" content=\"https:\/\/nk7-testes.com.br\/agazeta\/escola-de-musica-apresenta-requiem-de-mozart\/\" \/>\n<meta property=\"og:site_name\" content=\"Agazeta.net\" \/>\n<meta property=\"article:published_time\" content=\"2015-08-24T22:54:36+00:00\" \/>\n<meta property=\"og:image\" content=\"https:\/\/nk7-testes.com.br\/agazeta\/wp-content\/uploads\/2015\/08\/240815-cotidiano-escolademusica-agenciadenoticiasdoacre.jpg\" \/>\n\t<meta property=\"og:image:width\" content=\"458\" \/>\n\t<meta property=\"og:image:height\" content=\"340\" \/>\n\t<meta property=\"og:image:type\" content=\"image\/jpeg\" \/>\n<meta name=\"author\" content=\"Agazeta.Net\" \/>\n<meta name=\"twitter:card\" content=\"summary_large_image\" \/>\n<meta name=\"twitter:label1\" content=\"Escrito por\" \/>\n\t<meta name=\"twitter:data1\" content=\"Agazeta.Net\" \/>\n\t<meta name=\"twitter:label2\" content=\"Est. tempo de leitura\" \/>\n\t<meta name=\"twitter:data2\" content=\"1 minuto\" \/>\n<script type=\"application\/ld+json\" class=\"yoast-schema-graph\">{\"@context\":\"https:\/\/schema.org\",\"@graph\":[{\"@type\":\"WebPage\",\"@id\":\"https:\/\/nk7-testes.com.br\/agazeta\/escola-de-musica-apresenta-requiem-de-mozart\/\",\"url\":\"https:\/\/nk7-testes.com.br\/agazeta\/escola-de-musica-apresenta-requiem-de-mozart\/\",\"name\":\"Escola de M\u00fasica apresenta R\u00e9quiem de Mozart - Agazeta.net\",\"isPartOf\":{\"@id\":\"https:\/\/nk7-testes.com.br\/agazeta\/#website\"},\"primaryImageOfPage\":{\"@id\":\"https:\/\/nk7-testes.com.br\/agazeta\/escola-de-musica-apresenta-requiem-de-mozart\/#primaryimage\"},\"image\":{\"@id\":\"https:\/\/nk7-testes.com.br\/agazeta\/escola-de-musica-apresenta-requiem-de-mozart\/#primaryimage\"},\"thumbnailUrl\":\"https:\/\/nk7-testes.com.br\/agazeta\/wp-content\/uploads\/2015\/08\/240815-cotidiano-escolademusica-agenciadenoticiasdoacre.jpg\",\"datePublished\":\"2015-08-24T22:54:36+00:00\",\"author\":{\"@id\":\"https:\/\/nk7-testes.com.br\/agazeta\/#\/schema\/person\/6d6e25cb0435eb4a02fd44d30b4e3020\"},\"breadcrumb\":{\"@id\":\"https:\/\/nk7-testes.com.br\/agazeta\/escola-de-musica-apresenta-requiem-de-mozart\/#breadcrumb\"},\"inLanguage\":\"pt-BR\",\"potentialAction\":[{\"@type\":\"ReadAction\",\"target\":[\"https:\/\/nk7-testes.com.br\/agazeta\/escola-de-musica-apresenta-requiem-de-mozart\/\"]}]},{\"@type\":\"ImageObject\",\"inLanguage\":\"pt-BR\",\"@id\":\"https:\/\/nk7-testes.com.br\/agazeta\/escola-de-musica-apresenta-requiem-de-mozart\/#primaryimage\",\"url\":\"https:\/\/nk7-testes.com.br\/agazeta\/wp-content\/uploads\/2015\/08\/240815-cotidiano-escolademusica-agenciadenoticiasdoacre.jpg\",\"contentUrl\":\"https:\/\/nk7-testes.com.br\/agazeta\/wp-content\/uploads\/2015\/08\/240815-cotidiano-escolademusica-agenciadenoticiasdoacre.jpg\",\"width\":458,\"height\":340,\"caption\":\"240815-cotidiano-escolademusica-agenciadenoticiasdoacre\"},{\"@type\":\"BreadcrumbList\",\"@id\":\"https:\/\/nk7-testes.com.br\/agazeta\/escola-de-musica-apresenta-requiem-de-mozart\/#breadcrumb\",\"itemListElement\":[{\"@type\":\"ListItem\",\"position\":1,\"name\":\"In\u00edcio\",\"item\":\"https:\/\/nk7-testes.com.br\/agazeta\/\"},{\"@type\":\"ListItem\",\"position\":2,\"name\":\"Escola de M\u00fasica apresenta R\u00e9quiem de Mozart\"}]},{\"@type\":\"WebSite\",\"@id\":\"https:\/\/nk7-testes.com.br\/agazeta\/#website\",\"url\":\"https:\/\/nk7-testes.com.br\/agazeta\/\",\"name\":\"Agazeta.net\",\"description\":\"Agazeta.net - Not\u00edcias de Rio Branco\/AC\",\"potentialAction\":[{\"@type\":\"SearchAction\",\"target\":{\"@type\":\"EntryPoint\",\"urlTemplate\":\"https:\/\/nk7-testes.com.br\/agazeta\/?s={search_term_string}\"},\"query-input\":{\"@type\":\"PropertyValueSpecification\",\"valueRequired\":true,\"valueName\":\"search_term_string\"}}],\"inLanguage\":\"pt-BR\"},{\"@type\":\"Person\",\"@id\":\"https:\/\/nk7-testes.com.br\/agazeta\/#\/schema\/person\/6d6e25cb0435eb4a02fd44d30b4e3020\",\"name\":\"Agazeta.Net\",\"url\":\"https:\/\/nk7-testes.com.br\/agazeta\/author\/agazeta\/\"}]}<\/script>\n<!-- \/ Yoast SEO plugin. -->","yoast_head_json":{"title":"Escola de M\u00fasica apresenta R\u00e9quiem de Mozart - Agazeta.net","robots":{"index":"index","follow":"follow","max-snippet":"max-snippet:-1","max-image-preview":"max-image-preview:large","max-video-preview":"max-video-preview:-1"},"canonical":"https:\/\/nk7-testes.com.br\/agazeta\/escola-de-musica-apresenta-requiem-de-mozart\/","og_locale":"pt_BR","og_type":"article","og_title":"Escola de M\u00fasica apresenta R\u00e9quiem de Mozart - Agazeta.net","og_description":"Performance ser\u00e1 apresentada no Teatr\u00e3o","og_url":"https:\/\/nk7-testes.com.br\/agazeta\/escola-de-musica-apresenta-requiem-de-mozart\/","og_site_name":"Agazeta.net","article_published_time":"2015-08-24T22:54:36+00:00","og_image":[{"width":458,"height":340,"url":"https:\/\/nk7-testes.com.br\/agazeta\/wp-content\/uploads\/2015\/08\/240815-cotidiano-escolademusica-agenciadenoticiasdoacre.jpg","type":"image\/jpeg"}],"author":"Agazeta.Net","twitter_card":"summary_large_image","twitter_misc":{"Escrito por":"Agazeta.Net","Est. tempo de leitura":"1 minuto"},"schema":{"@context":"https:\/\/schema.org","@graph":[{"@type":"WebPage","@id":"https:\/\/nk7-testes.com.br\/agazeta\/escola-de-musica-apresenta-requiem-de-mozart\/","url":"https:\/\/nk7-testes.com.br\/agazeta\/escola-de-musica-apresenta-requiem-de-mozart\/","name":"Escola de M\u00fasica apresenta R\u00e9quiem de Mozart - Agazeta.net","isPartOf":{"@id":"https:\/\/nk7-testes.com.br\/agazeta\/#website"},"primaryImageOfPage":{"@id":"https:\/\/nk7-testes.com.br\/agazeta\/escola-de-musica-apresenta-requiem-de-mozart\/#primaryimage"},"image":{"@id":"https:\/\/nk7-testes.com.br\/agazeta\/escola-de-musica-apresenta-requiem-de-mozart\/#primaryimage"},"thumbnailUrl":"https:\/\/nk7-testes.com.br\/agazeta\/wp-content\/uploads\/2015\/08\/240815-cotidiano-escolademusica-agenciadenoticiasdoacre.jpg","datePublished":"2015-08-24T22:54:36+00:00","author":{"@id":"https:\/\/nk7-testes.com.br\/agazeta\/#\/schema\/person\/6d6e25cb0435eb4a02fd44d30b4e3020"},"breadcrumb":{"@id":"https:\/\/nk7-testes.com.br\/agazeta\/escola-de-musica-apresenta-requiem-de-mozart\/#breadcrumb"},"inLanguage":"pt-BR","potentialAction":[{"@type":"ReadAction","target":["https:\/\/nk7-testes.com.br\/agazeta\/escola-de-musica-apresenta-requiem-de-mozart\/"]}]},{"@type":"ImageObject","inLanguage":"pt-BR","@id":"https:\/\/nk7-testes.com.br\/agazeta\/escola-de-musica-apresenta-requiem-de-mozart\/#primaryimage","url":"https:\/\/nk7-testes.com.br\/agazeta\/wp-content\/uploads\/2015\/08\/240815-cotidiano-escolademusica-agenciadenoticiasdoacre.jpg","contentUrl":"https:\/\/nk7-testes.com.br\/agazeta\/wp-content\/uploads\/2015\/08\/240815-cotidiano-escolademusica-agenciadenoticiasdoacre.jpg","width":458,"height":340,"caption":"240815-cotidiano-escolademusica-agenciadenoticiasdoacre"},{"@type":"BreadcrumbList","@id":"https:\/\/nk7-testes.com.br\/agazeta\/escola-de-musica-apresenta-requiem-de-mozart\/#breadcrumb","itemListElement":[{"@type":"ListItem","position":1,"name":"In\u00edcio","item":"https:\/\/nk7-testes.com.br\/agazeta\/"},{"@type":"ListItem","position":2,"name":"Escola de M\u00fasica apresenta R\u00e9quiem de Mozart"}]},{"@type":"WebSite","@id":"https:\/\/nk7-testes.com.br\/agazeta\/#website","url":"https:\/\/nk7-testes.com.br\/agazeta\/","name":"Agazeta.net","description":"Agazeta.net - Not\u00edcias de Rio Branco\/AC","potentialAction":[{"@type":"SearchAction","target":{"@type":"EntryPoint","urlTemplate":"https:\/\/nk7-testes.com.br\/agazeta\/?s={search_term_string}"},"query-input":{"@type":"PropertyValueSpecification","valueRequired":true,"valueName":"search_term_string"}}],"inLanguage":"pt-BR"},{"@type":"Person","@id":"https:\/\/nk7-testes.com.br\/agazeta\/#\/schema\/person\/6d6e25cb0435eb4a02fd44d30b4e3020","name":"Agazeta.Net","url":"https:\/\/nk7-testes.com.br\/agazeta\/author\/agazeta\/"}]}},"_links":{"self":[{"href":"https:\/\/nk7-testes.com.br\/agazeta\/wp-json\/wp\/v2\/posts\/17891","targetHints":{"allow":["GET"]}}],"collection":[{"href":"https:\/\/nk7-testes.com.br\/agazeta\/wp-json\/wp\/v2\/posts"}],"about":[{"href":"https:\/\/nk7-testes.com.br\/agazeta\/wp-json\/wp\/v2\/types\/post"}],"author":[{"embeddable":true,"href":"https:\/\/nk7-testes.com.br\/agazeta\/wp-json\/wp\/v2\/users\/4"}],"replies":[{"embeddable":true,"href":"https:\/\/nk7-testes.com.br\/agazeta\/wp-json\/wp\/v2\/comments?post=17891"}],"version-history":[{"count":0,"href":"https:\/\/nk7-testes.com.br\/agazeta\/wp-json\/wp\/v2\/posts\/17891\/revisions"}],"wp:featuredmedia":[{"embeddable":true,"href":"https:\/\/nk7-testes.com.br\/agazeta\/wp-json\/wp\/v2\/media\/17890"}],"wp:attachment":[{"href":"https:\/\/nk7-testes.com.br\/agazeta\/wp-json\/wp\/v2\/media?parent=17891"}],"wp:term":[{"taxonomy":"category","embeddable":true,"href":"https:\/\/nk7-testes.com.br\/agazeta\/wp-json\/wp\/v2\/categories?post=17891"},{"taxonomy":"post_tag","embeddable":true,"href":"https:\/\/nk7-testes.com.br\/agazeta\/wp-json\/wp\/v2\/tags?post=17891"}],"curies":[{"name":"wp","href":"https:\/\/api.w.org\/{rel}","templated":true}]}}