{"id":17852,"date":"2015-08-21T18:37:11","date_gmt":"2015-08-21T18:37:11","guid":{"rendered":"https:\/\/abarevegan.com.br\/index.php\/2015\/08\/21\/mae-denuncia-precariedade-em-escola-estadual\/"},"modified":"2015-08-21T18:37:11","modified_gmt":"2015-08-21T18:37:11","slug":"mae-denuncia-precariedade-em-escola-estadual","status":"publish","type":"post","link":"https:\/\/nk7-testes.com.br\/agazeta\/mae-denuncia-precariedade-em-escola-estadual\/","title":{"rendered":"M\u00e3e denuncia precariedade em escola estadual"},"content":{"rendered":"<p style=\"text-align: justify;\">Salas sem janelas e sem mesas \u00e9 realidade<\/p>\n<p style=\"text-align: justify;\">Quadros quebrados, pilares quase caindo, alunos sentados em bancos sem apoio ou mesa para colocarem seus cadernos. Esta \u00e9 a realidade encontrada na escola Ensino Fundamental Elozira dos Santos Thom\u00e9 localizada no bairro Alto Alegre, em Rio Branco.<\/p>\n<p style=\"text-align: justify;\">A escola que tem mais de mil e cem alunos e funciona nos tr\u00eas turnos, e est\u00e1 em situa\u00e7\u00f5es prec\u00e1rias. Temendo que algo aconte\u00e7a com a filha \u00e0 senhora Janaina denunciou a situa\u00e7\u00e3o a nossa equipe de reportagem. \u201c Vejo a hora de minha filha n\u00e3o retornar pra casa porque a estrutura da escola est\u00e1 caindo mesmo. Com as colunas assim n\u00e3o h\u00e1 condi\u00e7\u00f5es de haver aula, eu como m\u00e3e pe\u00e7o urg\u00eancia e que algu\u00e9m possa vistoriar isso aqui,\u201d pediu.<\/p>\n<p style=\"text-align: justify;\">Al\u00e9m de todo o problema na estrutura da escola em v\u00e1rias salas n\u00e3o h\u00e1 carteiras, a dire\u00e7\u00e3o da escola improvisou e colocou bancos para os alunos sentarem, o problema \u00e9 que n\u00e3o uma mesa ou qualquer apoio para que eles coloquem os cadernos, \u201c\u00e9 ruim, n\u00e3o tem um material bom pra n\u00f3s estudarmos, fico sentado assim desse jeito, \u00e9 muito ruim mesmo.\u201d Disse o estudante, Paulo Ricardo.<\/p>\n<p style=\"text-align: justify;\">Os professores tamb\u00e9m sofrem com a falta de estrutura disse a professora Evanilce. \u201c\u00c9 uma situa\u00e7\u00e3o muito complicada aqui na nossa escola. A situa\u00e7\u00e3o da nossa escola se voc\u00ea observar \u00e9 essa aqui,\u201d disse ela apontando para o quadro, que al\u00e9m de todo manchado, oferece risco devido ao ferro da moldura estar quebrado.<\/p>\n<p style=\"text-align: justify;\">A dire\u00e7\u00e3o da escola foi procurada, mas n\u00e3o quis dar declara\u00e7\u00f5es. Foi informado apenas que os recursos para a reforma est\u00e3o sendo viabilizados pela Secretaria Estadual de Educa\u00e7\u00e3o. J\u00e1&nbsp;Secretaria informou em nota que na pr\u00f3xima semana ser\u00e3o realizadas obras para o melhoramento da estrutura da escola.<\/p>\n<p style=\"text-align: justify;\">Nota da SEE<\/p>\n<p style=\"text-align: justify;\">Sobre a escola de Ensino Fundamental Elozira dos Santos Thom\u00e9, a equipe de manuten\u00e7\u00e3o da Secretaria de Estado de Educa\u00e7\u00e3o e Esporte (SEE) informa que visitou a escola e, na pr\u00f3xima semana, j\u00e1 est\u00e1 agendado o in\u00edcio das interven\u00e7\u00f5es necess\u00e1rias para o melhoramento da estrutura f\u00edsica do local.<\/p>\n<p style=\"text-align: justify;\"><img decoding=\"async\" class=\" size-full wp-image-17840\" alt=\"1escola21\" src=\"https:\/\/nk7-testes.com.br\/wp-content\/uploads\/2015\/08\/1escola21.png\" height=\"393\" width=\"694\" srcset=\"https:\/\/nk7-testes.com.br\/agazeta\/wp-content\/uploads\/2015\/08\/1escola21.png 694w, https:\/\/nk7-testes.com.br\/agazeta\/wp-content\/uploads\/2015\/08\/1escola21-300x170.png 300w\" sizes=\"(max-width: 694px) 100vw, 694px\" \/><\/p>\n<p style=\"text-align: justify;\"><img decoding=\"async\" class=\" size-full wp-image-17841\" alt=\"2escola21\" src=\"https:\/\/nk7-testes.com.br\/wp-content\/uploads\/2015\/08\/2escola21.png\" height=\"390\" width=\"694\" srcset=\"https:\/\/nk7-testes.com.br\/agazeta\/wp-content\/uploads\/2015\/08\/2escola21.png 694w, https:\/\/nk7-testes.com.br\/agazeta\/wp-content\/uploads\/2015\/08\/2escola21-300x169.png 300w\" sizes=\"(max-width: 694px) 100vw, 694px\" \/><\/p>\n<p style=\"text-align: justify;\"><img decoding=\"async\" class=\" size-full wp-image-17842\" alt=\"3escola21\" src=\"https:\/\/nk7-testes.com.br\/wp-content\/uploads\/2015\/08\/3escola21.png\" height=\"392\" width=\"697\" srcset=\"https:\/\/nk7-testes.com.br\/agazeta\/wp-content\/uploads\/2015\/08\/3escola21.png 697w, https:\/\/nk7-testes.com.br\/agazeta\/wp-content\/uploads\/2015\/08\/3escola21-300x169.png 300w\" sizes=\"(max-width: 697px) 100vw, 697px\" \/><\/p>\n<p style=\"text-align: justify;\"><img decoding=\"async\" class=\" size-full wp-image-17843\" alt=\"4escola21\" src=\"https:\/\/nk7-testes.com.br\/wp-content\/uploads\/2015\/08\/4escola21.png\" height=\"389\" width=\"694\" srcset=\"https:\/\/nk7-testes.com.br\/agazeta\/wp-content\/uploads\/2015\/08\/4escola21.png 694w, https:\/\/nk7-testes.com.br\/agazeta\/wp-content\/uploads\/2015\/08\/4escola21-300x168.png 300w\" sizes=\"(max-width: 694px) 100vw, 694px\" \/><\/p>\n<p style=\"text-align: justify;\"><img decoding=\"async\" class=\" size-full wp-image-17844\" alt=\"5escola21\" src=\"https:\/\/nk7-testes.com.br\/wp-content\/uploads\/2015\/08\/5escola21.png\" height=\"393\" width=\"697\" srcset=\"https:\/\/nk7-testes.com.br\/agazeta\/wp-content\/uploads\/2015\/08\/5escola21.png 697w, https:\/\/nk7-testes.com.br\/agazeta\/wp-content\/uploads\/2015\/08\/5escola21-300x169.png 300w\" sizes=\"(max-width: 697px) 100vw, 697px\" \/><\/p>\n<p style=\"text-align: justify;\"><img decoding=\"async\" class=\" size-full wp-image-17845\" alt=\"6escola21\" src=\"https:\/\/nk7-testes.com.br\/wp-content\/uploads\/2015\/08\/6escola21.png\" height=\"389\" width=\"694\" srcset=\"https:\/\/nk7-testes.com.br\/agazeta\/wp-content\/uploads\/2015\/08\/6escola21.png 694w, https:\/\/nk7-testes.com.br\/agazeta\/wp-content\/uploads\/2015\/08\/6escola21-300x168.png 300w\" sizes=\"(max-width: 694px) 100vw, 694px\" \/><\/p>\n<p style=\"text-align: justify;\"><img decoding=\"async\" class=\" size-full wp-image-17846\" alt=\"7escola21\" src=\"https:\/\/nk7-testes.com.br\/wp-content\/uploads\/2015\/08\/7escola21.png\" height=\"388\" width=\"697\" srcset=\"https:\/\/nk7-testes.com.br\/agazeta\/wp-content\/uploads\/2015\/08\/7escola21.png 697w, https:\/\/nk7-testes.com.br\/agazeta\/wp-content\/uploads\/2015\/08\/7escola21-300x167.png 300w\" sizes=\"(max-width: 697px) 100vw, 697px\" \/><\/p>\n<p style=\"text-align: justify;\"><img decoding=\"async\" class=\" size-full wp-image-17847\" alt=\"8escola21\" src=\"https:\/\/nk7-testes.com.br\/wp-content\/uploads\/2015\/08\/8escola21.png\" height=\"388\" width=\"693\" srcset=\"https:\/\/nk7-testes.com.br\/agazeta\/wp-content\/uploads\/2015\/08\/8escola21.png 693w, https:\/\/nk7-testes.com.br\/agazeta\/wp-content\/uploads\/2015\/08\/8escola21-300x168.png 300w\" sizes=\"(max-width: 693px) 100vw, 693px\" \/><\/p>\n<p style=\"text-align: justify;\"><img decoding=\"async\" class=\" size-full wp-image-17848\" alt=\"9escola21\" src=\"https:\/\/nk7-testes.com.br\/wp-content\/uploads\/2015\/08\/9escola21.png\" height=\"390\" width=\"692\" srcset=\"https:\/\/nk7-testes.com.br\/agazeta\/wp-content\/uploads\/2015\/08\/9escola21.png 692w, https:\/\/nk7-testes.com.br\/agazeta\/wp-content\/uploads\/2015\/08\/9escola21-300x169.png 300w\" sizes=\"(max-width: 692px) 100vw, 692px\" \/><\/p>\n<p style=\"text-align: justify;\"><img decoding=\"async\" class=\" size-full wp-image-17849\" alt=\"10escola21\" src=\"https:\/\/nk7-testes.com.br\/wp-content\/uploads\/2015\/08\/10escola21.png\" height=\"388\" width=\"694\" srcset=\"https:\/\/nk7-testes.com.br\/agazeta\/wp-content\/uploads\/2015\/08\/10escola21.png 694w, https:\/\/nk7-testes.com.br\/agazeta\/wp-content\/uploads\/2015\/08\/10escola21-300x168.png 300w\" sizes=\"(max-width: 694px) 100vw, 694px\" \/><\/p>\n<p style=\"text-align: justify;\"><img decoding=\"async\" class=\" size-full wp-image-17850\" alt=\"11escola21\" src=\"https:\/\/nk7-testes.com.br\/wp-content\/uploads\/2015\/08\/11escola21.png\" height=\"393\" width=\"695\" srcset=\"https:\/\/nk7-testes.com.br\/agazeta\/wp-content\/uploads\/2015\/08\/11escola21.png 695w, https:\/\/nk7-testes.com.br\/agazeta\/wp-content\/uploads\/2015\/08\/11escola21-300x170.png 300w\" sizes=\"(max-width: 695px) 100vw, 695px\" \/><\/p>\n<p style=\"text-align: justify;\"><img decoding=\"async\" class=\" size-full wp-image-17851\" alt=\"12escola21\" src=\"https:\/\/nk7-testes.com.br\/wp-content\/uploads\/2015\/08\/12escola21.png\" height=\"390\" width=\"692\" srcset=\"https:\/\/nk7-testes.com.br\/agazeta\/wp-content\/uploads\/2015\/08\/12escola21.png 692w, https:\/\/nk7-testes.com.br\/agazeta\/wp-content\/uploads\/2015\/08\/12escola21-300x169.png 300w\" sizes=\"(max-width: 692px) 100vw, 692px\" \/><\/p>\n<p style=\"text-align: justify;\">&nbsp;<\/p>\n","protected":false},"excerpt":{"rendered":"<p style=\"text-align: justify;\">Salas sem janelas e sem mesas \u00e9 realidade<\/p>\n","protected":false},"author":4,"featured_media":17839,"comment_status":"open","ping_status":"open","sticky":false,"template":"","format":"standard","meta":{"jnews-multi-image_gallery":[],"jnews_single_post":[],"jnews_primary_category":[],"jnews_social_meta":[],"jnews_review":[],"enable_review":"","type":"","name":"","summary":"","brand":"","sku":"","good":[],"bad":[],"score_override":"","override_value":"","rating":[],"price":[],"footnotes":""},"categories":[54],"tags":[],"class_list":["post-17852","post","type-post","status-publish","format-standard","has-post-thumbnail","hentry","category-cotidiano"],"yoast_head":"<!-- This site is optimized with the Yoast SEO plugin v26.5 - https:\/\/yoast.com\/wordpress\/plugins\/seo\/ -->\n<title>M\u00e3e denuncia precariedade em escola estadual - Agazeta.net<\/title>\n<meta name=\"robots\" content=\"index, follow, max-snippet:-1, max-image-preview:large, max-video-preview:-1\" \/>\n<link rel=\"canonical\" href=\"https:\/\/nk7-testes.com.br\/agazeta\/mae-denuncia-precariedade-em-escola-estadual\/\" \/>\n<meta property=\"og:locale\" content=\"pt_BR\" \/>\n<meta property=\"og:type\" content=\"article\" \/>\n<meta property=\"og:title\" content=\"M\u00e3e denuncia precariedade em escola estadual - Agazeta.net\" \/>\n<meta property=\"og:description\" content=\"Salas sem janelas e sem mesas \u00e9 realidade\" \/>\n<meta property=\"og:url\" content=\"https:\/\/nk7-testes.com.br\/agazeta\/mae-denuncia-precariedade-em-escola-estadual\/\" \/>\n<meta property=\"og:site_name\" content=\"Agazeta.net\" \/>\n<meta property=\"article:published_time\" content=\"2015-08-21T18:37:11+00:00\" \/>\n<meta property=\"og:image\" content=\"https:\/\/nk7-testes.com.br\/agazeta\/wp-content\/uploads\/2015\/08\/21815-cotidiano-escola.jpg\" \/>\n\t<meta property=\"og:image:width\" content=\"458\" \/>\n\t<meta property=\"og:image:height\" content=\"340\" \/>\n\t<meta property=\"og:image:type\" content=\"image\/jpeg\" \/>\n<meta name=\"author\" content=\"Agazeta.Net\" \/>\n<meta name=\"twitter:card\" content=\"summary_large_image\" \/>\n<meta name=\"twitter:label1\" content=\"Escrito por\" \/>\n\t<meta name=\"twitter:data1\" content=\"Agazeta.Net\" \/>\n\t<meta name=\"twitter:label2\" content=\"Est. tempo de leitura\" \/>\n\t<meta name=\"twitter:data2\" content=\"2 minutos\" \/>\n<script type=\"application\/ld+json\" class=\"yoast-schema-graph\">{\"@context\":\"https:\/\/schema.org\",\"@graph\":[{\"@type\":\"WebPage\",\"@id\":\"https:\/\/nk7-testes.com.br\/agazeta\/mae-denuncia-precariedade-em-escola-estadual\/\",\"url\":\"https:\/\/nk7-testes.com.br\/agazeta\/mae-denuncia-precariedade-em-escola-estadual\/\",\"name\":\"M\u00e3e denuncia precariedade em escola estadual - Agazeta.net\",\"isPartOf\":{\"@id\":\"https:\/\/nk7-testes.com.br\/agazeta\/#website\"},\"primaryImageOfPage\":{\"@id\":\"https:\/\/nk7-testes.com.br\/agazeta\/mae-denuncia-precariedade-em-escola-estadual\/#primaryimage\"},\"image\":{\"@id\":\"https:\/\/nk7-testes.com.br\/agazeta\/mae-denuncia-precariedade-em-escola-estadual\/#primaryimage\"},\"thumbnailUrl\":\"https:\/\/nk7-testes.com.br\/agazeta\/wp-content\/uploads\/2015\/08\/21815-cotidiano-escola.jpg\",\"datePublished\":\"2015-08-21T18:37:11+00:00\",\"author\":{\"@id\":\"https:\/\/nk7-testes.com.br\/agazeta\/#\/schema\/person\/6d6e25cb0435eb4a02fd44d30b4e3020\"},\"breadcrumb\":{\"@id\":\"https:\/\/nk7-testes.com.br\/agazeta\/mae-denuncia-precariedade-em-escola-estadual\/#breadcrumb\"},\"inLanguage\":\"pt-BR\",\"potentialAction\":[{\"@type\":\"ReadAction\",\"target\":[\"https:\/\/nk7-testes.com.br\/agazeta\/mae-denuncia-precariedade-em-escola-estadual\/\"]}]},{\"@type\":\"ImageObject\",\"inLanguage\":\"pt-BR\",\"@id\":\"https:\/\/nk7-testes.com.br\/agazeta\/mae-denuncia-precariedade-em-escola-estadual\/#primaryimage\",\"url\":\"https:\/\/nk7-testes.com.br\/agazeta\/wp-content\/uploads\/2015\/08\/21815-cotidiano-escola.jpg\",\"contentUrl\":\"https:\/\/nk7-testes.com.br\/agazeta\/wp-content\/uploads\/2015\/08\/21815-cotidiano-escola.jpg\",\"width\":458,\"height\":340,\"caption\":\"21815-cotidiano-escola\"},{\"@type\":\"BreadcrumbList\",\"@id\":\"https:\/\/nk7-testes.com.br\/agazeta\/mae-denuncia-precariedade-em-escola-estadual\/#breadcrumb\",\"itemListElement\":[{\"@type\":\"ListItem\",\"position\":1,\"name\":\"In\u00edcio\",\"item\":\"https:\/\/nk7-testes.com.br\/agazeta\/\"},{\"@type\":\"ListItem\",\"position\":2,\"name\":\"M\u00e3e denuncia precariedade em escola estadual\"}]},{\"@type\":\"WebSite\",\"@id\":\"https:\/\/nk7-testes.com.br\/agazeta\/#website\",\"url\":\"https:\/\/nk7-testes.com.br\/agazeta\/\",\"name\":\"Agazeta.net\",\"description\":\"Agazeta.net - Not\u00edcias de Rio Branco\/AC\",\"potentialAction\":[{\"@type\":\"SearchAction\",\"target\":{\"@type\":\"EntryPoint\",\"urlTemplate\":\"https:\/\/nk7-testes.com.br\/agazeta\/?s={search_term_string}\"},\"query-input\":{\"@type\":\"PropertyValueSpecification\",\"valueRequired\":true,\"valueName\":\"search_term_string\"}}],\"inLanguage\":\"pt-BR\"},{\"@type\":\"Person\",\"@id\":\"https:\/\/nk7-testes.com.br\/agazeta\/#\/schema\/person\/6d6e25cb0435eb4a02fd44d30b4e3020\",\"name\":\"Agazeta.Net\",\"url\":\"https:\/\/nk7-testes.com.br\/agazeta\/author\/agazeta\/\"}]}<\/script>\n<!-- \/ Yoast SEO plugin. -->","yoast_head_json":{"title":"M\u00e3e denuncia precariedade em escola estadual - Agazeta.net","robots":{"index":"index","follow":"follow","max-snippet":"max-snippet:-1","max-image-preview":"max-image-preview:large","max-video-preview":"max-video-preview:-1"},"canonical":"https:\/\/nk7-testes.com.br\/agazeta\/mae-denuncia-precariedade-em-escola-estadual\/","og_locale":"pt_BR","og_type":"article","og_title":"M\u00e3e denuncia precariedade em escola estadual - Agazeta.net","og_description":"Salas sem janelas e sem mesas \u00e9 realidade","og_url":"https:\/\/nk7-testes.com.br\/agazeta\/mae-denuncia-precariedade-em-escola-estadual\/","og_site_name":"Agazeta.net","article_published_time":"2015-08-21T18:37:11+00:00","og_image":[{"width":458,"height":340,"url":"https:\/\/nk7-testes.com.br\/agazeta\/wp-content\/uploads\/2015\/08\/21815-cotidiano-escola.jpg","type":"image\/jpeg"}],"author":"Agazeta.Net","twitter_card":"summary_large_image","twitter_misc":{"Escrito por":"Agazeta.Net","Est. tempo de leitura":"2 minutos"},"schema":{"@context":"https:\/\/schema.org","@graph":[{"@type":"WebPage","@id":"https:\/\/nk7-testes.com.br\/agazeta\/mae-denuncia-precariedade-em-escola-estadual\/","url":"https:\/\/nk7-testes.com.br\/agazeta\/mae-denuncia-precariedade-em-escola-estadual\/","name":"M\u00e3e denuncia precariedade em escola estadual - Agazeta.net","isPartOf":{"@id":"https:\/\/nk7-testes.com.br\/agazeta\/#website"},"primaryImageOfPage":{"@id":"https:\/\/nk7-testes.com.br\/agazeta\/mae-denuncia-precariedade-em-escola-estadual\/#primaryimage"},"image":{"@id":"https:\/\/nk7-testes.com.br\/agazeta\/mae-denuncia-precariedade-em-escola-estadual\/#primaryimage"},"thumbnailUrl":"https:\/\/nk7-testes.com.br\/agazeta\/wp-content\/uploads\/2015\/08\/21815-cotidiano-escola.jpg","datePublished":"2015-08-21T18:37:11+00:00","author":{"@id":"https:\/\/nk7-testes.com.br\/agazeta\/#\/schema\/person\/6d6e25cb0435eb4a02fd44d30b4e3020"},"breadcrumb":{"@id":"https:\/\/nk7-testes.com.br\/agazeta\/mae-denuncia-precariedade-em-escola-estadual\/#breadcrumb"},"inLanguage":"pt-BR","potentialAction":[{"@type":"ReadAction","target":["https:\/\/nk7-testes.com.br\/agazeta\/mae-denuncia-precariedade-em-escola-estadual\/"]}]},{"@type":"ImageObject","inLanguage":"pt-BR","@id":"https:\/\/nk7-testes.com.br\/agazeta\/mae-denuncia-precariedade-em-escola-estadual\/#primaryimage","url":"https:\/\/nk7-testes.com.br\/agazeta\/wp-content\/uploads\/2015\/08\/21815-cotidiano-escola.jpg","contentUrl":"https:\/\/nk7-testes.com.br\/agazeta\/wp-content\/uploads\/2015\/08\/21815-cotidiano-escola.jpg","width":458,"height":340,"caption":"21815-cotidiano-escola"},{"@type":"BreadcrumbList","@id":"https:\/\/nk7-testes.com.br\/agazeta\/mae-denuncia-precariedade-em-escola-estadual\/#breadcrumb","itemListElement":[{"@type":"ListItem","position":1,"name":"In\u00edcio","item":"https:\/\/nk7-testes.com.br\/agazeta\/"},{"@type":"ListItem","position":2,"name":"M\u00e3e denuncia precariedade em escola estadual"}]},{"@type":"WebSite","@id":"https:\/\/nk7-testes.com.br\/agazeta\/#website","url":"https:\/\/nk7-testes.com.br\/agazeta\/","name":"Agazeta.net","description":"Agazeta.net - Not\u00edcias de Rio Branco\/AC","potentialAction":[{"@type":"SearchAction","target":{"@type":"EntryPoint","urlTemplate":"https:\/\/nk7-testes.com.br\/agazeta\/?s={search_term_string}"},"query-input":{"@type":"PropertyValueSpecification","valueRequired":true,"valueName":"search_term_string"}}],"inLanguage":"pt-BR"},{"@type":"Person","@id":"https:\/\/nk7-testes.com.br\/agazeta\/#\/schema\/person\/6d6e25cb0435eb4a02fd44d30b4e3020","name":"Agazeta.Net","url":"https:\/\/nk7-testes.com.br\/agazeta\/author\/agazeta\/"}]}},"_links":{"self":[{"href":"https:\/\/nk7-testes.com.br\/agazeta\/wp-json\/wp\/v2\/posts\/17852","targetHints":{"allow":["GET"]}}],"collection":[{"href":"https:\/\/nk7-testes.com.br\/agazeta\/wp-json\/wp\/v2\/posts"}],"about":[{"href":"https:\/\/nk7-testes.com.br\/agazeta\/wp-json\/wp\/v2\/types\/post"}],"author":[{"embeddable":true,"href":"https:\/\/nk7-testes.com.br\/agazeta\/wp-json\/wp\/v2\/users\/4"}],"replies":[{"embeddable":true,"href":"https:\/\/nk7-testes.com.br\/agazeta\/wp-json\/wp\/v2\/comments?post=17852"}],"version-history":[{"count":0,"href":"https:\/\/nk7-testes.com.br\/agazeta\/wp-json\/wp\/v2\/posts\/17852\/revisions"}],"wp:featuredmedia":[{"embeddable":true,"href":"https:\/\/nk7-testes.com.br\/agazeta\/wp-json\/wp\/v2\/media\/17839"}],"wp:attachment":[{"href":"https:\/\/nk7-testes.com.br\/agazeta\/wp-json\/wp\/v2\/media?parent=17852"}],"wp:term":[{"taxonomy":"category","embeddable":true,"href":"https:\/\/nk7-testes.com.br\/agazeta\/wp-json\/wp\/v2\/categories?post=17852"},{"taxonomy":"post_tag","embeddable":true,"href":"https:\/\/nk7-testes.com.br\/agazeta\/wp-json\/wp\/v2\/tags?post=17852"}],"curies":[{"name":"wp","href":"https:\/\/api.w.org\/{rel}","templated":true}]}}