{"id":17822,"date":"2015-08-21T14:24:03","date_gmt":"2015-08-21T14:24:03","guid":{"rendered":"https:\/\/abarevegan.com.br\/index.php\/2015\/08\/21\/moradores-do-ramal-do-macarrao-fecham-br-364\/"},"modified":"2015-08-21T14:24:03","modified_gmt":"2015-08-21T14:24:03","slug":"moradores-do-ramal-do-macarrao-fecham-br-364","status":"publish","type":"post","link":"https:\/\/nk7-testes.com.br\/agazeta\/moradores-do-ramal-do-macarrao-fecham-br-364\/","title":{"rendered":"Moradores do Ramal do Macarr\u00e3o fecham BR-364"},"content":{"rendered":"<p style=\"text-align: justify;\">Oferta de servi\u00e7os p\u00fablicos n\u00e3o existe na comunidade<\/p>\n<p style=\"text-align: justify;\">Os moradores do Ramal do Macarr\u00e3o (que fica no bairro Belo Jardim I) fecharam a BR-364 no Km 1 sentido Rio Branco a Porto Velho bem na ponte do Igarap\u00e9 Judia. Os dois trechos da estrada ficaram fechados por cerca de 1 hora nos dois sentidos da rodovia.<\/p>\n<p style=\"text-align: justify;\">Os moradores se dizem \u201ccansados\u201d de tantas promessas. Eles exigem saneamento b\u00e1sico no local. Segundo eles, o ramal hoje esta intrafeg\u00e1vel com muitos buracos e matagal \u00e0s margens do ramal. No inverno, n\u00e3o t\u00eam como passar. At\u00e9 para caminhar no ramal \u00e9 dif\u00edcil, dizem. Al\u00e9m de falta de ilumina\u00e7\u00e3o p\u00fablica no local que n\u00e3o tem nos portes.<\/p>\n<p style=\"text-align: justify;\">Falta seguran\u00e7a tamb\u00e9m. Pelo fato de o ramal n\u00e3o ter acesso normal, n\u00e3o h\u00e1 como as viaturas da pol\u00edcia entrarem na estrada. H\u00e1 cerca de 500 fam\u00edlias na comunidade. Se nada for feito para melhorar a situa\u00e7\u00e3o do ramal, eles prometeram fechar novamente a BR semana que vem.<\/p>\n","protected":false},"excerpt":{"rendered":"<p style=\"text-align: justify;\">Oferta de servi\u00e7os p\u00fablicos n\u00e3o existe na comunidade<\/p>\n","protected":false},"author":4,"featured_media":17821,"comment_status":"open","ping_status":"open","sticky":false,"template":"","format":"standard","meta":{"jnews-multi-image_gallery":[],"jnews_single_post":[],"jnews_primary_category":[],"jnews_social_meta":[],"jnews_review":[],"enable_review":"","type":"","name":"","summary":"","brand":"","sku":"","good":[],"bad":[],"score_override":"","override_value":"","rating":[],"price":[],"footnotes":""},"categories":[54],"tags":[],"class_list":["post-17822","post","type-post","status-publish","format-standard","has-post-thumbnail","hentry","category-cotidiano"],"yoast_head":"<!-- This site is optimized with the Yoast SEO plugin v26.5 - https:\/\/yoast.com\/wordpress\/plugins\/seo\/ -->\n<title>Moradores do Ramal do Macarr\u00e3o fecham BR-364 - Agazeta.net<\/title>\n<meta name=\"robots\" content=\"index, follow, max-snippet:-1, max-image-preview:large, max-video-preview:-1\" \/>\n<link rel=\"canonical\" href=\"https:\/\/nk7-testes.com.br\/agazeta\/moradores-do-ramal-do-macarrao-fecham-br-364\/\" \/>\n<meta property=\"og:locale\" content=\"pt_BR\" \/>\n<meta property=\"og:type\" content=\"article\" \/>\n<meta property=\"og:title\" content=\"Moradores do Ramal do Macarr\u00e3o fecham BR-364 - Agazeta.net\" \/>\n<meta property=\"og:description\" content=\"Oferta de servi\u00e7os p\u00fablicos n\u00e3o existe na comunidade\" \/>\n<meta property=\"og:url\" content=\"https:\/\/nk7-testes.com.br\/agazeta\/moradores-do-ramal-do-macarrao-fecham-br-364\/\" \/>\n<meta property=\"og:site_name\" content=\"Agazeta.net\" \/>\n<meta property=\"article:published_time\" content=\"2015-08-21T14:24:03+00:00\" \/>\n<meta property=\"og:image\" content=\"https:\/\/nk7-testes.com.br\/agazeta\/wp-content\/uploads\/2015\/08\/210815-cotidiano-protesto-cleriston.jpg\" \/>\n\t<meta property=\"og:image:width\" content=\"458\" \/>\n\t<meta property=\"og:image:height\" content=\"340\" \/>\n\t<meta property=\"og:image:type\" content=\"image\/jpeg\" \/>\n<meta name=\"author\" content=\"Agazeta.Net\" \/>\n<meta name=\"twitter:card\" content=\"summary_large_image\" \/>\n<meta name=\"twitter:label1\" content=\"Escrito por\" \/>\n\t<meta name=\"twitter:data1\" content=\"Agazeta.Net\" \/>\n\t<meta name=\"twitter:label2\" content=\"Est. tempo de leitura\" \/>\n\t<meta name=\"twitter:data2\" content=\"1 minuto\" \/>\n<script type=\"application\/ld+json\" class=\"yoast-schema-graph\">{\"@context\":\"https:\/\/schema.org\",\"@graph\":[{\"@type\":\"WebPage\",\"@id\":\"https:\/\/nk7-testes.com.br\/agazeta\/moradores-do-ramal-do-macarrao-fecham-br-364\/\",\"url\":\"https:\/\/nk7-testes.com.br\/agazeta\/moradores-do-ramal-do-macarrao-fecham-br-364\/\",\"name\":\"Moradores do Ramal do Macarr\u00e3o fecham BR-364 - Agazeta.net\",\"isPartOf\":{\"@id\":\"https:\/\/nk7-testes.com.br\/agazeta\/#website\"},\"primaryImageOfPage\":{\"@id\":\"https:\/\/nk7-testes.com.br\/agazeta\/moradores-do-ramal-do-macarrao-fecham-br-364\/#primaryimage\"},\"image\":{\"@id\":\"https:\/\/nk7-testes.com.br\/agazeta\/moradores-do-ramal-do-macarrao-fecham-br-364\/#primaryimage\"},\"thumbnailUrl\":\"https:\/\/nk7-testes.com.br\/agazeta\/wp-content\/uploads\/2015\/08\/210815-cotidiano-protesto-cleriston.jpg\",\"datePublished\":\"2015-08-21T14:24:03+00:00\",\"author\":{\"@id\":\"https:\/\/nk7-testes.com.br\/agazeta\/#\/schema\/person\/6d6e25cb0435eb4a02fd44d30b4e3020\"},\"breadcrumb\":{\"@id\":\"https:\/\/nk7-testes.com.br\/agazeta\/moradores-do-ramal-do-macarrao-fecham-br-364\/#breadcrumb\"},\"inLanguage\":\"pt-BR\",\"potentialAction\":[{\"@type\":\"ReadAction\",\"target\":[\"https:\/\/nk7-testes.com.br\/agazeta\/moradores-do-ramal-do-macarrao-fecham-br-364\/\"]}]},{\"@type\":\"ImageObject\",\"inLanguage\":\"pt-BR\",\"@id\":\"https:\/\/nk7-testes.com.br\/agazeta\/moradores-do-ramal-do-macarrao-fecham-br-364\/#primaryimage\",\"url\":\"https:\/\/nk7-testes.com.br\/agazeta\/wp-content\/uploads\/2015\/08\/210815-cotidiano-protesto-cleriston.jpg\",\"contentUrl\":\"https:\/\/nk7-testes.com.br\/agazeta\/wp-content\/uploads\/2015\/08\/210815-cotidiano-protesto-cleriston.jpg\",\"width\":458,\"height\":340,\"caption\":\"210815-cotidiano-protesto-cleriston\"},{\"@type\":\"BreadcrumbList\",\"@id\":\"https:\/\/nk7-testes.com.br\/agazeta\/moradores-do-ramal-do-macarrao-fecham-br-364\/#breadcrumb\",\"itemListElement\":[{\"@type\":\"ListItem\",\"position\":1,\"name\":\"In\u00edcio\",\"item\":\"https:\/\/nk7-testes.com.br\/agazeta\/\"},{\"@type\":\"ListItem\",\"position\":2,\"name\":\"Moradores do Ramal do Macarr\u00e3o fecham BR-364\"}]},{\"@type\":\"WebSite\",\"@id\":\"https:\/\/nk7-testes.com.br\/agazeta\/#website\",\"url\":\"https:\/\/nk7-testes.com.br\/agazeta\/\",\"name\":\"Agazeta.net\",\"description\":\"Agazeta.net - Not\u00edcias de Rio Branco\/AC\",\"potentialAction\":[{\"@type\":\"SearchAction\",\"target\":{\"@type\":\"EntryPoint\",\"urlTemplate\":\"https:\/\/nk7-testes.com.br\/agazeta\/?s={search_term_string}\"},\"query-input\":{\"@type\":\"PropertyValueSpecification\",\"valueRequired\":true,\"valueName\":\"search_term_string\"}}],\"inLanguage\":\"pt-BR\"},{\"@type\":\"Person\",\"@id\":\"https:\/\/nk7-testes.com.br\/agazeta\/#\/schema\/person\/6d6e25cb0435eb4a02fd44d30b4e3020\",\"name\":\"Agazeta.Net\",\"url\":\"https:\/\/nk7-testes.com.br\/agazeta\/author\/agazeta\/\"}]}<\/script>\n<!-- \/ Yoast SEO plugin. -->","yoast_head_json":{"title":"Moradores do Ramal do Macarr\u00e3o fecham BR-364 - Agazeta.net","robots":{"index":"index","follow":"follow","max-snippet":"max-snippet:-1","max-image-preview":"max-image-preview:large","max-video-preview":"max-video-preview:-1"},"canonical":"https:\/\/nk7-testes.com.br\/agazeta\/moradores-do-ramal-do-macarrao-fecham-br-364\/","og_locale":"pt_BR","og_type":"article","og_title":"Moradores do Ramal do Macarr\u00e3o fecham BR-364 - Agazeta.net","og_description":"Oferta de servi\u00e7os p\u00fablicos n\u00e3o existe na comunidade","og_url":"https:\/\/nk7-testes.com.br\/agazeta\/moradores-do-ramal-do-macarrao-fecham-br-364\/","og_site_name":"Agazeta.net","article_published_time":"2015-08-21T14:24:03+00:00","og_image":[{"width":458,"height":340,"url":"https:\/\/nk7-testes.com.br\/agazeta\/wp-content\/uploads\/2015\/08\/210815-cotidiano-protesto-cleriston.jpg","type":"image\/jpeg"}],"author":"Agazeta.Net","twitter_card":"summary_large_image","twitter_misc":{"Escrito por":"Agazeta.Net","Est. tempo de leitura":"1 minuto"},"schema":{"@context":"https:\/\/schema.org","@graph":[{"@type":"WebPage","@id":"https:\/\/nk7-testes.com.br\/agazeta\/moradores-do-ramal-do-macarrao-fecham-br-364\/","url":"https:\/\/nk7-testes.com.br\/agazeta\/moradores-do-ramal-do-macarrao-fecham-br-364\/","name":"Moradores do Ramal do Macarr\u00e3o fecham BR-364 - Agazeta.net","isPartOf":{"@id":"https:\/\/nk7-testes.com.br\/agazeta\/#website"},"primaryImageOfPage":{"@id":"https:\/\/nk7-testes.com.br\/agazeta\/moradores-do-ramal-do-macarrao-fecham-br-364\/#primaryimage"},"image":{"@id":"https:\/\/nk7-testes.com.br\/agazeta\/moradores-do-ramal-do-macarrao-fecham-br-364\/#primaryimage"},"thumbnailUrl":"https:\/\/nk7-testes.com.br\/agazeta\/wp-content\/uploads\/2015\/08\/210815-cotidiano-protesto-cleriston.jpg","datePublished":"2015-08-21T14:24:03+00:00","author":{"@id":"https:\/\/nk7-testes.com.br\/agazeta\/#\/schema\/person\/6d6e25cb0435eb4a02fd44d30b4e3020"},"breadcrumb":{"@id":"https:\/\/nk7-testes.com.br\/agazeta\/moradores-do-ramal-do-macarrao-fecham-br-364\/#breadcrumb"},"inLanguage":"pt-BR","potentialAction":[{"@type":"ReadAction","target":["https:\/\/nk7-testes.com.br\/agazeta\/moradores-do-ramal-do-macarrao-fecham-br-364\/"]}]},{"@type":"ImageObject","inLanguage":"pt-BR","@id":"https:\/\/nk7-testes.com.br\/agazeta\/moradores-do-ramal-do-macarrao-fecham-br-364\/#primaryimage","url":"https:\/\/nk7-testes.com.br\/agazeta\/wp-content\/uploads\/2015\/08\/210815-cotidiano-protesto-cleriston.jpg","contentUrl":"https:\/\/nk7-testes.com.br\/agazeta\/wp-content\/uploads\/2015\/08\/210815-cotidiano-protesto-cleriston.jpg","width":458,"height":340,"caption":"210815-cotidiano-protesto-cleriston"},{"@type":"BreadcrumbList","@id":"https:\/\/nk7-testes.com.br\/agazeta\/moradores-do-ramal-do-macarrao-fecham-br-364\/#breadcrumb","itemListElement":[{"@type":"ListItem","position":1,"name":"In\u00edcio","item":"https:\/\/nk7-testes.com.br\/agazeta\/"},{"@type":"ListItem","position":2,"name":"Moradores do Ramal do Macarr\u00e3o fecham BR-364"}]},{"@type":"WebSite","@id":"https:\/\/nk7-testes.com.br\/agazeta\/#website","url":"https:\/\/nk7-testes.com.br\/agazeta\/","name":"Agazeta.net","description":"Agazeta.net - Not\u00edcias de Rio Branco\/AC","potentialAction":[{"@type":"SearchAction","target":{"@type":"EntryPoint","urlTemplate":"https:\/\/nk7-testes.com.br\/agazeta\/?s={search_term_string}"},"query-input":{"@type":"PropertyValueSpecification","valueRequired":true,"valueName":"search_term_string"}}],"inLanguage":"pt-BR"},{"@type":"Person","@id":"https:\/\/nk7-testes.com.br\/agazeta\/#\/schema\/person\/6d6e25cb0435eb4a02fd44d30b4e3020","name":"Agazeta.Net","url":"https:\/\/nk7-testes.com.br\/agazeta\/author\/agazeta\/"}]}},"_links":{"self":[{"href":"https:\/\/nk7-testes.com.br\/agazeta\/wp-json\/wp\/v2\/posts\/17822","targetHints":{"allow":["GET"]}}],"collection":[{"href":"https:\/\/nk7-testes.com.br\/agazeta\/wp-json\/wp\/v2\/posts"}],"about":[{"href":"https:\/\/nk7-testes.com.br\/agazeta\/wp-json\/wp\/v2\/types\/post"}],"author":[{"embeddable":true,"href":"https:\/\/nk7-testes.com.br\/agazeta\/wp-json\/wp\/v2\/users\/4"}],"replies":[{"embeddable":true,"href":"https:\/\/nk7-testes.com.br\/agazeta\/wp-json\/wp\/v2\/comments?post=17822"}],"version-history":[{"count":0,"href":"https:\/\/nk7-testes.com.br\/agazeta\/wp-json\/wp\/v2\/posts\/17822\/revisions"}],"wp:featuredmedia":[{"embeddable":true,"href":"https:\/\/nk7-testes.com.br\/agazeta\/wp-json\/wp\/v2\/media\/17821"}],"wp:attachment":[{"href":"https:\/\/nk7-testes.com.br\/agazeta\/wp-json\/wp\/v2\/media?parent=17822"}],"wp:term":[{"taxonomy":"category","embeddable":true,"href":"https:\/\/nk7-testes.com.br\/agazeta\/wp-json\/wp\/v2\/categories?post=17822"},{"taxonomy":"post_tag","embeddable":true,"href":"https:\/\/nk7-testes.com.br\/agazeta\/wp-json\/wp\/v2\/tags?post=17822"}],"curies":[{"name":"wp","href":"https:\/\/api.w.org\/{rel}","templated":true}]}}