{"id":17815,"date":"2015-08-20T20:47:41","date_gmt":"2015-08-20T20:47:41","guid":{"rendered":"https:\/\/abarevegan.com.br\/index.php\/2015\/08\/20\/professores-federais-deliberam-acoes-ligadas-a-greve\/"},"modified":"2015-08-20T20:47:41","modified_gmt":"2015-08-20T20:47:41","slug":"professores-federais-deliberam-acoes-ligadas-a-greve","status":"publish","type":"post","link":"https:\/\/nk7-testes.com.br\/agazeta\/professores-federais-deliberam-acoes-ligadas-a-greve\/","title":{"rendered":"Professores federais deliberam a\u00e7\u00f5es ligadas \u00e0 greve"},"content":{"rendered":"<p style=\"text-align: justify;\">Assembleia define ato para pr\u00f3xima semana<\/p>\n<p style=\"text-align: justify;\">Professores da Universidade Federal do Acre (Ufac) se re\u00fanem na tarde desta quinta-feira (20) em assembleia para deliberar algumas a\u00e7\u00f5es em rela\u00e7\u00e3o ao movimento grevista.<\/p>\n<p style=\"text-align: justify;\">De acordo com o secret\u00e1rio da Associa\u00e7\u00e3o de Docentes da Universidade Federal do Acre-Adufac, Mois\u00e9s Lob\u00e3o, a reuni\u00e3o ser\u00e1 para discutir as indica\u00e7\u00f5es do Andes, comando de greve nacional.<\/p>\n<p style=\"text-align: justify;\">\u201cHoje vamos enviar mensagens para o Ministro da Educa\u00e7\u00e3o na inten\u00e7\u00e3o de que ele nos receba e na pr\u00f3xima semana ter\u00e3o atividades a n\u00edvel nacional,\u201d explicou.<\/p>\n<p style=\"text-align: justify;\">No dia 27 haver\u00e1 uma marcha dos servidores p\u00fablicos federais em prol de melhorias na educa\u00e7\u00e3o, al\u00e9m de pautas especificas dos servidores p\u00fablicos. J\u00e1 no dia 28, os professores v\u00e3o para frente do Minist\u00e9rio da Educa\u00e7\u00e3o em busca de dialogar com o ministro Renato Janine.<\/p>\n<p style=\"text-align: justify;\">\u201cDevido \u00e0 dist\u00e2ncia, aqui do Acre vamos eu e Jo\u00e3o Lima (vice-presidente da Adufac) representando o comando de greve local, mas esperamos que a participa\u00e7\u00e3o seja grande em rela\u00e7\u00e3o a estados mais pr\u00f3ximos a Bras\u00edlia\u201d, disse o secret\u00e1rio da Adufac.<\/p>\n<p style=\"text-align: justify;\">Ainda segundo Lob\u00e3o, durante a assembleia, deve ser organizado um ato local para o dia 28, data em que a greve dos professores completa 3 meses.<\/p>\n","protected":false},"excerpt":{"rendered":"<p style=\"text-align: justify;\">Assembleia define ato para pr\u00f3xima semana<\/p>\n","protected":false},"author":4,"featured_media":17814,"comment_status":"open","ping_status":"open","sticky":false,"template":"","format":"standard","meta":{"jnews-multi-image_gallery":[],"jnews_single_post":[],"jnews_primary_category":[],"jnews_social_meta":[],"jnews_review":[],"enable_review":"","type":"","name":"","summary":"","brand":"","sku":"","good":[],"bad":[],"score_override":"","override_value":"","rating":[],"price":[],"footnotes":""},"categories":[54],"tags":[],"class_list":["post-17815","post","type-post","status-publish","format-standard","has-post-thumbnail","hentry","category-cotidiano"],"yoast_head":"<!-- This site is optimized with the Yoast SEO plugin v26.5 - https:\/\/yoast.com\/wordpress\/plugins\/seo\/ -->\n<title>Professores federais deliberam a\u00e7\u00f5es ligadas \u00e0 greve - Agazeta.net<\/title>\n<meta name=\"robots\" content=\"index, follow, max-snippet:-1, max-image-preview:large, max-video-preview:-1\" \/>\n<link rel=\"canonical\" href=\"https:\/\/nk7-testes.com.br\/agazeta\/professores-federais-deliberam-acoes-ligadas-a-greve\/\" \/>\n<meta property=\"og:locale\" content=\"pt_BR\" \/>\n<meta property=\"og:type\" content=\"article\" \/>\n<meta property=\"og:title\" content=\"Professores federais deliberam a\u00e7\u00f5es ligadas \u00e0 greve - Agazeta.net\" \/>\n<meta property=\"og:description\" content=\"Assembleia define ato para pr\u00f3xima semana\" \/>\n<meta property=\"og:url\" content=\"https:\/\/nk7-testes.com.br\/agazeta\/professores-federais-deliberam-acoes-ligadas-a-greve\/\" \/>\n<meta property=\"og:site_name\" content=\"Agazeta.net\" \/>\n<meta property=\"article:published_time\" content=\"2015-08-20T20:47:41+00:00\" \/>\n<meta property=\"og:image\" content=\"https:\/\/nk7-testes.com.br\/agazeta\/wp-content\/uploads\/2015\/08\/200815-cotidiano-professorfederal-andes.jpg\" \/>\n\t<meta property=\"og:image:width\" content=\"458\" \/>\n\t<meta property=\"og:image:height\" content=\"340\" \/>\n\t<meta property=\"og:image:type\" content=\"image\/jpeg\" \/>\n<meta name=\"author\" content=\"Agazeta.Net\" \/>\n<meta name=\"twitter:card\" content=\"summary_large_image\" \/>\n<meta name=\"twitter:label1\" content=\"Escrito por\" \/>\n\t<meta name=\"twitter:data1\" content=\"Agazeta.Net\" \/>\n\t<meta name=\"twitter:label2\" content=\"Est. tempo de leitura\" \/>\n\t<meta name=\"twitter:data2\" content=\"1 minuto\" \/>\n<script type=\"application\/ld+json\" class=\"yoast-schema-graph\">{\"@context\":\"https:\/\/schema.org\",\"@graph\":[{\"@type\":\"WebPage\",\"@id\":\"https:\/\/nk7-testes.com.br\/agazeta\/professores-federais-deliberam-acoes-ligadas-a-greve\/\",\"url\":\"https:\/\/nk7-testes.com.br\/agazeta\/professores-federais-deliberam-acoes-ligadas-a-greve\/\",\"name\":\"Professores federais deliberam a\u00e7\u00f5es ligadas \u00e0 greve - Agazeta.net\",\"isPartOf\":{\"@id\":\"https:\/\/nk7-testes.com.br\/agazeta\/#website\"},\"primaryImageOfPage\":{\"@id\":\"https:\/\/nk7-testes.com.br\/agazeta\/professores-federais-deliberam-acoes-ligadas-a-greve\/#primaryimage\"},\"image\":{\"@id\":\"https:\/\/nk7-testes.com.br\/agazeta\/professores-federais-deliberam-acoes-ligadas-a-greve\/#primaryimage\"},\"thumbnailUrl\":\"https:\/\/nk7-testes.com.br\/agazeta\/wp-content\/uploads\/2015\/08\/200815-cotidiano-professorfederal-andes.jpg\",\"datePublished\":\"2015-08-20T20:47:41+00:00\",\"author\":{\"@id\":\"https:\/\/nk7-testes.com.br\/agazeta\/#\/schema\/person\/6d6e25cb0435eb4a02fd44d30b4e3020\"},\"breadcrumb\":{\"@id\":\"https:\/\/nk7-testes.com.br\/agazeta\/professores-federais-deliberam-acoes-ligadas-a-greve\/#breadcrumb\"},\"inLanguage\":\"pt-BR\",\"potentialAction\":[{\"@type\":\"ReadAction\",\"target\":[\"https:\/\/nk7-testes.com.br\/agazeta\/professores-federais-deliberam-acoes-ligadas-a-greve\/\"]}]},{\"@type\":\"ImageObject\",\"inLanguage\":\"pt-BR\",\"@id\":\"https:\/\/nk7-testes.com.br\/agazeta\/professores-federais-deliberam-acoes-ligadas-a-greve\/#primaryimage\",\"url\":\"https:\/\/nk7-testes.com.br\/agazeta\/wp-content\/uploads\/2015\/08\/200815-cotidiano-professorfederal-andes.jpg\",\"contentUrl\":\"https:\/\/nk7-testes.com.br\/agazeta\/wp-content\/uploads\/2015\/08\/200815-cotidiano-professorfederal-andes.jpg\",\"width\":458,\"height\":340,\"caption\":\"200815-cotidiano-professorfederal-andes\"},{\"@type\":\"BreadcrumbList\",\"@id\":\"https:\/\/nk7-testes.com.br\/agazeta\/professores-federais-deliberam-acoes-ligadas-a-greve\/#breadcrumb\",\"itemListElement\":[{\"@type\":\"ListItem\",\"position\":1,\"name\":\"In\u00edcio\",\"item\":\"https:\/\/nk7-testes.com.br\/agazeta\/\"},{\"@type\":\"ListItem\",\"position\":2,\"name\":\"Professores federais deliberam a\u00e7\u00f5es ligadas \u00e0 greve\"}]},{\"@type\":\"WebSite\",\"@id\":\"https:\/\/nk7-testes.com.br\/agazeta\/#website\",\"url\":\"https:\/\/nk7-testes.com.br\/agazeta\/\",\"name\":\"Agazeta.net\",\"description\":\"Agazeta.net - Not\u00edcias de Rio Branco\/AC\",\"potentialAction\":[{\"@type\":\"SearchAction\",\"target\":{\"@type\":\"EntryPoint\",\"urlTemplate\":\"https:\/\/nk7-testes.com.br\/agazeta\/?s={search_term_string}\"},\"query-input\":{\"@type\":\"PropertyValueSpecification\",\"valueRequired\":true,\"valueName\":\"search_term_string\"}}],\"inLanguage\":\"pt-BR\"},{\"@type\":\"Person\",\"@id\":\"https:\/\/nk7-testes.com.br\/agazeta\/#\/schema\/person\/6d6e25cb0435eb4a02fd44d30b4e3020\",\"name\":\"Agazeta.Net\",\"url\":\"https:\/\/nk7-testes.com.br\/agazeta\/author\/agazeta\/\"}]}<\/script>\n<!-- \/ Yoast SEO plugin. -->","yoast_head_json":{"title":"Professores federais deliberam a\u00e7\u00f5es ligadas \u00e0 greve - Agazeta.net","robots":{"index":"index","follow":"follow","max-snippet":"max-snippet:-1","max-image-preview":"max-image-preview:large","max-video-preview":"max-video-preview:-1"},"canonical":"https:\/\/nk7-testes.com.br\/agazeta\/professores-federais-deliberam-acoes-ligadas-a-greve\/","og_locale":"pt_BR","og_type":"article","og_title":"Professores federais deliberam a\u00e7\u00f5es ligadas \u00e0 greve - Agazeta.net","og_description":"Assembleia define ato para pr\u00f3xima semana","og_url":"https:\/\/nk7-testes.com.br\/agazeta\/professores-federais-deliberam-acoes-ligadas-a-greve\/","og_site_name":"Agazeta.net","article_published_time":"2015-08-20T20:47:41+00:00","og_image":[{"width":458,"height":340,"url":"https:\/\/nk7-testes.com.br\/agazeta\/wp-content\/uploads\/2015\/08\/200815-cotidiano-professorfederal-andes.jpg","type":"image\/jpeg"}],"author":"Agazeta.Net","twitter_card":"summary_large_image","twitter_misc":{"Escrito por":"Agazeta.Net","Est. tempo de leitura":"1 minuto"},"schema":{"@context":"https:\/\/schema.org","@graph":[{"@type":"WebPage","@id":"https:\/\/nk7-testes.com.br\/agazeta\/professores-federais-deliberam-acoes-ligadas-a-greve\/","url":"https:\/\/nk7-testes.com.br\/agazeta\/professores-federais-deliberam-acoes-ligadas-a-greve\/","name":"Professores federais deliberam a\u00e7\u00f5es ligadas \u00e0 greve - Agazeta.net","isPartOf":{"@id":"https:\/\/nk7-testes.com.br\/agazeta\/#website"},"primaryImageOfPage":{"@id":"https:\/\/nk7-testes.com.br\/agazeta\/professores-federais-deliberam-acoes-ligadas-a-greve\/#primaryimage"},"image":{"@id":"https:\/\/nk7-testes.com.br\/agazeta\/professores-federais-deliberam-acoes-ligadas-a-greve\/#primaryimage"},"thumbnailUrl":"https:\/\/nk7-testes.com.br\/agazeta\/wp-content\/uploads\/2015\/08\/200815-cotidiano-professorfederal-andes.jpg","datePublished":"2015-08-20T20:47:41+00:00","author":{"@id":"https:\/\/nk7-testes.com.br\/agazeta\/#\/schema\/person\/6d6e25cb0435eb4a02fd44d30b4e3020"},"breadcrumb":{"@id":"https:\/\/nk7-testes.com.br\/agazeta\/professores-federais-deliberam-acoes-ligadas-a-greve\/#breadcrumb"},"inLanguage":"pt-BR","potentialAction":[{"@type":"ReadAction","target":["https:\/\/nk7-testes.com.br\/agazeta\/professores-federais-deliberam-acoes-ligadas-a-greve\/"]}]},{"@type":"ImageObject","inLanguage":"pt-BR","@id":"https:\/\/nk7-testes.com.br\/agazeta\/professores-federais-deliberam-acoes-ligadas-a-greve\/#primaryimage","url":"https:\/\/nk7-testes.com.br\/agazeta\/wp-content\/uploads\/2015\/08\/200815-cotidiano-professorfederal-andes.jpg","contentUrl":"https:\/\/nk7-testes.com.br\/agazeta\/wp-content\/uploads\/2015\/08\/200815-cotidiano-professorfederal-andes.jpg","width":458,"height":340,"caption":"200815-cotidiano-professorfederal-andes"},{"@type":"BreadcrumbList","@id":"https:\/\/nk7-testes.com.br\/agazeta\/professores-federais-deliberam-acoes-ligadas-a-greve\/#breadcrumb","itemListElement":[{"@type":"ListItem","position":1,"name":"In\u00edcio","item":"https:\/\/nk7-testes.com.br\/agazeta\/"},{"@type":"ListItem","position":2,"name":"Professores federais deliberam a\u00e7\u00f5es ligadas \u00e0 greve"}]},{"@type":"WebSite","@id":"https:\/\/nk7-testes.com.br\/agazeta\/#website","url":"https:\/\/nk7-testes.com.br\/agazeta\/","name":"Agazeta.net","description":"Agazeta.net - Not\u00edcias de Rio Branco\/AC","potentialAction":[{"@type":"SearchAction","target":{"@type":"EntryPoint","urlTemplate":"https:\/\/nk7-testes.com.br\/agazeta\/?s={search_term_string}"},"query-input":{"@type":"PropertyValueSpecification","valueRequired":true,"valueName":"search_term_string"}}],"inLanguage":"pt-BR"},{"@type":"Person","@id":"https:\/\/nk7-testes.com.br\/agazeta\/#\/schema\/person\/6d6e25cb0435eb4a02fd44d30b4e3020","name":"Agazeta.Net","url":"https:\/\/nk7-testes.com.br\/agazeta\/author\/agazeta\/"}]}},"_links":{"self":[{"href":"https:\/\/nk7-testes.com.br\/agazeta\/wp-json\/wp\/v2\/posts\/17815","targetHints":{"allow":["GET"]}}],"collection":[{"href":"https:\/\/nk7-testes.com.br\/agazeta\/wp-json\/wp\/v2\/posts"}],"about":[{"href":"https:\/\/nk7-testes.com.br\/agazeta\/wp-json\/wp\/v2\/types\/post"}],"author":[{"embeddable":true,"href":"https:\/\/nk7-testes.com.br\/agazeta\/wp-json\/wp\/v2\/users\/4"}],"replies":[{"embeddable":true,"href":"https:\/\/nk7-testes.com.br\/agazeta\/wp-json\/wp\/v2\/comments?post=17815"}],"version-history":[{"count":0,"href":"https:\/\/nk7-testes.com.br\/agazeta\/wp-json\/wp\/v2\/posts\/17815\/revisions"}],"wp:featuredmedia":[{"embeddable":true,"href":"https:\/\/nk7-testes.com.br\/agazeta\/wp-json\/wp\/v2\/media\/17814"}],"wp:attachment":[{"href":"https:\/\/nk7-testes.com.br\/agazeta\/wp-json\/wp\/v2\/media?parent=17815"}],"wp:term":[{"taxonomy":"category","embeddable":true,"href":"https:\/\/nk7-testes.com.br\/agazeta\/wp-json\/wp\/v2\/categories?post=17815"},{"taxonomy":"post_tag","embeddable":true,"href":"https:\/\/nk7-testes.com.br\/agazeta\/wp-json\/wp\/v2\/tags?post=17815"}],"curies":[{"name":"wp","href":"https:\/\/api.w.org\/{rel}","templated":true}]}}