{"id":17786,"date":"2015-08-19T21:51:07","date_gmt":"2015-08-19T21:51:07","guid":{"rendered":"https:\/\/abarevegan.com.br\/index.php\/2015\/08\/19\/governador-e-prefeito-acompanham-obras-do-ruas-do-povo\/"},"modified":"2015-08-19T21:51:07","modified_gmt":"2015-08-19T21:51:07","slug":"governador-e-prefeito-acompanham-obras-do-ruas-do-povo","status":"publish","type":"post","link":"https:\/\/nk7-testes.com.br\/agazeta\/governador-e-prefeito-acompanham-obras-do-ruas-do-povo\/","title":{"rendered":"Governador e prefeito acompanham obras do &#8220;Ruas do Povo&#8221;"},"content":{"rendered":"<p style=\"text-align: justify;\">Santo Afonso estava h\u00e1 uma d\u00e9cada sem qualquer beneficio<\/p>\n<p style=\"text-align: justify;\">Nesta quarta-feira (19) o governador Ti\u00e3o Viana e o Prefeito Marcus Alexandre foram at\u00e9 o bairro Santo Afonso, no 2\u00ba Distrito de Rio Branco, para acompanhar o in\u00edcio das obras do programa Ruas do Povo que a comunidade tanto pediu. As m\u00e1quinas j\u00e1 come\u00e7aram a trabalhar e parte das ruas j\u00e1 est\u00e1 com o servi\u00e7o de terraplanagem em execu\u00e7\u00e3o, a expectativa \u00e9 que seja conclu\u00eddo ainda este ano. O objetivo \u00e9 intensificar os trabalhos neste per\u00edodo do ver\u00e3o.<\/p>\n<p style=\"text-align: justify;\">O bairro estava h\u00e1 mais de uma d\u00e9cada sem qualquer tipo de benef\u00edcio em sua infraestrutura. As ruas estavam sem pavimenta\u00e7\u00e3o e n\u00e3o havia trafegabilidade adequada. Em \u00e9pocas de chuva, al\u00e9m da lama, a \u00e1gua ficava empossada no meio da rua e entrava na casa dos moradores, j\u00e1 que n\u00e3o havia drenagem. \u201c\u00c9 um sonho realizado para a comunidade, qualidade de vida, respeito,\u201d declarou o governador.<\/p>\n<p style=\"text-align: justify;\">Em conjunto com a pavimenta\u00e7\u00e3o das vias, a prefeitura de Rio Branco realiza a constru\u00e7\u00e3o de uma creche para atender as crian\u00e7as do bairro. \u201cS\u00e3o quase vinte milh\u00f5es que est\u00e3o sendo investidos. Um grande investimento que o governo tem proporcionado e a prefeitura \u00e9 parceira. No final do ano vamos entregar uma creche pra 220 crian\u00e7as,\u201d disse Marcus Alexandre.<\/p>\n<p style=\"text-align: justify;\">A comunidade local chegou a fazer dezenas de manifesta\u00e7\u00f5es para chamar a aten\u00e7\u00e3o das autoridades. Com a obra em curso, eles esperam ver o bairro de um jeito diferente. O presidente da Associa\u00e7\u00e3o de Moradores do Santo Afonso, Edvan Soares Menezes, disse acreditar que a obra vai melhorar a vida dos moradores. \u201cA comunidade t\u00e1 ganhando e muito nisso a\u00ed. A gente acredita que todos est\u00e3o satisfeitos.\u201d<\/p>\n<p style=\"text-align: justify;\">Cerca de 31 mil metros de cal\u00e7ada tamb\u00e9m est\u00e3o previstos no projeto, que est\u00e1 or\u00e7ado em 18,5 milh\u00f5es do Programa de Acelera\u00e7\u00e3o do Crescimento- PAC II. A execu\u00e7\u00e3o da obra, que beneficia 26 ruas do bairro com 11 quil\u00f4metros de pavimenta\u00e7\u00e3o \u00e9 de responsabilidade do Departamento Estadual de Pavimenta\u00e7\u00e3o e Saneamento (Depasa).<\/p>\n<div id=\"_mcePaste\" class=\"mcePaste\" data-mce-bogus=\"1\" style=\"position: absolute; left: 0px; top: -25px; width: 1px; height: 1px; overflow: hidden;\">\n<p class=\"MsoNormal\" style=\"margin-bottom: 0.0001pt; text-align: justify; line-height: normal; background-image: initial; background-attachment: initial; background-size: initial; background-origin: initial; background-clip: initial; background-position: initial; background-repeat: initial;\"><span style=\"font-size: 12.0pt; font-family: 'Times New Roman','serif'; mso-fareast-font-family: 'Times New Roman'; color: #222222; mso-fareast-language: PT-BR;\">Nesta &nbsp; quarta-feira (19) o governador Ti\u00e3o Viana e o Prefeito Marcus Alexandre foram at\u00e9 o bairro Santo Afonso, no 2\u00ba Distrito de Rio Branco, para acompanhar o in\u00edcio das obras do programa Ruas do Povo que a comunidade tanto pediu. As m\u00e1quinas j\u00e1 come\u00e7aram a trabalhar e parte das ruas j\u00e1 est\u00e1 com o servi\u00e7o de terraplanagem em execu\u00e7\u00e3o, a expectativa \u00e9 que seja conclu\u00eddo ainda este ano. O objetivo \u00e9 intensificar os trabalhos neste per\u00edodo do ver\u00e3o.<o:p><\/o:p><\/span><\/p>\n<p class=\"MsoNormal\" style=\"margin-bottom: 0.0001pt; text-align: justify; line-height: normal; background-image: initial; background-attachment: initial; background-size: initial; background-origin: initial; background-clip: initial; background-position: initial; background-repeat: initial;\"><span style=\"font-size: 12.0pt; font-family: 'Times New Roman','serif'; mso-fareast-font-family: 'Times New Roman'; color: #222222; mso-fareast-language: PT-BR;\">&nbsp;<\/span><\/p>\n<p class=\"MsoNormal\" style=\"margin-bottom: 0.0001pt; text-align: justify; line-height: normal; background-image: initial; background-attachment: initial; background-size: initial; background-origin: initial; background-clip: initial; background-position: initial; background-repeat: initial;\"><span style=\"font-size: 12.0pt; font-family: 'Times New Roman','serif'; mso-fareast-font-family: 'Times New Roman'; color: #222222; mso-fareast-language: PT-BR;\">O bairro estava h\u00e1 mais de uma d\u00e9cada sem qualquer tipo de benef\u00edcio em sua infraestrutura. As ruas estavam sem pavimenta\u00e7\u00e3o e n\u00e3o havia trafegabilidade adequada. Em \u00e9pocas de chuva, al\u00e9m da lama, a \u00e1gua ficava empossada no meio da rua e entrava na casa dos moradores, j\u00e1 que n\u00e3o havia drenagem. \u201c\u00c9 um sonho realizado para a comunidade, qualidade de vida, respeito,\u201d declarou o governador.<o:p><\/o:p><\/span><\/p>\n<p class=\"MsoNormal\" style=\"margin-bottom: 0.0001pt; text-align: justify; line-height: normal; background-image: initial; background-attachment: initial; background-size: initial; background-origin: initial; background-clip: initial; background-position: initial; background-repeat: initial;\"><span style=\"font-size: 12.0pt; font-family: 'Times New Roman','serif'; mso-fareast-font-family: 'Times New Roman'; color: #222222; mso-fareast-language: PT-BR;\">&nbsp;<\/span><\/p>\n<p class=\"MsoNormal\" style=\"margin-bottom: 0.0001pt; text-align: justify; line-height: normal; background-image: initial; background-attachment: initial; background-size: initial; background-origin: initial; background-clip: initial; background-position: initial; background-repeat: initial;\"><span style=\"font-size: 12.0pt; font-family: 'Times New Roman','serif'; mso-fareast-font-family: 'Times New Roman'; color: #222222; mso-fareast-language: PT-BR;\">Em conjunto com a pavimenta\u00e7\u00e3o das vias, a prefeitura de Rio Branco realiza a constru\u00e7\u00e3o de uma creche para atender as crian\u00e7as do bairro. \u201cS\u00e3o quase vinte milh\u00f5es que est\u00e3o sendo investidos. Um grande investimento que o governo tem proporcionado e a prefeitura \u00e9 parceira. No final do ano vamos entregar uma creche pra 220 crian\u00e7as,\u201d disse Marcus Alexandre.<o:p><\/o:p><\/span><\/p>\n<p class=\"MsoNormal\" style=\"margin-bottom: 0.0001pt; text-align: justify; line-height: normal; background-image: initial; background-attachment: initial; background-size: initial; background-origin: initial; background-clip: initial; background-position: initial; background-repeat: initial;\"><span style=\"font-size: 12.0pt; font-family: 'Times New Roman','serif'; mso-fareast-font-family: 'Times New Roman'; color: #222222; mso-fareast-language: PT-BR;\">&nbsp;<\/span><\/p>\n<p class=\"MsoNormal\" style=\"margin-bottom: 0.0001pt; text-align: justify; line-height: normal; background-image: initial; background-attachment: initial; background-size: initial; background-origin: initial; background-clip: initial; background-position: initial; background-repeat: initial;\"><span style=\"font-size: 12.0pt; font-family: 'Times New Roman','serif'; mso-fareast-font-family: 'Times New Roman'; color: #222222; mso-fareast-language: PT-BR;\">A comunidade local chegou a fazer dezenas de manifesta\u00e7\u00f5es para chamar a aten\u00e7\u00e3o das autoridades. Com a obra em curso, eles esperam ver o bairro de um jeito diferente. O presidente da Associa\u00e7\u00e3o de Moradores do Santo Afonso, Edvan Soares Menezes, disse acreditar que a obra vai melhorar a vida dos moradores. \u201cA comunidade t\u00e1 ganhando e muito nisso a\u00ed. A gente acredita que todos est\u00e3o satisfeitos.\u201d<o:p><\/o:p><\/span><\/p>\n<p class=\"MsoNormal\" style=\"margin-bottom: 0.0001pt; text-align: justify; line-height: normal; background-image: initial; background-attachment: initial; background-size: initial; background-origin: initial; background-clip: initial; background-position: initial; background-repeat: initial;\"><span style=\"font-size: 12.0pt; font-family: 'Times New Roman','serif'; mso-fareast-font-family: 'Times New Roman'; color: #222222; mso-fareast-language: PT-BR;\">&nbsp;<\/span><\/p>\n<p class=\"MsoNormal\" style=\"margin-bottom: 0.0001pt; text-align: justify; line-height: normal; background-image: initial; background-attachment: initial; background-size: initial; background-origin: initial; background-clip: initial; background-position: initial; background-repeat: initial;\"><span style=\"font-size: 12.0pt; font-family: 'Times New Roman','serif'; mso-fareast-font-family: 'Times New Roman'; color: #222222; mso-fareast-language: PT-BR;\">&nbsp;<\/span><\/p>\n<p class=\"MsoNormal\" style=\"margin-bottom: 0.0001pt; text-align: justify; line-height: normal; background-image: initial; background-attachment: initial; background-size: initial; background-origin: initial; background-clip: initial; background-position: initial; background-repeat: initial;\"><span style=\"font-size: 12.0pt; font-family: 'Times New Roman','serif'; mso-fareast-font-family: 'Times New Roman'; color: #222222; mso-fareast-language: PT-BR;\">Cerca de 31 mil metros de cal\u00e7ada tamb\u00e9m est\u00e3o previstos no projeto, que est\u00e1 or\u00e7ado em 18,5 milh\u00f5es do Programa de Acelera\u00e7\u00e3o do Crescimento- PAC II. A execu\u00e7\u00e3o da obra, que beneficia 26 ruas do bairro com 11 quil\u00f4metros de pavimenta\u00e7\u00e3o \u00e9 de responsabilidade do Departamento Estadual de Pavimenta\u00e7\u00e3o e Saneamento (Depasa).<o:p><\/o:p><\/span><\/p>\n<\/p><\/div>\n","protected":false},"excerpt":{"rendered":"<p style=\"text-align: justify;\">Santo Afonso estava h\u00e1 uma d\u00e9cada sem qualquer beneficio<\/p>\n","protected":false},"author":4,"featured_media":17785,"comment_status":"open","ping_status":"open","sticky":false,"template":"","format":"standard","meta":{"jnews-multi-image_gallery":[],"jnews_single_post":[],"jnews_primary_category":[],"jnews_social_meta":[],"jnews_review":[],"enable_review":"","type":"","name":"","summary":"","brand":"","sku":"","good":[],"bad":[],"score_override":"","override_value":"","rating":[],"price":[],"footnotes":""},"categories":[54],"tags":[],"class_list":["post-17786","post","type-post","status-publish","format-standard","has-post-thumbnail","hentry","category-cotidiano"],"yoast_head":"<!-- This site is optimized with the Yoast SEO plugin v26.5 - https:\/\/yoast.com\/wordpress\/plugins\/seo\/ -->\n<title>Governador e prefeito acompanham obras do &quot;Ruas do Povo&quot; - Agazeta.net<\/title>\n<meta name=\"robots\" content=\"index, follow, max-snippet:-1, max-image-preview:large, max-video-preview:-1\" \/>\n<link rel=\"canonical\" href=\"https:\/\/nk7-testes.com.br\/agazeta\/governador-e-prefeito-acompanham-obras-do-ruas-do-povo\/\" \/>\n<meta property=\"og:locale\" content=\"pt_BR\" \/>\n<meta property=\"og:type\" content=\"article\" \/>\n<meta property=\"og:title\" content=\"Governador e prefeito acompanham obras do &quot;Ruas do Povo&quot; - Agazeta.net\" \/>\n<meta property=\"og:description\" content=\"Santo Afonso estava h\u00e1 uma d\u00e9cada sem qualquer beneficio\" \/>\n<meta property=\"og:url\" content=\"https:\/\/nk7-testes.com.br\/agazeta\/governador-e-prefeito-acompanham-obras-do-ruas-do-povo\/\" \/>\n<meta property=\"og:site_name\" content=\"Agazeta.net\" \/>\n<meta property=\"article:published_time\" content=\"2015-08-19T21:51:07+00:00\" \/>\n<meta property=\"og:image\" content=\"https:\/\/nk7-testes.com.br\/agazeta\/wp-content\/uploads\/2015\/08\/190815-cotidiano-ruasdopovo.jpg\" \/>\n\t<meta property=\"og:image:width\" content=\"458\" \/>\n\t<meta property=\"og:image:height\" content=\"340\" \/>\n\t<meta property=\"og:image:type\" content=\"image\/jpeg\" \/>\n<meta name=\"author\" content=\"Agazeta.Net\" \/>\n<meta name=\"twitter:card\" content=\"summary_large_image\" \/>\n<meta name=\"twitter:label1\" content=\"Escrito por\" \/>\n\t<meta name=\"twitter:data1\" content=\"Agazeta.Net\" \/>\n\t<meta name=\"twitter:label2\" content=\"Est. tempo de leitura\" \/>\n\t<meta name=\"twitter:data2\" content=\"4 minutos\" \/>\n<script type=\"application\/ld+json\" class=\"yoast-schema-graph\">{\"@context\":\"https:\/\/schema.org\",\"@graph\":[{\"@type\":\"WebPage\",\"@id\":\"https:\/\/nk7-testes.com.br\/agazeta\/governador-e-prefeito-acompanham-obras-do-ruas-do-povo\/\",\"url\":\"https:\/\/nk7-testes.com.br\/agazeta\/governador-e-prefeito-acompanham-obras-do-ruas-do-povo\/\",\"name\":\"Governador e prefeito acompanham obras do \\\"Ruas do Povo\\\" - Agazeta.net\",\"isPartOf\":{\"@id\":\"https:\/\/nk7-testes.com.br\/agazeta\/#website\"},\"primaryImageOfPage\":{\"@id\":\"https:\/\/nk7-testes.com.br\/agazeta\/governador-e-prefeito-acompanham-obras-do-ruas-do-povo\/#primaryimage\"},\"image\":{\"@id\":\"https:\/\/nk7-testes.com.br\/agazeta\/governador-e-prefeito-acompanham-obras-do-ruas-do-povo\/#primaryimage\"},\"thumbnailUrl\":\"https:\/\/nk7-testes.com.br\/agazeta\/wp-content\/uploads\/2015\/08\/190815-cotidiano-ruasdopovo.jpg\",\"datePublished\":\"2015-08-19T21:51:07+00:00\",\"author\":{\"@id\":\"https:\/\/nk7-testes.com.br\/agazeta\/#\/schema\/person\/6d6e25cb0435eb4a02fd44d30b4e3020\"},\"breadcrumb\":{\"@id\":\"https:\/\/nk7-testes.com.br\/agazeta\/governador-e-prefeito-acompanham-obras-do-ruas-do-povo\/#breadcrumb\"},\"inLanguage\":\"pt-BR\",\"potentialAction\":[{\"@type\":\"ReadAction\",\"target\":[\"https:\/\/nk7-testes.com.br\/agazeta\/governador-e-prefeito-acompanham-obras-do-ruas-do-povo\/\"]}]},{\"@type\":\"ImageObject\",\"inLanguage\":\"pt-BR\",\"@id\":\"https:\/\/nk7-testes.com.br\/agazeta\/governador-e-prefeito-acompanham-obras-do-ruas-do-povo\/#primaryimage\",\"url\":\"https:\/\/nk7-testes.com.br\/agazeta\/wp-content\/uploads\/2015\/08\/190815-cotidiano-ruasdopovo.jpg\",\"contentUrl\":\"https:\/\/nk7-testes.com.br\/agazeta\/wp-content\/uploads\/2015\/08\/190815-cotidiano-ruasdopovo.jpg\",\"width\":458,\"height\":340,\"caption\":\"190815-cotidiano-ruasdopovo\"},{\"@type\":\"BreadcrumbList\",\"@id\":\"https:\/\/nk7-testes.com.br\/agazeta\/governador-e-prefeito-acompanham-obras-do-ruas-do-povo\/#breadcrumb\",\"itemListElement\":[{\"@type\":\"ListItem\",\"position\":1,\"name\":\"In\u00edcio\",\"item\":\"https:\/\/nk7-testes.com.br\/agazeta\/\"},{\"@type\":\"ListItem\",\"position\":2,\"name\":\"Governador e prefeito acompanham obras do &#8220;Ruas do Povo&#8221;\"}]},{\"@type\":\"WebSite\",\"@id\":\"https:\/\/nk7-testes.com.br\/agazeta\/#website\",\"url\":\"https:\/\/nk7-testes.com.br\/agazeta\/\",\"name\":\"Agazeta.net\",\"description\":\"Agazeta.net - Not\u00edcias de Rio Branco\/AC\",\"potentialAction\":[{\"@type\":\"SearchAction\",\"target\":{\"@type\":\"EntryPoint\",\"urlTemplate\":\"https:\/\/nk7-testes.com.br\/agazeta\/?s={search_term_string}\"},\"query-input\":{\"@type\":\"PropertyValueSpecification\",\"valueRequired\":true,\"valueName\":\"search_term_string\"}}],\"inLanguage\":\"pt-BR\"},{\"@type\":\"Person\",\"@id\":\"https:\/\/nk7-testes.com.br\/agazeta\/#\/schema\/person\/6d6e25cb0435eb4a02fd44d30b4e3020\",\"name\":\"Agazeta.Net\",\"url\":\"https:\/\/nk7-testes.com.br\/agazeta\/author\/agazeta\/\"}]}<\/script>\n<!-- \/ Yoast SEO plugin. -->","yoast_head_json":{"title":"Governador e prefeito acompanham obras do \"Ruas do Povo\" - Agazeta.net","robots":{"index":"index","follow":"follow","max-snippet":"max-snippet:-1","max-image-preview":"max-image-preview:large","max-video-preview":"max-video-preview:-1"},"canonical":"https:\/\/nk7-testes.com.br\/agazeta\/governador-e-prefeito-acompanham-obras-do-ruas-do-povo\/","og_locale":"pt_BR","og_type":"article","og_title":"Governador e prefeito acompanham obras do \"Ruas do Povo\" - Agazeta.net","og_description":"Santo Afonso estava h\u00e1 uma d\u00e9cada sem qualquer beneficio","og_url":"https:\/\/nk7-testes.com.br\/agazeta\/governador-e-prefeito-acompanham-obras-do-ruas-do-povo\/","og_site_name":"Agazeta.net","article_published_time":"2015-08-19T21:51:07+00:00","og_image":[{"width":458,"height":340,"url":"https:\/\/nk7-testes.com.br\/agazeta\/wp-content\/uploads\/2015\/08\/190815-cotidiano-ruasdopovo.jpg","type":"image\/jpeg"}],"author":"Agazeta.Net","twitter_card":"summary_large_image","twitter_misc":{"Escrito por":"Agazeta.Net","Est. tempo de leitura":"4 minutos"},"schema":{"@context":"https:\/\/schema.org","@graph":[{"@type":"WebPage","@id":"https:\/\/nk7-testes.com.br\/agazeta\/governador-e-prefeito-acompanham-obras-do-ruas-do-povo\/","url":"https:\/\/nk7-testes.com.br\/agazeta\/governador-e-prefeito-acompanham-obras-do-ruas-do-povo\/","name":"Governador e prefeito acompanham obras do \"Ruas do Povo\" - Agazeta.net","isPartOf":{"@id":"https:\/\/nk7-testes.com.br\/agazeta\/#website"},"primaryImageOfPage":{"@id":"https:\/\/nk7-testes.com.br\/agazeta\/governador-e-prefeito-acompanham-obras-do-ruas-do-povo\/#primaryimage"},"image":{"@id":"https:\/\/nk7-testes.com.br\/agazeta\/governador-e-prefeito-acompanham-obras-do-ruas-do-povo\/#primaryimage"},"thumbnailUrl":"https:\/\/nk7-testes.com.br\/agazeta\/wp-content\/uploads\/2015\/08\/190815-cotidiano-ruasdopovo.jpg","datePublished":"2015-08-19T21:51:07+00:00","author":{"@id":"https:\/\/nk7-testes.com.br\/agazeta\/#\/schema\/person\/6d6e25cb0435eb4a02fd44d30b4e3020"},"breadcrumb":{"@id":"https:\/\/nk7-testes.com.br\/agazeta\/governador-e-prefeito-acompanham-obras-do-ruas-do-povo\/#breadcrumb"},"inLanguage":"pt-BR","potentialAction":[{"@type":"ReadAction","target":["https:\/\/nk7-testes.com.br\/agazeta\/governador-e-prefeito-acompanham-obras-do-ruas-do-povo\/"]}]},{"@type":"ImageObject","inLanguage":"pt-BR","@id":"https:\/\/nk7-testes.com.br\/agazeta\/governador-e-prefeito-acompanham-obras-do-ruas-do-povo\/#primaryimage","url":"https:\/\/nk7-testes.com.br\/agazeta\/wp-content\/uploads\/2015\/08\/190815-cotidiano-ruasdopovo.jpg","contentUrl":"https:\/\/nk7-testes.com.br\/agazeta\/wp-content\/uploads\/2015\/08\/190815-cotidiano-ruasdopovo.jpg","width":458,"height":340,"caption":"190815-cotidiano-ruasdopovo"},{"@type":"BreadcrumbList","@id":"https:\/\/nk7-testes.com.br\/agazeta\/governador-e-prefeito-acompanham-obras-do-ruas-do-povo\/#breadcrumb","itemListElement":[{"@type":"ListItem","position":1,"name":"In\u00edcio","item":"https:\/\/nk7-testes.com.br\/agazeta\/"},{"@type":"ListItem","position":2,"name":"Governador e prefeito acompanham obras do &#8220;Ruas do Povo&#8221;"}]},{"@type":"WebSite","@id":"https:\/\/nk7-testes.com.br\/agazeta\/#website","url":"https:\/\/nk7-testes.com.br\/agazeta\/","name":"Agazeta.net","description":"Agazeta.net - Not\u00edcias de Rio Branco\/AC","potentialAction":[{"@type":"SearchAction","target":{"@type":"EntryPoint","urlTemplate":"https:\/\/nk7-testes.com.br\/agazeta\/?s={search_term_string}"},"query-input":{"@type":"PropertyValueSpecification","valueRequired":true,"valueName":"search_term_string"}}],"inLanguage":"pt-BR"},{"@type":"Person","@id":"https:\/\/nk7-testes.com.br\/agazeta\/#\/schema\/person\/6d6e25cb0435eb4a02fd44d30b4e3020","name":"Agazeta.Net","url":"https:\/\/nk7-testes.com.br\/agazeta\/author\/agazeta\/"}]}},"_links":{"self":[{"href":"https:\/\/nk7-testes.com.br\/agazeta\/wp-json\/wp\/v2\/posts\/17786","targetHints":{"allow":["GET"]}}],"collection":[{"href":"https:\/\/nk7-testes.com.br\/agazeta\/wp-json\/wp\/v2\/posts"}],"about":[{"href":"https:\/\/nk7-testes.com.br\/agazeta\/wp-json\/wp\/v2\/types\/post"}],"author":[{"embeddable":true,"href":"https:\/\/nk7-testes.com.br\/agazeta\/wp-json\/wp\/v2\/users\/4"}],"replies":[{"embeddable":true,"href":"https:\/\/nk7-testes.com.br\/agazeta\/wp-json\/wp\/v2\/comments?post=17786"}],"version-history":[{"count":0,"href":"https:\/\/nk7-testes.com.br\/agazeta\/wp-json\/wp\/v2\/posts\/17786\/revisions"}],"wp:featuredmedia":[{"embeddable":true,"href":"https:\/\/nk7-testes.com.br\/agazeta\/wp-json\/wp\/v2\/media\/17785"}],"wp:attachment":[{"href":"https:\/\/nk7-testes.com.br\/agazeta\/wp-json\/wp\/v2\/media?parent=17786"}],"wp:term":[{"taxonomy":"category","embeddable":true,"href":"https:\/\/nk7-testes.com.br\/agazeta\/wp-json\/wp\/v2\/categories?post=17786"},{"taxonomy":"post_tag","embeddable":true,"href":"https:\/\/nk7-testes.com.br\/agazeta\/wp-json\/wp\/v2\/tags?post=17786"}],"curies":[{"name":"wp","href":"https:\/\/api.w.org\/{rel}","templated":true}]}}