{"id":17746,"date":"2015-08-18T16:44:43","date_gmt":"2015-08-18T16:44:43","guid":{"rendered":"https:\/\/abarevegan.com.br\/index.php\/2015\/08\/18\/tj-vai-realizar-edicao-especial-do-casamento-coletivo-em-cruzeiro-do-sul\/"},"modified":"2015-08-18T16:44:43","modified_gmt":"2015-08-18T16:44:43","slug":"tj-vai-realizar-edicao-especial-do-casamento-coletivo-em-cruzeiro-do-sul","status":"publish","type":"post","link":"https:\/\/nk7-testes.com.br\/agazeta\/tj-vai-realizar-edicao-especial-do-casamento-coletivo-em-cruzeiro-do-sul\/","title":{"rendered":"TJ vai realizar edi\u00e7\u00e3o especial do Casamento Coletivo em Cruzeiro"},"content":{"rendered":"<p style=\"text-align: justify;\">Festividade acontece no pr\u00f3ximo m\u00eas<\/p>\n<p style=\"text-align: justify;\">Ap\u00f3s realizar o Casamento Coletivo em Rio Branco, ocorrido na \u00faltima sexta-feira (14), o Tribunal de Justi\u00e7a do Acre j\u00e1 se prepara para promover uma edi\u00e7\u00e3o especial da festividade em Cruzeiro do Sul, segunda maior cidade do Estado.<\/p>\n<p style=\"text-align: justify;\">As pessoas interessadas devem procurar o Centro Cultural Dr. Francisco Siqueira do R\u00eago Barros, no per\u00edodo de 25 a 27 deste m\u00eas de agosto. Nesse local, haver\u00e1 a triagem de documenta\u00e7\u00e3o e o agendamento para a habilita\u00e7\u00e3o no cart\u00f3rio. O hor\u00e1rio de atendimento ser\u00e1 sempre das 8h \u00e0s 12h e de 14h \u00e0s 17h.<\/p>\n<p style=\"text-align: justify;\">Haver\u00e1 a habilita\u00e7\u00e3o de 500 casais, que ter\u00e3o realizado o sonho do matrim\u00f4nio na edi\u00e7\u00e3o do Casamento Coletivo do Juru\u00e1, que vai acontecer no dia 28 de setembro, em local posteriormente a ser definido.<br \/>Documentos necess\u00e1rios<\/p>\n<p style=\"text-align: justify;\">No momento da habilita\u00e7\u00e3o, os casais dever\u00e3o estar com a seguinte documenta\u00e7\u00e3o exigida pelos cart\u00f3rios:<br \/>Solteiro: certid\u00e3o de nascimento (original), c\u00f3pia do RG* e CPF.<\/p>\n<p style=\"text-align: justify;\">Divorciado: certid\u00e3o de casamento com averba\u00e7\u00e3o do div\u00f3rcio, c\u00f3pia do RG e CPF;<br \/>Vi\u00favo: certid\u00e3o de casamento, certid\u00e3o de \u00f3bito do c\u00f4njuge falecido, invent\u00e1rio de bens, positivo ou negativo, c\u00f3pia do RG e CPF;<\/p>\n<p style=\"text-align: justify;\">Menores de 18 anos: certid\u00e3o de nascimento (original). O noivo menor dever\u00e1 comparecer acompanhado dos pais. Em caso de pai ou m\u00e3e falecido, deve apresentar certid\u00e3o de \u00f3bito. No caso de pais ausentes, apresentar consentimento para o casamento por escrito, com assinatura reconhecida em cart\u00f3rio;<\/p>\n<p style=\"text-align: justify;\">Maiores de 60 anos: o regime de casamento ser\u00e1 o de separa\u00e7\u00e3o de bens e documentos exigidos nas situa\u00e7\u00f5es acima descritos.<\/p>\n<p style=\"text-align: justify;\">* \u00c9 importante lembrar que somente \u00e9 v\u00e1lida a Carteira de Identidade, n\u00e3o sendo permitida a substitui\u00e7\u00e3o desta pela Carteira Nacional de Habilita\u00e7\u00e3o (CNH).<\/p>\n","protected":false},"excerpt":{"rendered":"<p style=\"text-align: justify;\">Festividade acontece no pr\u00f3ximo m\u00eas<\/p>\n","protected":false},"author":4,"featured_media":17745,"comment_status":"open","ping_status":"open","sticky":false,"template":"","format":"standard","meta":{"jnews-multi-image_gallery":[],"jnews_single_post":[],"jnews_primary_category":[],"jnews_social_meta":[],"jnews_review":[],"enable_review":"","type":"","name":"","summary":"","brand":"","sku":"","good":[],"bad":[],"score_override":"","override_value":"","rating":[],"price":[],"footnotes":""},"categories":[54],"tags":[],"class_list":["post-17746","post","type-post","status-publish","format-standard","has-post-thumbnail","hentry","category-cotidiano"],"yoast_head":"<!-- This site is optimized with the Yoast SEO plugin v26.5 - https:\/\/yoast.com\/wordpress\/plugins\/seo\/ -->\n<title>TJ vai realizar edi\u00e7\u00e3o especial do Casamento Coletivo em Cruzeiro - Agazeta.net<\/title>\n<meta name=\"robots\" content=\"index, follow, max-snippet:-1, max-image-preview:large, max-video-preview:-1\" \/>\n<link rel=\"canonical\" href=\"https:\/\/nk7-testes.com.br\/agazeta\/tj-vai-realizar-edicao-especial-do-casamento-coletivo-em-cruzeiro-do-sul\/\" \/>\n<meta property=\"og:locale\" content=\"pt_BR\" \/>\n<meta property=\"og:type\" content=\"article\" \/>\n<meta property=\"og:title\" content=\"TJ vai realizar edi\u00e7\u00e3o especial do Casamento Coletivo em Cruzeiro - Agazeta.net\" \/>\n<meta property=\"og:description\" content=\"Festividade acontece no pr\u00f3ximo m\u00eas\" \/>\n<meta property=\"og:url\" content=\"https:\/\/nk7-testes.com.br\/agazeta\/tj-vai-realizar-edicao-especial-do-casamento-coletivo-em-cruzeiro-do-sul\/\" \/>\n<meta property=\"og:site_name\" content=\"Agazeta.net\" \/>\n<meta property=\"article:published_time\" content=\"2015-08-18T16:44:43+00:00\" \/>\n<meta property=\"og:image\" content=\"https:\/\/nk7-testes.com.br\/agazeta\/wp-content\/uploads\/2015\/08\/180815-cotidiano-cascoletivo-czs.jpg\" \/>\n\t<meta property=\"og:image:width\" content=\"458\" \/>\n\t<meta property=\"og:image:height\" content=\"340\" \/>\n\t<meta property=\"og:image:type\" content=\"image\/jpeg\" \/>\n<meta name=\"author\" content=\"Agazeta.Net\" \/>\n<meta name=\"twitter:card\" content=\"summary_large_image\" \/>\n<meta name=\"twitter:label1\" content=\"Escrito por\" \/>\n\t<meta name=\"twitter:data1\" content=\"Agazeta.Net\" \/>\n\t<meta name=\"twitter:label2\" content=\"Est. tempo de leitura\" \/>\n\t<meta name=\"twitter:data2\" content=\"2 minutos\" \/>\n<script type=\"application\/ld+json\" class=\"yoast-schema-graph\">{\"@context\":\"https:\/\/schema.org\",\"@graph\":[{\"@type\":\"WebPage\",\"@id\":\"https:\/\/nk7-testes.com.br\/agazeta\/tj-vai-realizar-edicao-especial-do-casamento-coletivo-em-cruzeiro-do-sul\/\",\"url\":\"https:\/\/nk7-testes.com.br\/agazeta\/tj-vai-realizar-edicao-especial-do-casamento-coletivo-em-cruzeiro-do-sul\/\",\"name\":\"TJ vai realizar edi\u00e7\u00e3o especial do Casamento Coletivo em Cruzeiro - Agazeta.net\",\"isPartOf\":{\"@id\":\"https:\/\/nk7-testes.com.br\/agazeta\/#website\"},\"primaryImageOfPage\":{\"@id\":\"https:\/\/nk7-testes.com.br\/agazeta\/tj-vai-realizar-edicao-especial-do-casamento-coletivo-em-cruzeiro-do-sul\/#primaryimage\"},\"image\":{\"@id\":\"https:\/\/nk7-testes.com.br\/agazeta\/tj-vai-realizar-edicao-especial-do-casamento-coletivo-em-cruzeiro-do-sul\/#primaryimage\"},\"thumbnailUrl\":\"https:\/\/nk7-testes.com.br\/agazeta\/wp-content\/uploads\/2015\/08\/180815-cotidiano-cascoletivo-czs.jpg\",\"datePublished\":\"2015-08-18T16:44:43+00:00\",\"author\":{\"@id\":\"https:\/\/nk7-testes.com.br\/agazeta\/#\/schema\/person\/6d6e25cb0435eb4a02fd44d30b4e3020\"},\"breadcrumb\":{\"@id\":\"https:\/\/nk7-testes.com.br\/agazeta\/tj-vai-realizar-edicao-especial-do-casamento-coletivo-em-cruzeiro-do-sul\/#breadcrumb\"},\"inLanguage\":\"pt-BR\",\"potentialAction\":[{\"@type\":\"ReadAction\",\"target\":[\"https:\/\/nk7-testes.com.br\/agazeta\/tj-vai-realizar-edicao-especial-do-casamento-coletivo-em-cruzeiro-do-sul\/\"]}]},{\"@type\":\"ImageObject\",\"inLanguage\":\"pt-BR\",\"@id\":\"https:\/\/nk7-testes.com.br\/agazeta\/tj-vai-realizar-edicao-especial-do-casamento-coletivo-em-cruzeiro-do-sul\/#primaryimage\",\"url\":\"https:\/\/nk7-testes.com.br\/agazeta\/wp-content\/uploads\/2015\/08\/180815-cotidiano-cascoletivo-czs.jpg\",\"contentUrl\":\"https:\/\/nk7-testes.com.br\/agazeta\/wp-content\/uploads\/2015\/08\/180815-cotidiano-cascoletivo-czs.jpg\",\"width\":458,\"height\":340,\"caption\":\"180815-cotidiano-cascoletivo-czs\"},{\"@type\":\"BreadcrumbList\",\"@id\":\"https:\/\/nk7-testes.com.br\/agazeta\/tj-vai-realizar-edicao-especial-do-casamento-coletivo-em-cruzeiro-do-sul\/#breadcrumb\",\"itemListElement\":[{\"@type\":\"ListItem\",\"position\":1,\"name\":\"In\u00edcio\",\"item\":\"https:\/\/nk7-testes.com.br\/agazeta\/\"},{\"@type\":\"ListItem\",\"position\":2,\"name\":\"TJ vai realizar edi\u00e7\u00e3o especial do Casamento Coletivo em Cruzeiro\"}]},{\"@type\":\"WebSite\",\"@id\":\"https:\/\/nk7-testes.com.br\/agazeta\/#website\",\"url\":\"https:\/\/nk7-testes.com.br\/agazeta\/\",\"name\":\"Agazeta.net\",\"description\":\"Agazeta.net - Not\u00edcias de Rio Branco\/AC\",\"potentialAction\":[{\"@type\":\"SearchAction\",\"target\":{\"@type\":\"EntryPoint\",\"urlTemplate\":\"https:\/\/nk7-testes.com.br\/agazeta\/?s={search_term_string}\"},\"query-input\":{\"@type\":\"PropertyValueSpecification\",\"valueRequired\":true,\"valueName\":\"search_term_string\"}}],\"inLanguage\":\"pt-BR\"},{\"@type\":\"Person\",\"@id\":\"https:\/\/nk7-testes.com.br\/agazeta\/#\/schema\/person\/6d6e25cb0435eb4a02fd44d30b4e3020\",\"name\":\"Agazeta.Net\",\"url\":\"https:\/\/nk7-testes.com.br\/agazeta\/author\/agazeta\/\"}]}<\/script>\n<!-- \/ Yoast SEO plugin. -->","yoast_head_json":{"title":"TJ vai realizar edi\u00e7\u00e3o especial do Casamento Coletivo em Cruzeiro - Agazeta.net","robots":{"index":"index","follow":"follow","max-snippet":"max-snippet:-1","max-image-preview":"max-image-preview:large","max-video-preview":"max-video-preview:-1"},"canonical":"https:\/\/nk7-testes.com.br\/agazeta\/tj-vai-realizar-edicao-especial-do-casamento-coletivo-em-cruzeiro-do-sul\/","og_locale":"pt_BR","og_type":"article","og_title":"TJ vai realizar edi\u00e7\u00e3o especial do Casamento Coletivo em Cruzeiro - Agazeta.net","og_description":"Festividade acontece no pr\u00f3ximo m\u00eas","og_url":"https:\/\/nk7-testes.com.br\/agazeta\/tj-vai-realizar-edicao-especial-do-casamento-coletivo-em-cruzeiro-do-sul\/","og_site_name":"Agazeta.net","article_published_time":"2015-08-18T16:44:43+00:00","og_image":[{"width":458,"height":340,"url":"https:\/\/nk7-testes.com.br\/agazeta\/wp-content\/uploads\/2015\/08\/180815-cotidiano-cascoletivo-czs.jpg","type":"image\/jpeg"}],"author":"Agazeta.Net","twitter_card":"summary_large_image","twitter_misc":{"Escrito por":"Agazeta.Net","Est. tempo de leitura":"2 minutos"},"schema":{"@context":"https:\/\/schema.org","@graph":[{"@type":"WebPage","@id":"https:\/\/nk7-testes.com.br\/agazeta\/tj-vai-realizar-edicao-especial-do-casamento-coletivo-em-cruzeiro-do-sul\/","url":"https:\/\/nk7-testes.com.br\/agazeta\/tj-vai-realizar-edicao-especial-do-casamento-coletivo-em-cruzeiro-do-sul\/","name":"TJ vai realizar edi\u00e7\u00e3o especial do Casamento Coletivo em Cruzeiro - Agazeta.net","isPartOf":{"@id":"https:\/\/nk7-testes.com.br\/agazeta\/#website"},"primaryImageOfPage":{"@id":"https:\/\/nk7-testes.com.br\/agazeta\/tj-vai-realizar-edicao-especial-do-casamento-coletivo-em-cruzeiro-do-sul\/#primaryimage"},"image":{"@id":"https:\/\/nk7-testes.com.br\/agazeta\/tj-vai-realizar-edicao-especial-do-casamento-coletivo-em-cruzeiro-do-sul\/#primaryimage"},"thumbnailUrl":"https:\/\/nk7-testes.com.br\/agazeta\/wp-content\/uploads\/2015\/08\/180815-cotidiano-cascoletivo-czs.jpg","datePublished":"2015-08-18T16:44:43+00:00","author":{"@id":"https:\/\/nk7-testes.com.br\/agazeta\/#\/schema\/person\/6d6e25cb0435eb4a02fd44d30b4e3020"},"breadcrumb":{"@id":"https:\/\/nk7-testes.com.br\/agazeta\/tj-vai-realizar-edicao-especial-do-casamento-coletivo-em-cruzeiro-do-sul\/#breadcrumb"},"inLanguage":"pt-BR","potentialAction":[{"@type":"ReadAction","target":["https:\/\/nk7-testes.com.br\/agazeta\/tj-vai-realizar-edicao-especial-do-casamento-coletivo-em-cruzeiro-do-sul\/"]}]},{"@type":"ImageObject","inLanguage":"pt-BR","@id":"https:\/\/nk7-testes.com.br\/agazeta\/tj-vai-realizar-edicao-especial-do-casamento-coletivo-em-cruzeiro-do-sul\/#primaryimage","url":"https:\/\/nk7-testes.com.br\/agazeta\/wp-content\/uploads\/2015\/08\/180815-cotidiano-cascoletivo-czs.jpg","contentUrl":"https:\/\/nk7-testes.com.br\/agazeta\/wp-content\/uploads\/2015\/08\/180815-cotidiano-cascoletivo-czs.jpg","width":458,"height":340,"caption":"180815-cotidiano-cascoletivo-czs"},{"@type":"BreadcrumbList","@id":"https:\/\/nk7-testes.com.br\/agazeta\/tj-vai-realizar-edicao-especial-do-casamento-coletivo-em-cruzeiro-do-sul\/#breadcrumb","itemListElement":[{"@type":"ListItem","position":1,"name":"In\u00edcio","item":"https:\/\/nk7-testes.com.br\/agazeta\/"},{"@type":"ListItem","position":2,"name":"TJ vai realizar edi\u00e7\u00e3o especial do Casamento Coletivo em Cruzeiro"}]},{"@type":"WebSite","@id":"https:\/\/nk7-testes.com.br\/agazeta\/#website","url":"https:\/\/nk7-testes.com.br\/agazeta\/","name":"Agazeta.net","description":"Agazeta.net - Not\u00edcias de Rio Branco\/AC","potentialAction":[{"@type":"SearchAction","target":{"@type":"EntryPoint","urlTemplate":"https:\/\/nk7-testes.com.br\/agazeta\/?s={search_term_string}"},"query-input":{"@type":"PropertyValueSpecification","valueRequired":true,"valueName":"search_term_string"}}],"inLanguage":"pt-BR"},{"@type":"Person","@id":"https:\/\/nk7-testes.com.br\/agazeta\/#\/schema\/person\/6d6e25cb0435eb4a02fd44d30b4e3020","name":"Agazeta.Net","url":"https:\/\/nk7-testes.com.br\/agazeta\/author\/agazeta\/"}]}},"_links":{"self":[{"href":"https:\/\/nk7-testes.com.br\/agazeta\/wp-json\/wp\/v2\/posts\/17746","targetHints":{"allow":["GET"]}}],"collection":[{"href":"https:\/\/nk7-testes.com.br\/agazeta\/wp-json\/wp\/v2\/posts"}],"about":[{"href":"https:\/\/nk7-testes.com.br\/agazeta\/wp-json\/wp\/v2\/types\/post"}],"author":[{"embeddable":true,"href":"https:\/\/nk7-testes.com.br\/agazeta\/wp-json\/wp\/v2\/users\/4"}],"replies":[{"embeddable":true,"href":"https:\/\/nk7-testes.com.br\/agazeta\/wp-json\/wp\/v2\/comments?post=17746"}],"version-history":[{"count":0,"href":"https:\/\/nk7-testes.com.br\/agazeta\/wp-json\/wp\/v2\/posts\/17746\/revisions"}],"wp:featuredmedia":[{"embeddable":true,"href":"https:\/\/nk7-testes.com.br\/agazeta\/wp-json\/wp\/v2\/media\/17745"}],"wp:attachment":[{"href":"https:\/\/nk7-testes.com.br\/agazeta\/wp-json\/wp\/v2\/media?parent=17746"}],"wp:term":[{"taxonomy":"category","embeddable":true,"href":"https:\/\/nk7-testes.com.br\/agazeta\/wp-json\/wp\/v2\/categories?post=17746"},{"taxonomy":"post_tag","embeddable":true,"href":"https:\/\/nk7-testes.com.br\/agazeta\/wp-json\/wp\/v2\/tags?post=17746"}],"curies":[{"name":"wp","href":"https:\/\/api.w.org\/{rel}","templated":true}]}}