{"id":17730,"date":"2015-08-17T20:45:58","date_gmt":"2015-08-17T20:45:58","guid":{"rendered":"https:\/\/abarevegan.com.br\/index.php\/2015\/08\/17\/conciliacao-deve-realizar-3-mil-audiencias\/"},"modified":"2015-08-17T20:45:58","modified_gmt":"2015-08-17T20:45:58","slug":"conciliacao-deve-realizar-3-mil-audiencias","status":"publish","type":"post","link":"https:\/\/nk7-testes.com.br\/agazeta\/conciliacao-deve-realizar-3-mil-audiencias\/","title":{"rendered":"Concilia\u00e7\u00e3o deve realizar 3 mil audi\u00eancias"},"content":{"rendered":"<p style=\"text-align: justify;\">35 ju\u00edzes e 80 conciliadores buscam mediar conflitos<\/p>\n<p style=\"text-align: justify;\">O Tribunal de Justi\u00e7a come\u00e7ou hoje um dos maiores mutir\u00f5es de concilia\u00e7\u00e3o j\u00e1 organizados no Acre. Desta vez n\u00e3o est\u00e3o participando apenas as Varas C\u00edveis: juntaram-se \u00e0 pauta de concilia\u00e7\u00f5es as Varas da Fazenda P\u00fablica, Fam\u00edlia e Juizado Especial Criminal.<\/p>\n<p style=\"text-align: justify;\">O TJ vai realizar durante essa semana, per\u00edodo do mutir\u00e3o, tr\u00eas mil audi\u00eancias em todo o estado. Foram chamadas para a concilia\u00e7\u00e3o as empresas que mais somam reclama\u00e7\u00f5es dos consumidores. S\u00e3o bancos, empresas de telefonia e servi\u00e7os.<\/p>\n<p style=\"text-align: justify;\">Ao todo ser\u00e3o 35 ju\u00edzes e 80 conciliadores buscando uma alternativa entre cliente e empresas para reduzir tantos processos que atrapalham a vida das pessoas. A meta \u00e9 chegar a 50% de acordos.<\/p>\n<p style=\"text-align: justify;\">As salas e corredores do f\u00f3rum de Rio Branco ficaram lotados. Em muitos processos, bastaram poucos minutos de conversa para que as partes chegassem a um acordo. Na Vara da Fazenda P\u00fablica, um exemplo de que a concilia\u00e7\u00e3o \u00e9 bom para todos.<\/p>\n<p style=\"text-align: justify;\">Uma d\u00edvida que se arrastava desde 2009, enfim foi resolvida entre uma empresa representada pelo Advogado Rodrigo Lima e o comerciante Eros Asfury, que comemorou o acordo.<\/p>\n<p style=\"text-align: justify;\">\u201cAs vezes a situa\u00e7\u00e3o econ\u00f4mica n\u00e3o nos permite honrar os compromissos no tempo estipulado em contrato. Mas com uma boa conversa e um bom acordo resolvemos nossos problemas\u201d, declarou.<\/p>\n<p style=\"text-align: justify;\">Segundo a presidente do TJ, desembargadora Cezarinete Angelim, mesmo com a grande quantidade de processos a serem julgados ou \u201cconversados\u201d, o Tribunal de Justi\u00e7a abriu espa\u00e7o para quem quiser levar sua demanda para a concilia\u00e7\u00e3o.<\/p>\n<p style=\"text-align: justify;\">\u201cMas \u00e9 bom a pessoa correr, pois o mutir\u00e3o ser\u00e1 apenas essa semana. \u00c9 a oportunidade para se livrar de um problema jur\u00eddico que afeta nosso dia a dia, e, para a Justi\u00e7a, \u00e9 uma forma de mostrar \u00e0s empresas que elas podem ajudar o consumidor. \u201cQuando faz acordo mostra para o cliente que tem responsabilidade\u201d, disse a magistrada.<\/p>\n","protected":false},"excerpt":{"rendered":"<p style=\"text-align: justify;\">35 ju\u00edzes e 80 conciliadores buscam mediar conflitos<\/p>\n","protected":false},"author":4,"featured_media":17729,"comment_status":"open","ping_status":"open","sticky":false,"template":"","format":"standard","meta":{"jnews-multi-image_gallery":[],"jnews_single_post":[],"jnews_primary_category":[],"jnews_social_meta":[],"jnews_review":[],"enable_review":"","type":"","name":"","summary":"","brand":"","sku":"","good":[],"bad":[],"score_override":"","override_value":"","rating":[],"price":[],"footnotes":""},"categories":[54],"tags":[],"class_list":["post-17730","post","type-post","status-publish","format-standard","has-post-thumbnail","hentry","category-cotidiano"],"yoast_head":"<!-- This site is optimized with the Yoast SEO plugin v26.5 - https:\/\/yoast.com\/wordpress\/plugins\/seo\/ -->\n<title>Concilia\u00e7\u00e3o deve realizar 3 mil audi\u00eancias - Agazeta.net<\/title>\n<meta name=\"robots\" content=\"index, follow, max-snippet:-1, max-image-preview:large, max-video-preview:-1\" \/>\n<link rel=\"canonical\" href=\"https:\/\/nk7-testes.com.br\/agazeta\/conciliacao-deve-realizar-3-mil-audiencias\/\" \/>\n<meta property=\"og:locale\" content=\"pt_BR\" \/>\n<meta property=\"og:type\" content=\"article\" \/>\n<meta property=\"og:title\" content=\"Concilia\u00e7\u00e3o deve realizar 3 mil audi\u00eancias - Agazeta.net\" \/>\n<meta property=\"og:description\" content=\"35 ju\u00edzes e 80 conciliadores buscam mediar conflitos\" \/>\n<meta property=\"og:url\" content=\"https:\/\/nk7-testes.com.br\/agazeta\/conciliacao-deve-realizar-3-mil-audiencias\/\" \/>\n<meta property=\"og:site_name\" content=\"Agazeta.net\" \/>\n<meta property=\"article:published_time\" content=\"2015-08-17T20:45:58+00:00\" \/>\n<meta property=\"og:image\" content=\"https:\/\/nk7-testes.com.br\/agazeta\/wp-content\/uploads\/2015\/08\/170815-cotidiano-conciliacao-tvgazeta.jpg\" \/>\n\t<meta property=\"og:image:width\" content=\"458\" \/>\n\t<meta property=\"og:image:height\" content=\"340\" \/>\n\t<meta property=\"og:image:type\" content=\"image\/jpeg\" \/>\n<meta name=\"author\" content=\"Agazeta.Net\" \/>\n<meta name=\"twitter:card\" content=\"summary_large_image\" \/>\n<meta name=\"twitter:label1\" content=\"Escrito por\" \/>\n\t<meta name=\"twitter:data1\" content=\"Agazeta.Net\" \/>\n\t<meta name=\"twitter:label2\" content=\"Est. tempo de leitura\" \/>\n\t<meta name=\"twitter:data2\" content=\"2 minutos\" \/>\n<script type=\"application\/ld+json\" class=\"yoast-schema-graph\">{\"@context\":\"https:\/\/schema.org\",\"@graph\":[{\"@type\":\"WebPage\",\"@id\":\"https:\/\/nk7-testes.com.br\/agazeta\/conciliacao-deve-realizar-3-mil-audiencias\/\",\"url\":\"https:\/\/nk7-testes.com.br\/agazeta\/conciliacao-deve-realizar-3-mil-audiencias\/\",\"name\":\"Concilia\u00e7\u00e3o deve realizar 3 mil audi\u00eancias - Agazeta.net\",\"isPartOf\":{\"@id\":\"https:\/\/nk7-testes.com.br\/agazeta\/#website\"},\"primaryImageOfPage\":{\"@id\":\"https:\/\/nk7-testes.com.br\/agazeta\/conciliacao-deve-realizar-3-mil-audiencias\/#primaryimage\"},\"image\":{\"@id\":\"https:\/\/nk7-testes.com.br\/agazeta\/conciliacao-deve-realizar-3-mil-audiencias\/#primaryimage\"},\"thumbnailUrl\":\"https:\/\/nk7-testes.com.br\/agazeta\/wp-content\/uploads\/2015\/08\/170815-cotidiano-conciliacao-tvgazeta.jpg\",\"datePublished\":\"2015-08-17T20:45:58+00:00\",\"author\":{\"@id\":\"https:\/\/nk7-testes.com.br\/agazeta\/#\/schema\/person\/6d6e25cb0435eb4a02fd44d30b4e3020\"},\"breadcrumb\":{\"@id\":\"https:\/\/nk7-testes.com.br\/agazeta\/conciliacao-deve-realizar-3-mil-audiencias\/#breadcrumb\"},\"inLanguage\":\"pt-BR\",\"potentialAction\":[{\"@type\":\"ReadAction\",\"target\":[\"https:\/\/nk7-testes.com.br\/agazeta\/conciliacao-deve-realizar-3-mil-audiencias\/\"]}]},{\"@type\":\"ImageObject\",\"inLanguage\":\"pt-BR\",\"@id\":\"https:\/\/nk7-testes.com.br\/agazeta\/conciliacao-deve-realizar-3-mil-audiencias\/#primaryimage\",\"url\":\"https:\/\/nk7-testes.com.br\/agazeta\/wp-content\/uploads\/2015\/08\/170815-cotidiano-conciliacao-tvgazeta.jpg\",\"contentUrl\":\"https:\/\/nk7-testes.com.br\/agazeta\/wp-content\/uploads\/2015\/08\/170815-cotidiano-conciliacao-tvgazeta.jpg\",\"width\":458,\"height\":340,\"caption\":\"170815-cotidiano-conciliacao-tvgazeta\"},{\"@type\":\"BreadcrumbList\",\"@id\":\"https:\/\/nk7-testes.com.br\/agazeta\/conciliacao-deve-realizar-3-mil-audiencias\/#breadcrumb\",\"itemListElement\":[{\"@type\":\"ListItem\",\"position\":1,\"name\":\"In\u00edcio\",\"item\":\"https:\/\/nk7-testes.com.br\/agazeta\/\"},{\"@type\":\"ListItem\",\"position\":2,\"name\":\"Concilia\u00e7\u00e3o deve realizar 3 mil audi\u00eancias\"}]},{\"@type\":\"WebSite\",\"@id\":\"https:\/\/nk7-testes.com.br\/agazeta\/#website\",\"url\":\"https:\/\/nk7-testes.com.br\/agazeta\/\",\"name\":\"Agazeta.net\",\"description\":\"Agazeta.net - Not\u00edcias de Rio Branco\/AC\",\"potentialAction\":[{\"@type\":\"SearchAction\",\"target\":{\"@type\":\"EntryPoint\",\"urlTemplate\":\"https:\/\/nk7-testes.com.br\/agazeta\/?s={search_term_string}\"},\"query-input\":{\"@type\":\"PropertyValueSpecification\",\"valueRequired\":true,\"valueName\":\"search_term_string\"}}],\"inLanguage\":\"pt-BR\"},{\"@type\":\"Person\",\"@id\":\"https:\/\/nk7-testes.com.br\/agazeta\/#\/schema\/person\/6d6e25cb0435eb4a02fd44d30b4e3020\",\"name\":\"Agazeta.Net\",\"url\":\"https:\/\/nk7-testes.com.br\/agazeta\/author\/agazeta\/\"}]}<\/script>\n<!-- \/ Yoast SEO plugin. -->","yoast_head_json":{"title":"Concilia\u00e7\u00e3o deve realizar 3 mil audi\u00eancias - Agazeta.net","robots":{"index":"index","follow":"follow","max-snippet":"max-snippet:-1","max-image-preview":"max-image-preview:large","max-video-preview":"max-video-preview:-1"},"canonical":"https:\/\/nk7-testes.com.br\/agazeta\/conciliacao-deve-realizar-3-mil-audiencias\/","og_locale":"pt_BR","og_type":"article","og_title":"Concilia\u00e7\u00e3o deve realizar 3 mil audi\u00eancias - Agazeta.net","og_description":"35 ju\u00edzes e 80 conciliadores buscam mediar conflitos","og_url":"https:\/\/nk7-testes.com.br\/agazeta\/conciliacao-deve-realizar-3-mil-audiencias\/","og_site_name":"Agazeta.net","article_published_time":"2015-08-17T20:45:58+00:00","og_image":[{"width":458,"height":340,"url":"https:\/\/nk7-testes.com.br\/agazeta\/wp-content\/uploads\/2015\/08\/170815-cotidiano-conciliacao-tvgazeta.jpg","type":"image\/jpeg"}],"author":"Agazeta.Net","twitter_card":"summary_large_image","twitter_misc":{"Escrito por":"Agazeta.Net","Est. tempo de leitura":"2 minutos"},"schema":{"@context":"https:\/\/schema.org","@graph":[{"@type":"WebPage","@id":"https:\/\/nk7-testes.com.br\/agazeta\/conciliacao-deve-realizar-3-mil-audiencias\/","url":"https:\/\/nk7-testes.com.br\/agazeta\/conciliacao-deve-realizar-3-mil-audiencias\/","name":"Concilia\u00e7\u00e3o deve realizar 3 mil audi\u00eancias - Agazeta.net","isPartOf":{"@id":"https:\/\/nk7-testes.com.br\/agazeta\/#website"},"primaryImageOfPage":{"@id":"https:\/\/nk7-testes.com.br\/agazeta\/conciliacao-deve-realizar-3-mil-audiencias\/#primaryimage"},"image":{"@id":"https:\/\/nk7-testes.com.br\/agazeta\/conciliacao-deve-realizar-3-mil-audiencias\/#primaryimage"},"thumbnailUrl":"https:\/\/nk7-testes.com.br\/agazeta\/wp-content\/uploads\/2015\/08\/170815-cotidiano-conciliacao-tvgazeta.jpg","datePublished":"2015-08-17T20:45:58+00:00","author":{"@id":"https:\/\/nk7-testes.com.br\/agazeta\/#\/schema\/person\/6d6e25cb0435eb4a02fd44d30b4e3020"},"breadcrumb":{"@id":"https:\/\/nk7-testes.com.br\/agazeta\/conciliacao-deve-realizar-3-mil-audiencias\/#breadcrumb"},"inLanguage":"pt-BR","potentialAction":[{"@type":"ReadAction","target":["https:\/\/nk7-testes.com.br\/agazeta\/conciliacao-deve-realizar-3-mil-audiencias\/"]}]},{"@type":"ImageObject","inLanguage":"pt-BR","@id":"https:\/\/nk7-testes.com.br\/agazeta\/conciliacao-deve-realizar-3-mil-audiencias\/#primaryimage","url":"https:\/\/nk7-testes.com.br\/agazeta\/wp-content\/uploads\/2015\/08\/170815-cotidiano-conciliacao-tvgazeta.jpg","contentUrl":"https:\/\/nk7-testes.com.br\/agazeta\/wp-content\/uploads\/2015\/08\/170815-cotidiano-conciliacao-tvgazeta.jpg","width":458,"height":340,"caption":"170815-cotidiano-conciliacao-tvgazeta"},{"@type":"BreadcrumbList","@id":"https:\/\/nk7-testes.com.br\/agazeta\/conciliacao-deve-realizar-3-mil-audiencias\/#breadcrumb","itemListElement":[{"@type":"ListItem","position":1,"name":"In\u00edcio","item":"https:\/\/nk7-testes.com.br\/agazeta\/"},{"@type":"ListItem","position":2,"name":"Concilia\u00e7\u00e3o deve realizar 3 mil audi\u00eancias"}]},{"@type":"WebSite","@id":"https:\/\/nk7-testes.com.br\/agazeta\/#website","url":"https:\/\/nk7-testes.com.br\/agazeta\/","name":"Agazeta.net","description":"Agazeta.net - Not\u00edcias de Rio Branco\/AC","potentialAction":[{"@type":"SearchAction","target":{"@type":"EntryPoint","urlTemplate":"https:\/\/nk7-testes.com.br\/agazeta\/?s={search_term_string}"},"query-input":{"@type":"PropertyValueSpecification","valueRequired":true,"valueName":"search_term_string"}}],"inLanguage":"pt-BR"},{"@type":"Person","@id":"https:\/\/nk7-testes.com.br\/agazeta\/#\/schema\/person\/6d6e25cb0435eb4a02fd44d30b4e3020","name":"Agazeta.Net","url":"https:\/\/nk7-testes.com.br\/agazeta\/author\/agazeta\/"}]}},"_links":{"self":[{"href":"https:\/\/nk7-testes.com.br\/agazeta\/wp-json\/wp\/v2\/posts\/17730","targetHints":{"allow":["GET"]}}],"collection":[{"href":"https:\/\/nk7-testes.com.br\/agazeta\/wp-json\/wp\/v2\/posts"}],"about":[{"href":"https:\/\/nk7-testes.com.br\/agazeta\/wp-json\/wp\/v2\/types\/post"}],"author":[{"embeddable":true,"href":"https:\/\/nk7-testes.com.br\/agazeta\/wp-json\/wp\/v2\/users\/4"}],"replies":[{"embeddable":true,"href":"https:\/\/nk7-testes.com.br\/agazeta\/wp-json\/wp\/v2\/comments?post=17730"}],"version-history":[{"count":0,"href":"https:\/\/nk7-testes.com.br\/agazeta\/wp-json\/wp\/v2\/posts\/17730\/revisions"}],"wp:featuredmedia":[{"embeddable":true,"href":"https:\/\/nk7-testes.com.br\/agazeta\/wp-json\/wp\/v2\/media\/17729"}],"wp:attachment":[{"href":"https:\/\/nk7-testes.com.br\/agazeta\/wp-json\/wp\/v2\/media?parent=17730"}],"wp:term":[{"taxonomy":"category","embeddable":true,"href":"https:\/\/nk7-testes.com.br\/agazeta\/wp-json\/wp\/v2\/categories?post=17730"},{"taxonomy":"post_tag","embeddable":true,"href":"https:\/\/nk7-testes.com.br\/agazeta\/wp-json\/wp\/v2\/tags?post=17730"}],"curies":[{"name":"wp","href":"https:\/\/api.w.org\/{rel}","templated":true}]}}