{"id":17682,"date":"2015-08-14T20:41:57","date_gmt":"2015-08-14T20:41:57","guid":{"rendered":"https:\/\/abarevegan.com.br\/index.php\/2015\/08\/14\/toadas-amazonicas-com-veronica-padrao\/"},"modified":"2015-08-14T20:41:57","modified_gmt":"2015-08-14T20:41:57","slug":"toadas-amazonicas-com-veronica-padrao","status":"publish","type":"post","link":"https:\/\/nk7-testes.com.br\/agazeta\/toadas-amazonicas-com-veronica-padrao\/","title":{"rendered":"Toadas Amaz\u00f4nicas com Ver\u00f4nica Padr\u00e3o"},"content":{"rendered":"<p style=\"text-align: justify;\">Teatro de Arena com entrada franca<\/p>\n<p style=\"text-align: justify;\">O Servi\u00e7o Social do Comercio \u2013 Sesc no Acre, dando continuidade \u00e0s atividades de difus\u00e3o musical, apresenta o show musical \u201cToadas Amaz\u00f4nicas\u201d com Ver\u00f4nica Padr\u00e3o no dia 18 de agosto \u00e0s 20h no Teatro de Arena. Entrada Franca.<\/p>\n<p style=\"text-align: justify;\">O show \u201cToadas Amaz\u00f4nicas\u201d possui identidade regional com repert\u00f3rio que contempla a musicalidade acriana. Cantado atrav\u00e9s da m\u00fasica, hist\u00f3rias da floresta, homenageamos (in memorian), H\u00e9lio Melo, rabequeiro, contador de causos, artista pl\u00e1stico conhecido internacionalmente atrav\u00e9s de suas telas.<\/p>\n<p style=\"text-align: justify;\">O show segue com uma homenagem ao l\u00edder seringueiro Chico Mendes, com a m\u00fasica Doce Her\u00f3i composta por Keilah Diniz, num dos momentos especiais do show. Durante a apresenta\u00e7\u00e3o, a artista segue junto com a plateia, numa verdadeira viagem musical pelos rios e florestas acrianos que vai de Galvez a Chico Mendes em uma hora de espet\u00e1culo musical.<\/p>\n<p style=\"text-align: justify;\"><strong>A Cantora<\/strong><\/p>\n<p style=\"text-align: justify;\">Ver\u00f4nica Maria Ara\u00fajo Padr\u00e3o atuou como educadora em projetos de amparo e inclus\u00e3o social, como o \u201cQuerido Di\u00e1rio\u201d e \u201cCantigas de Liberdade\u201d, e comandou o programa de r\u00e1dio \u201cPassaporte Brasil\u201d, na Aldeia FM.<\/p>\n<p style=\"text-align: justify;\">Cantando, fez sucesso com o \u201cForrofiando na Tentamem\u201d em 2000. Montou um show em homenagem \u00e0 argentina Mercedes Sosa em 2004, al\u00e9m de ter participado do projeto \u201cPixinguinha\u201d, em 2005.<\/p>\n<p style=\"text-align: justify;\">Representou o Acre na 16\u00aa Feira Internacional do Livro de Lima (FIL \u2013 Lima), em 2011, com o show \u201cToadas Amaz\u00f4nicas\u201d \u2013 chamando a aten\u00e7\u00e3o do p\u00fablico por incluir m\u00fasicas de Susana Baca no repert\u00f3rio. Interpretou os sucessos de Alcione em \u201cQuase Marrom\u201d.<\/p>\n<p style=\"text-align: justify;\"><strong>Servi\u00e7o<\/strong><\/p>\n<p style=\"text-align: justify;\"><strong>Show Toadas Amaz\u00f4nicas<\/strong><\/p>\n<p style=\"text-align: justify;\"><strong>Quando:<\/strong> 18 de agosto<\/p>\n<p style=\"text-align: justify;\"><strong>Hor\u00e1rio:<\/strong> 20h<\/p>\n<p style=\"text-align: justify;\"><strong>Onde:<\/strong> Teatro de Arena<\/p>\n<p style=\"text-align: justify;\"><strong>Entrada Franca<\/strong><\/p>\n","protected":false},"excerpt":{"rendered":"<p style=\"text-align: justify;\">Teatro de Arena com entrada franca<\/p>\n","protected":false},"author":4,"featured_media":17681,"comment_status":"open","ping_status":"open","sticky":false,"template":"","format":"standard","meta":{"jnews-multi-image_gallery":[],"jnews_single_post":[],"jnews_primary_category":[],"jnews_social_meta":[],"jnews_review":[],"enable_review":"","type":"","name":"","summary":"","brand":"","sku":"","good":[],"bad":[],"score_override":"","override_value":"","rating":[],"price":[],"footnotes":""},"categories":[54],"tags":[],"class_list":["post-17682","post","type-post","status-publish","format-standard","has-post-thumbnail","hentry","category-cotidiano"],"yoast_head":"<!-- This site is optimized with the Yoast SEO plugin v26.5 - https:\/\/yoast.com\/wordpress\/plugins\/seo\/ -->\n<title>Toadas Amaz\u00f4nicas com Ver\u00f4nica Padr\u00e3o - Agazeta.net<\/title>\n<meta name=\"robots\" content=\"index, follow, max-snippet:-1, max-image-preview:large, max-video-preview:-1\" \/>\n<link rel=\"canonical\" href=\"https:\/\/nk7-testes.com.br\/agazeta\/toadas-amazonicas-com-veronica-padrao\/\" \/>\n<meta property=\"og:locale\" content=\"pt_BR\" \/>\n<meta property=\"og:type\" content=\"article\" \/>\n<meta property=\"og:title\" content=\"Toadas Amaz\u00f4nicas com Ver\u00f4nica Padr\u00e3o - Agazeta.net\" \/>\n<meta property=\"og:description\" content=\"Teatro de Arena com entrada franca\" \/>\n<meta property=\"og:url\" content=\"https:\/\/nk7-testes.com.br\/agazeta\/toadas-amazonicas-com-veronica-padrao\/\" \/>\n<meta property=\"og:site_name\" content=\"Agazeta.net\" \/>\n<meta property=\"article:published_time\" content=\"2015-08-14T20:41:57+00:00\" \/>\n<meta property=\"og:image\" content=\"https:\/\/nk7-testes.com.br\/agazeta\/wp-content\/uploads\/2015\/08\/140815-cotidiano-toadasamazonicas-divulgacao.jpg\" \/>\n\t<meta property=\"og:image:width\" content=\"458\" \/>\n\t<meta property=\"og:image:height\" content=\"340\" \/>\n\t<meta property=\"og:image:type\" content=\"image\/jpeg\" \/>\n<meta name=\"author\" content=\"Agazeta.Net\" \/>\n<meta name=\"twitter:card\" content=\"summary_large_image\" \/>\n<meta name=\"twitter:label1\" content=\"Escrito por\" \/>\n\t<meta name=\"twitter:data1\" content=\"Agazeta.Net\" \/>\n\t<meta name=\"twitter:label2\" content=\"Est. tempo de leitura\" \/>\n\t<meta name=\"twitter:data2\" content=\"1 minuto\" \/>\n<script type=\"application\/ld+json\" class=\"yoast-schema-graph\">{\"@context\":\"https:\/\/schema.org\",\"@graph\":[{\"@type\":\"WebPage\",\"@id\":\"https:\/\/nk7-testes.com.br\/agazeta\/toadas-amazonicas-com-veronica-padrao\/\",\"url\":\"https:\/\/nk7-testes.com.br\/agazeta\/toadas-amazonicas-com-veronica-padrao\/\",\"name\":\"Toadas Amaz\u00f4nicas com Ver\u00f4nica Padr\u00e3o - Agazeta.net\",\"isPartOf\":{\"@id\":\"https:\/\/nk7-testes.com.br\/agazeta\/#website\"},\"primaryImageOfPage\":{\"@id\":\"https:\/\/nk7-testes.com.br\/agazeta\/toadas-amazonicas-com-veronica-padrao\/#primaryimage\"},\"image\":{\"@id\":\"https:\/\/nk7-testes.com.br\/agazeta\/toadas-amazonicas-com-veronica-padrao\/#primaryimage\"},\"thumbnailUrl\":\"https:\/\/nk7-testes.com.br\/agazeta\/wp-content\/uploads\/2015\/08\/140815-cotidiano-toadasamazonicas-divulgacao.jpg\",\"datePublished\":\"2015-08-14T20:41:57+00:00\",\"author\":{\"@id\":\"https:\/\/nk7-testes.com.br\/agazeta\/#\/schema\/person\/6d6e25cb0435eb4a02fd44d30b4e3020\"},\"breadcrumb\":{\"@id\":\"https:\/\/nk7-testes.com.br\/agazeta\/toadas-amazonicas-com-veronica-padrao\/#breadcrumb\"},\"inLanguage\":\"pt-BR\",\"potentialAction\":[{\"@type\":\"ReadAction\",\"target\":[\"https:\/\/nk7-testes.com.br\/agazeta\/toadas-amazonicas-com-veronica-padrao\/\"]}]},{\"@type\":\"ImageObject\",\"inLanguage\":\"pt-BR\",\"@id\":\"https:\/\/nk7-testes.com.br\/agazeta\/toadas-amazonicas-com-veronica-padrao\/#primaryimage\",\"url\":\"https:\/\/nk7-testes.com.br\/agazeta\/wp-content\/uploads\/2015\/08\/140815-cotidiano-toadasamazonicas-divulgacao.jpg\",\"contentUrl\":\"https:\/\/nk7-testes.com.br\/agazeta\/wp-content\/uploads\/2015\/08\/140815-cotidiano-toadasamazonicas-divulgacao.jpg\",\"width\":458,\"height\":340,\"caption\":\"140815-cotidiano-toadasamazonicas-divulgacao\"},{\"@type\":\"BreadcrumbList\",\"@id\":\"https:\/\/nk7-testes.com.br\/agazeta\/toadas-amazonicas-com-veronica-padrao\/#breadcrumb\",\"itemListElement\":[{\"@type\":\"ListItem\",\"position\":1,\"name\":\"In\u00edcio\",\"item\":\"https:\/\/nk7-testes.com.br\/agazeta\/\"},{\"@type\":\"ListItem\",\"position\":2,\"name\":\"Toadas Amaz\u00f4nicas com Ver\u00f4nica Padr\u00e3o\"}]},{\"@type\":\"WebSite\",\"@id\":\"https:\/\/nk7-testes.com.br\/agazeta\/#website\",\"url\":\"https:\/\/nk7-testes.com.br\/agazeta\/\",\"name\":\"Agazeta.net\",\"description\":\"Agazeta.net - Not\u00edcias de Rio Branco\/AC\",\"potentialAction\":[{\"@type\":\"SearchAction\",\"target\":{\"@type\":\"EntryPoint\",\"urlTemplate\":\"https:\/\/nk7-testes.com.br\/agazeta\/?s={search_term_string}\"},\"query-input\":{\"@type\":\"PropertyValueSpecification\",\"valueRequired\":true,\"valueName\":\"search_term_string\"}}],\"inLanguage\":\"pt-BR\"},{\"@type\":\"Person\",\"@id\":\"https:\/\/nk7-testes.com.br\/agazeta\/#\/schema\/person\/6d6e25cb0435eb4a02fd44d30b4e3020\",\"name\":\"Agazeta.Net\",\"url\":\"https:\/\/nk7-testes.com.br\/agazeta\/author\/agazeta\/\"}]}<\/script>\n<!-- \/ Yoast SEO plugin. -->","yoast_head_json":{"title":"Toadas Amaz\u00f4nicas com Ver\u00f4nica Padr\u00e3o - Agazeta.net","robots":{"index":"index","follow":"follow","max-snippet":"max-snippet:-1","max-image-preview":"max-image-preview:large","max-video-preview":"max-video-preview:-1"},"canonical":"https:\/\/nk7-testes.com.br\/agazeta\/toadas-amazonicas-com-veronica-padrao\/","og_locale":"pt_BR","og_type":"article","og_title":"Toadas Amaz\u00f4nicas com Ver\u00f4nica Padr\u00e3o - Agazeta.net","og_description":"Teatro de Arena com entrada franca","og_url":"https:\/\/nk7-testes.com.br\/agazeta\/toadas-amazonicas-com-veronica-padrao\/","og_site_name":"Agazeta.net","article_published_time":"2015-08-14T20:41:57+00:00","og_image":[{"width":458,"height":340,"url":"https:\/\/nk7-testes.com.br\/agazeta\/wp-content\/uploads\/2015\/08\/140815-cotidiano-toadasamazonicas-divulgacao.jpg","type":"image\/jpeg"}],"author":"Agazeta.Net","twitter_card":"summary_large_image","twitter_misc":{"Escrito por":"Agazeta.Net","Est. tempo de leitura":"1 minuto"},"schema":{"@context":"https:\/\/schema.org","@graph":[{"@type":"WebPage","@id":"https:\/\/nk7-testes.com.br\/agazeta\/toadas-amazonicas-com-veronica-padrao\/","url":"https:\/\/nk7-testes.com.br\/agazeta\/toadas-amazonicas-com-veronica-padrao\/","name":"Toadas Amaz\u00f4nicas com Ver\u00f4nica Padr\u00e3o - Agazeta.net","isPartOf":{"@id":"https:\/\/nk7-testes.com.br\/agazeta\/#website"},"primaryImageOfPage":{"@id":"https:\/\/nk7-testes.com.br\/agazeta\/toadas-amazonicas-com-veronica-padrao\/#primaryimage"},"image":{"@id":"https:\/\/nk7-testes.com.br\/agazeta\/toadas-amazonicas-com-veronica-padrao\/#primaryimage"},"thumbnailUrl":"https:\/\/nk7-testes.com.br\/agazeta\/wp-content\/uploads\/2015\/08\/140815-cotidiano-toadasamazonicas-divulgacao.jpg","datePublished":"2015-08-14T20:41:57+00:00","author":{"@id":"https:\/\/nk7-testes.com.br\/agazeta\/#\/schema\/person\/6d6e25cb0435eb4a02fd44d30b4e3020"},"breadcrumb":{"@id":"https:\/\/nk7-testes.com.br\/agazeta\/toadas-amazonicas-com-veronica-padrao\/#breadcrumb"},"inLanguage":"pt-BR","potentialAction":[{"@type":"ReadAction","target":["https:\/\/nk7-testes.com.br\/agazeta\/toadas-amazonicas-com-veronica-padrao\/"]}]},{"@type":"ImageObject","inLanguage":"pt-BR","@id":"https:\/\/nk7-testes.com.br\/agazeta\/toadas-amazonicas-com-veronica-padrao\/#primaryimage","url":"https:\/\/nk7-testes.com.br\/agazeta\/wp-content\/uploads\/2015\/08\/140815-cotidiano-toadasamazonicas-divulgacao.jpg","contentUrl":"https:\/\/nk7-testes.com.br\/agazeta\/wp-content\/uploads\/2015\/08\/140815-cotidiano-toadasamazonicas-divulgacao.jpg","width":458,"height":340,"caption":"140815-cotidiano-toadasamazonicas-divulgacao"},{"@type":"BreadcrumbList","@id":"https:\/\/nk7-testes.com.br\/agazeta\/toadas-amazonicas-com-veronica-padrao\/#breadcrumb","itemListElement":[{"@type":"ListItem","position":1,"name":"In\u00edcio","item":"https:\/\/nk7-testes.com.br\/agazeta\/"},{"@type":"ListItem","position":2,"name":"Toadas Amaz\u00f4nicas com Ver\u00f4nica Padr\u00e3o"}]},{"@type":"WebSite","@id":"https:\/\/nk7-testes.com.br\/agazeta\/#website","url":"https:\/\/nk7-testes.com.br\/agazeta\/","name":"Agazeta.net","description":"Agazeta.net - Not\u00edcias de Rio Branco\/AC","potentialAction":[{"@type":"SearchAction","target":{"@type":"EntryPoint","urlTemplate":"https:\/\/nk7-testes.com.br\/agazeta\/?s={search_term_string}"},"query-input":{"@type":"PropertyValueSpecification","valueRequired":true,"valueName":"search_term_string"}}],"inLanguage":"pt-BR"},{"@type":"Person","@id":"https:\/\/nk7-testes.com.br\/agazeta\/#\/schema\/person\/6d6e25cb0435eb4a02fd44d30b4e3020","name":"Agazeta.Net","url":"https:\/\/nk7-testes.com.br\/agazeta\/author\/agazeta\/"}]}},"_links":{"self":[{"href":"https:\/\/nk7-testes.com.br\/agazeta\/wp-json\/wp\/v2\/posts\/17682","targetHints":{"allow":["GET"]}}],"collection":[{"href":"https:\/\/nk7-testes.com.br\/agazeta\/wp-json\/wp\/v2\/posts"}],"about":[{"href":"https:\/\/nk7-testes.com.br\/agazeta\/wp-json\/wp\/v2\/types\/post"}],"author":[{"embeddable":true,"href":"https:\/\/nk7-testes.com.br\/agazeta\/wp-json\/wp\/v2\/users\/4"}],"replies":[{"embeddable":true,"href":"https:\/\/nk7-testes.com.br\/agazeta\/wp-json\/wp\/v2\/comments?post=17682"}],"version-history":[{"count":0,"href":"https:\/\/nk7-testes.com.br\/agazeta\/wp-json\/wp\/v2\/posts\/17682\/revisions"}],"wp:featuredmedia":[{"embeddable":true,"href":"https:\/\/nk7-testes.com.br\/agazeta\/wp-json\/wp\/v2\/media\/17681"}],"wp:attachment":[{"href":"https:\/\/nk7-testes.com.br\/agazeta\/wp-json\/wp\/v2\/media?parent=17682"}],"wp:term":[{"taxonomy":"category","embeddable":true,"href":"https:\/\/nk7-testes.com.br\/agazeta\/wp-json\/wp\/v2\/categories?post=17682"},{"taxonomy":"post_tag","embeddable":true,"href":"https:\/\/nk7-testes.com.br\/agazeta\/wp-json\/wp\/v2\/tags?post=17682"}],"curies":[{"name":"wp","href":"https:\/\/api.w.org\/{rel}","templated":true}]}}