{"id":17680,"date":"2015-08-14T20:25:51","date_gmt":"2015-08-14T20:25:51","guid":{"rendered":"https:\/\/abarevegan.com.br\/index.php\/2015\/08\/14\/moradores-do-bairro-belo-jardim-ii-exigem-cidadania\/"},"modified":"2015-08-14T20:25:51","modified_gmt":"2015-08-14T20:25:51","slug":"moradores-do-bairro-belo-jardim-ii-exigem-cidadania","status":"publish","type":"post","link":"https:\/\/nk7-testes.com.br\/agazeta\/moradores-do-bairro-belo-jardim-ii-exigem-cidadania\/","title":{"rendered":"Moradores do Bairro Belo Jardim II exigem cidadania"},"content":{"rendered":"<p style=\"text-align: justify;\">Servi\u00e7os p\u00fablicos sem qualidade s\u00e3o criticados por moradores<\/p>\n<p style=\"text-align: justify;\">Por volta das 8 da manh\u00e3 desta sexta-feira (14), dezenas de pessoas bloquearam a BR-364. Fam\u00edlias que representam o bairro Belo Jardim II, localizado \u00e0s margens da rodovia usaram pneus para fechar a passagem.<\/p>\n<p style=\"text-align: justify;\">Logo que a Pol\u00edcia Rodovi\u00e1ria Federal chegou foi liberado o tr\u00e1fego na pista sentido Porto Velho. Nesse momento, o engarrafamento sentido Rio Branco j\u00e1 passava dos 4 quil\u00f4metros.<\/p>\n<p style=\"text-align: justify;\">O clima ficou tenso quando os manifestantes decidiram n\u00e3o atender ao pedido dos policiais rodovi\u00e1rios, para desbloquear meia pista. \u201cSe eles v\u00e3o incorrer no crime de desobedi\u00eancia v\u00e3o poder responde posteriormente. Nosso papel \u00e9 determinar que abram a BR\u201d, disse o inspetor Am\u00e9rico Reis.<\/p>\n<p style=\"text-align: justify;\">Os manifestantes tamb\u00e9m ficaram irredut\u00edveis em desbloquear a BR a pedido de representantes da articula\u00e7\u00e3o comunit\u00e1ria da prefeitura.<\/p>\n<p style=\"text-align: justify;\">O protesto segundo uma das moradoras foi a \u00faltima sa\u00edda encontrada para uma s\u00e9rie de problemas que a popula\u00e7\u00e3o da regi\u00e3o enfrenta. Cerca de 500 fam\u00edlias habitam no bairro Belo Jardim II e as reclama\u00e7\u00f5es s\u00e3o principalmente pela falta de infraestrutura.<\/p>\n<p style=\"text-align: justify;\">As dificuldades se acentuaram, de acordo com os manifestantes depois que obras de pavimenta\u00e7\u00e3o iniciaram no bairro e n\u00e3o foram conclu\u00eddas. \u201cA Inovare [Construtura] tirou o concreto que estava na rua e acabou com as ruas. Virou tudo a\u00e7ude. Eles cavaram um metro. As casas ficaram no alto e as ruas viraram a\u00e7ude\u201d, disse o morador Rosenildo Jos\u00e9 de Souza.<\/p>\n<p style=\"text-align: justify;\">As obras que teriam parado h\u00e1 um m\u00eas comprometeram a rede de \u00e1gua pot\u00e1vel do bairro. Segundo este morador, canos foram estourados e muitas fam\u00edlias est\u00e3o sem o fornecimento de \u00e1gua. Em casas onde a \u00e1gua chega com abund\u00e2ncia a press\u00e3o diminuiu e para encher um reservat\u00f3rio pequeno, \u00e9 preciso deixar a torneira ligada por horas.<\/p>\n<p style=\"text-align: justify;\">O dilema da aus\u00eancia de servi\u00e7os p\u00fablicos no bairro Belo Jardim II perpassa a cobran\u00e7a por fornecimento de \u00e1gua e pavimenta\u00e7\u00e3o de ruas. H\u00e1 mais de cinco anos a popula\u00e7\u00e3o alega que cobra a regulariza\u00e7\u00e3o do servi\u00e7o de energia el\u00e9trica e n\u00e3o \u00e9 atendida.<\/p>\n<p style=\"text-align: justify;\">No \u00faltimo s\u00e1bado, a fia\u00e7\u00e3o clandestina foi cortada e o bairro todo ficou sem luz. Pouco depois os moradores religaram os fios, arriscando a pr\u00f3pria vida, j\u00e1 que o problema n\u00e3o \u00e9 resolvido administrativamente.<\/p>\n<p style=\"text-align: justify;\">A manifesta\u00e7\u00e3o durou cerca de duas horas para terminar. A \u00fanica exig\u00eancia era que representantes dos \u00f3rg\u00e3os competentes \u00e0s reclama\u00e7\u00f5es apresentadas ouvissem pessoalmente os manifestantes.<\/p>\n<p style=\"text-align: justify;\">PREFEITURA: De acordo com a prefeitura de Rio Branco, parte do bairro est\u00e1 em lit\u00edgio e uma s\u00e9rie de quest\u00f5es precisam ser resolvidas antes da regulariza\u00e7\u00e3o p\u00fablica. Mas, a energia el\u00e9trica ser\u00e1 legalizada em at\u00e9 um m\u00eas.<\/p>\n<p style=\"text-align: justify;\">ELETROBRAS: segundo a Eletrobras Distribui\u00e7\u00e3o Acre, foi enviado um representante para tratar dos problemas com a comunidade e t\u00e3o logo esse representante retornasse poderia informar quais provid\u00eancias ser\u00e3o executadas.<\/p>\n<p style=\"text-align: justify;\">DEPASA: o Departamento de Pavimenta\u00e7\u00e3o e Saneamento (Depasa) explicou que as obras na regi\u00e3o come\u00e7aram no in\u00edcio do ver\u00e3o e os servi\u00e7os trazem transtornos. Por isso, o departamento pede a compreens\u00e3o dos moradores. A assessoria informou ainda que, nos locais onde as obras est\u00e3o concentradas, equipes acolhem sugest\u00f5es e reclama\u00e7\u00f5es. Tamb\u00e9m foi informado que pelo telefone 3028-8080 a popula\u00e7\u00e3o pode se manifestar.<\/p>\n","protected":false},"excerpt":{"rendered":"<p style=\"text-align: justify;\">Servi\u00e7os p\u00fablicos sem qualidade s\u00e3o criticados por moradores<\/p>\n","protected":false},"author":4,"featured_media":17679,"comment_status":"open","ping_status":"open","sticky":false,"template":"","format":"standard","meta":{"jnews-multi-image_gallery":[],"jnews_single_post":[],"jnews_primary_category":[],"jnews_social_meta":[],"jnews_review":[],"enable_review":"","type":"","name":"","summary":"","brand":"","sku":"","good":[],"bad":[],"score_override":"","override_value":"","rating":[],"price":[],"footnotes":""},"categories":[54],"tags":[],"class_list":["post-17680","post","type-post","status-publish","format-standard","has-post-thumbnail","hentry","category-cotidiano"],"yoast_head":"<!-- This site is optimized with the Yoast SEO plugin v26.5 - https:\/\/yoast.com\/wordpress\/plugins\/seo\/ -->\n<title>Moradores do Bairro Belo Jardim II exigem cidadania - Agazeta.net<\/title>\n<meta name=\"robots\" content=\"index, follow, max-snippet:-1, max-image-preview:large, max-video-preview:-1\" \/>\n<link rel=\"canonical\" href=\"https:\/\/nk7-testes.com.br\/agazeta\/moradores-do-bairro-belo-jardim-ii-exigem-cidadania\/\" \/>\n<meta property=\"og:locale\" content=\"pt_BR\" \/>\n<meta property=\"og:type\" content=\"article\" \/>\n<meta property=\"og:title\" content=\"Moradores do Bairro Belo Jardim II exigem cidadania - Agazeta.net\" \/>\n<meta property=\"og:description\" content=\"Servi\u00e7os p\u00fablicos sem qualidade s\u00e3o criticados por moradores\" \/>\n<meta property=\"og:url\" content=\"https:\/\/nk7-testes.com.br\/agazeta\/moradores-do-bairro-belo-jardim-ii-exigem-cidadania\/\" \/>\n<meta property=\"og:site_name\" content=\"Agazeta.net\" \/>\n<meta property=\"article:published_time\" content=\"2015-08-14T20:25:51+00:00\" \/>\n<meta property=\"og:image\" content=\"https:\/\/nk7-testes.com.br\/agazeta\/wp-content\/uploads\/2015\/08\/140815-cotidiano-belojardim-cleriston.jpg\" \/>\n\t<meta property=\"og:image:width\" content=\"458\" \/>\n\t<meta property=\"og:image:height\" content=\"340\" \/>\n\t<meta property=\"og:image:type\" content=\"image\/jpeg\" \/>\n<meta name=\"author\" content=\"Agazeta.Net\" \/>\n<meta name=\"twitter:card\" content=\"summary_large_image\" \/>\n<meta name=\"twitter:label1\" content=\"Escrito por\" \/>\n\t<meta name=\"twitter:data1\" content=\"Agazeta.Net\" \/>\n\t<meta name=\"twitter:label2\" content=\"Est. tempo de leitura\" \/>\n\t<meta name=\"twitter:data2\" content=\"3 minutos\" \/>\n<script type=\"application\/ld+json\" class=\"yoast-schema-graph\">{\"@context\":\"https:\/\/schema.org\",\"@graph\":[{\"@type\":\"WebPage\",\"@id\":\"https:\/\/nk7-testes.com.br\/agazeta\/moradores-do-bairro-belo-jardim-ii-exigem-cidadania\/\",\"url\":\"https:\/\/nk7-testes.com.br\/agazeta\/moradores-do-bairro-belo-jardim-ii-exigem-cidadania\/\",\"name\":\"Moradores do Bairro Belo Jardim II exigem cidadania - Agazeta.net\",\"isPartOf\":{\"@id\":\"https:\/\/nk7-testes.com.br\/agazeta\/#website\"},\"primaryImageOfPage\":{\"@id\":\"https:\/\/nk7-testes.com.br\/agazeta\/moradores-do-bairro-belo-jardim-ii-exigem-cidadania\/#primaryimage\"},\"image\":{\"@id\":\"https:\/\/nk7-testes.com.br\/agazeta\/moradores-do-bairro-belo-jardim-ii-exigem-cidadania\/#primaryimage\"},\"thumbnailUrl\":\"https:\/\/nk7-testes.com.br\/agazeta\/wp-content\/uploads\/2015\/08\/140815-cotidiano-belojardim-cleriston.jpg\",\"datePublished\":\"2015-08-14T20:25:51+00:00\",\"author\":{\"@id\":\"https:\/\/nk7-testes.com.br\/agazeta\/#\/schema\/person\/6d6e25cb0435eb4a02fd44d30b4e3020\"},\"breadcrumb\":{\"@id\":\"https:\/\/nk7-testes.com.br\/agazeta\/moradores-do-bairro-belo-jardim-ii-exigem-cidadania\/#breadcrumb\"},\"inLanguage\":\"pt-BR\",\"potentialAction\":[{\"@type\":\"ReadAction\",\"target\":[\"https:\/\/nk7-testes.com.br\/agazeta\/moradores-do-bairro-belo-jardim-ii-exigem-cidadania\/\"]}]},{\"@type\":\"ImageObject\",\"inLanguage\":\"pt-BR\",\"@id\":\"https:\/\/nk7-testes.com.br\/agazeta\/moradores-do-bairro-belo-jardim-ii-exigem-cidadania\/#primaryimage\",\"url\":\"https:\/\/nk7-testes.com.br\/agazeta\/wp-content\/uploads\/2015\/08\/140815-cotidiano-belojardim-cleriston.jpg\",\"contentUrl\":\"https:\/\/nk7-testes.com.br\/agazeta\/wp-content\/uploads\/2015\/08\/140815-cotidiano-belojardim-cleriston.jpg\",\"width\":458,\"height\":340,\"caption\":\"140815-cotidiano-belojardim-cleriston\"},{\"@type\":\"BreadcrumbList\",\"@id\":\"https:\/\/nk7-testes.com.br\/agazeta\/moradores-do-bairro-belo-jardim-ii-exigem-cidadania\/#breadcrumb\",\"itemListElement\":[{\"@type\":\"ListItem\",\"position\":1,\"name\":\"In\u00edcio\",\"item\":\"https:\/\/nk7-testes.com.br\/agazeta\/\"},{\"@type\":\"ListItem\",\"position\":2,\"name\":\"Moradores do Bairro Belo Jardim II exigem cidadania\"}]},{\"@type\":\"WebSite\",\"@id\":\"https:\/\/nk7-testes.com.br\/agazeta\/#website\",\"url\":\"https:\/\/nk7-testes.com.br\/agazeta\/\",\"name\":\"Agazeta.net\",\"description\":\"Agazeta.net - Not\u00edcias de Rio Branco\/AC\",\"potentialAction\":[{\"@type\":\"SearchAction\",\"target\":{\"@type\":\"EntryPoint\",\"urlTemplate\":\"https:\/\/nk7-testes.com.br\/agazeta\/?s={search_term_string}\"},\"query-input\":{\"@type\":\"PropertyValueSpecification\",\"valueRequired\":true,\"valueName\":\"search_term_string\"}}],\"inLanguage\":\"pt-BR\"},{\"@type\":\"Person\",\"@id\":\"https:\/\/nk7-testes.com.br\/agazeta\/#\/schema\/person\/6d6e25cb0435eb4a02fd44d30b4e3020\",\"name\":\"Agazeta.Net\",\"url\":\"https:\/\/nk7-testes.com.br\/agazeta\/author\/agazeta\/\"}]}<\/script>\n<!-- \/ Yoast SEO plugin. -->","yoast_head_json":{"title":"Moradores do Bairro Belo Jardim II exigem cidadania - Agazeta.net","robots":{"index":"index","follow":"follow","max-snippet":"max-snippet:-1","max-image-preview":"max-image-preview:large","max-video-preview":"max-video-preview:-1"},"canonical":"https:\/\/nk7-testes.com.br\/agazeta\/moradores-do-bairro-belo-jardim-ii-exigem-cidadania\/","og_locale":"pt_BR","og_type":"article","og_title":"Moradores do Bairro Belo Jardim II exigem cidadania - Agazeta.net","og_description":"Servi\u00e7os p\u00fablicos sem qualidade s\u00e3o criticados por moradores","og_url":"https:\/\/nk7-testes.com.br\/agazeta\/moradores-do-bairro-belo-jardim-ii-exigem-cidadania\/","og_site_name":"Agazeta.net","article_published_time":"2015-08-14T20:25:51+00:00","og_image":[{"width":458,"height":340,"url":"https:\/\/nk7-testes.com.br\/agazeta\/wp-content\/uploads\/2015\/08\/140815-cotidiano-belojardim-cleriston.jpg","type":"image\/jpeg"}],"author":"Agazeta.Net","twitter_card":"summary_large_image","twitter_misc":{"Escrito por":"Agazeta.Net","Est. tempo de leitura":"3 minutos"},"schema":{"@context":"https:\/\/schema.org","@graph":[{"@type":"WebPage","@id":"https:\/\/nk7-testes.com.br\/agazeta\/moradores-do-bairro-belo-jardim-ii-exigem-cidadania\/","url":"https:\/\/nk7-testes.com.br\/agazeta\/moradores-do-bairro-belo-jardim-ii-exigem-cidadania\/","name":"Moradores do Bairro Belo Jardim II exigem cidadania - Agazeta.net","isPartOf":{"@id":"https:\/\/nk7-testes.com.br\/agazeta\/#website"},"primaryImageOfPage":{"@id":"https:\/\/nk7-testes.com.br\/agazeta\/moradores-do-bairro-belo-jardim-ii-exigem-cidadania\/#primaryimage"},"image":{"@id":"https:\/\/nk7-testes.com.br\/agazeta\/moradores-do-bairro-belo-jardim-ii-exigem-cidadania\/#primaryimage"},"thumbnailUrl":"https:\/\/nk7-testes.com.br\/agazeta\/wp-content\/uploads\/2015\/08\/140815-cotidiano-belojardim-cleriston.jpg","datePublished":"2015-08-14T20:25:51+00:00","author":{"@id":"https:\/\/nk7-testes.com.br\/agazeta\/#\/schema\/person\/6d6e25cb0435eb4a02fd44d30b4e3020"},"breadcrumb":{"@id":"https:\/\/nk7-testes.com.br\/agazeta\/moradores-do-bairro-belo-jardim-ii-exigem-cidadania\/#breadcrumb"},"inLanguage":"pt-BR","potentialAction":[{"@type":"ReadAction","target":["https:\/\/nk7-testes.com.br\/agazeta\/moradores-do-bairro-belo-jardim-ii-exigem-cidadania\/"]}]},{"@type":"ImageObject","inLanguage":"pt-BR","@id":"https:\/\/nk7-testes.com.br\/agazeta\/moradores-do-bairro-belo-jardim-ii-exigem-cidadania\/#primaryimage","url":"https:\/\/nk7-testes.com.br\/agazeta\/wp-content\/uploads\/2015\/08\/140815-cotidiano-belojardim-cleriston.jpg","contentUrl":"https:\/\/nk7-testes.com.br\/agazeta\/wp-content\/uploads\/2015\/08\/140815-cotidiano-belojardim-cleriston.jpg","width":458,"height":340,"caption":"140815-cotidiano-belojardim-cleriston"},{"@type":"BreadcrumbList","@id":"https:\/\/nk7-testes.com.br\/agazeta\/moradores-do-bairro-belo-jardim-ii-exigem-cidadania\/#breadcrumb","itemListElement":[{"@type":"ListItem","position":1,"name":"In\u00edcio","item":"https:\/\/nk7-testes.com.br\/agazeta\/"},{"@type":"ListItem","position":2,"name":"Moradores do Bairro Belo Jardim II exigem cidadania"}]},{"@type":"WebSite","@id":"https:\/\/nk7-testes.com.br\/agazeta\/#website","url":"https:\/\/nk7-testes.com.br\/agazeta\/","name":"Agazeta.net","description":"Agazeta.net - Not\u00edcias de Rio Branco\/AC","potentialAction":[{"@type":"SearchAction","target":{"@type":"EntryPoint","urlTemplate":"https:\/\/nk7-testes.com.br\/agazeta\/?s={search_term_string}"},"query-input":{"@type":"PropertyValueSpecification","valueRequired":true,"valueName":"search_term_string"}}],"inLanguage":"pt-BR"},{"@type":"Person","@id":"https:\/\/nk7-testes.com.br\/agazeta\/#\/schema\/person\/6d6e25cb0435eb4a02fd44d30b4e3020","name":"Agazeta.Net","url":"https:\/\/nk7-testes.com.br\/agazeta\/author\/agazeta\/"}]}},"_links":{"self":[{"href":"https:\/\/nk7-testes.com.br\/agazeta\/wp-json\/wp\/v2\/posts\/17680","targetHints":{"allow":["GET"]}}],"collection":[{"href":"https:\/\/nk7-testes.com.br\/agazeta\/wp-json\/wp\/v2\/posts"}],"about":[{"href":"https:\/\/nk7-testes.com.br\/agazeta\/wp-json\/wp\/v2\/types\/post"}],"author":[{"embeddable":true,"href":"https:\/\/nk7-testes.com.br\/agazeta\/wp-json\/wp\/v2\/users\/4"}],"replies":[{"embeddable":true,"href":"https:\/\/nk7-testes.com.br\/agazeta\/wp-json\/wp\/v2\/comments?post=17680"}],"version-history":[{"count":0,"href":"https:\/\/nk7-testes.com.br\/agazeta\/wp-json\/wp\/v2\/posts\/17680\/revisions"}],"wp:featuredmedia":[{"embeddable":true,"href":"https:\/\/nk7-testes.com.br\/agazeta\/wp-json\/wp\/v2\/media\/17679"}],"wp:attachment":[{"href":"https:\/\/nk7-testes.com.br\/agazeta\/wp-json\/wp\/v2\/media?parent=17680"}],"wp:term":[{"taxonomy":"category","embeddable":true,"href":"https:\/\/nk7-testes.com.br\/agazeta\/wp-json\/wp\/v2\/categories?post=17680"},{"taxonomy":"post_tag","embeddable":true,"href":"https:\/\/nk7-testes.com.br\/agazeta\/wp-json\/wp\/v2\/tags?post=17680"}],"curies":[{"name":"wp","href":"https:\/\/api.w.org\/{rel}","templated":true}]}}