{"id":17674,"date":"2015-08-14T14:57:37","date_gmt":"2015-08-14T14:57:37","guid":{"rendered":"https:\/\/abarevegan.com.br\/index.php\/2015\/08\/14\/clima-tenso-no-bloqueio-da-br-364\/"},"modified":"2015-08-14T14:57:37","modified_gmt":"2015-08-14T14:57:37","slug":"clima-tenso-no-bloqueio-da-br-364","status":"publish","type":"post","link":"https:\/\/nk7-testes.com.br\/agazeta\/clima-tenso-no-bloqueio-da-br-364\/","title":{"rendered":"Clima tenso no bloqueio da BR-364"},"content":{"rendered":"<p style=\"text-align: justify;\">Moradores exp\u00f5em falhas da gest\u00e3o p\u00fablica<\/p>\n<p style=\"text-align: justify;\">O clima est\u00e1 tenso entre os moradores do bairro Belo Jardim, motoristas e policiais rodovi\u00e1rios federais. Houve bloqueio logo nas primeiras horas da manh\u00e3. Eles protestam contra a falta de abastecimento d\u2019\u00e1gua e falta de regulariza\u00e7\u00e3o da rede el\u00e9trica.<\/p>\n<p style=\"text-align: justify;\">No \u00faltimo s\u00e1bado, de acordo com os moradores, a empresa Eletrobras Distribui\u00e7\u00e3o Acre cortou o fornecimento de energia do bairro (s\u00f3 h\u00e1 \u201cgatos\u201d). Mas, os moradores religaram. Eles afirmam tamb\u00e9m que o Depasa iniciou obras de pavimenta\u00e7\u00e3o, mas abandonou o trabalho.<\/p>\n<p style=\"text-align: justify;\">\u201cO n\u00edvel da rua ficou mais baixo do que o n\u00edvel das casas: A\u00ed, quando chove ficam po\u00e7as d\u2019\u00e1gua grandes. E quando tem sol, a poeira chega cai dentro de casa\u201d, reclama uma moradora.<\/p>\n<p style=\"text-align: justify;\">Eles se negaram a receber o representante da prefeitura, alegando que s\u00f3 debloqueariam a rodovia com a presen\u00e7a de uma pessoa do Depasa e da Eletrobras. Depois de tensas negocia\u00e7\u00f5es houve libera\u00e7\u00e3o de meia pista.<\/p>\n<p style=\"text-align: justify;\">A assessoria do Depasa informou que as obras na regi\u00e3o est\u00e3o normalizadas. Houve um problema, no s\u00e1bado, entre os trabalhadores da empresa e os moradores, mas que j\u00e1 foi superado e que as obras ser\u00e3o retomadas normalmente. A Eletrobras ainda n\u00e3o se pronunciou sobre o assunto.<\/p>\n","protected":false},"excerpt":{"rendered":"<p style=\"text-align: justify;\">Moradores exp\u00f5em falhas da gest\u00e3o p\u00fablica<\/p>\n","protected":false},"author":4,"featured_media":17673,"comment_status":"open","ping_status":"open","sticky":false,"template":"","format":"standard","meta":{"jnews-multi-image_gallery":[],"jnews_single_post":[],"jnews_primary_category":[],"jnews_social_meta":[],"jnews_review":[],"enable_review":"","type":"","name":"","summary":"","brand":"","sku":"","good":[],"bad":[],"score_override":"","override_value":"","rating":[],"price":[],"footnotes":""},"categories":[54],"tags":[],"class_list":["post-17674","post","type-post","status-publish","format-standard","has-post-thumbnail","hentry","category-cotidiano"],"yoast_head":"<!-- This site is optimized with the Yoast SEO plugin v26.5 - https:\/\/yoast.com\/wordpress\/plugins\/seo\/ -->\n<title>Clima tenso no bloqueio da BR-364 - Agazeta.net<\/title>\n<meta name=\"robots\" content=\"index, follow, max-snippet:-1, max-image-preview:large, max-video-preview:-1\" \/>\n<link rel=\"canonical\" href=\"https:\/\/nk7-testes.com.br\/agazeta\/clima-tenso-no-bloqueio-da-br-364\/\" \/>\n<meta property=\"og:locale\" content=\"pt_BR\" \/>\n<meta property=\"og:type\" content=\"article\" \/>\n<meta property=\"og:title\" content=\"Clima tenso no bloqueio da BR-364 - Agazeta.net\" \/>\n<meta property=\"og:description\" content=\"Moradores exp\u00f5em falhas da gest\u00e3o p\u00fablica\" \/>\n<meta property=\"og:url\" content=\"https:\/\/nk7-testes.com.br\/agazeta\/clima-tenso-no-bloqueio-da-br-364\/\" \/>\n<meta property=\"og:site_name\" content=\"Agazeta.net\" \/>\n<meta property=\"article:published_time\" content=\"2015-08-14T14:57:37+00:00\" \/>\n<meta property=\"og:image\" content=\"https:\/\/nk7-testes.com.br\/agazeta\/wp-content\/uploads\/2015\/08\/2608-cotidiano-protestobr364.jpg\" \/>\n\t<meta property=\"og:image:width\" content=\"458\" \/>\n\t<meta property=\"og:image:height\" content=\"340\" \/>\n\t<meta property=\"og:image:type\" content=\"image\/jpeg\" \/>\n<meta name=\"author\" content=\"Agazeta.Net\" \/>\n<meta name=\"twitter:card\" content=\"summary_large_image\" \/>\n<meta name=\"twitter:label1\" content=\"Escrito por\" \/>\n\t<meta name=\"twitter:data1\" content=\"Agazeta.Net\" \/>\n\t<meta name=\"twitter:label2\" content=\"Est. tempo de leitura\" \/>\n\t<meta name=\"twitter:data2\" content=\"1 minuto\" \/>\n<script type=\"application\/ld+json\" class=\"yoast-schema-graph\">{\"@context\":\"https:\/\/schema.org\",\"@graph\":[{\"@type\":\"WebPage\",\"@id\":\"https:\/\/nk7-testes.com.br\/agazeta\/clima-tenso-no-bloqueio-da-br-364\/\",\"url\":\"https:\/\/nk7-testes.com.br\/agazeta\/clima-tenso-no-bloqueio-da-br-364\/\",\"name\":\"Clima tenso no bloqueio da BR-364 - Agazeta.net\",\"isPartOf\":{\"@id\":\"https:\/\/nk7-testes.com.br\/agazeta\/#website\"},\"primaryImageOfPage\":{\"@id\":\"https:\/\/nk7-testes.com.br\/agazeta\/clima-tenso-no-bloqueio-da-br-364\/#primaryimage\"},\"image\":{\"@id\":\"https:\/\/nk7-testes.com.br\/agazeta\/clima-tenso-no-bloqueio-da-br-364\/#primaryimage\"},\"thumbnailUrl\":\"https:\/\/nk7-testes.com.br\/agazeta\/wp-content\/uploads\/2015\/08\/2608-cotidiano-protestobr364.jpg\",\"datePublished\":\"2015-08-14T14:57:37+00:00\",\"author\":{\"@id\":\"https:\/\/nk7-testes.com.br\/agazeta\/#\/schema\/person\/6d6e25cb0435eb4a02fd44d30b4e3020\"},\"breadcrumb\":{\"@id\":\"https:\/\/nk7-testes.com.br\/agazeta\/clima-tenso-no-bloqueio-da-br-364\/#breadcrumb\"},\"inLanguage\":\"pt-BR\",\"potentialAction\":[{\"@type\":\"ReadAction\",\"target\":[\"https:\/\/nk7-testes.com.br\/agazeta\/clima-tenso-no-bloqueio-da-br-364\/\"]}]},{\"@type\":\"ImageObject\",\"inLanguage\":\"pt-BR\",\"@id\":\"https:\/\/nk7-testes.com.br\/agazeta\/clima-tenso-no-bloqueio-da-br-364\/#primaryimage\",\"url\":\"https:\/\/nk7-testes.com.br\/agazeta\/wp-content\/uploads\/2015\/08\/2608-cotidiano-protestobr364.jpg\",\"contentUrl\":\"https:\/\/nk7-testes.com.br\/agazeta\/wp-content\/uploads\/2015\/08\/2608-cotidiano-protestobr364.jpg\",\"width\":458,\"height\":340,\"caption\":\"2608-cotidiano-protestobr364\"},{\"@type\":\"BreadcrumbList\",\"@id\":\"https:\/\/nk7-testes.com.br\/agazeta\/clima-tenso-no-bloqueio-da-br-364\/#breadcrumb\",\"itemListElement\":[{\"@type\":\"ListItem\",\"position\":1,\"name\":\"In\u00edcio\",\"item\":\"https:\/\/nk7-testes.com.br\/agazeta\/\"},{\"@type\":\"ListItem\",\"position\":2,\"name\":\"Clima tenso no bloqueio da BR-364\"}]},{\"@type\":\"WebSite\",\"@id\":\"https:\/\/nk7-testes.com.br\/agazeta\/#website\",\"url\":\"https:\/\/nk7-testes.com.br\/agazeta\/\",\"name\":\"Agazeta.net\",\"description\":\"Agazeta.net - Not\u00edcias de Rio Branco\/AC\",\"potentialAction\":[{\"@type\":\"SearchAction\",\"target\":{\"@type\":\"EntryPoint\",\"urlTemplate\":\"https:\/\/nk7-testes.com.br\/agazeta\/?s={search_term_string}\"},\"query-input\":{\"@type\":\"PropertyValueSpecification\",\"valueRequired\":true,\"valueName\":\"search_term_string\"}}],\"inLanguage\":\"pt-BR\"},{\"@type\":\"Person\",\"@id\":\"https:\/\/nk7-testes.com.br\/agazeta\/#\/schema\/person\/6d6e25cb0435eb4a02fd44d30b4e3020\",\"name\":\"Agazeta.Net\",\"url\":\"https:\/\/nk7-testes.com.br\/agazeta\/author\/agazeta\/\"}]}<\/script>\n<!-- \/ Yoast SEO plugin. -->","yoast_head_json":{"title":"Clima tenso no bloqueio da BR-364 - Agazeta.net","robots":{"index":"index","follow":"follow","max-snippet":"max-snippet:-1","max-image-preview":"max-image-preview:large","max-video-preview":"max-video-preview:-1"},"canonical":"https:\/\/nk7-testes.com.br\/agazeta\/clima-tenso-no-bloqueio-da-br-364\/","og_locale":"pt_BR","og_type":"article","og_title":"Clima tenso no bloqueio da BR-364 - Agazeta.net","og_description":"Moradores exp\u00f5em falhas da gest\u00e3o p\u00fablica","og_url":"https:\/\/nk7-testes.com.br\/agazeta\/clima-tenso-no-bloqueio-da-br-364\/","og_site_name":"Agazeta.net","article_published_time":"2015-08-14T14:57:37+00:00","og_image":[{"width":458,"height":340,"url":"https:\/\/nk7-testes.com.br\/agazeta\/wp-content\/uploads\/2015\/08\/2608-cotidiano-protestobr364.jpg","type":"image\/jpeg"}],"author":"Agazeta.Net","twitter_card":"summary_large_image","twitter_misc":{"Escrito por":"Agazeta.Net","Est. tempo de leitura":"1 minuto"},"schema":{"@context":"https:\/\/schema.org","@graph":[{"@type":"WebPage","@id":"https:\/\/nk7-testes.com.br\/agazeta\/clima-tenso-no-bloqueio-da-br-364\/","url":"https:\/\/nk7-testes.com.br\/agazeta\/clima-tenso-no-bloqueio-da-br-364\/","name":"Clima tenso no bloqueio da BR-364 - Agazeta.net","isPartOf":{"@id":"https:\/\/nk7-testes.com.br\/agazeta\/#website"},"primaryImageOfPage":{"@id":"https:\/\/nk7-testes.com.br\/agazeta\/clima-tenso-no-bloqueio-da-br-364\/#primaryimage"},"image":{"@id":"https:\/\/nk7-testes.com.br\/agazeta\/clima-tenso-no-bloqueio-da-br-364\/#primaryimage"},"thumbnailUrl":"https:\/\/nk7-testes.com.br\/agazeta\/wp-content\/uploads\/2015\/08\/2608-cotidiano-protestobr364.jpg","datePublished":"2015-08-14T14:57:37+00:00","author":{"@id":"https:\/\/nk7-testes.com.br\/agazeta\/#\/schema\/person\/6d6e25cb0435eb4a02fd44d30b4e3020"},"breadcrumb":{"@id":"https:\/\/nk7-testes.com.br\/agazeta\/clima-tenso-no-bloqueio-da-br-364\/#breadcrumb"},"inLanguage":"pt-BR","potentialAction":[{"@type":"ReadAction","target":["https:\/\/nk7-testes.com.br\/agazeta\/clima-tenso-no-bloqueio-da-br-364\/"]}]},{"@type":"ImageObject","inLanguage":"pt-BR","@id":"https:\/\/nk7-testes.com.br\/agazeta\/clima-tenso-no-bloqueio-da-br-364\/#primaryimage","url":"https:\/\/nk7-testes.com.br\/agazeta\/wp-content\/uploads\/2015\/08\/2608-cotidiano-protestobr364.jpg","contentUrl":"https:\/\/nk7-testes.com.br\/agazeta\/wp-content\/uploads\/2015\/08\/2608-cotidiano-protestobr364.jpg","width":458,"height":340,"caption":"2608-cotidiano-protestobr364"},{"@type":"BreadcrumbList","@id":"https:\/\/nk7-testes.com.br\/agazeta\/clima-tenso-no-bloqueio-da-br-364\/#breadcrumb","itemListElement":[{"@type":"ListItem","position":1,"name":"In\u00edcio","item":"https:\/\/nk7-testes.com.br\/agazeta\/"},{"@type":"ListItem","position":2,"name":"Clima tenso no bloqueio da BR-364"}]},{"@type":"WebSite","@id":"https:\/\/nk7-testes.com.br\/agazeta\/#website","url":"https:\/\/nk7-testes.com.br\/agazeta\/","name":"Agazeta.net","description":"Agazeta.net - Not\u00edcias de Rio Branco\/AC","potentialAction":[{"@type":"SearchAction","target":{"@type":"EntryPoint","urlTemplate":"https:\/\/nk7-testes.com.br\/agazeta\/?s={search_term_string}"},"query-input":{"@type":"PropertyValueSpecification","valueRequired":true,"valueName":"search_term_string"}}],"inLanguage":"pt-BR"},{"@type":"Person","@id":"https:\/\/nk7-testes.com.br\/agazeta\/#\/schema\/person\/6d6e25cb0435eb4a02fd44d30b4e3020","name":"Agazeta.Net","url":"https:\/\/nk7-testes.com.br\/agazeta\/author\/agazeta\/"}]}},"_links":{"self":[{"href":"https:\/\/nk7-testes.com.br\/agazeta\/wp-json\/wp\/v2\/posts\/17674","targetHints":{"allow":["GET"]}}],"collection":[{"href":"https:\/\/nk7-testes.com.br\/agazeta\/wp-json\/wp\/v2\/posts"}],"about":[{"href":"https:\/\/nk7-testes.com.br\/agazeta\/wp-json\/wp\/v2\/types\/post"}],"author":[{"embeddable":true,"href":"https:\/\/nk7-testes.com.br\/agazeta\/wp-json\/wp\/v2\/users\/4"}],"replies":[{"embeddable":true,"href":"https:\/\/nk7-testes.com.br\/agazeta\/wp-json\/wp\/v2\/comments?post=17674"}],"version-history":[{"count":0,"href":"https:\/\/nk7-testes.com.br\/agazeta\/wp-json\/wp\/v2\/posts\/17674\/revisions"}],"wp:featuredmedia":[{"embeddable":true,"href":"https:\/\/nk7-testes.com.br\/agazeta\/wp-json\/wp\/v2\/media\/17673"}],"wp:attachment":[{"href":"https:\/\/nk7-testes.com.br\/agazeta\/wp-json\/wp\/v2\/media?parent=17674"}],"wp:term":[{"taxonomy":"category","embeddable":true,"href":"https:\/\/nk7-testes.com.br\/agazeta\/wp-json\/wp\/v2\/categories?post=17674"},{"taxonomy":"post_tag","embeddable":true,"href":"https:\/\/nk7-testes.com.br\/agazeta\/wp-json\/wp\/v2\/tags?post=17674"}],"curies":[{"name":"wp","href":"https:\/\/api.w.org\/{rel}","templated":true}]}}