{"id":17670,"date":"2015-08-14T13:35:13","date_gmt":"2015-08-14T13:35:13","guid":{"rendered":"https:\/\/abarevegan.com.br\/index.php\/2015\/08\/14\/maes-protestam-contra-descaso-com-escola-dom-bosco\/"},"modified":"2015-08-14T13:35:13","modified_gmt":"2015-08-14T13:35:13","slug":"maes-protestam-contra-descaso-com-escola-dom-bosco","status":"publish","type":"post","link":"https:\/\/nk7-testes.com.br\/agazeta\/maes-protestam-contra-descaso-com-escola-dom-bosco\/","title":{"rendered":"M\u00e3es protestam contra descaso com escola Dom Bosco"},"content":{"rendered":"<p style=\"text-align: justify;\">\u201cOu faz como deve ser feito ou deixa de fantasia\u201d<\/p>\n<p style=\"text-align: justify;\">M\u00e3es de alunos da Escola Dom Bosco, que cuida de crian\u00e7as e jovens especiais, denunciam uma s\u00e9rie de problemas na institui\u00e7\u00e3o. As reclama\u00e7\u00f5es v\u00e3o desde estrutura inadequada at\u00e9 falta de profissionais, fraldas e alimenta\u00e7\u00e3o.<\/p>\n<p style=\"text-align: justify;\">Aproximadamente 300 crian\u00e7as e jovens s\u00e3o atendidos pela Escola Dom Bosco em Rio Branco. A unidade gerida pelo Estado oferece atendimento \u00e0s pessoas com necessidades especiais.<\/p>\n<p style=\"text-align: justify;\">Marcela Silva \u00e9 m\u00e3e de um aluno atendido pela institui\u00e7\u00e3o. Aonde vai leva consigo dados de uma lei federal que assegura ao filho, o direito \u00e0s fraldas. O produto \u00e9 adquirido nos postos de sa\u00fade, mas a quantidade foi limitada.<\/p>\n<p style=\"text-align: justify;\">Rute Galdino explica que s\u00f3 entregam dois pacotes por m\u00eas, quando cada crian\u00e7a usa nesse per\u00edodo at\u00e9 17. \u201cO pre\u00e7o da fralda pesa no or\u00e7amento. A gente n\u00e3o pode trabalhar porque tem que cuidar dos nossos filhos e como vai arcar com mais esse gasto\u201d, questiona.<\/p>\n<p style=\"text-align: justify;\">Outra dificuldade enfrentada diz respeito ao complemento nutricional. Mesmo com quantidade especificada por nutricionista, quando buscam o alimento, n\u00e3o levam a quantidade prescrita.<\/p>\n<p style=\"text-align: justify;\">\u201cIndicaram para meu filho 90 nutridrink\u2019s. Eles deram 10 e alegaram que o governo n\u00e3o repassa a quantidade que eles fazem o pedido\u201d, disse Marcela Silva.<\/p>\n<p style=\"text-align: justify;\">Os problemas com alimenta\u00e7\u00e3o tamb\u00e9m passam pela cozinha da Escola. Segundo as m\u00e3es, servem card\u00e1pios inadequados para quem tem dificuldade de mastiga\u00e7\u00e3o. Elas exemplificam citando: farofa de ovo. \u201cEra preciso ter um bom senso dos profissionais da cozinha, para fazer mingau, e n\u00e3o farofa para crian\u00e7as que n\u00e3o conseguem mastigar direito\u201d, explica Marcela.<\/p>\n<p style=\"text-align: justify;\">De acordo com a coordenadora da Escola, Rosilda Moura, a alimenta\u00e7\u00e3o segue um card\u00e1pio, mas \u00e0s vezes faltam determinados ingredientes para uma refei\u00e7\u00e3o mais pastosa. \u201cNem todo dia tem leite, nem todo dia tem massa\u201d, explicou.<\/p>\n<p style=\"text-align: justify;\">As cadeiras de rodas da escola tamb\u00e9m est\u00e3o em p\u00e9ssimas condi\u00e7\u00f5es. Algumas n\u00e3o s\u00e3o do tamanho adequado aos alunos. O material enferrujado j\u00e1 deveria ter sido trocado, mas, por enquanto, nada.<\/p>\n<p style=\"text-align: justify;\">A estrutura do pr\u00e9dio tamb\u00e9m \u00e9 motivo de reclama\u00e7\u00f5es. O piso est\u00e1 comprometido. Segundo a coordenadora da escola, a cer\u00e2mica n\u00e3o suportou o calor. Os trocadores s\u00e3o de pedra. Conforto algum aos alunos especiais, que precisam trocar fraldas.<br \/>De acordo com a coordena\u00e7\u00e3o, a Secretaria de Estado de Educa\u00e7\u00e3o j\u00e1 recebeu o pedido de reforma e o processo est\u00e1 em andamento.<\/p>\n<p style=\"text-align: justify;\">Fora os problemas estruturais, a Escola Dom Bosco passa por s\u00e9rias dificuldades no cora\u00e7\u00e3o da institui\u00e7\u00e3o. Aqui falta psic\u00f3logo, terapeuta ocupacional e, o que \u00e9 pior, nas \u00faltimas semanas, v\u00e1rios fisioterapeutas foram demitidos.<\/p>\n<p style=\"text-align: justify;\">Segundo a dire\u00e7\u00e3o, 12 contratos foram cancelados e isso afetou drasticamente o atendimento \u00e0s crian\u00e7as especiais.<\/p>\n<p style=\"text-align: justify;\">O gestor do setor de fisioterapia, Raimundo Castro, admite que as reclama\u00e7\u00f5es das m\u00e3es s\u00e3o ver\u00eddicas e que o Estado precisa tomar provid\u00eancias urgentes.<\/p>\n<p style=\"text-align: justify;\">Na presen\u00e7a das m\u00e3es, o gestor se emocionou ao falar do caos que se instalou no atendimento do Dom Bosco. Ele afirma que uma reuni\u00e3o est\u00e1 marcada com o Secret\u00e1rio de Sa\u00fade e que ir\u00e1 cobrar principalmente a contrata\u00e7\u00e3o de profissionais.<\/p>\n<p style=\"text-align: justify;\">\u201cA pauta \u00e9 essa. Ou se faz como deve ser feito e trata essas crian\u00e7as como gente, essas m\u00e3es com respeito, ou ent\u00e3o fecha e deixa de fazer fantasia para o povo\u201d, disse Raimundo.<\/p>\n<p style=\"text-align: justify;\"><strong>Sobre a falta de suplementos alimentares a Sesacre respondeu:<\/strong><\/p>\n<p style=\"text-align: justify;\">\u201cSegundo a Secretaria de sa\u00fade, de acordo com o departamento de assist\u00eancia farmac\u00eautica n\u00e3o h\u00e1 falta de suplemento nutricional nos postos. O que houve foi desencontro de informa\u00e7\u00e3o com as m\u00e3es que n\u00e3o interpretaram corretamente os dados t\u00e9cnicos informados nos pedidos\u201d.<\/p>\n","protected":false},"excerpt":{"rendered":"<p style=\"text-align: justify;\">\u201cOu faz como deve ser feito ou deixa de fantasia\u201d<\/p>\n","protected":false},"author":4,"featured_media":17669,"comment_status":"open","ping_status":"open","sticky":false,"template":"","format":"standard","meta":{"jnews-multi-image_gallery":[],"jnews_single_post":[],"jnews_primary_category":[],"jnews_social_meta":[],"jnews_review":[],"enable_review":"","type":"","name":"","summary":"","brand":"","sku":"","good":[],"bad":[],"score_override":"","override_value":"","rating":[],"price":[],"footnotes":""},"categories":[54],"tags":[],"class_list":["post-17670","post","type-post","status-publish","format-standard","has-post-thumbnail","hentry","category-cotidiano"],"yoast_head":"<!-- This site is optimized with the Yoast SEO plugin v26.5 - https:\/\/yoast.com\/wordpress\/plugins\/seo\/ -->\n<title>M\u00e3es protestam contra descaso com escola Dom Bosco - Agazeta.net<\/title>\n<meta name=\"robots\" content=\"index, follow, max-snippet:-1, max-image-preview:large, max-video-preview:-1\" \/>\n<link rel=\"canonical\" href=\"https:\/\/nk7-testes.com.br\/agazeta\/maes-protestam-contra-descaso-com-escola-dom-bosco\/\" \/>\n<meta property=\"og:locale\" content=\"pt_BR\" \/>\n<meta property=\"og:type\" content=\"article\" \/>\n<meta property=\"og:title\" content=\"M\u00e3es protestam contra descaso com escola Dom Bosco - Agazeta.net\" \/>\n<meta property=\"og:description\" content=\"\u201cOu faz como deve ser feito ou deixa de fantasia\u201d\" \/>\n<meta property=\"og:url\" content=\"https:\/\/nk7-testes.com.br\/agazeta\/maes-protestam-contra-descaso-com-escola-dom-bosco\/\" \/>\n<meta property=\"og:site_name\" content=\"Agazeta.net\" \/>\n<meta property=\"article:published_time\" content=\"2015-08-14T13:35:13+00:00\" \/>\n<meta property=\"og:image\" content=\"https:\/\/nk7-testes.com.br\/agazeta\/wp-content\/uploads\/2015\/08\/130815-cotidiano-protestomaesdombosco-tvgazeta.jpg\" \/>\n\t<meta property=\"og:image:width\" content=\"458\" \/>\n\t<meta property=\"og:image:height\" content=\"340\" \/>\n\t<meta property=\"og:image:type\" content=\"image\/jpeg\" \/>\n<meta name=\"author\" content=\"Agazeta.Net\" \/>\n<meta name=\"twitter:card\" content=\"summary_large_image\" \/>\n<meta name=\"twitter:label1\" content=\"Escrito por\" \/>\n\t<meta name=\"twitter:data1\" content=\"Agazeta.Net\" \/>\n\t<meta name=\"twitter:label2\" content=\"Est. tempo de leitura\" \/>\n\t<meta name=\"twitter:data2\" content=\"3 minutos\" \/>\n<script type=\"application\/ld+json\" class=\"yoast-schema-graph\">{\"@context\":\"https:\/\/schema.org\",\"@graph\":[{\"@type\":\"WebPage\",\"@id\":\"https:\/\/nk7-testes.com.br\/agazeta\/maes-protestam-contra-descaso-com-escola-dom-bosco\/\",\"url\":\"https:\/\/nk7-testes.com.br\/agazeta\/maes-protestam-contra-descaso-com-escola-dom-bosco\/\",\"name\":\"M\u00e3es protestam contra descaso com escola Dom Bosco - Agazeta.net\",\"isPartOf\":{\"@id\":\"https:\/\/nk7-testes.com.br\/agazeta\/#website\"},\"primaryImageOfPage\":{\"@id\":\"https:\/\/nk7-testes.com.br\/agazeta\/maes-protestam-contra-descaso-com-escola-dom-bosco\/#primaryimage\"},\"image\":{\"@id\":\"https:\/\/nk7-testes.com.br\/agazeta\/maes-protestam-contra-descaso-com-escola-dom-bosco\/#primaryimage\"},\"thumbnailUrl\":\"https:\/\/nk7-testes.com.br\/agazeta\/wp-content\/uploads\/2015\/08\/130815-cotidiano-protestomaesdombosco-tvgazeta.jpg\",\"datePublished\":\"2015-08-14T13:35:13+00:00\",\"author\":{\"@id\":\"https:\/\/nk7-testes.com.br\/agazeta\/#\/schema\/person\/6d6e25cb0435eb4a02fd44d30b4e3020\"},\"breadcrumb\":{\"@id\":\"https:\/\/nk7-testes.com.br\/agazeta\/maes-protestam-contra-descaso-com-escola-dom-bosco\/#breadcrumb\"},\"inLanguage\":\"pt-BR\",\"potentialAction\":[{\"@type\":\"ReadAction\",\"target\":[\"https:\/\/nk7-testes.com.br\/agazeta\/maes-protestam-contra-descaso-com-escola-dom-bosco\/\"]}]},{\"@type\":\"ImageObject\",\"inLanguage\":\"pt-BR\",\"@id\":\"https:\/\/nk7-testes.com.br\/agazeta\/maes-protestam-contra-descaso-com-escola-dom-bosco\/#primaryimage\",\"url\":\"https:\/\/nk7-testes.com.br\/agazeta\/wp-content\/uploads\/2015\/08\/130815-cotidiano-protestomaesdombosco-tvgazeta.jpg\",\"contentUrl\":\"https:\/\/nk7-testes.com.br\/agazeta\/wp-content\/uploads\/2015\/08\/130815-cotidiano-protestomaesdombosco-tvgazeta.jpg\",\"width\":458,\"height\":340,\"caption\":\"130815-cotidiano-protestomaesdombosco-tvgazeta\"},{\"@type\":\"BreadcrumbList\",\"@id\":\"https:\/\/nk7-testes.com.br\/agazeta\/maes-protestam-contra-descaso-com-escola-dom-bosco\/#breadcrumb\",\"itemListElement\":[{\"@type\":\"ListItem\",\"position\":1,\"name\":\"In\u00edcio\",\"item\":\"https:\/\/nk7-testes.com.br\/agazeta\/\"},{\"@type\":\"ListItem\",\"position\":2,\"name\":\"M\u00e3es protestam contra descaso com escola Dom Bosco\"}]},{\"@type\":\"WebSite\",\"@id\":\"https:\/\/nk7-testes.com.br\/agazeta\/#website\",\"url\":\"https:\/\/nk7-testes.com.br\/agazeta\/\",\"name\":\"Agazeta.net\",\"description\":\"Agazeta.net - Not\u00edcias de Rio Branco\/AC\",\"potentialAction\":[{\"@type\":\"SearchAction\",\"target\":{\"@type\":\"EntryPoint\",\"urlTemplate\":\"https:\/\/nk7-testes.com.br\/agazeta\/?s={search_term_string}\"},\"query-input\":{\"@type\":\"PropertyValueSpecification\",\"valueRequired\":true,\"valueName\":\"search_term_string\"}}],\"inLanguage\":\"pt-BR\"},{\"@type\":\"Person\",\"@id\":\"https:\/\/nk7-testes.com.br\/agazeta\/#\/schema\/person\/6d6e25cb0435eb4a02fd44d30b4e3020\",\"name\":\"Agazeta.Net\",\"url\":\"https:\/\/nk7-testes.com.br\/agazeta\/author\/agazeta\/\"}]}<\/script>\n<!-- \/ Yoast SEO plugin. -->","yoast_head_json":{"title":"M\u00e3es protestam contra descaso com escola Dom Bosco - Agazeta.net","robots":{"index":"index","follow":"follow","max-snippet":"max-snippet:-1","max-image-preview":"max-image-preview:large","max-video-preview":"max-video-preview:-1"},"canonical":"https:\/\/nk7-testes.com.br\/agazeta\/maes-protestam-contra-descaso-com-escola-dom-bosco\/","og_locale":"pt_BR","og_type":"article","og_title":"M\u00e3es protestam contra descaso com escola Dom Bosco - Agazeta.net","og_description":"\u201cOu faz como deve ser feito ou deixa de fantasia\u201d","og_url":"https:\/\/nk7-testes.com.br\/agazeta\/maes-protestam-contra-descaso-com-escola-dom-bosco\/","og_site_name":"Agazeta.net","article_published_time":"2015-08-14T13:35:13+00:00","og_image":[{"width":458,"height":340,"url":"https:\/\/nk7-testes.com.br\/agazeta\/wp-content\/uploads\/2015\/08\/130815-cotidiano-protestomaesdombosco-tvgazeta.jpg","type":"image\/jpeg"}],"author":"Agazeta.Net","twitter_card":"summary_large_image","twitter_misc":{"Escrito por":"Agazeta.Net","Est. tempo de leitura":"3 minutos"},"schema":{"@context":"https:\/\/schema.org","@graph":[{"@type":"WebPage","@id":"https:\/\/nk7-testes.com.br\/agazeta\/maes-protestam-contra-descaso-com-escola-dom-bosco\/","url":"https:\/\/nk7-testes.com.br\/agazeta\/maes-protestam-contra-descaso-com-escola-dom-bosco\/","name":"M\u00e3es protestam contra descaso com escola Dom Bosco - Agazeta.net","isPartOf":{"@id":"https:\/\/nk7-testes.com.br\/agazeta\/#website"},"primaryImageOfPage":{"@id":"https:\/\/nk7-testes.com.br\/agazeta\/maes-protestam-contra-descaso-com-escola-dom-bosco\/#primaryimage"},"image":{"@id":"https:\/\/nk7-testes.com.br\/agazeta\/maes-protestam-contra-descaso-com-escola-dom-bosco\/#primaryimage"},"thumbnailUrl":"https:\/\/nk7-testes.com.br\/agazeta\/wp-content\/uploads\/2015\/08\/130815-cotidiano-protestomaesdombosco-tvgazeta.jpg","datePublished":"2015-08-14T13:35:13+00:00","author":{"@id":"https:\/\/nk7-testes.com.br\/agazeta\/#\/schema\/person\/6d6e25cb0435eb4a02fd44d30b4e3020"},"breadcrumb":{"@id":"https:\/\/nk7-testes.com.br\/agazeta\/maes-protestam-contra-descaso-com-escola-dom-bosco\/#breadcrumb"},"inLanguage":"pt-BR","potentialAction":[{"@type":"ReadAction","target":["https:\/\/nk7-testes.com.br\/agazeta\/maes-protestam-contra-descaso-com-escola-dom-bosco\/"]}]},{"@type":"ImageObject","inLanguage":"pt-BR","@id":"https:\/\/nk7-testes.com.br\/agazeta\/maes-protestam-contra-descaso-com-escola-dom-bosco\/#primaryimage","url":"https:\/\/nk7-testes.com.br\/agazeta\/wp-content\/uploads\/2015\/08\/130815-cotidiano-protestomaesdombosco-tvgazeta.jpg","contentUrl":"https:\/\/nk7-testes.com.br\/agazeta\/wp-content\/uploads\/2015\/08\/130815-cotidiano-protestomaesdombosco-tvgazeta.jpg","width":458,"height":340,"caption":"130815-cotidiano-protestomaesdombosco-tvgazeta"},{"@type":"BreadcrumbList","@id":"https:\/\/nk7-testes.com.br\/agazeta\/maes-protestam-contra-descaso-com-escola-dom-bosco\/#breadcrumb","itemListElement":[{"@type":"ListItem","position":1,"name":"In\u00edcio","item":"https:\/\/nk7-testes.com.br\/agazeta\/"},{"@type":"ListItem","position":2,"name":"M\u00e3es protestam contra descaso com escola Dom Bosco"}]},{"@type":"WebSite","@id":"https:\/\/nk7-testes.com.br\/agazeta\/#website","url":"https:\/\/nk7-testes.com.br\/agazeta\/","name":"Agazeta.net","description":"Agazeta.net - Not\u00edcias de Rio Branco\/AC","potentialAction":[{"@type":"SearchAction","target":{"@type":"EntryPoint","urlTemplate":"https:\/\/nk7-testes.com.br\/agazeta\/?s={search_term_string}"},"query-input":{"@type":"PropertyValueSpecification","valueRequired":true,"valueName":"search_term_string"}}],"inLanguage":"pt-BR"},{"@type":"Person","@id":"https:\/\/nk7-testes.com.br\/agazeta\/#\/schema\/person\/6d6e25cb0435eb4a02fd44d30b4e3020","name":"Agazeta.Net","url":"https:\/\/nk7-testes.com.br\/agazeta\/author\/agazeta\/"}]}},"_links":{"self":[{"href":"https:\/\/nk7-testes.com.br\/agazeta\/wp-json\/wp\/v2\/posts\/17670","targetHints":{"allow":["GET"]}}],"collection":[{"href":"https:\/\/nk7-testes.com.br\/agazeta\/wp-json\/wp\/v2\/posts"}],"about":[{"href":"https:\/\/nk7-testes.com.br\/agazeta\/wp-json\/wp\/v2\/types\/post"}],"author":[{"embeddable":true,"href":"https:\/\/nk7-testes.com.br\/agazeta\/wp-json\/wp\/v2\/users\/4"}],"replies":[{"embeddable":true,"href":"https:\/\/nk7-testes.com.br\/agazeta\/wp-json\/wp\/v2\/comments?post=17670"}],"version-history":[{"count":0,"href":"https:\/\/nk7-testes.com.br\/agazeta\/wp-json\/wp\/v2\/posts\/17670\/revisions"}],"wp:featuredmedia":[{"embeddable":true,"href":"https:\/\/nk7-testes.com.br\/agazeta\/wp-json\/wp\/v2\/media\/17669"}],"wp:attachment":[{"href":"https:\/\/nk7-testes.com.br\/agazeta\/wp-json\/wp\/v2\/media?parent=17670"}],"wp:term":[{"taxonomy":"category","embeddable":true,"href":"https:\/\/nk7-testes.com.br\/agazeta\/wp-json\/wp\/v2\/categories?post=17670"},{"taxonomy":"post_tag","embeddable":true,"href":"https:\/\/nk7-testes.com.br\/agazeta\/wp-json\/wp\/v2\/tags?post=17670"}],"curies":[{"name":"wp","href":"https:\/\/api.w.org\/{rel}","templated":true}]}}