{"id":17659,"date":"2015-08-13T20:24:31","date_gmt":"2015-08-13T20:24:31","guid":{"rendered":"https:\/\/abarevegan.com.br\/index.php\/2015\/08\/13\/tj-busca-dialogo-com-empresas-para-futuras-conciliacoes\/"},"modified":"2015-08-13T20:24:31","modified_gmt":"2015-08-13T20:24:31","slug":"tj-busca-dialogo-com-empresas-para-futuras-conciliacoes","status":"publish","type":"post","link":"https:\/\/nk7-testes.com.br\/agazeta\/tj-busca-dialogo-com-empresas-para-futuras-conciliacoes\/","title":{"rendered":"TJ busca di\u00e1logo com empresas para futuras concilia\u00e7\u00f5es"},"content":{"rendered":"<p style=\"text-align: justify;\">Encontro teve tom de &#8220;pux\u00e3o de orelha&#8221;<\/p>\n<p style=\"text-align: justify;\">Para tentar o maior n\u00famero de acordos entre empresas e clientes, a presidente do Tribunal de Justi\u00e7a do Acre, Cezarinete Angelim, convidou para um caf\u00e9 da manh\u00e3 os advogados das empresas que det\u00eam o maior n\u00famero de reclama\u00e7\u00f5es nos juizados. S\u00e3o bancos, empresas p\u00fablicas e privadas, principalmente de telefonia.<\/p>\n<p style=\"text-align: justify;\">Na verdade o caf\u00e9 da manh\u00e3, regado de sorrisos e agradecimentos, tinha o gosto de pux\u00e3o de orelha.<\/p>\n<p style=\"text-align: justify;\">Na pr\u00f3xima semana, come\u00e7a mais um \u201cMutir\u00e3o de Concilia\u00e7\u00e3o\u201d. A desembargadora espera que as empresas sejam male\u00e1veis durante as sugest\u00f5es de acordos. Como elas est\u00e3o no topo das reclama\u00e7\u00f5es, a Justi\u00e7a quer reduzir essas estat\u00edsticas t\u00e3o negativas.<\/p>\n<p style=\"text-align: justify;\">E para incentivar os acordos, a magistrada informou que no final da semana de concilia\u00e7\u00e3o vai divulgar quem mais fez acordos e quem bateu duro contra os clientes. \u201cVamos apontar as empresas que zelam pelos acordos, que buscam a harmonia com os clientes, inclusive vamos enviar a lista ao Procon\u201d, amea\u00e7ou.<\/p>\n<p style=\"text-align: justify;\">A Semana de Concilia\u00e7\u00e3o come\u00e7a no dia 17 e se estende at\u00e9 o dia 21 de agosto. O Tribunal de Justi\u00e7a fez um levantamento de todos os processos dessas empresas e est\u00e1 chamando as partes para fazer acordos pac\u00edficos.<\/p>\n<p style=\"text-align: justify;\">E para amansar as empresas, no final do caf\u00e9, os advogados assinaram uma carta de inten\u00e7\u00f5es, prometendo ser mais complacentes. Pode ser esta a chance de muita gente acertar de vez aquela demanda com a empresa que vem causando tantos problemas.<\/p>\n","protected":false},"excerpt":{"rendered":"<p style=\"text-align: justify;\">Encontro teve tom de &#8220;pux\u00e3o de orelha&#8221;<\/p>\n","protected":false},"author":4,"featured_media":17658,"comment_status":"open","ping_status":"open","sticky":false,"template":"","format":"standard","meta":{"jnews-multi-image_gallery":[],"jnews_single_post":[],"jnews_primary_category":[],"jnews_social_meta":[],"jnews_review":[],"enable_review":"","type":"","name":"","summary":"","brand":"","sku":"","good":[],"bad":[],"score_override":"","override_value":"","rating":[],"price":[],"footnotes":""},"categories":[54],"tags":[],"class_list":["post-17659","post","type-post","status-publish","format-standard","has-post-thumbnail","hentry","category-cotidiano"],"yoast_head":"<!-- This site is optimized with the Yoast SEO plugin v26.5 - https:\/\/yoast.com\/wordpress\/plugins\/seo\/ -->\n<title>TJ busca di\u00e1logo com empresas para futuras concilia\u00e7\u00f5es - Agazeta.net<\/title>\n<meta name=\"robots\" content=\"index, follow, max-snippet:-1, max-image-preview:large, max-video-preview:-1\" \/>\n<link rel=\"canonical\" href=\"https:\/\/nk7-testes.com.br\/agazeta\/tj-busca-dialogo-com-empresas-para-futuras-conciliacoes\/\" \/>\n<meta property=\"og:locale\" content=\"pt_BR\" \/>\n<meta property=\"og:type\" content=\"article\" \/>\n<meta property=\"og:title\" content=\"TJ busca di\u00e1logo com empresas para futuras concilia\u00e7\u00f5es - Agazeta.net\" \/>\n<meta property=\"og:description\" content=\"Encontro teve tom de &quot;pux\u00e3o de orelha&quot;\" \/>\n<meta property=\"og:url\" content=\"https:\/\/nk7-testes.com.br\/agazeta\/tj-busca-dialogo-com-empresas-para-futuras-conciliacoes\/\" \/>\n<meta property=\"og:site_name\" content=\"Agazeta.net\" \/>\n<meta property=\"article:published_time\" content=\"2015-08-13T20:24:31+00:00\" \/>\n<meta property=\"og:image\" content=\"https:\/\/nk7-testes.com.br\/agazeta\/wp-content\/uploads\/2015\/08\/130815-cotidiano-tjempresas-tvgazeta.jpg\" \/>\n\t<meta property=\"og:image:width\" content=\"458\" \/>\n\t<meta property=\"og:image:height\" content=\"340\" \/>\n\t<meta property=\"og:image:type\" content=\"image\/jpeg\" \/>\n<meta name=\"author\" content=\"Agazeta.Net\" \/>\n<meta name=\"twitter:card\" content=\"summary_large_image\" \/>\n<meta name=\"twitter:label1\" content=\"Escrito por\" \/>\n\t<meta name=\"twitter:data1\" content=\"Agazeta.Net\" \/>\n\t<meta name=\"twitter:label2\" content=\"Est. tempo de leitura\" \/>\n\t<meta name=\"twitter:data2\" content=\"1 minuto\" \/>\n<script type=\"application\/ld+json\" class=\"yoast-schema-graph\">{\"@context\":\"https:\/\/schema.org\",\"@graph\":[{\"@type\":\"WebPage\",\"@id\":\"https:\/\/nk7-testes.com.br\/agazeta\/tj-busca-dialogo-com-empresas-para-futuras-conciliacoes\/\",\"url\":\"https:\/\/nk7-testes.com.br\/agazeta\/tj-busca-dialogo-com-empresas-para-futuras-conciliacoes\/\",\"name\":\"TJ busca di\u00e1logo com empresas para futuras concilia\u00e7\u00f5es - Agazeta.net\",\"isPartOf\":{\"@id\":\"https:\/\/nk7-testes.com.br\/agazeta\/#website\"},\"primaryImageOfPage\":{\"@id\":\"https:\/\/nk7-testes.com.br\/agazeta\/tj-busca-dialogo-com-empresas-para-futuras-conciliacoes\/#primaryimage\"},\"image\":{\"@id\":\"https:\/\/nk7-testes.com.br\/agazeta\/tj-busca-dialogo-com-empresas-para-futuras-conciliacoes\/#primaryimage\"},\"thumbnailUrl\":\"https:\/\/nk7-testes.com.br\/agazeta\/wp-content\/uploads\/2015\/08\/130815-cotidiano-tjempresas-tvgazeta.jpg\",\"datePublished\":\"2015-08-13T20:24:31+00:00\",\"author\":{\"@id\":\"https:\/\/nk7-testes.com.br\/agazeta\/#\/schema\/person\/6d6e25cb0435eb4a02fd44d30b4e3020\"},\"breadcrumb\":{\"@id\":\"https:\/\/nk7-testes.com.br\/agazeta\/tj-busca-dialogo-com-empresas-para-futuras-conciliacoes\/#breadcrumb\"},\"inLanguage\":\"pt-BR\",\"potentialAction\":[{\"@type\":\"ReadAction\",\"target\":[\"https:\/\/nk7-testes.com.br\/agazeta\/tj-busca-dialogo-com-empresas-para-futuras-conciliacoes\/\"]}]},{\"@type\":\"ImageObject\",\"inLanguage\":\"pt-BR\",\"@id\":\"https:\/\/nk7-testes.com.br\/agazeta\/tj-busca-dialogo-com-empresas-para-futuras-conciliacoes\/#primaryimage\",\"url\":\"https:\/\/nk7-testes.com.br\/agazeta\/wp-content\/uploads\/2015\/08\/130815-cotidiano-tjempresas-tvgazeta.jpg\",\"contentUrl\":\"https:\/\/nk7-testes.com.br\/agazeta\/wp-content\/uploads\/2015\/08\/130815-cotidiano-tjempresas-tvgazeta.jpg\",\"width\":458,\"height\":340,\"caption\":\"130815-cotidiano-tjempresas-tvgazeta\"},{\"@type\":\"BreadcrumbList\",\"@id\":\"https:\/\/nk7-testes.com.br\/agazeta\/tj-busca-dialogo-com-empresas-para-futuras-conciliacoes\/#breadcrumb\",\"itemListElement\":[{\"@type\":\"ListItem\",\"position\":1,\"name\":\"In\u00edcio\",\"item\":\"https:\/\/nk7-testes.com.br\/agazeta\/\"},{\"@type\":\"ListItem\",\"position\":2,\"name\":\"TJ busca di\u00e1logo com empresas para futuras concilia\u00e7\u00f5es\"}]},{\"@type\":\"WebSite\",\"@id\":\"https:\/\/nk7-testes.com.br\/agazeta\/#website\",\"url\":\"https:\/\/nk7-testes.com.br\/agazeta\/\",\"name\":\"Agazeta.net\",\"description\":\"Agazeta.net - Not\u00edcias de Rio Branco\/AC\",\"potentialAction\":[{\"@type\":\"SearchAction\",\"target\":{\"@type\":\"EntryPoint\",\"urlTemplate\":\"https:\/\/nk7-testes.com.br\/agazeta\/?s={search_term_string}\"},\"query-input\":{\"@type\":\"PropertyValueSpecification\",\"valueRequired\":true,\"valueName\":\"search_term_string\"}}],\"inLanguage\":\"pt-BR\"},{\"@type\":\"Person\",\"@id\":\"https:\/\/nk7-testes.com.br\/agazeta\/#\/schema\/person\/6d6e25cb0435eb4a02fd44d30b4e3020\",\"name\":\"Agazeta.Net\",\"url\":\"https:\/\/nk7-testes.com.br\/agazeta\/author\/agazeta\/\"}]}<\/script>\n<!-- \/ Yoast SEO plugin. -->","yoast_head_json":{"title":"TJ busca di\u00e1logo com empresas para futuras concilia\u00e7\u00f5es - Agazeta.net","robots":{"index":"index","follow":"follow","max-snippet":"max-snippet:-1","max-image-preview":"max-image-preview:large","max-video-preview":"max-video-preview:-1"},"canonical":"https:\/\/nk7-testes.com.br\/agazeta\/tj-busca-dialogo-com-empresas-para-futuras-conciliacoes\/","og_locale":"pt_BR","og_type":"article","og_title":"TJ busca di\u00e1logo com empresas para futuras concilia\u00e7\u00f5es - Agazeta.net","og_description":"Encontro teve tom de \"pux\u00e3o de orelha\"","og_url":"https:\/\/nk7-testes.com.br\/agazeta\/tj-busca-dialogo-com-empresas-para-futuras-conciliacoes\/","og_site_name":"Agazeta.net","article_published_time":"2015-08-13T20:24:31+00:00","og_image":[{"width":458,"height":340,"url":"https:\/\/nk7-testes.com.br\/agazeta\/wp-content\/uploads\/2015\/08\/130815-cotidiano-tjempresas-tvgazeta.jpg","type":"image\/jpeg"}],"author":"Agazeta.Net","twitter_card":"summary_large_image","twitter_misc":{"Escrito por":"Agazeta.Net","Est. tempo de leitura":"1 minuto"},"schema":{"@context":"https:\/\/schema.org","@graph":[{"@type":"WebPage","@id":"https:\/\/nk7-testes.com.br\/agazeta\/tj-busca-dialogo-com-empresas-para-futuras-conciliacoes\/","url":"https:\/\/nk7-testes.com.br\/agazeta\/tj-busca-dialogo-com-empresas-para-futuras-conciliacoes\/","name":"TJ busca di\u00e1logo com empresas para futuras concilia\u00e7\u00f5es - Agazeta.net","isPartOf":{"@id":"https:\/\/nk7-testes.com.br\/agazeta\/#website"},"primaryImageOfPage":{"@id":"https:\/\/nk7-testes.com.br\/agazeta\/tj-busca-dialogo-com-empresas-para-futuras-conciliacoes\/#primaryimage"},"image":{"@id":"https:\/\/nk7-testes.com.br\/agazeta\/tj-busca-dialogo-com-empresas-para-futuras-conciliacoes\/#primaryimage"},"thumbnailUrl":"https:\/\/nk7-testes.com.br\/agazeta\/wp-content\/uploads\/2015\/08\/130815-cotidiano-tjempresas-tvgazeta.jpg","datePublished":"2015-08-13T20:24:31+00:00","author":{"@id":"https:\/\/nk7-testes.com.br\/agazeta\/#\/schema\/person\/6d6e25cb0435eb4a02fd44d30b4e3020"},"breadcrumb":{"@id":"https:\/\/nk7-testes.com.br\/agazeta\/tj-busca-dialogo-com-empresas-para-futuras-conciliacoes\/#breadcrumb"},"inLanguage":"pt-BR","potentialAction":[{"@type":"ReadAction","target":["https:\/\/nk7-testes.com.br\/agazeta\/tj-busca-dialogo-com-empresas-para-futuras-conciliacoes\/"]}]},{"@type":"ImageObject","inLanguage":"pt-BR","@id":"https:\/\/nk7-testes.com.br\/agazeta\/tj-busca-dialogo-com-empresas-para-futuras-conciliacoes\/#primaryimage","url":"https:\/\/nk7-testes.com.br\/agazeta\/wp-content\/uploads\/2015\/08\/130815-cotidiano-tjempresas-tvgazeta.jpg","contentUrl":"https:\/\/nk7-testes.com.br\/agazeta\/wp-content\/uploads\/2015\/08\/130815-cotidiano-tjempresas-tvgazeta.jpg","width":458,"height":340,"caption":"130815-cotidiano-tjempresas-tvgazeta"},{"@type":"BreadcrumbList","@id":"https:\/\/nk7-testes.com.br\/agazeta\/tj-busca-dialogo-com-empresas-para-futuras-conciliacoes\/#breadcrumb","itemListElement":[{"@type":"ListItem","position":1,"name":"In\u00edcio","item":"https:\/\/nk7-testes.com.br\/agazeta\/"},{"@type":"ListItem","position":2,"name":"TJ busca di\u00e1logo com empresas para futuras concilia\u00e7\u00f5es"}]},{"@type":"WebSite","@id":"https:\/\/nk7-testes.com.br\/agazeta\/#website","url":"https:\/\/nk7-testes.com.br\/agazeta\/","name":"Agazeta.net","description":"Agazeta.net - Not\u00edcias de Rio Branco\/AC","potentialAction":[{"@type":"SearchAction","target":{"@type":"EntryPoint","urlTemplate":"https:\/\/nk7-testes.com.br\/agazeta\/?s={search_term_string}"},"query-input":{"@type":"PropertyValueSpecification","valueRequired":true,"valueName":"search_term_string"}}],"inLanguage":"pt-BR"},{"@type":"Person","@id":"https:\/\/nk7-testes.com.br\/agazeta\/#\/schema\/person\/6d6e25cb0435eb4a02fd44d30b4e3020","name":"Agazeta.Net","url":"https:\/\/nk7-testes.com.br\/agazeta\/author\/agazeta\/"}]}},"_links":{"self":[{"href":"https:\/\/nk7-testes.com.br\/agazeta\/wp-json\/wp\/v2\/posts\/17659","targetHints":{"allow":["GET"]}}],"collection":[{"href":"https:\/\/nk7-testes.com.br\/agazeta\/wp-json\/wp\/v2\/posts"}],"about":[{"href":"https:\/\/nk7-testes.com.br\/agazeta\/wp-json\/wp\/v2\/types\/post"}],"author":[{"embeddable":true,"href":"https:\/\/nk7-testes.com.br\/agazeta\/wp-json\/wp\/v2\/users\/4"}],"replies":[{"embeddable":true,"href":"https:\/\/nk7-testes.com.br\/agazeta\/wp-json\/wp\/v2\/comments?post=17659"}],"version-history":[{"count":0,"href":"https:\/\/nk7-testes.com.br\/agazeta\/wp-json\/wp\/v2\/posts\/17659\/revisions"}],"wp:featuredmedia":[{"embeddable":true,"href":"https:\/\/nk7-testes.com.br\/agazeta\/wp-json\/wp\/v2\/media\/17658"}],"wp:attachment":[{"href":"https:\/\/nk7-testes.com.br\/agazeta\/wp-json\/wp\/v2\/media?parent=17659"}],"wp:term":[{"taxonomy":"category","embeddable":true,"href":"https:\/\/nk7-testes.com.br\/agazeta\/wp-json\/wp\/v2\/categories?post=17659"},{"taxonomy":"post_tag","embeddable":true,"href":"https:\/\/nk7-testes.com.br\/agazeta\/wp-json\/wp\/v2\/tags?post=17659"}],"curies":[{"name":"wp","href":"https:\/\/api.w.org\/{rel}","templated":true}]}}