{"id":14302,"date":"2015-03-26T20:18:35","date_gmt":"2015-03-26T20:18:35","guid":{"rendered":"https:\/\/abarevegan.com.br\/index.php\/2015\/03\/26\/reeducando-com-monitoracao-eletronica-perde-beneficio\/"},"modified":"2015-03-26T20:18:35","modified_gmt":"2015-03-26T20:18:35","slug":"reeducando-com-monitoracao-eletronica-perde-beneficio","status":"publish","type":"post","link":"https:\/\/nk7-testes.com.br\/agazeta\/reeducando-com-monitoracao-eletronica-perde-beneficio\/","title":{"rendered":"Reeducando com monitora\u00e7\u00e3o eletr\u00f4nica perde benef\u00edcio"},"content":{"rendered":"<p style=\"text-align: justify;\">Homem vai do regime semiaberto para o fechado<\/p>\n<p style=\"text-align: justify;\">\u201cCometida a falta grave pelo reeducando, a regress\u00e3o ao regime fechado \u00e9 medida que se imp\u00f5e\u201d. A decis\u00e3o, publicada no Di\u00e1rio da Justi\u00e7a Eletr\u00f4nico n\u00ba 5.363, \u00e9 da ju\u00edza de Direito Andrea Brito, do Ju\u00edzo Criminal da Comarca de Sena Madureira, em incidente instaurado em execu\u00e7\u00e3o para apurar falta disciplinar, praticada pelo sentenciado F. P. da S.<\/p>\n<p style=\"text-align: justify;\">De acordo com a decis\u00e3o, F.P. da S, vinha descumprindo as condi\u00e7\u00f5es impostas para o cumprimento da pena em regime semiaberto com monitora\u00e7\u00e3o eletr\u00f4nico mediante o uso de tornozeleira, com sa\u00eddas n\u00e3o autorizadas.<\/p>\n<p style=\"text-align: justify;\">Em audi\u00eancia, o reeducando informou que suas sa\u00eddas, n\u00e3o autorizadas, aconteceram em raz\u00e3o de necessidades pessoais, quais sejam, fazer compras, visto que \u201cmora sozinho\u201d. Na ocasi\u00e3o, o Minist\u00e9rio P\u00fablico apresentou a promo\u00e7\u00e3o pela regress\u00e3o do regime, bem como a perda de eventuais dias remidos na propor\u00e7\u00e3o legal. A defesa pugnou pela manuten\u00e7\u00e3o do regime semiaberto com monitora\u00e7\u00e3o eletr\u00f4nica.<\/p>\n<p style=\"text-align: justify;\">Ao decidir, a magistrada entendeu que o sentenciado descumpriu as condi\u00e7\u00f5es para frui\u00e7\u00e3o do regime semiaberto, n\u00e3o apresentando justificativa capaz de eximi-lo das consequ\u00eancias de tal ato. \u201cAdemais, resta, outrossim, devidamente caracterizada a pr\u00e1tica da falta disciplinar. Em face do exposto, determino a regress\u00e3o do regime semiaberto para o fechado, a ser cumprido na Unidade Penitenci\u00e1ria Evaristo de Moraes\u201d.<\/p>\n<p style=\"text-align: justify;\">Ainda da decis\u00e3o, a ju\u00edza determinou a revoga\u00e7\u00e3o de um ter\u00e7o dos dias que tenham sido eventualmente remidos at\u00e9 a data da infra\u00e7\u00e3o disciplinar e a contagem de novo prazo, a partir da data da \u00faltima falta, para fins de progress\u00e3o.<\/p>\n","protected":false},"excerpt":{"rendered":"<p style=\"text-align: justify;\">Homem vai do regime semiaberto para o fechado<\/p>\n","protected":false},"author":4,"featured_media":14301,"comment_status":"open","ping_status":"open","sticky":false,"template":"","format":"standard","meta":{"jnews-multi-image_gallery":[],"jnews_single_post":[],"jnews_primary_category":[],"jnews_social_meta":[],"jnews_review":[],"enable_review":"","type":"","name":"","summary":"","brand":"","sku":"","good":[],"bad":[],"score_override":"","override_value":"","rating":[],"price":[],"footnotes":""},"categories":[54],"tags":[],"class_list":["post-14302","post","type-post","status-publish","format-standard","has-post-thumbnail","hentry","category-cotidiano"],"yoast_head":"<!-- This site is optimized with the Yoast SEO plugin v26.5 - https:\/\/yoast.com\/wordpress\/plugins\/seo\/ -->\n<title>Reeducando com monitora\u00e7\u00e3o eletr\u00f4nica perde benef\u00edcio - Agazeta.net<\/title>\n<meta name=\"robots\" content=\"index, follow, max-snippet:-1, max-image-preview:large, max-video-preview:-1\" \/>\n<link rel=\"canonical\" href=\"https:\/\/nk7-testes.com.br\/agazeta\/reeducando-com-monitoracao-eletronica-perde-beneficio\/\" \/>\n<meta property=\"og:locale\" content=\"pt_BR\" \/>\n<meta property=\"og:type\" content=\"article\" \/>\n<meta property=\"og:title\" content=\"Reeducando com monitora\u00e7\u00e3o eletr\u00f4nica perde benef\u00edcio - Agazeta.net\" \/>\n<meta property=\"og:description\" content=\"Homem vai do regime semiaberto para o fechado\" \/>\n<meta property=\"og:url\" content=\"https:\/\/nk7-testes.com.br\/agazeta\/reeducando-com-monitoracao-eletronica-perde-beneficio\/\" \/>\n<meta property=\"og:site_name\" content=\"Agazeta.net\" \/>\n<meta property=\"article:published_time\" content=\"2015-03-26T20:18:35+00:00\" \/>\n<meta property=\"og:image\" content=\"https:\/\/nk7-testes.com.br\/agazeta\/wp-content\/uploads\/2015\/03\/260315-cotidiano-tornozeleira-agenciatj.jpg\" \/>\n\t<meta property=\"og:image:width\" content=\"458\" \/>\n\t<meta property=\"og:image:height\" content=\"340\" \/>\n\t<meta property=\"og:image:type\" content=\"image\/jpeg\" \/>\n<meta name=\"author\" content=\"Agazeta.Net\" \/>\n<meta name=\"twitter:card\" content=\"summary_large_image\" \/>\n<meta name=\"twitter:label1\" content=\"Escrito por\" \/>\n\t<meta name=\"twitter:data1\" content=\"Agazeta.Net\" \/>\n\t<meta name=\"twitter:label2\" content=\"Est. tempo de leitura\" \/>\n\t<meta name=\"twitter:data2\" content=\"1 minuto\" \/>\n<script type=\"application\/ld+json\" class=\"yoast-schema-graph\">{\"@context\":\"https:\/\/schema.org\",\"@graph\":[{\"@type\":\"WebPage\",\"@id\":\"https:\/\/nk7-testes.com.br\/agazeta\/reeducando-com-monitoracao-eletronica-perde-beneficio\/\",\"url\":\"https:\/\/nk7-testes.com.br\/agazeta\/reeducando-com-monitoracao-eletronica-perde-beneficio\/\",\"name\":\"Reeducando com monitora\u00e7\u00e3o eletr\u00f4nica perde benef\u00edcio - Agazeta.net\",\"isPartOf\":{\"@id\":\"https:\/\/nk7-testes.com.br\/agazeta\/#website\"},\"primaryImageOfPage\":{\"@id\":\"https:\/\/nk7-testes.com.br\/agazeta\/reeducando-com-monitoracao-eletronica-perde-beneficio\/#primaryimage\"},\"image\":{\"@id\":\"https:\/\/nk7-testes.com.br\/agazeta\/reeducando-com-monitoracao-eletronica-perde-beneficio\/#primaryimage\"},\"thumbnailUrl\":\"https:\/\/nk7-testes.com.br\/agazeta\/wp-content\/uploads\/2015\/03\/260315-cotidiano-tornozeleira-agenciatj.jpg\",\"datePublished\":\"2015-03-26T20:18:35+00:00\",\"author\":{\"@id\":\"https:\/\/nk7-testes.com.br\/agazeta\/#\/schema\/person\/6d6e25cb0435eb4a02fd44d30b4e3020\"},\"breadcrumb\":{\"@id\":\"https:\/\/nk7-testes.com.br\/agazeta\/reeducando-com-monitoracao-eletronica-perde-beneficio\/#breadcrumb\"},\"inLanguage\":\"pt-BR\",\"potentialAction\":[{\"@type\":\"ReadAction\",\"target\":[\"https:\/\/nk7-testes.com.br\/agazeta\/reeducando-com-monitoracao-eletronica-perde-beneficio\/\"]}]},{\"@type\":\"ImageObject\",\"inLanguage\":\"pt-BR\",\"@id\":\"https:\/\/nk7-testes.com.br\/agazeta\/reeducando-com-monitoracao-eletronica-perde-beneficio\/#primaryimage\",\"url\":\"https:\/\/nk7-testes.com.br\/agazeta\/wp-content\/uploads\/2015\/03\/260315-cotidiano-tornozeleira-agenciatj.jpg\",\"contentUrl\":\"https:\/\/nk7-testes.com.br\/agazeta\/wp-content\/uploads\/2015\/03\/260315-cotidiano-tornozeleira-agenciatj.jpg\",\"width\":458,\"height\":340,\"caption\":\"260315-cotidiano-tornozeleira-agenciatj\"},{\"@type\":\"BreadcrumbList\",\"@id\":\"https:\/\/nk7-testes.com.br\/agazeta\/reeducando-com-monitoracao-eletronica-perde-beneficio\/#breadcrumb\",\"itemListElement\":[{\"@type\":\"ListItem\",\"position\":1,\"name\":\"In\u00edcio\",\"item\":\"https:\/\/nk7-testes.com.br\/agazeta\/\"},{\"@type\":\"ListItem\",\"position\":2,\"name\":\"Reeducando com monitora\u00e7\u00e3o eletr\u00f4nica perde benef\u00edcio\"}]},{\"@type\":\"WebSite\",\"@id\":\"https:\/\/nk7-testes.com.br\/agazeta\/#website\",\"url\":\"https:\/\/nk7-testes.com.br\/agazeta\/\",\"name\":\"Agazeta.net\",\"description\":\"Agazeta.net - Not\u00edcias de Rio Branco\/AC\",\"potentialAction\":[{\"@type\":\"SearchAction\",\"target\":{\"@type\":\"EntryPoint\",\"urlTemplate\":\"https:\/\/nk7-testes.com.br\/agazeta\/?s={search_term_string}\"},\"query-input\":{\"@type\":\"PropertyValueSpecification\",\"valueRequired\":true,\"valueName\":\"search_term_string\"}}],\"inLanguage\":\"pt-BR\"},{\"@type\":\"Person\",\"@id\":\"https:\/\/nk7-testes.com.br\/agazeta\/#\/schema\/person\/6d6e25cb0435eb4a02fd44d30b4e3020\",\"name\":\"Agazeta.Net\",\"url\":\"https:\/\/nk7-testes.com.br\/agazeta\/author\/agazeta\/\"}]}<\/script>\n<!-- \/ Yoast SEO plugin. -->","yoast_head_json":{"title":"Reeducando com monitora\u00e7\u00e3o eletr\u00f4nica perde benef\u00edcio - Agazeta.net","robots":{"index":"index","follow":"follow","max-snippet":"max-snippet:-1","max-image-preview":"max-image-preview:large","max-video-preview":"max-video-preview:-1"},"canonical":"https:\/\/nk7-testes.com.br\/agazeta\/reeducando-com-monitoracao-eletronica-perde-beneficio\/","og_locale":"pt_BR","og_type":"article","og_title":"Reeducando com monitora\u00e7\u00e3o eletr\u00f4nica perde benef\u00edcio - Agazeta.net","og_description":"Homem vai do regime semiaberto para o fechado","og_url":"https:\/\/nk7-testes.com.br\/agazeta\/reeducando-com-monitoracao-eletronica-perde-beneficio\/","og_site_name":"Agazeta.net","article_published_time":"2015-03-26T20:18:35+00:00","og_image":[{"width":458,"height":340,"url":"https:\/\/nk7-testes.com.br\/agazeta\/wp-content\/uploads\/2015\/03\/260315-cotidiano-tornozeleira-agenciatj.jpg","type":"image\/jpeg"}],"author":"Agazeta.Net","twitter_card":"summary_large_image","twitter_misc":{"Escrito por":"Agazeta.Net","Est. tempo de leitura":"1 minuto"},"schema":{"@context":"https:\/\/schema.org","@graph":[{"@type":"WebPage","@id":"https:\/\/nk7-testes.com.br\/agazeta\/reeducando-com-monitoracao-eletronica-perde-beneficio\/","url":"https:\/\/nk7-testes.com.br\/agazeta\/reeducando-com-monitoracao-eletronica-perde-beneficio\/","name":"Reeducando com monitora\u00e7\u00e3o eletr\u00f4nica perde benef\u00edcio - Agazeta.net","isPartOf":{"@id":"https:\/\/nk7-testes.com.br\/agazeta\/#website"},"primaryImageOfPage":{"@id":"https:\/\/nk7-testes.com.br\/agazeta\/reeducando-com-monitoracao-eletronica-perde-beneficio\/#primaryimage"},"image":{"@id":"https:\/\/nk7-testes.com.br\/agazeta\/reeducando-com-monitoracao-eletronica-perde-beneficio\/#primaryimage"},"thumbnailUrl":"https:\/\/nk7-testes.com.br\/agazeta\/wp-content\/uploads\/2015\/03\/260315-cotidiano-tornozeleira-agenciatj.jpg","datePublished":"2015-03-26T20:18:35+00:00","author":{"@id":"https:\/\/nk7-testes.com.br\/agazeta\/#\/schema\/person\/6d6e25cb0435eb4a02fd44d30b4e3020"},"breadcrumb":{"@id":"https:\/\/nk7-testes.com.br\/agazeta\/reeducando-com-monitoracao-eletronica-perde-beneficio\/#breadcrumb"},"inLanguage":"pt-BR","potentialAction":[{"@type":"ReadAction","target":["https:\/\/nk7-testes.com.br\/agazeta\/reeducando-com-monitoracao-eletronica-perde-beneficio\/"]}]},{"@type":"ImageObject","inLanguage":"pt-BR","@id":"https:\/\/nk7-testes.com.br\/agazeta\/reeducando-com-monitoracao-eletronica-perde-beneficio\/#primaryimage","url":"https:\/\/nk7-testes.com.br\/agazeta\/wp-content\/uploads\/2015\/03\/260315-cotidiano-tornozeleira-agenciatj.jpg","contentUrl":"https:\/\/nk7-testes.com.br\/agazeta\/wp-content\/uploads\/2015\/03\/260315-cotidiano-tornozeleira-agenciatj.jpg","width":458,"height":340,"caption":"260315-cotidiano-tornozeleira-agenciatj"},{"@type":"BreadcrumbList","@id":"https:\/\/nk7-testes.com.br\/agazeta\/reeducando-com-monitoracao-eletronica-perde-beneficio\/#breadcrumb","itemListElement":[{"@type":"ListItem","position":1,"name":"In\u00edcio","item":"https:\/\/nk7-testes.com.br\/agazeta\/"},{"@type":"ListItem","position":2,"name":"Reeducando com monitora\u00e7\u00e3o eletr\u00f4nica perde benef\u00edcio"}]},{"@type":"WebSite","@id":"https:\/\/nk7-testes.com.br\/agazeta\/#website","url":"https:\/\/nk7-testes.com.br\/agazeta\/","name":"Agazeta.net","description":"Agazeta.net - Not\u00edcias de Rio Branco\/AC","potentialAction":[{"@type":"SearchAction","target":{"@type":"EntryPoint","urlTemplate":"https:\/\/nk7-testes.com.br\/agazeta\/?s={search_term_string}"},"query-input":{"@type":"PropertyValueSpecification","valueRequired":true,"valueName":"search_term_string"}}],"inLanguage":"pt-BR"},{"@type":"Person","@id":"https:\/\/nk7-testes.com.br\/agazeta\/#\/schema\/person\/6d6e25cb0435eb4a02fd44d30b4e3020","name":"Agazeta.Net","url":"https:\/\/nk7-testes.com.br\/agazeta\/author\/agazeta\/"}]}},"_links":{"self":[{"href":"https:\/\/nk7-testes.com.br\/agazeta\/wp-json\/wp\/v2\/posts\/14302","targetHints":{"allow":["GET"]}}],"collection":[{"href":"https:\/\/nk7-testes.com.br\/agazeta\/wp-json\/wp\/v2\/posts"}],"about":[{"href":"https:\/\/nk7-testes.com.br\/agazeta\/wp-json\/wp\/v2\/types\/post"}],"author":[{"embeddable":true,"href":"https:\/\/nk7-testes.com.br\/agazeta\/wp-json\/wp\/v2\/users\/4"}],"replies":[{"embeddable":true,"href":"https:\/\/nk7-testes.com.br\/agazeta\/wp-json\/wp\/v2\/comments?post=14302"}],"version-history":[{"count":0,"href":"https:\/\/nk7-testes.com.br\/agazeta\/wp-json\/wp\/v2\/posts\/14302\/revisions"}],"wp:featuredmedia":[{"embeddable":true,"href":"https:\/\/nk7-testes.com.br\/agazeta\/wp-json\/wp\/v2\/media\/14301"}],"wp:attachment":[{"href":"https:\/\/nk7-testes.com.br\/agazeta\/wp-json\/wp\/v2\/media?parent=14302"}],"wp:term":[{"taxonomy":"category","embeddable":true,"href":"https:\/\/nk7-testes.com.br\/agazeta\/wp-json\/wp\/v2\/categories?post=14302"},{"taxonomy":"post_tag","embeddable":true,"href":"https:\/\/nk7-testes.com.br\/agazeta\/wp-json\/wp\/v2\/tags?post=14302"}],"curies":[{"name":"wp","href":"https:\/\/api.w.org\/{rel}","templated":true}]}}