{"id":136036,"date":"2024-07-17T15:28:23","date_gmt":"2024-07-17T20:28:23","guid":{"rendered":"https:\/\/nk7-testes.com.br\/agazeta\/?p=136036"},"modified":"2024-07-17T15:28:23","modified_gmt":"2024-07-17T20:28:23","slug":"reducao-de-valor-das-passagens-aereas-e-voos-diurnos-no-acre-voltam-a-partir-de-outubro","status":"publish","type":"post","link":"https:\/\/nk7-testes.com.br\/agazeta\/reducao-de-valor-das-passagens-aereas-e-voos-diurnos-no-acre-voltam-a-partir-de-outubro\/","title":{"rendered":"Redu\u00e7\u00e3o de valor das passagens a\u00e9reas e voos diurnos no Acre voltam a partir de outubro"},"content":{"rendered":"<p style=\"text-align: justify;\"><span style=\"font-weight: 400;\">Ap\u00f3s anos enfrentando dificuldades com a oferta limitada de voos e hor\u00e1rios inadequados, os acreanos ter\u00e3o o retorno da companhia a\u00e9rea Azul e tamb\u00e9m a reativa\u00e7\u00e3o de voos diurnos pela Gol. Essa confirma\u00e7\u00e3o foi dada pelo senador Alan Rick (Uni\u00e3o Brasil) no programa Gazeta Entrevista desta quarta-feira (17), oferecendo n\u00e3o apenas mais op\u00e7\u00f5es de voos, mas tamb\u00e9m a promessa de passagens a\u00e9reas mais acess\u00edveis e uma infraestrutura aeroportu\u00e1ria mais robusta e segura.<\/span><\/p>\n<p style=\"text-align: justify;\"><span style=\"font-weight: 400;\">O vice-presidente da Azul, F\u00e1bio Campos, foi um dos nomes-chave neste processo. Segundo o senador, ele conseguiu avan\u00e7ar em negocia\u00e7\u00f5es que resultaram na volta das opera\u00e7\u00f5es da Azul a partir de outubro.<\/span><\/p>\n<p style=\"text-align: justify;\"><span style=\"font-weight: 400;\">O senador tamb\u00e9m destacou que existem dois projetos em tramita\u00e7\u00e3o que contam com o apoio do Minist\u00e9rio do Turismo e do Minist\u00e9rio de Portos e Aeroportos, visando, principalmente, a redu\u00e7\u00e3o do pre\u00e7o das passagens a\u00e9reas. &#8220;Se subsidiarmos o valor do querosene de avia\u00e7\u00e3o, poderemos reduzir significativamente os custos para os passageiros&#8221;, afirmou.\u00a0<\/span><\/p>\n<p style=\"text-align: justify;\"><span style=\"font-weight: 400;\">A Gol tamb\u00e9m atendeu aos pedidos da bancada do Acre e da comunidade, retomando os voos diurnos Rio Branco\/Bras\u00edlia e Rio Branco\/Cruzeiro do Sul. A partir de outubro, os voos diurnos estar\u00e3o dispon\u00edveis nas segundas, quartas, sextas e domingos.<\/span><\/p>\n<p style=\"text-align: justify;\"><span style=\"font-weight: 400;\">Outra conquista \u00e9 a solicita\u00e7\u00e3o ao governo federal e ao Minist\u00e9rio de Portos e Aeroportos para a instala\u00e7\u00e3o do ILS (Instrument Landing System) em Cruzeiro do Sul, equipamento que permitir\u00e1 pousos por instrumentos em condi\u00e7\u00f5es adversas de visibilidade. Este sistema aumentar\u00e1 a seguran\u00e7a e a confiabilidade das opera\u00e7\u00f5es a\u00e9reas na regi\u00e3o.<\/span><\/p>\n<p style=\"text-align: justify;\"><span style=\"font-weight: 400;\">Al\u00e9m disso, est\u00e1 em andamento a internacionaliza\u00e7\u00e3o do aeroporto de Rio Branco. A expectativa \u00e9 que at\u00e9 outubro o aeroporto esteja alfandegado, permitindo opera\u00e7\u00f5es internacionais.<\/span><\/p>\n","protected":false},"excerpt":{"rendered":"<p>Ap\u00f3s anos enfrentando dificuldades com a oferta limitada de voos e hor\u00e1rios inadequados, os acreanos ter\u00e3o o retorno da companhia a\u00e9rea Azul e tamb\u00e9m a reativa\u00e7\u00e3o de voos diurnos pela Gol. Essa confirma\u00e7\u00e3o foi dada pelo senador Alan Rick (Uni\u00e3o Brasil) no programa Gazeta Entrevista desta quarta-feira (17), oferecendo n\u00e3o apenas mais op\u00e7\u00f5es de voos, [&hellip;]<\/p>\n","protected":false},"author":4,"featured_media":136037,"comment_status":"open","ping_status":"open","sticky":false,"template":"","format":"standard","meta":{"jnews-multi-image_gallery":[],"jnews_single_post":{"source_name":"","source_url":"","via_name":"","via_url":"","override_template":"0","override":[{"template":"custom","single_blog_custom":"110746","parallax":"1","fullscreen":"1","layout":"right-sidebar","sidebar":"default-sidebar","second_sidebar":"default-sidebar","sticky_sidebar":"1","share_position":"top","share_float_style":"share-monocrhome","show_share_counter":"1","show_view_counter":"1","show_featured":"1","show_post_meta":"1","show_post_author":"1","show_post_author_image":"1","show_post_date":"1","post_date_format":"default","post_date_format_custom":"Y\/m\/d","show_post_category":"1","show_post_reading_time":"0","post_reading_time_wpm":"300","show_zoom_button":"0","zoom_button_out_step":"2","zoom_button_in_step":"3","show_post_tag":"1","show_prev_next_post":"1","show_popup_post":"1","number_popup_post":"1","show_author_box":"0","show_post_related":"1","show_inline_post_related":"0"}],"override_image_size":"0","image_override":[{"single_post_thumbnail_size":"crop-500","single_post_gallery_size":"crop-500"}],"trending_post":"0","trending_post_position":"meta","trending_post_label":"Trending","sponsored_post":"0","sponsored_post_label":"Sponsored by","sponsored_post_name":"","sponsored_post_url":"","sponsored_post_logo_enable":"0","sponsored_post_logo":"","sponsored_post_desc":"","disable_ad":"0"},"jnews_primary_category":{"id":"","hide":""},"jnews_social_meta":{"fb_title":"","fb_description":"","fb_image":"","twitter_title":"","twitter_description":"","twitter_image":""},"jnews_review":[],"enable_review":"0","type":"percentage","name":"","summary":"","brand":"","sku":"","good":[{"good_text":""}],"bad":[{"bad_text":""}],"score_override":"0","override_value":"","rating":[{"rating_text":"","rating_number":"10"}],"price":[{"shop":"","price":"","link":"","icon":""}],"footnotes":""},"categories":[54],"tags":[],"class_list":["post-136036","post","type-post","status-publish","format-standard","has-post-thumbnail","hentry","category-cotidiano"],"yoast_head":"<!-- This site is optimized with the Yoast SEO plugin v26.5 - https:\/\/yoast.com\/wordpress\/plugins\/seo\/ -->\n<title>Redu\u00e7\u00e3o de valor das passagens a\u00e9reas e voos diurnos no Acre voltam a partir de outubro - Agazeta.net<\/title>\n<meta name=\"robots\" content=\"index, follow, max-snippet:-1, max-image-preview:large, max-video-preview:-1\" \/>\n<link rel=\"canonical\" href=\"https:\/\/nk7-testes.com.br\/agazeta\/reducao-de-valor-das-passagens-aereas-e-voos-diurnos-no-acre-voltam-a-partir-de-outubro\/\" \/>\n<meta property=\"og:locale\" content=\"pt_BR\" \/>\n<meta property=\"og:type\" content=\"article\" \/>\n<meta property=\"og:title\" content=\"Redu\u00e7\u00e3o de valor das passagens a\u00e9reas e voos diurnos no Acre voltam a partir de outubro\" \/>\n<meta property=\"og:description\" content=\"O senador Alan Rick pontuou essas e outras melhorias no sistema de avia\u00e7\u00e3o civil do Acre; confira\" \/>\n<meta property=\"og:url\" content=\"https:\/\/nk7-testes.com.br\/agazeta\/reducao-de-valor-das-passagens-aereas-e-voos-diurnos-no-acre-voltam-a-partir-de-outubro\/\" \/>\n<meta property=\"og:site_name\" content=\"Agazeta.net\" \/>\n<meta property=\"article:published_time\" content=\"2024-07-17T20:28:23+00:00\" \/>\n<meta name=\"author\" content=\"Agazeta.Net\" \/>\n<meta name=\"twitter:card\" content=\"summary_large_image\" \/>\n<meta name=\"twitter:title\" content=\"Redu\u00e7\u00e3o de valor das passagens a\u00e9reas e voos diurnos no Acre voltam a partir de outubro\" \/>\n<meta name=\"twitter:description\" content=\"O senador Alan Rick pontuou essas e outras melhorias no sistema de avia\u00e7\u00e3o civil do Acre; confira\" \/>\n<meta name=\"twitter:label1\" content=\"Escrito por\" \/>\n\t<meta name=\"twitter:data1\" content=\"Agazeta.Net\" \/>\n\t<meta name=\"twitter:label2\" content=\"Est. tempo de leitura\" \/>\n\t<meta name=\"twitter:data2\" content=\"2 minutos\" \/>\n<script type=\"application\/ld+json\" class=\"yoast-schema-graph\">{\"@context\":\"https:\/\/schema.org\",\"@graph\":[{\"@type\":\"WebPage\",\"@id\":\"https:\/\/nk7-testes.com.br\/agazeta\/reducao-de-valor-das-passagens-aereas-e-voos-diurnos-no-acre-voltam-a-partir-de-outubro\/\",\"url\":\"https:\/\/nk7-testes.com.br\/agazeta\/reducao-de-valor-das-passagens-aereas-e-voos-diurnos-no-acre-voltam-a-partir-de-outubro\/\",\"name\":\"Redu\u00e7\u00e3o de valor das passagens a\u00e9reas e voos diurnos no Acre voltam a partir de outubro - Agazeta.net\",\"isPartOf\":{\"@id\":\"https:\/\/nk7-testes.com.br\/agazeta\/#website\"},\"primaryImageOfPage\":{\"@id\":\"https:\/\/nk7-testes.com.br\/agazeta\/reducao-de-valor-das-passagens-aereas-e-voos-diurnos-no-acre-voltam-a-partir-de-outubro\/#primaryimage\"},\"image\":{\"@id\":\"https:\/\/nk7-testes.com.br\/agazeta\/reducao-de-valor-das-passagens-aereas-e-voos-diurnos-no-acre-voltam-a-partir-de-outubro\/#primaryimage\"},\"thumbnailUrl\":\"https:\/\/nk7-testes.com.br\/agazeta\/wp-content\/uploads\/2024\/07\/WhatsApp-Image-2024-07-17-at-3.27.08-PM-jpeg.avif\",\"datePublished\":\"2024-07-17T20:28:23+00:00\",\"author\":{\"@id\":\"https:\/\/nk7-testes.com.br\/agazeta\/#\/schema\/person\/6d6e25cb0435eb4a02fd44d30b4e3020\"},\"breadcrumb\":{\"@id\":\"https:\/\/nk7-testes.com.br\/agazeta\/reducao-de-valor-das-passagens-aereas-e-voos-diurnos-no-acre-voltam-a-partir-de-outubro\/#breadcrumb\"},\"inLanguage\":\"pt-BR\",\"potentialAction\":[{\"@type\":\"ReadAction\",\"target\":[\"https:\/\/nk7-testes.com.br\/agazeta\/reducao-de-valor-das-passagens-aereas-e-voos-diurnos-no-acre-voltam-a-partir-de-outubro\/\"]}]},{\"@type\":\"ImageObject\",\"inLanguage\":\"pt-BR\",\"@id\":\"https:\/\/nk7-testes.com.br\/agazeta\/reducao-de-valor-das-passagens-aereas-e-voos-diurnos-no-acre-voltam-a-partir-de-outubro\/#primaryimage\",\"url\":\"https:\/\/nk7-testes.com.br\/agazeta\/wp-content\/uploads\/2024\/07\/WhatsApp-Image-2024-07-17-at-3.27.08-PM-jpeg.avif\",\"contentUrl\":\"https:\/\/nk7-testes.com.br\/agazeta\/wp-content\/uploads\/2024\/07\/WhatsApp-Image-2024-07-17-at-3.27.08-PM-jpeg.avif\",\"width\":1024,\"height\":595},{\"@type\":\"BreadcrumbList\",\"@id\":\"https:\/\/nk7-testes.com.br\/agazeta\/reducao-de-valor-das-passagens-aereas-e-voos-diurnos-no-acre-voltam-a-partir-de-outubro\/#breadcrumb\",\"itemListElement\":[{\"@type\":\"ListItem\",\"position\":1,\"name\":\"In\u00edcio\",\"item\":\"https:\/\/nk7-testes.com.br\/agazeta\/\"},{\"@type\":\"ListItem\",\"position\":2,\"name\":\"Redu\u00e7\u00e3o de valor das passagens a\u00e9reas e voos diurnos no Acre voltam a partir de outubro\"}]},{\"@type\":\"WebSite\",\"@id\":\"https:\/\/nk7-testes.com.br\/agazeta\/#website\",\"url\":\"https:\/\/nk7-testes.com.br\/agazeta\/\",\"name\":\"Agazeta.net\",\"description\":\"Agazeta.net - Not\u00edcias de Rio Branco\/AC\",\"potentialAction\":[{\"@type\":\"SearchAction\",\"target\":{\"@type\":\"EntryPoint\",\"urlTemplate\":\"https:\/\/nk7-testes.com.br\/agazeta\/?s={search_term_string}\"},\"query-input\":{\"@type\":\"PropertyValueSpecification\",\"valueRequired\":true,\"valueName\":\"search_term_string\"}}],\"inLanguage\":\"pt-BR\"},{\"@type\":\"Person\",\"@id\":\"https:\/\/nk7-testes.com.br\/agazeta\/#\/schema\/person\/6d6e25cb0435eb4a02fd44d30b4e3020\",\"name\":\"Agazeta.Net\",\"url\":\"https:\/\/nk7-testes.com.br\/agazeta\/author\/agazeta\/\"}]}<\/script>\n<!-- \/ Yoast SEO plugin. -->","yoast_head_json":{"title":"Redu\u00e7\u00e3o de valor das passagens a\u00e9reas e voos diurnos no Acre voltam a partir de outubro - Agazeta.net","robots":{"index":"index","follow":"follow","max-snippet":"max-snippet:-1","max-image-preview":"max-image-preview:large","max-video-preview":"max-video-preview:-1"},"canonical":"https:\/\/nk7-testes.com.br\/agazeta\/reducao-de-valor-das-passagens-aereas-e-voos-diurnos-no-acre-voltam-a-partir-de-outubro\/","og_locale":"pt_BR","og_type":"article","og_title":"Redu\u00e7\u00e3o de valor das passagens a\u00e9reas e voos diurnos no Acre voltam a partir de outubro","og_description":"O senador Alan Rick pontuou essas e outras melhorias no sistema de avia\u00e7\u00e3o civil do Acre; confira","og_url":"https:\/\/nk7-testes.com.br\/agazeta\/reducao-de-valor-das-passagens-aereas-e-voos-diurnos-no-acre-voltam-a-partir-de-outubro\/","og_site_name":"Agazeta.net","article_published_time":"2024-07-17T20:28:23+00:00","author":"Agazeta.Net","twitter_card":"summary_large_image","twitter_title":"Redu\u00e7\u00e3o de valor das passagens a\u00e9reas e voos diurnos no Acre voltam a partir de outubro","twitter_description":"O senador Alan Rick pontuou essas e outras melhorias no sistema de avia\u00e7\u00e3o civil do Acre; confira","twitter_misc":{"Escrito por":"Agazeta.Net","Est. tempo de leitura":"2 minutos"},"schema":{"@context":"https:\/\/schema.org","@graph":[{"@type":"WebPage","@id":"https:\/\/nk7-testes.com.br\/agazeta\/reducao-de-valor-das-passagens-aereas-e-voos-diurnos-no-acre-voltam-a-partir-de-outubro\/","url":"https:\/\/nk7-testes.com.br\/agazeta\/reducao-de-valor-das-passagens-aereas-e-voos-diurnos-no-acre-voltam-a-partir-de-outubro\/","name":"Redu\u00e7\u00e3o de valor das passagens a\u00e9reas e voos diurnos no Acre voltam a partir de outubro - Agazeta.net","isPartOf":{"@id":"https:\/\/nk7-testes.com.br\/agazeta\/#website"},"primaryImageOfPage":{"@id":"https:\/\/nk7-testes.com.br\/agazeta\/reducao-de-valor-das-passagens-aereas-e-voos-diurnos-no-acre-voltam-a-partir-de-outubro\/#primaryimage"},"image":{"@id":"https:\/\/nk7-testes.com.br\/agazeta\/reducao-de-valor-das-passagens-aereas-e-voos-diurnos-no-acre-voltam-a-partir-de-outubro\/#primaryimage"},"thumbnailUrl":"https:\/\/nk7-testes.com.br\/agazeta\/wp-content\/uploads\/2024\/07\/WhatsApp-Image-2024-07-17-at-3.27.08-PM-jpeg.avif","datePublished":"2024-07-17T20:28:23+00:00","author":{"@id":"https:\/\/nk7-testes.com.br\/agazeta\/#\/schema\/person\/6d6e25cb0435eb4a02fd44d30b4e3020"},"breadcrumb":{"@id":"https:\/\/nk7-testes.com.br\/agazeta\/reducao-de-valor-das-passagens-aereas-e-voos-diurnos-no-acre-voltam-a-partir-de-outubro\/#breadcrumb"},"inLanguage":"pt-BR","potentialAction":[{"@type":"ReadAction","target":["https:\/\/nk7-testes.com.br\/agazeta\/reducao-de-valor-das-passagens-aereas-e-voos-diurnos-no-acre-voltam-a-partir-de-outubro\/"]}]},{"@type":"ImageObject","inLanguage":"pt-BR","@id":"https:\/\/nk7-testes.com.br\/agazeta\/reducao-de-valor-das-passagens-aereas-e-voos-diurnos-no-acre-voltam-a-partir-de-outubro\/#primaryimage","url":"https:\/\/nk7-testes.com.br\/agazeta\/wp-content\/uploads\/2024\/07\/WhatsApp-Image-2024-07-17-at-3.27.08-PM-jpeg.avif","contentUrl":"https:\/\/nk7-testes.com.br\/agazeta\/wp-content\/uploads\/2024\/07\/WhatsApp-Image-2024-07-17-at-3.27.08-PM-jpeg.avif","width":1024,"height":595},{"@type":"BreadcrumbList","@id":"https:\/\/nk7-testes.com.br\/agazeta\/reducao-de-valor-das-passagens-aereas-e-voos-diurnos-no-acre-voltam-a-partir-de-outubro\/#breadcrumb","itemListElement":[{"@type":"ListItem","position":1,"name":"In\u00edcio","item":"https:\/\/nk7-testes.com.br\/agazeta\/"},{"@type":"ListItem","position":2,"name":"Redu\u00e7\u00e3o de valor das passagens a\u00e9reas e voos diurnos no Acre voltam a partir de outubro"}]},{"@type":"WebSite","@id":"https:\/\/nk7-testes.com.br\/agazeta\/#website","url":"https:\/\/nk7-testes.com.br\/agazeta\/","name":"Agazeta.net","description":"Agazeta.net - Not\u00edcias de Rio Branco\/AC","potentialAction":[{"@type":"SearchAction","target":{"@type":"EntryPoint","urlTemplate":"https:\/\/nk7-testes.com.br\/agazeta\/?s={search_term_string}"},"query-input":{"@type":"PropertyValueSpecification","valueRequired":true,"valueName":"search_term_string"}}],"inLanguage":"pt-BR"},{"@type":"Person","@id":"https:\/\/nk7-testes.com.br\/agazeta\/#\/schema\/person\/6d6e25cb0435eb4a02fd44d30b4e3020","name":"Agazeta.Net","url":"https:\/\/nk7-testes.com.br\/agazeta\/author\/agazeta\/"}]}},"_links":{"self":[{"href":"https:\/\/nk7-testes.com.br\/agazeta\/wp-json\/wp\/v2\/posts\/136036","targetHints":{"allow":["GET"]}}],"collection":[{"href":"https:\/\/nk7-testes.com.br\/agazeta\/wp-json\/wp\/v2\/posts"}],"about":[{"href":"https:\/\/nk7-testes.com.br\/agazeta\/wp-json\/wp\/v2\/types\/post"}],"author":[{"embeddable":true,"href":"https:\/\/nk7-testes.com.br\/agazeta\/wp-json\/wp\/v2\/users\/4"}],"replies":[{"embeddable":true,"href":"https:\/\/nk7-testes.com.br\/agazeta\/wp-json\/wp\/v2\/comments?post=136036"}],"version-history":[{"count":0,"href":"https:\/\/nk7-testes.com.br\/agazeta\/wp-json\/wp\/v2\/posts\/136036\/revisions"}],"wp:featuredmedia":[{"embeddable":true,"href":"https:\/\/nk7-testes.com.br\/agazeta\/wp-json\/wp\/v2\/media\/136037"}],"wp:attachment":[{"href":"https:\/\/nk7-testes.com.br\/agazeta\/wp-json\/wp\/v2\/media?parent=136036"}],"wp:term":[{"taxonomy":"category","embeddable":true,"href":"https:\/\/nk7-testes.com.br\/agazeta\/wp-json\/wp\/v2\/categories?post=136036"},{"taxonomy":"post_tag","embeddable":true,"href":"https:\/\/nk7-testes.com.br\/agazeta\/wp-json\/wp\/v2\/tags?post=136036"}],"curies":[{"name":"wp","href":"https:\/\/api.w.org\/{rel}","templated":true}]}}