{"id":135948,"date":"2024-07-16T14:32:03","date_gmt":"2024-07-16T19:32:03","guid":{"rendered":"https:\/\/nk7-testes.com.br\/agazeta\/?p=135948"},"modified":"2025-09-17T10:56:25","modified_gmt":"2025-09-17T15:56:25","slug":"quase-3-mil-casos-de-pais-ausentes-no-ultimo-ano-defensoria-publica-lanca-nova-edicao-do-programa-meu-pai-tem-nome","status":"publish","type":"post","link":"https:\/\/nk7-testes.com.br\/agazeta\/quase-3-mil-casos-de-pais-ausentes-no-ultimo-ano-defensoria-publica-lanca-nova-edicao-do-programa-meu-pai-tem-nome\/","title":{"rendered":"Quase 3 mil casos de pais ausentes no \u00faltimo ano: Defensoria P\u00fablica lan\u00e7a nova edi\u00e7\u00e3o do programa &#8220;Meu Pai Tem Nome&#8221;"},"content":{"rendered":"<p style=\"text-align: justify;\"><span style=\"font-weight: 400;\">Desde janeiro de 2023 at\u00e9 julho de 2024, foram registrados 2.753 casos de pais ausentes nas certid\u00f5es de nascimento em todo o estado do Acre. Este preocupante n\u00famero destaca a import\u00e2ncia de iniciativas que promovem o reconhecimento da paternidade e maternidade, como o programa &#8220;Meu Pai Tem Nome&#8221;.<\/span><\/p>\n<p style=\"text-align: justify;\"><span style=\"font-weight: 400;\">A Defensoria P\u00fablica do Acre abriu inscri\u00e7\u00f5es para a terceira edi\u00e7\u00e3o do programa, que \u00e9 uma iniciativa do Conselho Nacional das Defensoras e Defensores P\u00fablicos-Gerais, com apoio do Tribunal de Justi\u00e7a e do Minist\u00e9rio P\u00fablico do Acre. O programa oferece assist\u00eancia jur\u00eddica gratuita para garantir o direito ao reconhecimento de paternidade ou maternidade para crian\u00e7as, adolescentes, jovens, adultos e pessoas idosas.<\/span><\/p>\n<p style=\"text-align: justify;\"><span style=\"font-weight: 400;\">Segundo dados da Associa\u00e7\u00e3o Nacional dos Registradores de Pessoas Naturais, a regi\u00e3o Norte lidera o \u00edndice de pais ausentes. No Acre, as cidades de Cruzeiro do Sul, Rio Branco e Tarauac\u00e1 s\u00e3o as que apresentam maior n\u00famero de casos.\u00a0<\/span><\/p>\n<p style=\"text-align: justify;\"><span style=\"font-weight: 400;\">\u201cA gente realiza esse programa todos os anos porque verificamos um grande n\u00famero de crian\u00e7as que n\u00e3o est\u00e1 registrada com o nome do pai. Apenas em 2023, foram 260 mil registros de nascimento, aproximadamente, sem o nome do pai no seu registro. Apenas no Acre, s\u00e3o 2.753 registros de nascimento, apenas em um ano.\u201d afirma o defensor p\u00fablico do estado, Celso Ara\u00fajo.<\/span><\/p>\n<p style=\"text-align: justify;\"><span style=\"font-weight: 400;\">Em 2023, foram mais de 4 mil atendimentos realizados pelas Defensorias P\u00fablicas em todo o Brasil. O &#8220;Dia D&#8221; de atendimento do programa acontecer\u00e1 presencialmente em Rio Branco no dia 17 de agosto, mas pessoas de todo o estado podem se inscrever para participar de forma virtual, desde que estejam dispostas a realizar o acordo extrajudicial.<\/span><\/p>\n<p style=\"text-align: justify;\"><span style=\"font-weight: 400;\">As pessoas podem participar se inscrevendo atrav\u00e9s do site da Defensoria, defensoria.ac.df.br. Caso tenha alguma dificuldade, podem procurar pessoalmente a Defensoria P\u00fablica na Avenida Dona Rocha Viana, perto do Horto Florestal, para tirar suas d\u00favidas. Participem, voc\u00eas da comunidade. \u201c\u00c9 o direito das crian\u00e7as terem o registro de nascimento com o nome do pai para poderem exigir os alimentos.\u201d, finaliza Ara\u00fajo.<\/span><\/p>\n<p style=\"text-align: justify;\"><span style=\"font-weight: 400;\">O programa &#8220;Meu Pai Tem Nome&#8221; visa garantir o direito fundamental de cada crian\u00e7a ao reconhecimento da paternidade ou maternidade, contribuindo para a dignidade e seguran\u00e7a jur\u00eddica de milhares de pessoas no Acre.<\/span><\/p>\n<p><em>Mat\u00e9ria em v\u00eddeo produzida pela rep\u00f3rter Wanessa Souza para TV Gazeta.<\/em><\/p>\n","protected":false},"excerpt":{"rendered":"<p>Desde janeiro de 2023 at\u00e9 julho de 2024, foram registrados 2.753 casos de pais ausentes nas certid\u00f5es de nascimento em todo o estado do Acre. Este preocupante n\u00famero destaca a import\u00e2ncia de iniciativas que promovem o reconhecimento da paternidade e maternidade, como o programa &#8220;Meu Pai Tem Nome&#8221;. A Defensoria P\u00fablica do Acre abriu inscri\u00e7\u00f5es [&hellip;]<\/p>\n","protected":false},"author":4,"featured_media":135949,"comment_status":"open","ping_status":"open","sticky":false,"template":"","format":"standard","meta":{"jnews-multi-image_gallery":[],"jnews_single_post":{"source_name":"","source_url":"","via_name":"","via_url":"","override_template":"0","override":[{"template":"custom","single_blog_custom":"110746","parallax":"1","fullscreen":"1","layout":"right-sidebar","sidebar":"default-sidebar","second_sidebar":"default-sidebar","sticky_sidebar":"1","share_position":"top","share_float_style":"share-monocrhome","show_share_counter":"1","show_view_counter":"1","show_featured":"1","show_post_meta":"1","show_post_author":"1","show_post_author_image":"1","show_post_date":"1","post_date_format":"default","post_date_format_custom":"Y\/m\/d","show_post_category":"1","show_post_reading_time":"0","post_reading_time_wpm":"300","show_zoom_button":"0","zoom_button_out_step":"2","zoom_button_in_step":"3","show_post_tag":"1","show_prev_next_post":"1","show_popup_post":"1","number_popup_post":"1","show_author_box":"0","show_post_related":"1","show_inline_post_related":"0"}],"override_image_size":"0","image_override":[{"single_post_thumbnail_size":"crop-500","single_post_gallery_size":"crop-500"}],"trending_post":"0","trending_post_position":"meta","trending_post_label":"Trending","sponsored_post":"0","sponsored_post_label":"Sponsored by","sponsored_post_name":"","sponsored_post_url":"","sponsored_post_logo_enable":"0","sponsored_post_logo":"","sponsored_post_desc":"","disable_ad":"0"},"jnews_primary_category":{"id":"","hide":""},"jnews_social_meta":{"fb_title":"","fb_description":"","fb_image":"","twitter_title":"","twitter_description":"","twitter_image":""},"jnews_review":[],"enable_review":"0","type":"percentage","name":"","summary":"","brand":"","sku":"","good":[{"good_text":""}],"bad":[{"bad_text":""}],"score_override":"0","override_value":"","rating":[{"rating_text":"","rating_number":"10"}],"price":[{"shop":"","price":"","link":"","icon":""}],"footnotes":""},"categories":[54],"tags":[152],"class_list":["post-135948","post","type-post","status-publish","format-standard","has-post-thumbnail","hentry","category-cotidiano","tag-destaque"],"yoast_head":"<!-- This site is optimized with the Yoast SEO plugin v26.5 - https:\/\/yoast.com\/wordpress\/plugins\/seo\/ -->\n<title>Quase 3 mil casos de pais ausentes no \u00faltimo ano: Defensoria P\u00fablica lan\u00e7a nova edi\u00e7\u00e3o do programa &quot;Meu Pai Tem Nome&quot; - Agazeta.net<\/title>\n<meta name=\"robots\" content=\"index, follow, max-snippet:-1, max-image-preview:large, max-video-preview:-1\" \/>\n<link rel=\"canonical\" href=\"https:\/\/nk7-testes.com.br\/agazeta\/quase-3-mil-casos-de-pais-ausentes-no-ultimo-ano-defensoria-publica-lanca-nova-edicao-do-programa-meu-pai-tem-nome\/\" \/>\n<meta property=\"og:locale\" content=\"pt_BR\" \/>\n<meta property=\"og:type\" content=\"article\" \/>\n<meta property=\"og:title\" content=\"Quase 3 mil casos de pais ausentes no \u00faltimo ano: Defensoria P\u00fablica lan\u00e7a nova edi\u00e7\u00e3o do programa &quot;Meu Pai Tem Nome&quot;\" \/>\n<meta property=\"og:description\" content=\"O programa oferece assist\u00eancia jur\u00eddica gratuita para garantir o direito ao reconhecimento de paternidade\" \/>\n<meta property=\"og:url\" content=\"https:\/\/nk7-testes.com.br\/agazeta\/quase-3-mil-casos-de-pais-ausentes-no-ultimo-ano-defensoria-publica-lanca-nova-edicao-do-programa-meu-pai-tem-nome\/\" \/>\n<meta property=\"og:site_name\" content=\"Agazeta.net\" \/>\n<meta property=\"article:published_time\" content=\"2024-07-16T19:32:03+00:00\" \/>\n<meta property=\"article:modified_time\" content=\"2025-09-17T15:56:25+00:00\" \/>\n<meta property=\"og:image\" content=\"https:\/\/nk7-testes.com.br\/agazeta\/wp-content\/uploads\/2024\/07\/WhatsApp-Image-2024-07-16-at-2.31.05-PM-jpeg.webp\" \/>\n\t<meta property=\"og:image:width\" content=\"968\" \/>\n\t<meta property=\"og:image:height\" content=\"545\" \/>\n\t<meta property=\"og:image:type\" content=\"image\/webp\" \/>\n<meta name=\"author\" content=\"Agazeta.Net\" \/>\n<meta name=\"twitter:card\" content=\"summary_large_image\" \/>\n<meta name=\"twitter:title\" content=\"Quase 3 mil casos de pais ausentes no \u00faltimo ano: Defensoria P\u00fablica lan\u00e7a nova edi\u00e7\u00e3o do programa &quot;Meu Pai Tem Nome&quot;\" \/>\n<meta name=\"twitter:description\" content=\"O programa oferece assist\u00eancia jur\u00eddica gratuita para garantir o direito ao reconhecimento de paternidade\" \/>\n<meta name=\"twitter:image\" content=\"https:\/\/nk7-testes.com.br\/agazeta\/wp-content\/uploads\/2024\/07\/WhatsApp-Image-2024-07-16-at-2.31.05-PM-jpeg.webp\" \/>\n<meta name=\"twitter:label1\" content=\"Escrito por\" \/>\n\t<meta name=\"twitter:data1\" content=\"Agazeta.Net\" \/>\n\t<meta name=\"twitter:label2\" content=\"Est. tempo de leitura\" \/>\n\t<meta name=\"twitter:data2\" content=\"2 minutos\" \/>\n<script type=\"application\/ld+json\" class=\"yoast-schema-graph\">{\"@context\":\"https:\/\/schema.org\",\"@graph\":[{\"@type\":\"WebPage\",\"@id\":\"https:\/\/nk7-testes.com.br\/agazeta\/quase-3-mil-casos-de-pais-ausentes-no-ultimo-ano-defensoria-publica-lanca-nova-edicao-do-programa-meu-pai-tem-nome\/\",\"url\":\"https:\/\/nk7-testes.com.br\/agazeta\/quase-3-mil-casos-de-pais-ausentes-no-ultimo-ano-defensoria-publica-lanca-nova-edicao-do-programa-meu-pai-tem-nome\/\",\"name\":\"Quase 3 mil casos de pais ausentes no \u00faltimo ano: Defensoria P\u00fablica lan\u00e7a nova edi\u00e7\u00e3o do programa \\\"Meu Pai Tem Nome\\\" - Agazeta.net\",\"isPartOf\":{\"@id\":\"https:\/\/nk7-testes.com.br\/agazeta\/#website\"},\"primaryImageOfPage\":{\"@id\":\"https:\/\/nk7-testes.com.br\/agazeta\/quase-3-mil-casos-de-pais-ausentes-no-ultimo-ano-defensoria-publica-lanca-nova-edicao-do-programa-meu-pai-tem-nome\/#primaryimage\"},\"image\":{\"@id\":\"https:\/\/nk7-testes.com.br\/agazeta\/quase-3-mil-casos-de-pais-ausentes-no-ultimo-ano-defensoria-publica-lanca-nova-edicao-do-programa-meu-pai-tem-nome\/#primaryimage\"},\"thumbnailUrl\":\"https:\/\/nk7-testes.com.br\/agazeta\/wp-content\/uploads\/2024\/07\/WhatsApp-Image-2024-07-16-at-2.31.05-PM-jpeg.webp\",\"datePublished\":\"2024-07-16T19:32:03+00:00\",\"dateModified\":\"2025-09-17T15:56:25+00:00\",\"author\":{\"@id\":\"https:\/\/nk7-testes.com.br\/agazeta\/#\/schema\/person\/6d6e25cb0435eb4a02fd44d30b4e3020\"},\"breadcrumb\":{\"@id\":\"https:\/\/nk7-testes.com.br\/agazeta\/quase-3-mil-casos-de-pais-ausentes-no-ultimo-ano-defensoria-publica-lanca-nova-edicao-do-programa-meu-pai-tem-nome\/#breadcrumb\"},\"inLanguage\":\"pt-BR\",\"potentialAction\":[{\"@type\":\"ReadAction\",\"target\":[\"https:\/\/nk7-testes.com.br\/agazeta\/quase-3-mil-casos-de-pais-ausentes-no-ultimo-ano-defensoria-publica-lanca-nova-edicao-do-programa-meu-pai-tem-nome\/\"]}]},{\"@type\":\"ImageObject\",\"inLanguage\":\"pt-BR\",\"@id\":\"https:\/\/nk7-testes.com.br\/agazeta\/quase-3-mil-casos-de-pais-ausentes-no-ultimo-ano-defensoria-publica-lanca-nova-edicao-do-programa-meu-pai-tem-nome\/#primaryimage\",\"url\":\"https:\/\/nk7-testes.com.br\/agazeta\/wp-content\/uploads\/2024\/07\/WhatsApp-Image-2024-07-16-at-2.31.05-PM-jpeg.webp\",\"contentUrl\":\"https:\/\/nk7-testes.com.br\/agazeta\/wp-content\/uploads\/2024\/07\/WhatsApp-Image-2024-07-16-at-2.31.05-PM-jpeg.webp\",\"width\":968,\"height\":545},{\"@type\":\"BreadcrumbList\",\"@id\":\"https:\/\/nk7-testes.com.br\/agazeta\/quase-3-mil-casos-de-pais-ausentes-no-ultimo-ano-defensoria-publica-lanca-nova-edicao-do-programa-meu-pai-tem-nome\/#breadcrumb\",\"itemListElement\":[{\"@type\":\"ListItem\",\"position\":1,\"name\":\"In\u00edcio\",\"item\":\"https:\/\/nk7-testes.com.br\/agazeta\/\"},{\"@type\":\"ListItem\",\"position\":2,\"name\":\"Quase 3 mil casos de pais ausentes no \u00faltimo ano: Defensoria P\u00fablica lan\u00e7a nova edi\u00e7\u00e3o do programa &#8220;Meu Pai Tem Nome&#8221;\"}]},{\"@type\":\"WebSite\",\"@id\":\"https:\/\/nk7-testes.com.br\/agazeta\/#website\",\"url\":\"https:\/\/nk7-testes.com.br\/agazeta\/\",\"name\":\"Agazeta.net\",\"description\":\"Agazeta.net - Not\u00edcias de Rio Branco\/AC\",\"potentialAction\":[{\"@type\":\"SearchAction\",\"target\":{\"@type\":\"EntryPoint\",\"urlTemplate\":\"https:\/\/nk7-testes.com.br\/agazeta\/?s={search_term_string}\"},\"query-input\":{\"@type\":\"PropertyValueSpecification\",\"valueRequired\":true,\"valueName\":\"search_term_string\"}}],\"inLanguage\":\"pt-BR\"},{\"@type\":\"Person\",\"@id\":\"https:\/\/nk7-testes.com.br\/agazeta\/#\/schema\/person\/6d6e25cb0435eb4a02fd44d30b4e3020\",\"name\":\"Agazeta.Net\",\"url\":\"https:\/\/nk7-testes.com.br\/agazeta\/author\/agazeta\/\"}]}<\/script>\n<!-- \/ Yoast SEO plugin. -->","yoast_head_json":{"title":"Quase 3 mil casos de pais ausentes no \u00faltimo ano: Defensoria P\u00fablica lan\u00e7a nova edi\u00e7\u00e3o do programa \"Meu Pai Tem Nome\" - Agazeta.net","robots":{"index":"index","follow":"follow","max-snippet":"max-snippet:-1","max-image-preview":"max-image-preview:large","max-video-preview":"max-video-preview:-1"},"canonical":"https:\/\/nk7-testes.com.br\/agazeta\/quase-3-mil-casos-de-pais-ausentes-no-ultimo-ano-defensoria-publica-lanca-nova-edicao-do-programa-meu-pai-tem-nome\/","og_locale":"pt_BR","og_type":"article","og_title":"Quase 3 mil casos de pais ausentes no \u00faltimo ano: Defensoria P\u00fablica lan\u00e7a nova edi\u00e7\u00e3o do programa \"Meu Pai Tem Nome\"","og_description":"O programa oferece assist\u00eancia jur\u00eddica gratuita para garantir o direito ao reconhecimento de paternidade","og_url":"https:\/\/nk7-testes.com.br\/agazeta\/quase-3-mil-casos-de-pais-ausentes-no-ultimo-ano-defensoria-publica-lanca-nova-edicao-do-programa-meu-pai-tem-nome\/","og_site_name":"Agazeta.net","article_published_time":"2024-07-16T19:32:03+00:00","article_modified_time":"2025-09-17T15:56:25+00:00","og_image":[{"width":968,"height":545,"url":"https:\/\/nk7-testes.com.br\/agazeta\/wp-content\/uploads\/2024\/07\/WhatsApp-Image-2024-07-16-at-2.31.05-PM-jpeg.webp","type":"image\/webp"}],"author":"Agazeta.Net","twitter_card":"summary_large_image","twitter_title":"Quase 3 mil casos de pais ausentes no \u00faltimo ano: Defensoria P\u00fablica lan\u00e7a nova edi\u00e7\u00e3o do programa \"Meu Pai Tem Nome\"","twitter_description":"O programa oferece assist\u00eancia jur\u00eddica gratuita para garantir o direito ao reconhecimento de paternidade","twitter_image":"https:\/\/nk7-testes.com.br\/agazeta\/wp-content\/uploads\/2024\/07\/WhatsApp-Image-2024-07-16-at-2.31.05-PM-jpeg.webp","twitter_misc":{"Escrito por":"Agazeta.Net","Est. tempo de leitura":"2 minutos"},"schema":{"@context":"https:\/\/schema.org","@graph":[{"@type":"WebPage","@id":"https:\/\/nk7-testes.com.br\/agazeta\/quase-3-mil-casos-de-pais-ausentes-no-ultimo-ano-defensoria-publica-lanca-nova-edicao-do-programa-meu-pai-tem-nome\/","url":"https:\/\/nk7-testes.com.br\/agazeta\/quase-3-mil-casos-de-pais-ausentes-no-ultimo-ano-defensoria-publica-lanca-nova-edicao-do-programa-meu-pai-tem-nome\/","name":"Quase 3 mil casos de pais ausentes no \u00faltimo ano: Defensoria P\u00fablica lan\u00e7a nova edi\u00e7\u00e3o do programa \"Meu Pai Tem Nome\" - Agazeta.net","isPartOf":{"@id":"https:\/\/nk7-testes.com.br\/agazeta\/#website"},"primaryImageOfPage":{"@id":"https:\/\/nk7-testes.com.br\/agazeta\/quase-3-mil-casos-de-pais-ausentes-no-ultimo-ano-defensoria-publica-lanca-nova-edicao-do-programa-meu-pai-tem-nome\/#primaryimage"},"image":{"@id":"https:\/\/nk7-testes.com.br\/agazeta\/quase-3-mil-casos-de-pais-ausentes-no-ultimo-ano-defensoria-publica-lanca-nova-edicao-do-programa-meu-pai-tem-nome\/#primaryimage"},"thumbnailUrl":"https:\/\/nk7-testes.com.br\/agazeta\/wp-content\/uploads\/2024\/07\/WhatsApp-Image-2024-07-16-at-2.31.05-PM-jpeg.webp","datePublished":"2024-07-16T19:32:03+00:00","dateModified":"2025-09-17T15:56:25+00:00","author":{"@id":"https:\/\/nk7-testes.com.br\/agazeta\/#\/schema\/person\/6d6e25cb0435eb4a02fd44d30b4e3020"},"breadcrumb":{"@id":"https:\/\/nk7-testes.com.br\/agazeta\/quase-3-mil-casos-de-pais-ausentes-no-ultimo-ano-defensoria-publica-lanca-nova-edicao-do-programa-meu-pai-tem-nome\/#breadcrumb"},"inLanguage":"pt-BR","potentialAction":[{"@type":"ReadAction","target":["https:\/\/nk7-testes.com.br\/agazeta\/quase-3-mil-casos-de-pais-ausentes-no-ultimo-ano-defensoria-publica-lanca-nova-edicao-do-programa-meu-pai-tem-nome\/"]}]},{"@type":"ImageObject","inLanguage":"pt-BR","@id":"https:\/\/nk7-testes.com.br\/agazeta\/quase-3-mil-casos-de-pais-ausentes-no-ultimo-ano-defensoria-publica-lanca-nova-edicao-do-programa-meu-pai-tem-nome\/#primaryimage","url":"https:\/\/nk7-testes.com.br\/agazeta\/wp-content\/uploads\/2024\/07\/WhatsApp-Image-2024-07-16-at-2.31.05-PM-jpeg.webp","contentUrl":"https:\/\/nk7-testes.com.br\/agazeta\/wp-content\/uploads\/2024\/07\/WhatsApp-Image-2024-07-16-at-2.31.05-PM-jpeg.webp","width":968,"height":545},{"@type":"BreadcrumbList","@id":"https:\/\/nk7-testes.com.br\/agazeta\/quase-3-mil-casos-de-pais-ausentes-no-ultimo-ano-defensoria-publica-lanca-nova-edicao-do-programa-meu-pai-tem-nome\/#breadcrumb","itemListElement":[{"@type":"ListItem","position":1,"name":"In\u00edcio","item":"https:\/\/nk7-testes.com.br\/agazeta\/"},{"@type":"ListItem","position":2,"name":"Quase 3 mil casos de pais ausentes no \u00faltimo ano: Defensoria P\u00fablica lan\u00e7a nova edi\u00e7\u00e3o do programa &#8220;Meu Pai Tem Nome&#8221;"}]},{"@type":"WebSite","@id":"https:\/\/nk7-testes.com.br\/agazeta\/#website","url":"https:\/\/nk7-testes.com.br\/agazeta\/","name":"Agazeta.net","description":"Agazeta.net - Not\u00edcias de Rio Branco\/AC","potentialAction":[{"@type":"SearchAction","target":{"@type":"EntryPoint","urlTemplate":"https:\/\/nk7-testes.com.br\/agazeta\/?s={search_term_string}"},"query-input":{"@type":"PropertyValueSpecification","valueRequired":true,"valueName":"search_term_string"}}],"inLanguage":"pt-BR"},{"@type":"Person","@id":"https:\/\/nk7-testes.com.br\/agazeta\/#\/schema\/person\/6d6e25cb0435eb4a02fd44d30b4e3020","name":"Agazeta.Net","url":"https:\/\/nk7-testes.com.br\/agazeta\/author\/agazeta\/"}]}},"_links":{"self":[{"href":"https:\/\/nk7-testes.com.br\/agazeta\/wp-json\/wp\/v2\/posts\/135948","targetHints":{"allow":["GET"]}}],"collection":[{"href":"https:\/\/nk7-testes.com.br\/agazeta\/wp-json\/wp\/v2\/posts"}],"about":[{"href":"https:\/\/nk7-testes.com.br\/agazeta\/wp-json\/wp\/v2\/types\/post"}],"author":[{"embeddable":true,"href":"https:\/\/nk7-testes.com.br\/agazeta\/wp-json\/wp\/v2\/users\/4"}],"replies":[{"embeddable":true,"href":"https:\/\/nk7-testes.com.br\/agazeta\/wp-json\/wp\/v2\/comments?post=135948"}],"version-history":[{"count":0,"href":"https:\/\/nk7-testes.com.br\/agazeta\/wp-json\/wp\/v2\/posts\/135948\/revisions"}],"wp:featuredmedia":[{"embeddable":true,"href":"https:\/\/nk7-testes.com.br\/agazeta\/wp-json\/wp\/v2\/media\/135949"}],"wp:attachment":[{"href":"https:\/\/nk7-testes.com.br\/agazeta\/wp-json\/wp\/v2\/media?parent=135948"}],"wp:term":[{"taxonomy":"category","embeddable":true,"href":"https:\/\/nk7-testes.com.br\/agazeta\/wp-json\/wp\/v2\/categories?post=135948"},{"taxonomy":"post_tag","embeddable":true,"href":"https:\/\/nk7-testes.com.br\/agazeta\/wp-json\/wp\/v2\/tags?post=135948"}],"curies":[{"name":"wp","href":"https:\/\/api.w.org\/{rel}","templated":true}]}}