{"id":135644,"date":"2024-07-12T09:36:20","date_gmt":"2024-07-12T14:36:20","guid":{"rendered":"https:\/\/nk7-testes.com.br\/agazeta\/?p=135644"},"modified":"2025-09-17T10:56:26","modified_gmt":"2025-09-17T15:56:26","slug":"apos-quatro-meses-morre-quarta-vitima-de-acidente-aereo-ocorrido-em-manoel-urbano","status":"publish","type":"post","link":"https:\/\/nk7-testes.com.br\/agazeta\/apos-quatro-meses-morre-quarta-vitima-de-acidente-aereo-ocorrido-em-manoel-urbano\/","title":{"rendered":"Ap\u00f3s quatro meses, morre quarta v\u00edtima de acidente a\u00e9reo ocorrido em Manoel Urbano"},"content":{"rendered":"<p style=\"text-align: justify;\">A Secretaria de Sa\u00fade do Acre (Sesacre), confirmou ao site Agazeta.net na manh\u00e3 desta sexta-feira (12), a morte do piloto que Valdir Roney de Souza Mendes, que era o respons\u00e1vel por conduzir o avi\u00e3o de pequeno porte, modelo Cessna Skylane. Ele foi transferido no dia 22 de mar\u00e7o para o Hospital e Pronto-Socorro (HPS) 28 de Agosto \u2013 Centro de Refer\u00eancia em Assist\u00eancia a Queimados de Alta Complexidade do Amazonas, em Manaus.<\/p>\n<p style=\"text-align: justify;\">Ainda com base nas informa\u00e7\u00f5es confirmadas pela Sesacre, o plant\u00e3o do Tratamento Fora de Domic\u00edlio (TFD), est\u00e1 em contato para o translado. O Centro de Refer\u00eancia em Assist\u00eancia a Queimados de Alta Complexidade do Amazonas \u00e9 reconhecido pela sua expertise no tratamento de v\u00edtimas com queimaduras graves.<\/p>\n<p>Desde que tomou conhecimento do acidente, o governo do Acre mobilizou uma for\u00e7a-tarefa para prestar todo o apoio poss\u00edvel aos sobreviventes, que foram inicialmente atendidos na Unidade Mista de Manoel Urbano.<\/p>\n<p style=\"text-align: justify;\">O piloto foi a quarta\u00a0v\u00edtima da queda do avi\u00e3o de pequeno porte ocorrida no mun\u00edcipio de Manoel Urbano no dia 18 de mar\u00e7o.<\/p>\n<h4>Am\u00e9lia Cristina Rocha<\/h4>\n<p style=\"text-align: justify;\">A biom\u00e9dica <a href=\"https:\/\/nk7-testes.com.br\/agazeta\/terceira-vitima-de-queda-de-aviao-no-acre-morre-em-manaus-familia-pede-ajuda-para-retornar-a-rio-branco\/\">Am\u00e9lia Cristina Rocha, de 28 anos, uma das v\u00edtimas da queda de avi\u00e3o<\/a> ocorrida no munic\u00edpio de Tarauac\u00e1, em mar\u00e7o deste ano, morreu no dia 24 de maio, em Manaus, no Amazonas. Marido e m\u00e3e pediram ajuda para custear retorno deles ao Acre.<\/p>\n<p style=\"text-align: justify;\">A v\u00edtima estava internada no Centro de Tratamento de Queimados (CTQ) do Hospital e Pronto-Socorro 28 de Agosto, na capital amazonense, desde o dia 21 de mar\u00e7o. Segundo informa\u00e7\u00f5es, ela apresentava queimaduras em cerca de 90% do corpo.<\/p>\n<p style=\"text-align: justify;\">O marido de Am\u00e9lia Rocha, Bruno Fernando dos Santos, e a m\u00e3e dela, estavam em Manaus para acompanh\u00e1-la durante o tratamento.<\/p>\n<h4 class=\"jeg_post_title\">Suanne Lostanaud<\/h4>\n<p>O governo do Acre, por meio da Secretaria de Estado de Sa\u00fade (Sesacre), veio \u00e0 p\u00fablico lamentou a morte da jovem Suanne Lostanaud Camello, de 30 anos. Ela foi uma das v\u00edtimas do acidente a\u00e9reo ocorrido no \u00faltimo dia 18 de mar\u00e7o, quando o avi\u00e3o de pequeno porte, modelo Cessna Skylane, caiu a 1 km da cabeceira da pista de Manoel Urbano, em uma \u00e1rea de dif\u00edcil acesso.<\/p>\n<p>Suanne havia sido resgatada com vida e foi transferida logo ap\u00f3s o acidente para o Pronto-Socorro de Rio Branco, onde foi cuidada pela equipe m\u00e9dica at\u00e9 sua estabiliza\u00e7\u00e3o. Ap\u00f3s apresentar melhora, ela foi transferida via Tratamento Fora de Domic\u00edlio (TFD) na madrugada de\u00a0 s\u00e1bado, 23 de mar\u00e7o, para o Centro de Tratamento de Queimados (CTQ), no Hospital 28 de Agosto, em Manaus.<\/p>\n<h4>Sidney Hoyle<\/h4>\n<p style=\"text-align: justify;\">O governador do Acre, Gladson Cameli, lamentou a morte do empres\u00e1rio Sidney Hoyle, que morreu v\u00edtima do acidente a\u00e9reo em Manoel Urbano, na manh\u00e3 desta segunda-feira (18). As informa\u00e7\u00f5es foram confirmadas pelo Centro de Opera\u00e7\u00f5es Policiais Militares (Copom) e Pol\u00edcia Militar. O avi\u00e3o estava saindo de Manoel Urbano com destino \u00e0 Santa Rosa do Purus<\/p>\n<p style=\"text-align: justify;\">Por meio das redes sociais, o governador deixou as condol\u00eancias: \u201cComo piloto e um apaixonado pela avia\u00e7\u00e3o, lamento o acidente a\u00e9reo ocorrido no final da manh\u00e3 desta segunda-feira, 18, em Manoel Urbano. Minhas condol\u00eancias \u00e0 fam\u00edlia do empres\u00e1rio Sidney Hoyle, que infelizmente n\u00e3o sobreviveu. Que Deus d\u00ea a sa\u00fade aos seis sobreviventes que agora t\u00eam a chance de um recome\u00e7o\u201d, diz.<\/p>\n","protected":false},"excerpt":{"rendered":"<p>A Secretaria de Sa\u00fade do Acre (Sesacre), confirmou ao site Agazeta.net na manh\u00e3 desta sexta-feira (12), a morte do piloto que Valdir Roney de Souza Mendes, que era o respons\u00e1vel por conduzir o avi\u00e3o de pequeno porte, modelo Cessna Skylane. Ele foi transferido no dia 22 de mar\u00e7o para o Hospital e Pronto-Socorro (HPS) 28 [&hellip;]<\/p>\n","protected":false},"author":4,"featured_media":135648,"comment_status":"open","ping_status":"open","sticky":false,"template":"","format":"standard","meta":{"jnews-multi-image_gallery":[],"jnews_single_post":{"source_name":"","source_url":"","via_name":"","via_url":"","override_template":"0","override":[{"template":"custom","single_blog_custom":"110746","parallax":"1","fullscreen":"1","layout":"right-sidebar","sidebar":"default-sidebar","second_sidebar":"default-sidebar","sticky_sidebar":"1","share_position":"top","share_float_style":"share-monocrhome","show_share_counter":"1","show_view_counter":"1","show_featured":"1","show_post_meta":"1","show_post_author":"1","show_post_author_image":"1","show_post_date":"1","post_date_format":"default","post_date_format_custom":"Y\/m\/d","show_post_category":"1","show_post_reading_time":"0","post_reading_time_wpm":"300","show_zoom_button":"0","zoom_button_out_step":"2","zoom_button_in_step":"3","show_post_tag":"1","show_prev_next_post":"1","show_popup_post":"1","number_popup_post":"1","show_author_box":"0","show_post_related":"1","show_inline_post_related":"0"}],"override_image_size":"0","image_override":[{"single_post_thumbnail_size":"crop-500","single_post_gallery_size":"crop-500"}],"trending_post":"0","trending_post_position":"meta","trending_post_label":"Trending","sponsored_post":"0","sponsored_post_label":"Sponsored by","sponsored_post_name":"","sponsored_post_url":"","sponsored_post_logo_enable":"0","sponsored_post_logo":"","sponsored_post_desc":"","disable_ad":"0"},"jnews_primary_category":{"id":"","hide":""},"jnews_social_meta":{"fb_title":"","fb_description":"","fb_image":"","twitter_title":"","twitter_description":"","twitter_image":""},"jnews_review":[],"enable_review":"0","type":"percentage","name":"","summary":"","brand":"","sku":"","good":[{"good_text":""}],"bad":[{"bad_text":""}],"score_override":"0","override_value":"","rating":[{"rating_text":"","rating_number":"10"}],"price":[{"shop":"","price":"","link":"","icon":""}],"footnotes":""},"categories":[54],"tags":[152],"class_list":["post-135644","post","type-post","status-publish","format-standard","has-post-thumbnail","hentry","category-cotidiano","tag-destaque"],"yoast_head":"<!-- This site is optimized with the Yoast SEO plugin v26.5 - https:\/\/yoast.com\/wordpress\/plugins\/seo\/ -->\n<title>Ap\u00f3s quatro meses, morre quarta v\u00edtima de acidente a\u00e9reo ocorrido em Manoel Urbano - Agazeta.net<\/title>\n<meta name=\"robots\" content=\"index, follow, max-snippet:-1, max-image-preview:large, max-video-preview:-1\" \/>\n<link rel=\"canonical\" href=\"https:\/\/nk7-testes.com.br\/agazeta\/apos-quatro-meses-morre-quarta-vitima-de-acidente-aereo-ocorrido-em-manoel-urbano\/\" \/>\n<meta property=\"og:locale\" content=\"pt_BR\" \/>\n<meta property=\"og:type\" content=\"article\" \/>\n<meta property=\"og:title\" content=\"Ap\u00f3s quatro meses, morre quarta v\u00edtima de acidente a\u00e9reo ocorrido em Manoel Urbano\" \/>\n<meta property=\"og:description\" content=\"O piloto Valdir Roney de Souza Mendes estava internado em um hospital de Manaus\" \/>\n<meta property=\"og:url\" content=\"https:\/\/nk7-testes.com.br\/agazeta\/apos-quatro-meses-morre-quarta-vitima-de-acidente-aereo-ocorrido-em-manoel-urbano\/\" \/>\n<meta property=\"og:site_name\" content=\"Agazeta.net\" \/>\n<meta property=\"article:published_time\" content=\"2024-07-12T14:36:20+00:00\" \/>\n<meta property=\"article:modified_time\" content=\"2025-09-17T15:56:26+00:00\" \/>\n<meta property=\"og:image\" content=\"https:\/\/nk7-testes.com.br\/agazeta\/wp-content\/uploads\/2024\/07\/34cd08f7-cf4f-4306-a906-fbd079a16067-jpg.webp\" \/>\n\t<meta property=\"og:image:width\" content=\"800\" \/>\n\t<meta property=\"og:image:height\" content=\"522\" \/>\n\t<meta property=\"og:image:type\" content=\"image\/webp\" \/>\n<meta name=\"author\" content=\"Agazeta.Net\" \/>\n<meta name=\"twitter:card\" content=\"summary_large_image\" \/>\n<meta name=\"twitter:title\" content=\"Ap\u00f3s quatro meses, morre quarta v\u00edtima de acidente a\u00e9reo ocorrido em Manoel Urbano\" \/>\n<meta name=\"twitter:description\" content=\"O piloto Valdir Roney de Souza Mendes estava internado em um hospital de Manaus\" \/>\n<meta name=\"twitter:image\" content=\"https:\/\/nk7-testes.com.br\/agazeta\/wp-content\/uploads\/2024\/07\/34cd08f7-cf4f-4306-a906-fbd079a16067-jpg.webp\" \/>\n<meta name=\"twitter:label1\" content=\"Escrito por\" \/>\n\t<meta name=\"twitter:data1\" content=\"Agazeta.Net\" \/>\n\t<meta name=\"twitter:label2\" content=\"Est. tempo de leitura\" \/>\n\t<meta name=\"twitter:data2\" content=\"3 minutos\" \/>\n<script type=\"application\/ld+json\" class=\"yoast-schema-graph\">{\"@context\":\"https:\/\/schema.org\",\"@graph\":[{\"@type\":\"WebPage\",\"@id\":\"https:\/\/nk7-testes.com.br\/agazeta\/apos-quatro-meses-morre-quarta-vitima-de-acidente-aereo-ocorrido-em-manoel-urbano\/\",\"url\":\"https:\/\/nk7-testes.com.br\/agazeta\/apos-quatro-meses-morre-quarta-vitima-de-acidente-aereo-ocorrido-em-manoel-urbano\/\",\"name\":\"Ap\u00f3s quatro meses, morre quarta v\u00edtima de acidente a\u00e9reo ocorrido em Manoel Urbano - Agazeta.net\",\"isPartOf\":{\"@id\":\"https:\/\/nk7-testes.com.br\/agazeta\/#website\"},\"primaryImageOfPage\":{\"@id\":\"https:\/\/nk7-testes.com.br\/agazeta\/apos-quatro-meses-morre-quarta-vitima-de-acidente-aereo-ocorrido-em-manoel-urbano\/#primaryimage\"},\"image\":{\"@id\":\"https:\/\/nk7-testes.com.br\/agazeta\/apos-quatro-meses-morre-quarta-vitima-de-acidente-aereo-ocorrido-em-manoel-urbano\/#primaryimage\"},\"thumbnailUrl\":\"https:\/\/nk7-testes.com.br\/agazeta\/wp-content\/uploads\/2024\/07\/34cd08f7-cf4f-4306-a906-fbd079a16067-jpg.webp\",\"datePublished\":\"2024-07-12T14:36:20+00:00\",\"dateModified\":\"2025-09-17T15:56:26+00:00\",\"author\":{\"@id\":\"https:\/\/nk7-testes.com.br\/agazeta\/#\/schema\/person\/6d6e25cb0435eb4a02fd44d30b4e3020\"},\"breadcrumb\":{\"@id\":\"https:\/\/nk7-testes.com.br\/agazeta\/apos-quatro-meses-morre-quarta-vitima-de-acidente-aereo-ocorrido-em-manoel-urbano\/#breadcrumb\"},\"inLanguage\":\"pt-BR\",\"potentialAction\":[{\"@type\":\"ReadAction\",\"target\":[\"https:\/\/nk7-testes.com.br\/agazeta\/apos-quatro-meses-morre-quarta-vitima-de-acidente-aereo-ocorrido-em-manoel-urbano\/\"]}]},{\"@type\":\"ImageObject\",\"inLanguage\":\"pt-BR\",\"@id\":\"https:\/\/nk7-testes.com.br\/agazeta\/apos-quatro-meses-morre-quarta-vitima-de-acidente-aereo-ocorrido-em-manoel-urbano\/#primaryimage\",\"url\":\"https:\/\/nk7-testes.com.br\/agazeta\/wp-content\/uploads\/2024\/07\/34cd08f7-cf4f-4306-a906-fbd079a16067-jpg.webp\",\"contentUrl\":\"https:\/\/nk7-testes.com.br\/agazeta\/wp-content\/uploads\/2024\/07\/34cd08f7-cf4f-4306-a906-fbd079a16067-jpg.webp\",\"width\":800,\"height\":522},{\"@type\":\"BreadcrumbList\",\"@id\":\"https:\/\/nk7-testes.com.br\/agazeta\/apos-quatro-meses-morre-quarta-vitima-de-acidente-aereo-ocorrido-em-manoel-urbano\/#breadcrumb\",\"itemListElement\":[{\"@type\":\"ListItem\",\"position\":1,\"name\":\"In\u00edcio\",\"item\":\"https:\/\/nk7-testes.com.br\/agazeta\/\"},{\"@type\":\"ListItem\",\"position\":2,\"name\":\"Ap\u00f3s quatro meses, morre quarta v\u00edtima de acidente a\u00e9reo ocorrido em Manoel Urbano\"}]},{\"@type\":\"WebSite\",\"@id\":\"https:\/\/nk7-testes.com.br\/agazeta\/#website\",\"url\":\"https:\/\/nk7-testes.com.br\/agazeta\/\",\"name\":\"Agazeta.net\",\"description\":\"Agazeta.net - Not\u00edcias de Rio Branco\/AC\",\"potentialAction\":[{\"@type\":\"SearchAction\",\"target\":{\"@type\":\"EntryPoint\",\"urlTemplate\":\"https:\/\/nk7-testes.com.br\/agazeta\/?s={search_term_string}\"},\"query-input\":{\"@type\":\"PropertyValueSpecification\",\"valueRequired\":true,\"valueName\":\"search_term_string\"}}],\"inLanguage\":\"pt-BR\"},{\"@type\":\"Person\",\"@id\":\"https:\/\/nk7-testes.com.br\/agazeta\/#\/schema\/person\/6d6e25cb0435eb4a02fd44d30b4e3020\",\"name\":\"Agazeta.Net\",\"url\":\"https:\/\/nk7-testes.com.br\/agazeta\/author\/agazeta\/\"}]}<\/script>\n<!-- \/ Yoast SEO plugin. -->","yoast_head_json":{"title":"Ap\u00f3s quatro meses, morre quarta v\u00edtima de acidente a\u00e9reo ocorrido em Manoel Urbano - Agazeta.net","robots":{"index":"index","follow":"follow","max-snippet":"max-snippet:-1","max-image-preview":"max-image-preview:large","max-video-preview":"max-video-preview:-1"},"canonical":"https:\/\/nk7-testes.com.br\/agazeta\/apos-quatro-meses-morre-quarta-vitima-de-acidente-aereo-ocorrido-em-manoel-urbano\/","og_locale":"pt_BR","og_type":"article","og_title":"Ap\u00f3s quatro meses, morre quarta v\u00edtima de acidente a\u00e9reo ocorrido em Manoel Urbano","og_description":"O piloto Valdir Roney de Souza Mendes estava internado em um hospital de Manaus","og_url":"https:\/\/nk7-testes.com.br\/agazeta\/apos-quatro-meses-morre-quarta-vitima-de-acidente-aereo-ocorrido-em-manoel-urbano\/","og_site_name":"Agazeta.net","article_published_time":"2024-07-12T14:36:20+00:00","article_modified_time":"2025-09-17T15:56:26+00:00","og_image":[{"width":800,"height":522,"url":"https:\/\/nk7-testes.com.br\/agazeta\/wp-content\/uploads\/2024\/07\/34cd08f7-cf4f-4306-a906-fbd079a16067-jpg.webp","type":"image\/webp"}],"author":"Agazeta.Net","twitter_card":"summary_large_image","twitter_title":"Ap\u00f3s quatro meses, morre quarta v\u00edtima de acidente a\u00e9reo ocorrido em Manoel Urbano","twitter_description":"O piloto Valdir Roney de Souza Mendes estava internado em um hospital de Manaus","twitter_image":"https:\/\/nk7-testes.com.br\/agazeta\/wp-content\/uploads\/2024\/07\/34cd08f7-cf4f-4306-a906-fbd079a16067-jpg.webp","twitter_misc":{"Escrito por":"Agazeta.Net","Est. tempo de leitura":"3 minutos"},"schema":{"@context":"https:\/\/schema.org","@graph":[{"@type":"WebPage","@id":"https:\/\/nk7-testes.com.br\/agazeta\/apos-quatro-meses-morre-quarta-vitima-de-acidente-aereo-ocorrido-em-manoel-urbano\/","url":"https:\/\/nk7-testes.com.br\/agazeta\/apos-quatro-meses-morre-quarta-vitima-de-acidente-aereo-ocorrido-em-manoel-urbano\/","name":"Ap\u00f3s quatro meses, morre quarta v\u00edtima de acidente a\u00e9reo ocorrido em Manoel Urbano - Agazeta.net","isPartOf":{"@id":"https:\/\/nk7-testes.com.br\/agazeta\/#website"},"primaryImageOfPage":{"@id":"https:\/\/nk7-testes.com.br\/agazeta\/apos-quatro-meses-morre-quarta-vitima-de-acidente-aereo-ocorrido-em-manoel-urbano\/#primaryimage"},"image":{"@id":"https:\/\/nk7-testes.com.br\/agazeta\/apos-quatro-meses-morre-quarta-vitima-de-acidente-aereo-ocorrido-em-manoel-urbano\/#primaryimage"},"thumbnailUrl":"https:\/\/nk7-testes.com.br\/agazeta\/wp-content\/uploads\/2024\/07\/34cd08f7-cf4f-4306-a906-fbd079a16067-jpg.webp","datePublished":"2024-07-12T14:36:20+00:00","dateModified":"2025-09-17T15:56:26+00:00","author":{"@id":"https:\/\/nk7-testes.com.br\/agazeta\/#\/schema\/person\/6d6e25cb0435eb4a02fd44d30b4e3020"},"breadcrumb":{"@id":"https:\/\/nk7-testes.com.br\/agazeta\/apos-quatro-meses-morre-quarta-vitima-de-acidente-aereo-ocorrido-em-manoel-urbano\/#breadcrumb"},"inLanguage":"pt-BR","potentialAction":[{"@type":"ReadAction","target":["https:\/\/nk7-testes.com.br\/agazeta\/apos-quatro-meses-morre-quarta-vitima-de-acidente-aereo-ocorrido-em-manoel-urbano\/"]}]},{"@type":"ImageObject","inLanguage":"pt-BR","@id":"https:\/\/nk7-testes.com.br\/agazeta\/apos-quatro-meses-morre-quarta-vitima-de-acidente-aereo-ocorrido-em-manoel-urbano\/#primaryimage","url":"https:\/\/nk7-testes.com.br\/agazeta\/wp-content\/uploads\/2024\/07\/34cd08f7-cf4f-4306-a906-fbd079a16067-jpg.webp","contentUrl":"https:\/\/nk7-testes.com.br\/agazeta\/wp-content\/uploads\/2024\/07\/34cd08f7-cf4f-4306-a906-fbd079a16067-jpg.webp","width":800,"height":522},{"@type":"BreadcrumbList","@id":"https:\/\/nk7-testes.com.br\/agazeta\/apos-quatro-meses-morre-quarta-vitima-de-acidente-aereo-ocorrido-em-manoel-urbano\/#breadcrumb","itemListElement":[{"@type":"ListItem","position":1,"name":"In\u00edcio","item":"https:\/\/nk7-testes.com.br\/agazeta\/"},{"@type":"ListItem","position":2,"name":"Ap\u00f3s quatro meses, morre quarta v\u00edtima de acidente a\u00e9reo ocorrido em Manoel Urbano"}]},{"@type":"WebSite","@id":"https:\/\/nk7-testes.com.br\/agazeta\/#website","url":"https:\/\/nk7-testes.com.br\/agazeta\/","name":"Agazeta.net","description":"Agazeta.net - Not\u00edcias de Rio Branco\/AC","potentialAction":[{"@type":"SearchAction","target":{"@type":"EntryPoint","urlTemplate":"https:\/\/nk7-testes.com.br\/agazeta\/?s={search_term_string}"},"query-input":{"@type":"PropertyValueSpecification","valueRequired":true,"valueName":"search_term_string"}}],"inLanguage":"pt-BR"},{"@type":"Person","@id":"https:\/\/nk7-testes.com.br\/agazeta\/#\/schema\/person\/6d6e25cb0435eb4a02fd44d30b4e3020","name":"Agazeta.Net","url":"https:\/\/nk7-testes.com.br\/agazeta\/author\/agazeta\/"}]}},"_links":{"self":[{"href":"https:\/\/nk7-testes.com.br\/agazeta\/wp-json\/wp\/v2\/posts\/135644","targetHints":{"allow":["GET"]}}],"collection":[{"href":"https:\/\/nk7-testes.com.br\/agazeta\/wp-json\/wp\/v2\/posts"}],"about":[{"href":"https:\/\/nk7-testes.com.br\/agazeta\/wp-json\/wp\/v2\/types\/post"}],"author":[{"embeddable":true,"href":"https:\/\/nk7-testes.com.br\/agazeta\/wp-json\/wp\/v2\/users\/4"}],"replies":[{"embeddable":true,"href":"https:\/\/nk7-testes.com.br\/agazeta\/wp-json\/wp\/v2\/comments?post=135644"}],"version-history":[{"count":0,"href":"https:\/\/nk7-testes.com.br\/agazeta\/wp-json\/wp\/v2\/posts\/135644\/revisions"}],"wp:featuredmedia":[{"embeddable":true,"href":"https:\/\/nk7-testes.com.br\/agazeta\/wp-json\/wp\/v2\/media\/135648"}],"wp:attachment":[{"href":"https:\/\/nk7-testes.com.br\/agazeta\/wp-json\/wp\/v2\/media?parent=135644"}],"wp:term":[{"taxonomy":"category","embeddable":true,"href":"https:\/\/nk7-testes.com.br\/agazeta\/wp-json\/wp\/v2\/categories?post=135644"},{"taxonomy":"post_tag","embeddable":true,"href":"https:\/\/nk7-testes.com.br\/agazeta\/wp-json\/wp\/v2\/tags?post=135644"}],"curies":[{"name":"wp","href":"https:\/\/api.w.org\/{rel}","templated":true}]}}