{"id":135595,"date":"2024-07-11T13:00:05","date_gmt":"2024-07-11T18:00:05","guid":{"rendered":"https:\/\/nk7-testes.com.br\/agazeta\/?p=135595"},"modified":"2025-09-17T10:56:26","modified_gmt":"2025-09-17T15:56:26","slug":"vereador-de-rio-branco-afirma-que-empresa-ricco-transportes-atrasa-salarios-dos-motoristas-entenda","status":"publish","type":"post","link":"https:\/\/nk7-testes.com.br\/agazeta\/vereador-de-rio-branco-afirma-que-empresa-ricco-transportes-atrasa-salarios-dos-motoristas-entenda\/","title":{"rendered":"Vereador de Rio Branco afirma que empresa Ricco Transportes atrasa sal\u00e1rios dos motoristas; entenda"},"content":{"rendered":"<p style=\"text-align: justify;\">O \u00f4nibus da Ricco Transportes, que foi autuado na segunda-feira (8), no Terminal Central de Rio Branco e removido ao p\u00e1tio do Detran porque estava com os documentos atrasados desde 2022, ainda repercute na C\u00e2mara de Vereadores.<\/p>\n<p style=\"text-align: justify;\">Foram os pr\u00f3prios servidores da Superintend\u00eancia Municipal de Transporte e Tr\u00e2nsito (RBTrans), que fizeram a a\u00e7\u00e3o. Os agentes tamb\u00e9m descobriram que o ve\u00edculo n\u00e3o oferecia seguran\u00e7a aos usu\u00e1rios e que foi pintado na cor azul de forma ilegal, j\u00e1 que no documento do ve\u00edculo consta cor vermelha como predominante. A vereadora Elzinha Mendon\u00e7a (PP) deu entrada em um requerimento pedindo que a prefeitura envie a lista de todos os ve\u00edculos que rodam no sistema, com a rela\u00e7\u00e3o das placas, os referidos documentos de licenciamento e que as informa\u00e7\u00f5es sejam divulgadas no site da prefeitura, para que o usu\u00e1rio possa fiscalizar o servi\u00e7o.<\/p>\n<p style=\"text-align: justify;\">A vereadora Elzinha Mendon\u00e7a ressalta a falta de acessibilidade e a escassez da manuten\u00e7\u00e3o peri\u00f3dica nos transportes p\u00fablicos de Rio Branco: &#8220;O que n\u00f3s temos visto \u00e9 \u00f4nibus quebrar, deixar os estudantes, os trabalhadores no meio da rua, isso \u00e9 corriqueiro acontecer, inclusive a falta dos elevadores para as pessoas cadeirantes, isso \u00e9 lastim\u00e1vel. Eu acredito que n\u00f3s precisamos ter um olhar diferenciado para essa quest\u00e3o&#8221;, comenta.<\/p>\n<p style=\"text-align: justify;\">A RBTrans j\u00e1 sabia que o documento do \u00f4nibus autuado estava atrasado. E o pior, outros ve\u00edculos podem estar na mesma situa\u00e7\u00e3o.<\/p>\n<p style=\"text-align: justify;\">O presidente da mesa diretora da c\u00e2mara, o vereador Raimundo Nen\u00e9m, acusa a empresa Ricco de atrasar os sal\u00e1rios dos motoristas: &#8220;O recurso da prefeitura \u00e9 passado mensalmente e \u00e9 preocupante porque o servidor cria expectativa para pagar suas contas, e o pagamento n\u00e3o est\u00e1 chegando. Segundo o diretor da empresa est\u00e1 com 10 dias de atraso e que essa semana ia regularizar, ent\u00e3o vai para 15 dias de atraso de pagamento, ent\u00e3o \u00e9 preocupante. N\u00f3s estamos cobrando aqui a empresa de \u00f4nibus Ricco que recebe em dia, a prefeitura paga em dia, ent\u00e3o tem que cobrar de quem est\u00e1 devendo&#8221;, ressalta. A Ricco recebeu nos \u00faltimos anos quase 12 milh\u00f5es de reais em subis\u00eddios para que pudessem operar no sistema sem reclamar dos custos.<\/p>\n<p style=\"text-align: justify;\">O l\u00edder do prefeito na c\u00e2mara J\u00f5ao Marcos Luz, negou a crise na RBtrans e disse que n\u00e3o existe sal\u00e1rio atrasado, que o que\u00a0 houve foi um problema t\u00e9cnico na sede da empresa em S\u00e3o Paulo, mas ainda essa semana o dinheiro ser\u00e1 depositado na conta dos trabalhadores: &#8220;\u00c9 fake news, infelizmente, uma informa\u00e7\u00e3o inver\u00eddica. Obviamente teve um atraso de um dia, porque em S\u00e3o Paulo foi feriado e a empresa tem a sua matriz l\u00e1 e com uma quest\u00e3o banc\u00e1ria n\u00e3o teve como fazer o pagamento no dia. N\u00e3o h\u00e1 atraso, quando acontece \u00e9 por quest\u00f5es burocr\u00e1ticas&#8221;, diz.<\/p>\n<p style=\"text-align: justify;\">O requerimento da vereadora Elzinha Mendon\u00e7a entrou na pauta dessa quarta-feira, mas n\u00e3o foi votado, ficando para a sess\u00e3o dessa quinta-feira.<\/p>\n<p><strong><em>Com informa\u00e7\u00f5es do rep\u00f3rter Adailson Oliveira<\/em><\/strong><strong><em>\u00a0para a TV Gazeta<\/em><\/strong><\/p>\n","protected":false},"excerpt":{"rendered":"<p>O \u00f4nibus da Ricco Transportes, que foi autuado na segunda-feira (8), no Terminal Central de Rio Branco e removido ao p\u00e1tio do Detran porque estava com os documentos atrasados desde 2022, ainda repercute na C\u00e2mara de Vereadores. Foram os pr\u00f3prios servidores da Superintend\u00eancia Municipal de Transporte e Tr\u00e2nsito (RBTrans), que fizeram a a\u00e7\u00e3o. Os agentes [&hellip;]<\/p>\n","protected":false},"author":4,"featured_media":135600,"comment_status":"open","ping_status":"open","sticky":false,"template":"","format":"standard","meta":{"jnews-multi-image_gallery":[],"jnews_single_post":{"source_name":"","source_url":"","via_name":"","via_url":"","override_template":"0","override":[{"template":"custom","single_blog_custom":"110746","parallax":"1","fullscreen":"1","layout":"right-sidebar","sidebar":"default-sidebar","second_sidebar":"default-sidebar","sticky_sidebar":"1","share_position":"top","share_float_style":"share-monocrhome","show_share_counter":"1","show_view_counter":"1","show_featured":"1","show_post_meta":"1","show_post_author":"1","show_post_author_image":"1","show_post_date":"1","post_date_format":"default","post_date_format_custom":"Y\/m\/d","show_post_category":"1","show_post_reading_time":"0","post_reading_time_wpm":"300","show_zoom_button":"0","zoom_button_out_step":"2","zoom_button_in_step":"3","show_post_tag":"1","show_prev_next_post":"1","show_popup_post":"1","number_popup_post":"1","show_author_box":"0","show_post_related":"1","show_inline_post_related":"0"}],"override_image_size":"0","image_override":[{"single_post_thumbnail_size":"crop-500","single_post_gallery_size":"crop-500"}],"trending_post":"0","trending_post_position":"meta","trending_post_label":"Trending","sponsored_post":"0","sponsored_post_label":"Sponsored by","sponsored_post_name":"","sponsored_post_url":"","sponsored_post_logo_enable":"0","sponsored_post_logo":"","sponsored_post_desc":"","disable_ad":"0"},"jnews_primary_category":{"id":"","hide":""},"jnews_social_meta":{"fb_title":"","fb_description":"","fb_image":"","twitter_title":"","twitter_description":"","twitter_image":""},"jnews_review":[],"enable_review":"0","type":"percentage","name":"","summary":"","brand":"","sku":"","good":[{"good_text":""}],"bad":[{"bad_text":""}],"score_override":"0","override_value":"","rating":[{"rating_text":"","rating_number":"10"}],"price":[{"shop":"","price":"","link":"","icon":""}],"footnotes":""},"categories":[54],"tags":[],"class_list":["post-135595","post","type-post","status-publish","format-standard","has-post-thumbnail","hentry","category-cotidiano"],"yoast_head":"<!-- This site is optimized with the Yoast SEO plugin v26.5 - https:\/\/yoast.com\/wordpress\/plugins\/seo\/ -->\n<title>Vereador de Rio Branco afirma que empresa Ricco Transportes atrasa sal\u00e1rios dos motoristas; entenda - Agazeta.net<\/title>\n<meta name=\"robots\" content=\"index, follow, max-snippet:-1, max-image-preview:large, max-video-preview:-1\" \/>\n<link rel=\"canonical\" href=\"https:\/\/nk7-testes.com.br\/agazeta\/vereador-de-rio-branco-afirma-que-empresa-ricco-transportes-atrasa-salarios-dos-motoristas-entenda\/\" \/>\n<meta property=\"og:locale\" content=\"pt_BR\" \/>\n<meta property=\"og:type\" content=\"article\" \/>\n<meta property=\"og:title\" content=\"Vereador de Rio Branco afirma que empresa Ricco Transportes atrasa sal\u00e1rios dos motoristas; entenda\" \/>\n<meta property=\"og:description\" content=\"\u00d4nibus que foi autuado na segunda-feira (8), ainda repercute na C\u00e2mara de Vereadores\" \/>\n<meta property=\"og:url\" content=\"https:\/\/nk7-testes.com.br\/agazeta\/vereador-de-rio-branco-afirma-que-empresa-ricco-transportes-atrasa-salarios-dos-motoristas-entenda\/\" \/>\n<meta property=\"og:site_name\" content=\"Agazeta.net\" \/>\n<meta property=\"article:published_time\" content=\"2024-07-11T18:00:05+00:00\" \/>\n<meta property=\"article:modified_time\" content=\"2025-09-17T15:56:26+00:00\" \/>\n<meta property=\"og:image\" content=\"https:\/\/nk7-testes.com.br\/agazeta\/wp-content\/uploads\/2024\/07\/WhatsApp-Image-2024-07-11-at-12.46.32-PM-jpeg.webp\" \/>\n\t<meta property=\"og:image:width\" content=\"800\" \/>\n\t<meta property=\"og:image:height\" content=\"400\" \/>\n\t<meta property=\"og:image:type\" content=\"image\/webp\" \/>\n<meta name=\"author\" content=\"Agazeta.Net\" \/>\n<meta name=\"twitter:card\" content=\"summary_large_image\" \/>\n<meta name=\"twitter:label1\" content=\"Escrito por\" \/>\n\t<meta name=\"twitter:data1\" content=\"Agazeta.Net\" \/>\n\t<meta name=\"twitter:label2\" content=\"Est. tempo de leitura\" \/>\n\t<meta name=\"twitter:data2\" content=\"3 minutos\" \/>\n<script type=\"application\/ld+json\" class=\"yoast-schema-graph\">{\"@context\":\"https:\/\/schema.org\",\"@graph\":[{\"@type\":\"WebPage\",\"@id\":\"https:\/\/nk7-testes.com.br\/agazeta\/vereador-de-rio-branco-afirma-que-empresa-ricco-transportes-atrasa-salarios-dos-motoristas-entenda\/\",\"url\":\"https:\/\/nk7-testes.com.br\/agazeta\/vereador-de-rio-branco-afirma-que-empresa-ricco-transportes-atrasa-salarios-dos-motoristas-entenda\/\",\"name\":\"Vereador de Rio Branco afirma que empresa Ricco Transportes atrasa sal\u00e1rios dos motoristas; entenda - Agazeta.net\",\"isPartOf\":{\"@id\":\"https:\/\/nk7-testes.com.br\/agazeta\/#website\"},\"primaryImageOfPage\":{\"@id\":\"https:\/\/nk7-testes.com.br\/agazeta\/vereador-de-rio-branco-afirma-que-empresa-ricco-transportes-atrasa-salarios-dos-motoristas-entenda\/#primaryimage\"},\"image\":{\"@id\":\"https:\/\/nk7-testes.com.br\/agazeta\/vereador-de-rio-branco-afirma-que-empresa-ricco-transportes-atrasa-salarios-dos-motoristas-entenda\/#primaryimage\"},\"thumbnailUrl\":\"https:\/\/nk7-testes.com.br\/agazeta\/wp-content\/uploads\/2024\/07\/WhatsApp-Image-2024-07-11-at-12.46.32-PM-jpeg.webp\",\"datePublished\":\"2024-07-11T18:00:05+00:00\",\"dateModified\":\"2025-09-17T15:56:26+00:00\",\"author\":{\"@id\":\"https:\/\/nk7-testes.com.br\/agazeta\/#\/schema\/person\/6d6e25cb0435eb4a02fd44d30b4e3020\"},\"breadcrumb\":{\"@id\":\"https:\/\/nk7-testes.com.br\/agazeta\/vereador-de-rio-branco-afirma-que-empresa-ricco-transportes-atrasa-salarios-dos-motoristas-entenda\/#breadcrumb\"},\"inLanguage\":\"pt-BR\",\"potentialAction\":[{\"@type\":\"ReadAction\",\"target\":[\"https:\/\/nk7-testes.com.br\/agazeta\/vereador-de-rio-branco-afirma-que-empresa-ricco-transportes-atrasa-salarios-dos-motoristas-entenda\/\"]}]},{\"@type\":\"ImageObject\",\"inLanguage\":\"pt-BR\",\"@id\":\"https:\/\/nk7-testes.com.br\/agazeta\/vereador-de-rio-branco-afirma-que-empresa-ricco-transportes-atrasa-salarios-dos-motoristas-entenda\/#primaryimage\",\"url\":\"https:\/\/nk7-testes.com.br\/agazeta\/wp-content\/uploads\/2024\/07\/WhatsApp-Image-2024-07-11-at-12.46.32-PM-jpeg.webp\",\"contentUrl\":\"https:\/\/nk7-testes.com.br\/agazeta\/wp-content\/uploads\/2024\/07\/WhatsApp-Image-2024-07-11-at-12.46.32-PM-jpeg.webp\",\"width\":800,\"height\":400},{\"@type\":\"BreadcrumbList\",\"@id\":\"https:\/\/nk7-testes.com.br\/agazeta\/vereador-de-rio-branco-afirma-que-empresa-ricco-transportes-atrasa-salarios-dos-motoristas-entenda\/#breadcrumb\",\"itemListElement\":[{\"@type\":\"ListItem\",\"position\":1,\"name\":\"In\u00edcio\",\"item\":\"https:\/\/nk7-testes.com.br\/agazeta\/\"},{\"@type\":\"ListItem\",\"position\":2,\"name\":\"Vereador de Rio Branco afirma que empresa Ricco Transportes atrasa sal\u00e1rios dos motoristas; entenda\"}]},{\"@type\":\"WebSite\",\"@id\":\"https:\/\/nk7-testes.com.br\/agazeta\/#website\",\"url\":\"https:\/\/nk7-testes.com.br\/agazeta\/\",\"name\":\"Agazeta.net\",\"description\":\"Agazeta.net - Not\u00edcias de Rio Branco\/AC\",\"potentialAction\":[{\"@type\":\"SearchAction\",\"target\":{\"@type\":\"EntryPoint\",\"urlTemplate\":\"https:\/\/nk7-testes.com.br\/agazeta\/?s={search_term_string}\"},\"query-input\":{\"@type\":\"PropertyValueSpecification\",\"valueRequired\":true,\"valueName\":\"search_term_string\"}}],\"inLanguage\":\"pt-BR\"},{\"@type\":\"Person\",\"@id\":\"https:\/\/nk7-testes.com.br\/agazeta\/#\/schema\/person\/6d6e25cb0435eb4a02fd44d30b4e3020\",\"name\":\"Agazeta.Net\",\"url\":\"https:\/\/nk7-testes.com.br\/agazeta\/author\/agazeta\/\"}]}<\/script>\n<!-- \/ Yoast SEO plugin. -->","yoast_head_json":{"title":"Vereador de Rio Branco afirma que empresa Ricco Transportes atrasa sal\u00e1rios dos motoristas; entenda - Agazeta.net","robots":{"index":"index","follow":"follow","max-snippet":"max-snippet:-1","max-image-preview":"max-image-preview:large","max-video-preview":"max-video-preview:-1"},"canonical":"https:\/\/nk7-testes.com.br\/agazeta\/vereador-de-rio-branco-afirma-que-empresa-ricco-transportes-atrasa-salarios-dos-motoristas-entenda\/","og_locale":"pt_BR","og_type":"article","og_title":"Vereador de Rio Branco afirma que empresa Ricco Transportes atrasa sal\u00e1rios dos motoristas; entenda","og_description":"\u00d4nibus que foi autuado na segunda-feira (8), ainda repercute na C\u00e2mara de Vereadores","og_url":"https:\/\/nk7-testes.com.br\/agazeta\/vereador-de-rio-branco-afirma-que-empresa-ricco-transportes-atrasa-salarios-dos-motoristas-entenda\/","og_site_name":"Agazeta.net","article_published_time":"2024-07-11T18:00:05+00:00","article_modified_time":"2025-09-17T15:56:26+00:00","og_image":[{"width":800,"height":400,"url":"https:\/\/nk7-testes.com.br\/agazeta\/wp-content\/uploads\/2024\/07\/WhatsApp-Image-2024-07-11-at-12.46.32-PM-jpeg.webp","type":"image\/webp"}],"author":"Agazeta.Net","twitter_card":"summary_large_image","twitter_misc":{"Escrito por":"Agazeta.Net","Est. tempo de leitura":"3 minutos"},"schema":{"@context":"https:\/\/schema.org","@graph":[{"@type":"WebPage","@id":"https:\/\/nk7-testes.com.br\/agazeta\/vereador-de-rio-branco-afirma-que-empresa-ricco-transportes-atrasa-salarios-dos-motoristas-entenda\/","url":"https:\/\/nk7-testes.com.br\/agazeta\/vereador-de-rio-branco-afirma-que-empresa-ricco-transportes-atrasa-salarios-dos-motoristas-entenda\/","name":"Vereador de Rio Branco afirma que empresa Ricco Transportes atrasa sal\u00e1rios dos motoristas; entenda - Agazeta.net","isPartOf":{"@id":"https:\/\/nk7-testes.com.br\/agazeta\/#website"},"primaryImageOfPage":{"@id":"https:\/\/nk7-testes.com.br\/agazeta\/vereador-de-rio-branco-afirma-que-empresa-ricco-transportes-atrasa-salarios-dos-motoristas-entenda\/#primaryimage"},"image":{"@id":"https:\/\/nk7-testes.com.br\/agazeta\/vereador-de-rio-branco-afirma-que-empresa-ricco-transportes-atrasa-salarios-dos-motoristas-entenda\/#primaryimage"},"thumbnailUrl":"https:\/\/nk7-testes.com.br\/agazeta\/wp-content\/uploads\/2024\/07\/WhatsApp-Image-2024-07-11-at-12.46.32-PM-jpeg.webp","datePublished":"2024-07-11T18:00:05+00:00","dateModified":"2025-09-17T15:56:26+00:00","author":{"@id":"https:\/\/nk7-testes.com.br\/agazeta\/#\/schema\/person\/6d6e25cb0435eb4a02fd44d30b4e3020"},"breadcrumb":{"@id":"https:\/\/nk7-testes.com.br\/agazeta\/vereador-de-rio-branco-afirma-que-empresa-ricco-transportes-atrasa-salarios-dos-motoristas-entenda\/#breadcrumb"},"inLanguage":"pt-BR","potentialAction":[{"@type":"ReadAction","target":["https:\/\/nk7-testes.com.br\/agazeta\/vereador-de-rio-branco-afirma-que-empresa-ricco-transportes-atrasa-salarios-dos-motoristas-entenda\/"]}]},{"@type":"ImageObject","inLanguage":"pt-BR","@id":"https:\/\/nk7-testes.com.br\/agazeta\/vereador-de-rio-branco-afirma-que-empresa-ricco-transportes-atrasa-salarios-dos-motoristas-entenda\/#primaryimage","url":"https:\/\/nk7-testes.com.br\/agazeta\/wp-content\/uploads\/2024\/07\/WhatsApp-Image-2024-07-11-at-12.46.32-PM-jpeg.webp","contentUrl":"https:\/\/nk7-testes.com.br\/agazeta\/wp-content\/uploads\/2024\/07\/WhatsApp-Image-2024-07-11-at-12.46.32-PM-jpeg.webp","width":800,"height":400},{"@type":"BreadcrumbList","@id":"https:\/\/nk7-testes.com.br\/agazeta\/vereador-de-rio-branco-afirma-que-empresa-ricco-transportes-atrasa-salarios-dos-motoristas-entenda\/#breadcrumb","itemListElement":[{"@type":"ListItem","position":1,"name":"In\u00edcio","item":"https:\/\/nk7-testes.com.br\/agazeta\/"},{"@type":"ListItem","position":2,"name":"Vereador de Rio Branco afirma que empresa Ricco Transportes atrasa sal\u00e1rios dos motoristas; entenda"}]},{"@type":"WebSite","@id":"https:\/\/nk7-testes.com.br\/agazeta\/#website","url":"https:\/\/nk7-testes.com.br\/agazeta\/","name":"Agazeta.net","description":"Agazeta.net - Not\u00edcias de Rio Branco\/AC","potentialAction":[{"@type":"SearchAction","target":{"@type":"EntryPoint","urlTemplate":"https:\/\/nk7-testes.com.br\/agazeta\/?s={search_term_string}"},"query-input":{"@type":"PropertyValueSpecification","valueRequired":true,"valueName":"search_term_string"}}],"inLanguage":"pt-BR"},{"@type":"Person","@id":"https:\/\/nk7-testes.com.br\/agazeta\/#\/schema\/person\/6d6e25cb0435eb4a02fd44d30b4e3020","name":"Agazeta.Net","url":"https:\/\/nk7-testes.com.br\/agazeta\/author\/agazeta\/"}]}},"_links":{"self":[{"href":"https:\/\/nk7-testes.com.br\/agazeta\/wp-json\/wp\/v2\/posts\/135595","targetHints":{"allow":["GET"]}}],"collection":[{"href":"https:\/\/nk7-testes.com.br\/agazeta\/wp-json\/wp\/v2\/posts"}],"about":[{"href":"https:\/\/nk7-testes.com.br\/agazeta\/wp-json\/wp\/v2\/types\/post"}],"author":[{"embeddable":true,"href":"https:\/\/nk7-testes.com.br\/agazeta\/wp-json\/wp\/v2\/users\/4"}],"replies":[{"embeddable":true,"href":"https:\/\/nk7-testes.com.br\/agazeta\/wp-json\/wp\/v2\/comments?post=135595"}],"version-history":[{"count":0,"href":"https:\/\/nk7-testes.com.br\/agazeta\/wp-json\/wp\/v2\/posts\/135595\/revisions"}],"wp:featuredmedia":[{"embeddable":true,"href":"https:\/\/nk7-testes.com.br\/agazeta\/wp-json\/wp\/v2\/media\/135600"}],"wp:attachment":[{"href":"https:\/\/nk7-testes.com.br\/agazeta\/wp-json\/wp\/v2\/media?parent=135595"}],"wp:term":[{"taxonomy":"category","embeddable":true,"href":"https:\/\/nk7-testes.com.br\/agazeta\/wp-json\/wp\/v2\/categories?post=135595"},{"taxonomy":"post_tag","embeddable":true,"href":"https:\/\/nk7-testes.com.br\/agazeta\/wp-json\/wp\/v2\/tags?post=135595"}],"curies":[{"name":"wp","href":"https:\/\/api.w.org\/{rel}","templated":true}]}}