{"id":135545,"date":"2024-07-10T13:38:19","date_gmt":"2024-07-10T18:38:19","guid":{"rendered":"https:\/\/nk7-testes.com.br\/agazeta\/?p=135545"},"modified":"2025-09-17T10:56:26","modified_gmt":"2025-09-17T15:56:26","slug":"paralisacao-da-unica-estacao-de-tratamento-de-esgoto-causa-problemas-ambientais-e-de-saude-publica-em-rio-branco","status":"publish","type":"post","link":"https:\/\/nk7-testes.com.br\/agazeta\/paralisacao-da-unica-estacao-de-tratamento-de-esgoto-causa-problemas-ambientais-e-de-saude-publica-em-rio-branco\/","title":{"rendered":"Paralisa\u00e7\u00e3o da \u00fanica esta\u00e7\u00e3o de tratamento de esgoto causa problemas ambientais e de sa\u00fade p\u00fablica em Rio Branco"},"content":{"rendered":"<p style=\"text-align: justify;\"><span style=\"font-weight: 400;\">A cidade de Rio Branco enfrenta uma grave crise ambiental e de sa\u00fade p\u00fablica devido \u00e0 paralisa\u00e7\u00e3o da \u00fanica esta\u00e7\u00e3o de tratamento de esgoto da capital, a ET S\u00e3o Francisco. Esta esta\u00e7\u00e3o, que operava com apenas 40% de sua capacidade, agora est\u00e1 completamente inativa h\u00e1 uma semana, resultando no despejo direto de esgoto n\u00e3o tratado no meio ambiente.<\/span><\/p>\n<p style=\"text-align: justify;\"><span style=\"font-weight: 400;\">Segundo o Sindicato dos Servidores do Saerbe, a paralisa\u00e7\u00e3o ocorreu devido a danos na bomba da ET S\u00e3o Francisco, deixando todo o sistema de tratamento da empresa sem opera\u00e7\u00e3o. Marcelo Juc\u00e1, presidente do sindicato, denunciou a situa\u00e7\u00e3o como um &#8220;crime ambiental&#8221; que coloca em risco n\u00e3o apenas a sa\u00fade da popula\u00e7\u00e3o, mas tamb\u00e9m os trabalhadores e o meio ambiente local.<\/span><\/p>\n<p style=\"text-align: justify;\"><span style=\"font-weight: 400;\">Atualmente, apenas metade dos detritos da cidade \u00e9 coletada pela rede de esgoto, dos quais apenas 8% recebem tratamento adequado. O restante acaba nos igarap\u00e9s, no Rio Acre e no len\u00e7ol fre\u00e1tico, a principal fonte de \u00e1gua para milhares de resid\u00eancias.<\/span><\/p>\n<p style=\"text-align: justify;\"><span style=\"font-weight: 400;\">A cidade possui mais de 40 esta\u00e7\u00f5es de tratamento compactas, adquiridas entre 2006 e 2010 por mais de 30 milh\u00f5es de reais. No entanto, a maioria dessas esta\u00e7\u00f5es nunca funcionou devido a furtos de materiais, principalmente el\u00e9tricos. Das 75 esta\u00e7\u00f5es elevat\u00f3rias destinadas a transportar o esgoto at\u00e9 as esta\u00e7\u00f5es de tratamento, apenas tr\u00eas est\u00e3o operacionais.<\/span><\/p>\n<p style=\"text-align: justify;\"><span style=\"font-weight: 400;\">Enoque Pereira, presidente do Saerb, afirmou que a gest\u00e3o tem buscado recursos estaduais e federais para melhorar o sistema de tratamento de esgoto em Rio Branco, mas reconhece os desafios significativos de infraestrutura e financiamento.<\/span><\/p>\n<p style=\"text-align: justify;\"><span style=\"font-weight: 400;\">Al\u00e9m da ET S\u00e3o Francisco, outras importantes instala\u00e7\u00f5es de tratamento de esgoto, como a esta\u00e7\u00e3o na estrada de Porto Acre e a da Conquista, est\u00e3o paralisadas h\u00e1 anos, apesar de promessas de reforma por parte das autoridades municipais e estaduais desde 2022.<\/span><\/p>\n<p style=\"text-align: justify;\"><span style=\"font-weight: 400;\">Com tantos pontos de esgoto a c\u00e9u aberto e despejos nos corpos d&#8217;\u00e1gua locais, n\u00e3o \u00e9 surpresa que as unidades de sa\u00fade de Rio Branco estejam constantemente sobrecarregadas. A falta de tratamento adequado de esgoto n\u00e3o s\u00f3 prejudica o meio ambiente, mas tamb\u00e9m representa um s\u00e9rio risco \u00e0 sa\u00fade p\u00fablica, aumentando o n\u00famero de doen\u00e7as e impactando negativamente a qualidade de vida dos residentes.<\/span><\/p>\n<p style=\"text-align: justify;\"><span style=\"font-weight: 400;\">Diante desse cen\u00e1rio, a popula\u00e7\u00e3o aguarda medidas urgentes das autoridades competentes para resolver essa crise que afeta diretamente a sa\u00fade e o bem-estar de todos os cidad\u00e3os de Rio Branco.<\/span><\/p>\n<p><em>Mat\u00e9ria me v\u00eddeo produzida pelo rep\u00f3rter Adailson Oliveira para TV Gazeta.<\/em><\/p>\n","protected":false},"excerpt":{"rendered":"<p>A cidade de Rio Branco enfrenta uma grave crise ambiental e de sa\u00fade p\u00fablica devido \u00e0 paralisa\u00e7\u00e3o da \u00fanica esta\u00e7\u00e3o de tratamento de esgoto da capital, a ET S\u00e3o Francisco. Esta esta\u00e7\u00e3o, que operava com apenas 40% de sua capacidade, agora est\u00e1 completamente inativa h\u00e1 uma semana, resultando no despejo direto de esgoto n\u00e3o tratado [&hellip;]<\/p>\n","protected":false},"author":4,"featured_media":135546,"comment_status":"open","ping_status":"open","sticky":false,"template":"","format":"standard","meta":{"jnews-multi-image_gallery":[],"jnews_single_post":{"source_name":"","source_url":"","via_name":"","via_url":"","override_template":"0","override":[{"template":"custom","single_blog_custom":"110746","parallax":"1","fullscreen":"1","layout":"right-sidebar","sidebar":"default-sidebar","second_sidebar":"default-sidebar","sticky_sidebar":"1","share_position":"top","share_float_style":"share-monocrhome","show_share_counter":"1","show_view_counter":"1","show_featured":"1","show_post_meta":"1","show_post_author":"1","show_post_author_image":"1","show_post_date":"1","post_date_format":"default","post_date_format_custom":"Y\/m\/d","show_post_category":"1","show_post_reading_time":"0","post_reading_time_wpm":"300","show_zoom_button":"0","zoom_button_out_step":"2","zoom_button_in_step":"3","show_post_tag":"1","show_prev_next_post":"1","show_popup_post":"1","number_popup_post":"1","show_author_box":"0","show_post_related":"1","show_inline_post_related":"0"}],"override_image_size":"0","image_override":[{"single_post_thumbnail_size":"crop-500","single_post_gallery_size":"crop-500"}],"trending_post":"0","trending_post_position":"meta","trending_post_label":"Trending","sponsored_post":"0","sponsored_post_label":"Sponsored by","sponsored_post_name":"","sponsored_post_url":"","sponsored_post_logo_enable":"0","sponsored_post_logo":"","sponsored_post_desc":"","disable_ad":"0"},"jnews_primary_category":{"id":"","hide":""},"jnews_social_meta":{"fb_title":"","fb_description":"","fb_image":"","twitter_title":"","twitter_description":"","twitter_image":""},"jnews_review":[],"enable_review":"0","type":"percentage","name":"","summary":"","brand":"","sku":"","good":[{"good_text":""}],"bad":[{"bad_text":""}],"score_override":"0","override_value":"","rating":[{"rating_text":"","rating_number":"10"}],"price":[{"shop":"","price":"","link":"","icon":""}],"footnotes":""},"categories":[54],"tags":[],"class_list":["post-135545","post","type-post","status-publish","format-standard","has-post-thumbnail","hentry","category-cotidiano"],"yoast_head":"<!-- This site is optimized with the Yoast SEO plugin v26.5 - https:\/\/yoast.com\/wordpress\/plugins\/seo\/ -->\n<title>Paralisa\u00e7\u00e3o da \u00fanica esta\u00e7\u00e3o de tratamento de esgoto causa problemas ambientais e de sa\u00fade p\u00fablica em Rio Branco - Agazeta.net<\/title>\n<meta name=\"robots\" content=\"index, follow, max-snippet:-1, max-image-preview:large, max-video-preview:-1\" \/>\n<link rel=\"canonical\" href=\"https:\/\/nk7-testes.com.br\/agazeta\/paralisacao-da-unica-estacao-de-tratamento-de-esgoto-causa-problemas-ambientais-e-de-saude-publica-em-rio-branco\/\" \/>\n<meta property=\"og:locale\" content=\"pt_BR\" \/>\n<meta property=\"og:type\" content=\"article\" \/>\n<meta property=\"og:title\" content=\"Paralisa\u00e7\u00e3o da \u00fanica esta\u00e7\u00e3o de tratamento de esgoto causa problemas ambientais e de sa\u00fade p\u00fablica em Rio Branco\" \/>\n<meta property=\"og:description\" content=\"Atualmente, apenas metade dos detritos da cidade \u00e9 coletada pela rede de esgoto, dos quais apenas 8% recebem tratamento adequado\" \/>\n<meta property=\"og:url\" content=\"https:\/\/nk7-testes.com.br\/agazeta\/paralisacao-da-unica-estacao-de-tratamento-de-esgoto-causa-problemas-ambientais-e-de-saude-publica-em-rio-branco\/\" \/>\n<meta property=\"og:site_name\" content=\"Agazeta.net\" \/>\n<meta property=\"article:published_time\" content=\"2024-07-10T18:38:19+00:00\" \/>\n<meta property=\"article:modified_time\" content=\"2025-09-17T15:56:26+00:00\" \/>\n<meta property=\"og:image\" content=\"https:\/\/nk7-testes.com.br\/agazeta\/wp-content\/uploads\/2024\/07\/20190417_083356-jpg.webp\" \/>\n\t<meta property=\"og:image:width\" content=\"680\" \/>\n\t<meta property=\"og:image:height\" content=\"510\" \/>\n\t<meta property=\"og:image:type\" content=\"image\/webp\" \/>\n<meta name=\"author\" content=\"Agazeta.Net\" \/>\n<meta name=\"twitter:card\" content=\"summary_large_image\" \/>\n<meta name=\"twitter:title\" content=\"Paralisa\u00e7\u00e3o da \u00fanica esta\u00e7\u00e3o de tratamento de esgoto causa problemas ambientais e de sa\u00fade p\u00fablica em Rio Branco\" \/>\n<meta name=\"twitter:description\" content=\"Atualmente, apenas metade dos detritos da cidade \u00e9 coletada pela rede de esgoto, dos quais apenas 8% recebem tratamento adequado\" \/>\n<meta name=\"twitter:image\" content=\"https:\/\/nk7-testes.com.br\/agazeta\/wp-content\/uploads\/2024\/07\/20190417_083356-jpg.webp\" \/>\n<meta name=\"twitter:label1\" content=\"Escrito por\" \/>\n\t<meta name=\"twitter:data1\" content=\"Agazeta.Net\" \/>\n\t<meta name=\"twitter:label2\" content=\"Est. tempo de leitura\" \/>\n\t<meta name=\"twitter:data2\" content=\"2 minutos\" \/>\n<script type=\"application\/ld+json\" class=\"yoast-schema-graph\">{\"@context\":\"https:\/\/schema.org\",\"@graph\":[{\"@type\":\"WebPage\",\"@id\":\"https:\/\/nk7-testes.com.br\/agazeta\/paralisacao-da-unica-estacao-de-tratamento-de-esgoto-causa-problemas-ambientais-e-de-saude-publica-em-rio-branco\/\",\"url\":\"https:\/\/nk7-testes.com.br\/agazeta\/paralisacao-da-unica-estacao-de-tratamento-de-esgoto-causa-problemas-ambientais-e-de-saude-publica-em-rio-branco\/\",\"name\":\"Paralisa\u00e7\u00e3o da \u00fanica esta\u00e7\u00e3o de tratamento de esgoto causa problemas ambientais e de sa\u00fade p\u00fablica em Rio Branco - Agazeta.net\",\"isPartOf\":{\"@id\":\"https:\/\/nk7-testes.com.br\/agazeta\/#website\"},\"primaryImageOfPage\":{\"@id\":\"https:\/\/nk7-testes.com.br\/agazeta\/paralisacao-da-unica-estacao-de-tratamento-de-esgoto-causa-problemas-ambientais-e-de-saude-publica-em-rio-branco\/#primaryimage\"},\"image\":{\"@id\":\"https:\/\/nk7-testes.com.br\/agazeta\/paralisacao-da-unica-estacao-de-tratamento-de-esgoto-causa-problemas-ambientais-e-de-saude-publica-em-rio-branco\/#primaryimage\"},\"thumbnailUrl\":\"https:\/\/nk7-testes.com.br\/agazeta\/wp-content\/uploads\/2024\/07\/20190417_083356-jpg.webp\",\"datePublished\":\"2024-07-10T18:38:19+00:00\",\"dateModified\":\"2025-09-17T15:56:26+00:00\",\"author\":{\"@id\":\"https:\/\/nk7-testes.com.br\/agazeta\/#\/schema\/person\/6d6e25cb0435eb4a02fd44d30b4e3020\"},\"breadcrumb\":{\"@id\":\"https:\/\/nk7-testes.com.br\/agazeta\/paralisacao-da-unica-estacao-de-tratamento-de-esgoto-causa-problemas-ambientais-e-de-saude-publica-em-rio-branco\/#breadcrumb\"},\"inLanguage\":\"pt-BR\",\"potentialAction\":[{\"@type\":\"ReadAction\",\"target\":[\"https:\/\/nk7-testes.com.br\/agazeta\/paralisacao-da-unica-estacao-de-tratamento-de-esgoto-causa-problemas-ambientais-e-de-saude-publica-em-rio-branco\/\"]}]},{\"@type\":\"ImageObject\",\"inLanguage\":\"pt-BR\",\"@id\":\"https:\/\/nk7-testes.com.br\/agazeta\/paralisacao-da-unica-estacao-de-tratamento-de-esgoto-causa-problemas-ambientais-e-de-saude-publica-em-rio-branco\/#primaryimage\",\"url\":\"https:\/\/nk7-testes.com.br\/agazeta\/wp-content\/uploads\/2024\/07\/20190417_083356-jpg.webp\",\"contentUrl\":\"https:\/\/nk7-testes.com.br\/agazeta\/wp-content\/uploads\/2024\/07\/20190417_083356-jpg.webp\",\"width\":680,\"height\":510,\"caption\":\"Imagem: \u00cdtalo Oliveira\"},{\"@type\":\"BreadcrumbList\",\"@id\":\"https:\/\/nk7-testes.com.br\/agazeta\/paralisacao-da-unica-estacao-de-tratamento-de-esgoto-causa-problemas-ambientais-e-de-saude-publica-em-rio-branco\/#breadcrumb\",\"itemListElement\":[{\"@type\":\"ListItem\",\"position\":1,\"name\":\"In\u00edcio\",\"item\":\"https:\/\/nk7-testes.com.br\/agazeta\/\"},{\"@type\":\"ListItem\",\"position\":2,\"name\":\"Paralisa\u00e7\u00e3o da \u00fanica esta\u00e7\u00e3o de tratamento de esgoto causa problemas ambientais e de sa\u00fade p\u00fablica em Rio Branco\"}]},{\"@type\":\"WebSite\",\"@id\":\"https:\/\/nk7-testes.com.br\/agazeta\/#website\",\"url\":\"https:\/\/nk7-testes.com.br\/agazeta\/\",\"name\":\"Agazeta.net\",\"description\":\"Agazeta.net - Not\u00edcias de Rio Branco\/AC\",\"potentialAction\":[{\"@type\":\"SearchAction\",\"target\":{\"@type\":\"EntryPoint\",\"urlTemplate\":\"https:\/\/nk7-testes.com.br\/agazeta\/?s={search_term_string}\"},\"query-input\":{\"@type\":\"PropertyValueSpecification\",\"valueRequired\":true,\"valueName\":\"search_term_string\"}}],\"inLanguage\":\"pt-BR\"},{\"@type\":\"Person\",\"@id\":\"https:\/\/nk7-testes.com.br\/agazeta\/#\/schema\/person\/6d6e25cb0435eb4a02fd44d30b4e3020\",\"name\":\"Agazeta.Net\",\"url\":\"https:\/\/nk7-testes.com.br\/agazeta\/author\/agazeta\/\"}]}<\/script>\n<!-- \/ Yoast SEO plugin. -->","yoast_head_json":{"title":"Paralisa\u00e7\u00e3o da \u00fanica esta\u00e7\u00e3o de tratamento de esgoto causa problemas ambientais e de sa\u00fade p\u00fablica em Rio Branco - Agazeta.net","robots":{"index":"index","follow":"follow","max-snippet":"max-snippet:-1","max-image-preview":"max-image-preview:large","max-video-preview":"max-video-preview:-1"},"canonical":"https:\/\/nk7-testes.com.br\/agazeta\/paralisacao-da-unica-estacao-de-tratamento-de-esgoto-causa-problemas-ambientais-e-de-saude-publica-em-rio-branco\/","og_locale":"pt_BR","og_type":"article","og_title":"Paralisa\u00e7\u00e3o da \u00fanica esta\u00e7\u00e3o de tratamento de esgoto causa problemas ambientais e de sa\u00fade p\u00fablica em Rio Branco","og_description":"Atualmente, apenas metade dos detritos da cidade \u00e9 coletada pela rede de esgoto, dos quais apenas 8% recebem tratamento adequado","og_url":"https:\/\/nk7-testes.com.br\/agazeta\/paralisacao-da-unica-estacao-de-tratamento-de-esgoto-causa-problemas-ambientais-e-de-saude-publica-em-rio-branco\/","og_site_name":"Agazeta.net","article_published_time":"2024-07-10T18:38:19+00:00","article_modified_time":"2025-09-17T15:56:26+00:00","og_image":[{"width":680,"height":510,"url":"https:\/\/nk7-testes.com.br\/agazeta\/wp-content\/uploads\/2024\/07\/20190417_083356-jpg.webp","type":"image\/webp"}],"author":"Agazeta.Net","twitter_card":"summary_large_image","twitter_title":"Paralisa\u00e7\u00e3o da \u00fanica esta\u00e7\u00e3o de tratamento de esgoto causa problemas ambientais e de sa\u00fade p\u00fablica em Rio Branco","twitter_description":"Atualmente, apenas metade dos detritos da cidade \u00e9 coletada pela rede de esgoto, dos quais apenas 8% recebem tratamento adequado","twitter_image":"https:\/\/nk7-testes.com.br\/agazeta\/wp-content\/uploads\/2024\/07\/20190417_083356-jpg.webp","twitter_misc":{"Escrito por":"Agazeta.Net","Est. tempo de leitura":"2 minutos"},"schema":{"@context":"https:\/\/schema.org","@graph":[{"@type":"WebPage","@id":"https:\/\/nk7-testes.com.br\/agazeta\/paralisacao-da-unica-estacao-de-tratamento-de-esgoto-causa-problemas-ambientais-e-de-saude-publica-em-rio-branco\/","url":"https:\/\/nk7-testes.com.br\/agazeta\/paralisacao-da-unica-estacao-de-tratamento-de-esgoto-causa-problemas-ambientais-e-de-saude-publica-em-rio-branco\/","name":"Paralisa\u00e7\u00e3o da \u00fanica esta\u00e7\u00e3o de tratamento de esgoto causa problemas ambientais e de sa\u00fade p\u00fablica em Rio Branco - Agazeta.net","isPartOf":{"@id":"https:\/\/nk7-testes.com.br\/agazeta\/#website"},"primaryImageOfPage":{"@id":"https:\/\/nk7-testes.com.br\/agazeta\/paralisacao-da-unica-estacao-de-tratamento-de-esgoto-causa-problemas-ambientais-e-de-saude-publica-em-rio-branco\/#primaryimage"},"image":{"@id":"https:\/\/nk7-testes.com.br\/agazeta\/paralisacao-da-unica-estacao-de-tratamento-de-esgoto-causa-problemas-ambientais-e-de-saude-publica-em-rio-branco\/#primaryimage"},"thumbnailUrl":"https:\/\/nk7-testes.com.br\/agazeta\/wp-content\/uploads\/2024\/07\/20190417_083356-jpg.webp","datePublished":"2024-07-10T18:38:19+00:00","dateModified":"2025-09-17T15:56:26+00:00","author":{"@id":"https:\/\/nk7-testes.com.br\/agazeta\/#\/schema\/person\/6d6e25cb0435eb4a02fd44d30b4e3020"},"breadcrumb":{"@id":"https:\/\/nk7-testes.com.br\/agazeta\/paralisacao-da-unica-estacao-de-tratamento-de-esgoto-causa-problemas-ambientais-e-de-saude-publica-em-rio-branco\/#breadcrumb"},"inLanguage":"pt-BR","potentialAction":[{"@type":"ReadAction","target":["https:\/\/nk7-testes.com.br\/agazeta\/paralisacao-da-unica-estacao-de-tratamento-de-esgoto-causa-problemas-ambientais-e-de-saude-publica-em-rio-branco\/"]}]},{"@type":"ImageObject","inLanguage":"pt-BR","@id":"https:\/\/nk7-testes.com.br\/agazeta\/paralisacao-da-unica-estacao-de-tratamento-de-esgoto-causa-problemas-ambientais-e-de-saude-publica-em-rio-branco\/#primaryimage","url":"https:\/\/nk7-testes.com.br\/agazeta\/wp-content\/uploads\/2024\/07\/20190417_083356-jpg.webp","contentUrl":"https:\/\/nk7-testes.com.br\/agazeta\/wp-content\/uploads\/2024\/07\/20190417_083356-jpg.webp","width":680,"height":510,"caption":"Imagem: \u00cdtalo Oliveira"},{"@type":"BreadcrumbList","@id":"https:\/\/nk7-testes.com.br\/agazeta\/paralisacao-da-unica-estacao-de-tratamento-de-esgoto-causa-problemas-ambientais-e-de-saude-publica-em-rio-branco\/#breadcrumb","itemListElement":[{"@type":"ListItem","position":1,"name":"In\u00edcio","item":"https:\/\/nk7-testes.com.br\/agazeta\/"},{"@type":"ListItem","position":2,"name":"Paralisa\u00e7\u00e3o da \u00fanica esta\u00e7\u00e3o de tratamento de esgoto causa problemas ambientais e de sa\u00fade p\u00fablica em Rio Branco"}]},{"@type":"WebSite","@id":"https:\/\/nk7-testes.com.br\/agazeta\/#website","url":"https:\/\/nk7-testes.com.br\/agazeta\/","name":"Agazeta.net","description":"Agazeta.net - Not\u00edcias de Rio Branco\/AC","potentialAction":[{"@type":"SearchAction","target":{"@type":"EntryPoint","urlTemplate":"https:\/\/nk7-testes.com.br\/agazeta\/?s={search_term_string}"},"query-input":{"@type":"PropertyValueSpecification","valueRequired":true,"valueName":"search_term_string"}}],"inLanguage":"pt-BR"},{"@type":"Person","@id":"https:\/\/nk7-testes.com.br\/agazeta\/#\/schema\/person\/6d6e25cb0435eb4a02fd44d30b4e3020","name":"Agazeta.Net","url":"https:\/\/nk7-testes.com.br\/agazeta\/author\/agazeta\/"}]}},"_links":{"self":[{"href":"https:\/\/nk7-testes.com.br\/agazeta\/wp-json\/wp\/v2\/posts\/135545","targetHints":{"allow":["GET"]}}],"collection":[{"href":"https:\/\/nk7-testes.com.br\/agazeta\/wp-json\/wp\/v2\/posts"}],"about":[{"href":"https:\/\/nk7-testes.com.br\/agazeta\/wp-json\/wp\/v2\/types\/post"}],"author":[{"embeddable":true,"href":"https:\/\/nk7-testes.com.br\/agazeta\/wp-json\/wp\/v2\/users\/4"}],"replies":[{"embeddable":true,"href":"https:\/\/nk7-testes.com.br\/agazeta\/wp-json\/wp\/v2\/comments?post=135545"}],"version-history":[{"count":0,"href":"https:\/\/nk7-testes.com.br\/agazeta\/wp-json\/wp\/v2\/posts\/135545\/revisions"}],"wp:featuredmedia":[{"embeddable":true,"href":"https:\/\/nk7-testes.com.br\/agazeta\/wp-json\/wp\/v2\/media\/135546"}],"wp:attachment":[{"href":"https:\/\/nk7-testes.com.br\/agazeta\/wp-json\/wp\/v2\/media?parent=135545"}],"wp:term":[{"taxonomy":"category","embeddable":true,"href":"https:\/\/nk7-testes.com.br\/agazeta\/wp-json\/wp\/v2\/categories?post=135545"},{"taxonomy":"post_tag","embeddable":true,"href":"https:\/\/nk7-testes.com.br\/agazeta\/wp-json\/wp\/v2\/tags?post=135545"}],"curies":[{"name":"wp","href":"https:\/\/api.w.org\/{rel}","templated":true}]}}