{"id":135522,"date":"2024-07-10T10:34:37","date_gmt":"2024-07-10T15:34:37","guid":{"rendered":"https:\/\/nk7-testes.com.br\/agazeta\/?p=135522"},"modified":"2025-09-17T10:56:26","modified_gmt":"2025-09-17T15:56:26","slug":"no-acre-reajuste-do-preco-do-gas-e-da-gasolina-deve-vir-apos-renovacao-de-estoque","status":"publish","type":"post","link":"https:\/\/nk7-testes.com.br\/agazeta\/no-acre-reajuste-do-preco-do-gas-e-da-gasolina-deve-vir-apos-renovacao-de-estoque\/","title":{"rendered":"No Acre, reajuste do pre\u00e7o do g\u00e1s e da gasolina deve vir ap\u00f3s renova\u00e7\u00e3o de estoque"},"content":{"rendered":"<p style=\"text-align: justify;\">A Petrobras ajustou nesta ter\u00e7a-feira (9) os pre\u00e7os da venda de gasolina do tipo A para distribuidoras com um aumento de R$ 0,20 centavos por litro e do g\u00e1s de cozinha, que sofrer\u00e1 um aumento m\u00e9dio de R$ 3,10 por botija.<\/p>\n<p style=\"text-align: justify;\">O Sindicato do com\u00e9rcio varejista de derivados de petr\u00f3leo do estado do Acre (Sindepac), afirma que os reajustes seguem os par\u00e2metros e diretrizes da Petrobras, bem como a cota\u00e7\u00e3o do d\u00f3lar, e o pre\u00e7o do barril do petr\u00f3leo no mercado internacional, o que afeta a cadeia de distribui\u00e7\u00e3o do combust\u00edvel no mercado nacional.<\/p>\n<p style=\"text-align: justify;\">Al\u00e9m disso, a composi\u00e7\u00e3o de pre\u00e7o de cada estabelecimento vai depender de v\u00e1rios custos rotineiros, como: frete, impostos e custos de operacionaliza\u00e7\u00e3o. De acordo com o Sindepac, n\u00e3o h\u00e1 como mensurar de que forma isso vai impactar o pre\u00e7o nas bombas para o consumidor final por ora, j\u00e1 que o pre\u00e7o varia quando sai das distribuidoras para os postos de combust\u00edveis. A partir do momento em que os novos estoques forem comprados \u00e9 que ser\u00e1 poss\u00edvel medir o impacto nos valores.<\/p>\n<p style=\"text-align: justify;\">Este \u00e9 o primeiro ajuste nos pre\u00e7os de venda de g\u00e1s de cozinha e da gasolina da Petrobras para distribuidoras este ano. A not\u00edcia, n\u00e3o agradou o consumidor.<\/p>\n<p style=\"text-align: justify;\">O serralheiro Manoel da Silva, n\u00e3o demonstra surpresa ao comentar sobre o aumento: &#8220;Para n\u00f3s n\u00e3o \u00e9 novidade. O aumento da gasolina \u00e9 normal. N\u00e3o tem para onde correr.&#8221;, diz.<\/p>\n<p style=\"text-align: justify;\">O caminhoneiro Heriton Charles, ressalta a indigna\u00e7\u00e3o com o constante aumento e que isso afeta n\u00e3o s\u00f3 os postos, mas o ramo aliment\u00edcio: &#8220;\u00c9 um pouco de indigna\u00e7\u00e3o, porque s\u00f3 aumenta. Se aumenta a gasolina, aumenta tudo. Vai tudo atr\u00e1s, o alimento, que j\u00e1 \u00e9 um absurdo. Pagar 120 reais numa botinha de g\u00e1s&#8221;, comenta ele.<\/p>\n<p style=\"text-align: justify;\">O Sindepac recomenda aos consumidores para que antes de abastecer seus ve\u00edculos, realizem pesquisas de pre\u00e7os nos postos da cidade.<\/p>\n<p style=\"text-align: justify;\"><strong><em>Com informa\u00e7\u00f5es da rep\u00f3rter Wanessa Souza para a TV Gazeta<\/em><\/strong><\/p>\n","protected":false},"excerpt":{"rendered":"<p>A Petrobras ajustou nesta ter\u00e7a-feira (9) os pre\u00e7os da venda de gasolina do tipo A para distribuidoras com um aumento de R$ 0,20 centavos por litro e do g\u00e1s de cozinha, que sofrer\u00e1 um aumento m\u00e9dio de R$ 3,10 por botija. O Sindicato do com\u00e9rcio varejista de derivados de petr\u00f3leo do estado do Acre (Sindepac), [&hellip;]<\/p>\n","protected":false},"author":4,"featured_media":135526,"comment_status":"open","ping_status":"open","sticky":false,"template":"","format":"standard","meta":{"jnews-multi-image_gallery":[],"jnews_single_post":{"source_name":"","source_url":"","via_name":"","via_url":"","override_template":"0","override":[{"template":"custom","single_blog_custom":"110746","parallax":"1","fullscreen":"1","layout":"right-sidebar","sidebar":"default-sidebar","second_sidebar":"default-sidebar","sticky_sidebar":"1","share_position":"top","share_float_style":"share-monocrhome","show_share_counter":"1","show_view_counter":"1","show_featured":"1","show_post_meta":"1","show_post_author":"1","show_post_author_image":"1","show_post_date":"1","post_date_format":"default","post_date_format_custom":"Y\/m\/d","show_post_category":"1","show_post_reading_time":"0","post_reading_time_wpm":"300","show_zoom_button":"0","zoom_button_out_step":"2","zoom_button_in_step":"3","show_post_tag":"1","show_prev_next_post":"1","show_popup_post":"1","number_popup_post":"1","show_author_box":"0","show_post_related":"1","show_inline_post_related":"0"}],"override_image_size":"0","image_override":[{"single_post_thumbnail_size":"crop-500","single_post_gallery_size":"crop-500"}],"trending_post":"0","trending_post_position":"meta","trending_post_label":"Trending","sponsored_post":"0","sponsored_post_label":"Sponsored by","sponsored_post_name":"","sponsored_post_url":"","sponsored_post_logo_enable":"0","sponsored_post_logo":"","sponsored_post_desc":"","disable_ad":"0"},"jnews_primary_category":{"id":"","hide":""},"jnews_social_meta":{"fb_title":"","fb_description":"","fb_image":"","twitter_title":"","twitter_description":"","twitter_image":""},"jnews_review":[],"enable_review":"0","type":"percentage","name":"","summary":"","brand":"","sku":"","good":[{"good_text":""}],"bad":[{"bad_text":""}],"score_override":"0","override_value":"","rating":[{"rating_text":"","rating_number":"10"}],"price":[{"shop":"","price":"","link":"","icon":""}],"footnotes":""},"categories":[54],"tags":[152],"class_list":["post-135522","post","type-post","status-publish","format-standard","has-post-thumbnail","hentry","category-cotidiano","tag-destaque"],"yoast_head":"<!-- This site is optimized with the Yoast SEO plugin v26.5 - https:\/\/yoast.com\/wordpress\/plugins\/seo\/ -->\n<title>No Acre, reajuste do pre\u00e7o do g\u00e1s e da gasolina deve vir ap\u00f3s renova\u00e7\u00e3o de estoque - Agazeta.net<\/title>\n<meta name=\"robots\" content=\"index, follow, max-snippet:-1, max-image-preview:large, max-video-preview:-1\" \/>\n<link rel=\"canonical\" href=\"https:\/\/nk7-testes.com.br\/agazeta\/no-acre-reajuste-do-preco-do-gas-e-da-gasolina-deve-vir-apos-renovacao-de-estoque\/\" \/>\n<meta property=\"og:locale\" content=\"pt_BR\" \/>\n<meta property=\"og:type\" content=\"article\" \/>\n<meta property=\"og:title\" content=\"No Acre, reajuste do pre\u00e7o do g\u00e1s e da gasolina deve vir ap\u00f3s renova\u00e7\u00e3o de estoque\" \/>\n<meta property=\"og:description\" content=\"O Sindepac recomenda aos consumidores para que antes de abastecer seus ve\u00edculos, realizem pesquisas de pre\u00e7os nos postos da cidade\" \/>\n<meta property=\"og:url\" content=\"https:\/\/nk7-testes.com.br\/agazeta\/no-acre-reajuste-do-preco-do-gas-e-da-gasolina-deve-vir-apos-renovacao-de-estoque\/\" \/>\n<meta property=\"og:site_name\" content=\"Agazeta.net\" \/>\n<meta property=\"article:published_time\" content=\"2024-07-10T15:34:37+00:00\" \/>\n<meta property=\"article:modified_time\" content=\"2025-09-17T15:56:26+00:00\" \/>\n<meta property=\"og:image\" content=\"https:\/\/nk7-testes.com.br\/agazeta\/wp-content\/uploads\/2024\/07\/WhatsApp-Image-2024-07-10-at-10.00.11-AM-jpeg.webp\" \/>\n\t<meta property=\"og:image:width\" content=\"800\" \/>\n\t<meta property=\"og:image:height\" content=\"401\" \/>\n\t<meta property=\"og:image:type\" content=\"image\/webp\" \/>\n<meta name=\"author\" content=\"Agazeta.Net\" \/>\n<meta name=\"twitter:card\" content=\"summary_large_image\" \/>\n<meta name=\"twitter:label1\" content=\"Escrito por\" \/>\n\t<meta name=\"twitter:data1\" content=\"Agazeta.Net\" \/>\n\t<meta name=\"twitter:label2\" content=\"Est. tempo de leitura\" \/>\n\t<meta name=\"twitter:data2\" content=\"2 minutos\" \/>\n<script type=\"application\/ld+json\" class=\"yoast-schema-graph\">{\"@context\":\"https:\/\/schema.org\",\"@graph\":[{\"@type\":\"WebPage\",\"@id\":\"https:\/\/nk7-testes.com.br\/agazeta\/no-acre-reajuste-do-preco-do-gas-e-da-gasolina-deve-vir-apos-renovacao-de-estoque\/\",\"url\":\"https:\/\/nk7-testes.com.br\/agazeta\/no-acre-reajuste-do-preco-do-gas-e-da-gasolina-deve-vir-apos-renovacao-de-estoque\/\",\"name\":\"No Acre, reajuste do pre\u00e7o do g\u00e1s e da gasolina deve vir ap\u00f3s renova\u00e7\u00e3o de estoque - Agazeta.net\",\"isPartOf\":{\"@id\":\"https:\/\/nk7-testes.com.br\/agazeta\/#website\"},\"primaryImageOfPage\":{\"@id\":\"https:\/\/nk7-testes.com.br\/agazeta\/no-acre-reajuste-do-preco-do-gas-e-da-gasolina-deve-vir-apos-renovacao-de-estoque\/#primaryimage\"},\"image\":{\"@id\":\"https:\/\/nk7-testes.com.br\/agazeta\/no-acre-reajuste-do-preco-do-gas-e-da-gasolina-deve-vir-apos-renovacao-de-estoque\/#primaryimage\"},\"thumbnailUrl\":\"https:\/\/nk7-testes.com.br\/agazeta\/wp-content\/uploads\/2024\/07\/WhatsApp-Image-2024-07-10-at-10.00.11-AM-jpeg.webp\",\"datePublished\":\"2024-07-10T15:34:37+00:00\",\"dateModified\":\"2025-09-17T15:56:26+00:00\",\"author\":{\"@id\":\"https:\/\/nk7-testes.com.br\/agazeta\/#\/schema\/person\/6d6e25cb0435eb4a02fd44d30b4e3020\"},\"breadcrumb\":{\"@id\":\"https:\/\/nk7-testes.com.br\/agazeta\/no-acre-reajuste-do-preco-do-gas-e-da-gasolina-deve-vir-apos-renovacao-de-estoque\/#breadcrumb\"},\"inLanguage\":\"pt-BR\",\"potentialAction\":[{\"@type\":\"ReadAction\",\"target\":[\"https:\/\/nk7-testes.com.br\/agazeta\/no-acre-reajuste-do-preco-do-gas-e-da-gasolina-deve-vir-apos-renovacao-de-estoque\/\"]}]},{\"@type\":\"ImageObject\",\"inLanguage\":\"pt-BR\",\"@id\":\"https:\/\/nk7-testes.com.br\/agazeta\/no-acre-reajuste-do-preco-do-gas-e-da-gasolina-deve-vir-apos-renovacao-de-estoque\/#primaryimage\",\"url\":\"https:\/\/nk7-testes.com.br\/agazeta\/wp-content\/uploads\/2024\/07\/WhatsApp-Image-2024-07-10-at-10.00.11-AM-jpeg.webp\",\"contentUrl\":\"https:\/\/nk7-testes.com.br\/agazeta\/wp-content\/uploads\/2024\/07\/WhatsApp-Image-2024-07-10-at-10.00.11-AM-jpeg.webp\",\"width\":800,\"height\":401},{\"@type\":\"BreadcrumbList\",\"@id\":\"https:\/\/nk7-testes.com.br\/agazeta\/no-acre-reajuste-do-preco-do-gas-e-da-gasolina-deve-vir-apos-renovacao-de-estoque\/#breadcrumb\",\"itemListElement\":[{\"@type\":\"ListItem\",\"position\":1,\"name\":\"In\u00edcio\",\"item\":\"https:\/\/nk7-testes.com.br\/agazeta\/\"},{\"@type\":\"ListItem\",\"position\":2,\"name\":\"No Acre, reajuste do pre\u00e7o do g\u00e1s e da gasolina deve vir ap\u00f3s renova\u00e7\u00e3o de estoque\"}]},{\"@type\":\"WebSite\",\"@id\":\"https:\/\/nk7-testes.com.br\/agazeta\/#website\",\"url\":\"https:\/\/nk7-testes.com.br\/agazeta\/\",\"name\":\"Agazeta.net\",\"description\":\"Agazeta.net - Not\u00edcias de Rio Branco\/AC\",\"potentialAction\":[{\"@type\":\"SearchAction\",\"target\":{\"@type\":\"EntryPoint\",\"urlTemplate\":\"https:\/\/nk7-testes.com.br\/agazeta\/?s={search_term_string}\"},\"query-input\":{\"@type\":\"PropertyValueSpecification\",\"valueRequired\":true,\"valueName\":\"search_term_string\"}}],\"inLanguage\":\"pt-BR\"},{\"@type\":\"Person\",\"@id\":\"https:\/\/nk7-testes.com.br\/agazeta\/#\/schema\/person\/6d6e25cb0435eb4a02fd44d30b4e3020\",\"name\":\"Agazeta.Net\",\"url\":\"https:\/\/nk7-testes.com.br\/agazeta\/author\/agazeta\/\"}]}<\/script>\n<!-- \/ Yoast SEO plugin. -->","yoast_head_json":{"title":"No Acre, reajuste do pre\u00e7o do g\u00e1s e da gasolina deve vir ap\u00f3s renova\u00e7\u00e3o de estoque - Agazeta.net","robots":{"index":"index","follow":"follow","max-snippet":"max-snippet:-1","max-image-preview":"max-image-preview:large","max-video-preview":"max-video-preview:-1"},"canonical":"https:\/\/nk7-testes.com.br\/agazeta\/no-acre-reajuste-do-preco-do-gas-e-da-gasolina-deve-vir-apos-renovacao-de-estoque\/","og_locale":"pt_BR","og_type":"article","og_title":"No Acre, reajuste do pre\u00e7o do g\u00e1s e da gasolina deve vir ap\u00f3s renova\u00e7\u00e3o de estoque","og_description":"O Sindepac recomenda aos consumidores para que antes de abastecer seus ve\u00edculos, realizem pesquisas de pre\u00e7os nos postos da cidade","og_url":"https:\/\/nk7-testes.com.br\/agazeta\/no-acre-reajuste-do-preco-do-gas-e-da-gasolina-deve-vir-apos-renovacao-de-estoque\/","og_site_name":"Agazeta.net","article_published_time":"2024-07-10T15:34:37+00:00","article_modified_time":"2025-09-17T15:56:26+00:00","og_image":[{"width":800,"height":401,"url":"https:\/\/nk7-testes.com.br\/agazeta\/wp-content\/uploads\/2024\/07\/WhatsApp-Image-2024-07-10-at-10.00.11-AM-jpeg.webp","type":"image\/webp"}],"author":"Agazeta.Net","twitter_card":"summary_large_image","twitter_misc":{"Escrito por":"Agazeta.Net","Est. tempo de leitura":"2 minutos"},"schema":{"@context":"https:\/\/schema.org","@graph":[{"@type":"WebPage","@id":"https:\/\/nk7-testes.com.br\/agazeta\/no-acre-reajuste-do-preco-do-gas-e-da-gasolina-deve-vir-apos-renovacao-de-estoque\/","url":"https:\/\/nk7-testes.com.br\/agazeta\/no-acre-reajuste-do-preco-do-gas-e-da-gasolina-deve-vir-apos-renovacao-de-estoque\/","name":"No Acre, reajuste do pre\u00e7o do g\u00e1s e da gasolina deve vir ap\u00f3s renova\u00e7\u00e3o de estoque - Agazeta.net","isPartOf":{"@id":"https:\/\/nk7-testes.com.br\/agazeta\/#website"},"primaryImageOfPage":{"@id":"https:\/\/nk7-testes.com.br\/agazeta\/no-acre-reajuste-do-preco-do-gas-e-da-gasolina-deve-vir-apos-renovacao-de-estoque\/#primaryimage"},"image":{"@id":"https:\/\/nk7-testes.com.br\/agazeta\/no-acre-reajuste-do-preco-do-gas-e-da-gasolina-deve-vir-apos-renovacao-de-estoque\/#primaryimage"},"thumbnailUrl":"https:\/\/nk7-testes.com.br\/agazeta\/wp-content\/uploads\/2024\/07\/WhatsApp-Image-2024-07-10-at-10.00.11-AM-jpeg.webp","datePublished":"2024-07-10T15:34:37+00:00","dateModified":"2025-09-17T15:56:26+00:00","author":{"@id":"https:\/\/nk7-testes.com.br\/agazeta\/#\/schema\/person\/6d6e25cb0435eb4a02fd44d30b4e3020"},"breadcrumb":{"@id":"https:\/\/nk7-testes.com.br\/agazeta\/no-acre-reajuste-do-preco-do-gas-e-da-gasolina-deve-vir-apos-renovacao-de-estoque\/#breadcrumb"},"inLanguage":"pt-BR","potentialAction":[{"@type":"ReadAction","target":["https:\/\/nk7-testes.com.br\/agazeta\/no-acre-reajuste-do-preco-do-gas-e-da-gasolina-deve-vir-apos-renovacao-de-estoque\/"]}]},{"@type":"ImageObject","inLanguage":"pt-BR","@id":"https:\/\/nk7-testes.com.br\/agazeta\/no-acre-reajuste-do-preco-do-gas-e-da-gasolina-deve-vir-apos-renovacao-de-estoque\/#primaryimage","url":"https:\/\/nk7-testes.com.br\/agazeta\/wp-content\/uploads\/2024\/07\/WhatsApp-Image-2024-07-10-at-10.00.11-AM-jpeg.webp","contentUrl":"https:\/\/nk7-testes.com.br\/agazeta\/wp-content\/uploads\/2024\/07\/WhatsApp-Image-2024-07-10-at-10.00.11-AM-jpeg.webp","width":800,"height":401},{"@type":"BreadcrumbList","@id":"https:\/\/nk7-testes.com.br\/agazeta\/no-acre-reajuste-do-preco-do-gas-e-da-gasolina-deve-vir-apos-renovacao-de-estoque\/#breadcrumb","itemListElement":[{"@type":"ListItem","position":1,"name":"In\u00edcio","item":"https:\/\/nk7-testes.com.br\/agazeta\/"},{"@type":"ListItem","position":2,"name":"No Acre, reajuste do pre\u00e7o do g\u00e1s e da gasolina deve vir ap\u00f3s renova\u00e7\u00e3o de estoque"}]},{"@type":"WebSite","@id":"https:\/\/nk7-testes.com.br\/agazeta\/#website","url":"https:\/\/nk7-testes.com.br\/agazeta\/","name":"Agazeta.net","description":"Agazeta.net - Not\u00edcias de Rio Branco\/AC","potentialAction":[{"@type":"SearchAction","target":{"@type":"EntryPoint","urlTemplate":"https:\/\/nk7-testes.com.br\/agazeta\/?s={search_term_string}"},"query-input":{"@type":"PropertyValueSpecification","valueRequired":true,"valueName":"search_term_string"}}],"inLanguage":"pt-BR"},{"@type":"Person","@id":"https:\/\/nk7-testes.com.br\/agazeta\/#\/schema\/person\/6d6e25cb0435eb4a02fd44d30b4e3020","name":"Agazeta.Net","url":"https:\/\/nk7-testes.com.br\/agazeta\/author\/agazeta\/"}]}},"_links":{"self":[{"href":"https:\/\/nk7-testes.com.br\/agazeta\/wp-json\/wp\/v2\/posts\/135522","targetHints":{"allow":["GET"]}}],"collection":[{"href":"https:\/\/nk7-testes.com.br\/agazeta\/wp-json\/wp\/v2\/posts"}],"about":[{"href":"https:\/\/nk7-testes.com.br\/agazeta\/wp-json\/wp\/v2\/types\/post"}],"author":[{"embeddable":true,"href":"https:\/\/nk7-testes.com.br\/agazeta\/wp-json\/wp\/v2\/users\/4"}],"replies":[{"embeddable":true,"href":"https:\/\/nk7-testes.com.br\/agazeta\/wp-json\/wp\/v2\/comments?post=135522"}],"version-history":[{"count":0,"href":"https:\/\/nk7-testes.com.br\/agazeta\/wp-json\/wp\/v2\/posts\/135522\/revisions"}],"wp:featuredmedia":[{"embeddable":true,"href":"https:\/\/nk7-testes.com.br\/agazeta\/wp-json\/wp\/v2\/media\/135526"}],"wp:attachment":[{"href":"https:\/\/nk7-testes.com.br\/agazeta\/wp-json\/wp\/v2\/media?parent=135522"}],"wp:term":[{"taxonomy":"category","embeddable":true,"href":"https:\/\/nk7-testes.com.br\/agazeta\/wp-json\/wp\/v2\/categories?post=135522"},{"taxonomy":"post_tag","embeddable":true,"href":"https:\/\/nk7-testes.com.br\/agazeta\/wp-json\/wp\/v2\/tags?post=135522"}],"curies":[{"name":"wp","href":"https:\/\/api.w.org\/{rel}","templated":true}]}}