{"id":135500,"date":"2024-07-09T15:23:13","date_gmt":"2024-07-09T20:23:13","guid":{"rendered":"https:\/\/nk7-testes.com.br\/agazeta\/?p=135500"},"modified":"2025-09-17T10:56:26","modified_gmt":"2025-09-17T15:56:26","slug":"apos-mais-de-20-dias-desaparecido-agricultor-e-encontrado-na-floresta-de-porto-walter","status":"publish","type":"post","link":"https:\/\/nk7-testes.com.br\/agazeta\/apos-mais-de-20-dias-desaparecido-agricultor-e-encontrado-na-floresta-de-porto-walter\/","title":{"rendered":"Ap\u00f3s mais de 20 dias desaparecido, agricultor \u00e9 encontrado na floresta de Porto Walter"},"content":{"rendered":"<p style=\"text-align: justify;\"><span style=\"font-weight: 400;\">Ap\u00f3s uma angustiante busca de mais de tr\u00eas semanas, Levi de Lima Luna, um agricultor e ca\u00e7ador de 52 anos da comunidade Periquito em Cruzeiro do Sul, foi encontrado no domingo (7) por moradores que realizavam a limpeza de um ramal na regi\u00e3o do Juru\u00e1. Levi havia sa\u00eddo para pescar em uma \u00e1rea de mata e n\u00e3o retornou no final do dia, iniciando uma intensa opera\u00e7\u00e3o de resgate.<\/span><\/p>\n<p style=\"text-align: justify;\"><span style=\"font-weight: 400;\">A saga de sobreviv\u00eancia de Levi foi marcada pelo consumo de recursos naturais da floresta amaz\u00f4nica, incluindo palmito, a\u00e7a\u00ed e \u00e1gua de cip\u00f3, enquanto aguardava por ajuda. Ele foi encontrado desidratado e visivelmente debilitado, alem de ter perdido v\u00e1rios quilos durante o per\u00edodo em que esteve perdido.<\/span><\/p>\n<p style=\"text-align: justify;\"><span style=\"font-weight: 400;\">Em um v\u00eddeo enviado \u00e0 equipe de reportagem, Levi relatou como conseguiu sobreviver, destacando sua determina\u00e7\u00e3o e conhecimento da mata, que foram cruciais para sua sobreviv\u00eancia. &#8220;A hora que eu achava um taperi, eu comia. Eu pegava um pouquinho de \u00e1gua de um cip\u00f3 pra mim beber. Gra\u00e7as a Deus que eu n\u00e3o morri, estou aqui com sa\u00fade&#8221;, disse Levi, visivelmente aliviado por ter sido encontrado.<\/span><\/p>\n<p style=\"text-align: justify;\"><span style=\"font-weight: 400;\">Ap\u00f3s ser resgatado, Levi foi levado para observa\u00e7\u00e3o no Hospital de Porto Walter, onde est\u00e1 recebendo cuidados m\u00e9dicos. Sua recupera\u00e7\u00e3o est\u00e1 sendo monitorada de perto pelos profissionais de sa\u00fade da regi\u00e3o.<\/span><\/p>\n<p style=\"text-align: justify;\"><span style=\"font-weight: 400;\">O caso de Levi Luna mobilizou equipes do Corpo de Bombeiros de Cruzeiro do Sul, que se revezaram nas buscas junto com moradores locais, demonstrando a solidariedade e a determina\u00e7\u00e3o da comunidade em ajudar um dos seus.<\/span><\/p>\n<p style=\"text-align: justify;\"><span style=\"font-weight: 400;\">\u201cOs moradores que estavam fazendo limpeza em uma comunidade encontraram ele e levaram ele bastante debilitado, at\u00e9 porque ele estava desaparecido h\u00e1 22 dias. Mas \u00e9 uma pessoa que conhece muito a mata, se desenrolou bastante em quest\u00e3o de alimenta\u00e7\u00e3o e hidrata\u00e7\u00e3o e conseguiu sair ainda com vida, sendo levado para Porto Walter\u201d, ressaltou a comandante do Corpo de Bombeiros de Cruzeiro do Sul, Daniela Marques.<\/span><\/p>\n<p style=\"text-align: justify;\"><em>Mat\u00e9ria em v\u00eddeo produzida pelo rep\u00f3rter Gl\u00e9disson Albano para TV Gazeta.<\/em><\/p>\n","protected":false},"excerpt":{"rendered":"<p>Ap\u00f3s uma angustiante busca de mais de tr\u00eas semanas, Levi de Lima Luna, um agricultor e ca\u00e7ador de 52 anos da comunidade Periquito em Cruzeiro do Sul, foi encontrado no domingo (7) por moradores que realizavam a limpeza de um ramal na regi\u00e3o do Juru\u00e1. Levi havia sa\u00eddo para pescar em uma \u00e1rea de mata [&hellip;]<\/p>\n","protected":false},"author":4,"featured_media":135501,"comment_status":"open","ping_status":"open","sticky":false,"template":"","format":"standard","meta":{"jnews-multi-image_gallery":[],"jnews_single_post":{"source_name":"","source_url":"","via_name":"","via_url":"","override_template":"0","override":[{"template":"custom","single_blog_custom":"110746","parallax":"1","fullscreen":"1","layout":"right-sidebar","sidebar":"default-sidebar","second_sidebar":"default-sidebar","sticky_sidebar":"1","share_position":"top","share_float_style":"share-monocrhome","show_share_counter":"1","show_view_counter":"1","show_featured":"1","show_post_meta":"1","show_post_author":"1","show_post_author_image":"1","show_post_date":"1","post_date_format":"default","post_date_format_custom":"Y\/m\/d","show_post_category":"1","show_post_reading_time":"0","post_reading_time_wpm":"300","show_zoom_button":"0","zoom_button_out_step":"2","zoom_button_in_step":"3","show_post_tag":"1","show_prev_next_post":"1","show_popup_post":"1","number_popup_post":"1","show_author_box":"0","show_post_related":"1","show_inline_post_related":"0"}],"override_image_size":"0","image_override":[{"single_post_thumbnail_size":"crop-500","single_post_gallery_size":"crop-500"}],"trending_post":"0","trending_post_position":"meta","trending_post_label":"Trending","sponsored_post":"0","sponsored_post_label":"Sponsored by","sponsored_post_name":"","sponsored_post_url":"","sponsored_post_logo_enable":"0","sponsored_post_logo":"","sponsored_post_desc":"","disable_ad":"0"},"jnews_primary_category":{"id":"","hide":""},"jnews_social_meta":{"fb_title":"","fb_description":"","fb_image":"","twitter_title":"","twitter_description":"","twitter_image":""},"jnews_review":[],"enable_review":"0","type":"percentage","name":"","summary":"","brand":"","sku":"","good":[{"good_text":""}],"bad":[{"bad_text":""}],"score_override":"0","override_value":"","rating":[{"rating_text":"","rating_number":"10"}],"price":[{"shop":"","price":"","link":"","icon":""}],"footnotes":""},"categories":[54],"tags":[],"class_list":["post-135500","post","type-post","status-publish","format-standard","has-post-thumbnail","hentry","category-cotidiano"],"yoast_head":"<!-- This site is optimized with the Yoast SEO plugin v26.5 - https:\/\/yoast.com\/wordpress\/plugins\/seo\/ -->\n<title>Ap\u00f3s mais de 20 dias desaparecido, agricultor \u00e9 encontrado na floresta de Porto Walter - Agazeta.net<\/title>\n<meta name=\"robots\" content=\"index, follow, max-snippet:-1, max-image-preview:large, max-video-preview:-1\" \/>\n<link rel=\"canonical\" href=\"https:\/\/nk7-testes.com.br\/agazeta\/apos-mais-de-20-dias-desaparecido-agricultor-e-encontrado-na-floresta-de-porto-walter\/\" \/>\n<meta property=\"og:locale\" content=\"pt_BR\" \/>\n<meta property=\"og:type\" content=\"article\" \/>\n<meta property=\"og:title\" content=\"Ap\u00f3s mais de 20 dias desaparecido, agricultor \u00e9 encontrado na floresta de Porto Walter\" \/>\n<meta property=\"og:description\" content=\"O homem se alimentou de palmito, a\u00e7a\u00ed e \u00e1gua de cip\u00f3 por mais de tr\u00eas semanas\" \/>\n<meta property=\"og:url\" content=\"https:\/\/nk7-testes.com.br\/agazeta\/apos-mais-de-20-dias-desaparecido-agricultor-e-encontrado-na-floresta-de-porto-walter\/\" \/>\n<meta property=\"og:site_name\" content=\"Agazeta.net\" \/>\n<meta property=\"article:published_time\" content=\"2024-07-09T20:23:13+00:00\" \/>\n<meta property=\"article:modified_time\" content=\"2025-09-17T15:56:26+00:00\" \/>\n<meta property=\"og:image\" content=\"https:\/\/nk7-testes.com.br\/agazeta\/wp-content\/uploads\/2024\/07\/WhatsApp-Image-2024-07-09-at-3.21.38-PM-jpeg.webp\" \/>\n\t<meta property=\"og:image:width\" content=\"929\" \/>\n\t<meta property=\"og:image:height\" content=\"523\" \/>\n\t<meta property=\"og:image:type\" content=\"image\/webp\" \/>\n<meta name=\"author\" content=\"Agazeta.Net\" \/>\n<meta name=\"twitter:card\" content=\"summary_large_image\" \/>\n<meta name=\"twitter:title\" content=\"Ap\u00f3s mais de 20 dias desaparecido, agricultor \u00e9 encontrado na floresta de Porto Walter\" \/>\n<meta name=\"twitter:description\" content=\"O homem se alimentou de palmito, a\u00e7a\u00ed e \u00e1gua de cip\u00f3 por mais de tr\u00eas semanas\" \/>\n<meta name=\"twitter:image\" content=\"https:\/\/nk7-testes.com.br\/agazeta\/wp-content\/uploads\/2024\/07\/WhatsApp-Image-2024-07-09-at-3.21.38-PM-jpeg.webp\" \/>\n<meta name=\"twitter:label1\" content=\"Escrito por\" \/>\n\t<meta name=\"twitter:data1\" content=\"Agazeta.Net\" \/>\n\t<meta name=\"twitter:label2\" content=\"Est. tempo de leitura\" \/>\n\t<meta name=\"twitter:data2\" content=\"2 minutos\" \/>\n<script type=\"application\/ld+json\" class=\"yoast-schema-graph\">{\"@context\":\"https:\/\/schema.org\",\"@graph\":[{\"@type\":\"WebPage\",\"@id\":\"https:\/\/nk7-testes.com.br\/agazeta\/apos-mais-de-20-dias-desaparecido-agricultor-e-encontrado-na-floresta-de-porto-walter\/\",\"url\":\"https:\/\/nk7-testes.com.br\/agazeta\/apos-mais-de-20-dias-desaparecido-agricultor-e-encontrado-na-floresta-de-porto-walter\/\",\"name\":\"Ap\u00f3s mais de 20 dias desaparecido, agricultor \u00e9 encontrado na floresta de Porto Walter - Agazeta.net\",\"isPartOf\":{\"@id\":\"https:\/\/nk7-testes.com.br\/agazeta\/#website\"},\"primaryImageOfPage\":{\"@id\":\"https:\/\/nk7-testes.com.br\/agazeta\/apos-mais-de-20-dias-desaparecido-agricultor-e-encontrado-na-floresta-de-porto-walter\/#primaryimage\"},\"image\":{\"@id\":\"https:\/\/nk7-testes.com.br\/agazeta\/apos-mais-de-20-dias-desaparecido-agricultor-e-encontrado-na-floresta-de-porto-walter\/#primaryimage\"},\"thumbnailUrl\":\"https:\/\/nk7-testes.com.br\/agazeta\/wp-content\/uploads\/2024\/07\/WhatsApp-Image-2024-07-09-at-3.21.38-PM-jpeg.webp\",\"datePublished\":\"2024-07-09T20:23:13+00:00\",\"dateModified\":\"2025-09-17T15:56:26+00:00\",\"author\":{\"@id\":\"https:\/\/nk7-testes.com.br\/agazeta\/#\/schema\/person\/6d6e25cb0435eb4a02fd44d30b4e3020\"},\"breadcrumb\":{\"@id\":\"https:\/\/nk7-testes.com.br\/agazeta\/apos-mais-de-20-dias-desaparecido-agricultor-e-encontrado-na-floresta-de-porto-walter\/#breadcrumb\"},\"inLanguage\":\"pt-BR\",\"potentialAction\":[{\"@type\":\"ReadAction\",\"target\":[\"https:\/\/nk7-testes.com.br\/agazeta\/apos-mais-de-20-dias-desaparecido-agricultor-e-encontrado-na-floresta-de-porto-walter\/\"]}]},{\"@type\":\"ImageObject\",\"inLanguage\":\"pt-BR\",\"@id\":\"https:\/\/nk7-testes.com.br\/agazeta\/apos-mais-de-20-dias-desaparecido-agricultor-e-encontrado-na-floresta-de-porto-walter\/#primaryimage\",\"url\":\"https:\/\/nk7-testes.com.br\/agazeta\/wp-content\/uploads\/2024\/07\/WhatsApp-Image-2024-07-09-at-3.21.38-PM-jpeg.webp\",\"contentUrl\":\"https:\/\/nk7-testes.com.br\/agazeta\/wp-content\/uploads\/2024\/07\/WhatsApp-Image-2024-07-09-at-3.21.38-PM-jpeg.webp\",\"width\":929,\"height\":523,\"caption\":\"Imagem: TV Gazeta\"},{\"@type\":\"BreadcrumbList\",\"@id\":\"https:\/\/nk7-testes.com.br\/agazeta\/apos-mais-de-20-dias-desaparecido-agricultor-e-encontrado-na-floresta-de-porto-walter\/#breadcrumb\",\"itemListElement\":[{\"@type\":\"ListItem\",\"position\":1,\"name\":\"In\u00edcio\",\"item\":\"https:\/\/nk7-testes.com.br\/agazeta\/\"},{\"@type\":\"ListItem\",\"position\":2,\"name\":\"Ap\u00f3s mais de 20 dias desaparecido, agricultor \u00e9 encontrado na floresta de Porto Walter\"}]},{\"@type\":\"WebSite\",\"@id\":\"https:\/\/nk7-testes.com.br\/agazeta\/#website\",\"url\":\"https:\/\/nk7-testes.com.br\/agazeta\/\",\"name\":\"Agazeta.net\",\"description\":\"Agazeta.net - Not\u00edcias de Rio Branco\/AC\",\"potentialAction\":[{\"@type\":\"SearchAction\",\"target\":{\"@type\":\"EntryPoint\",\"urlTemplate\":\"https:\/\/nk7-testes.com.br\/agazeta\/?s={search_term_string}\"},\"query-input\":{\"@type\":\"PropertyValueSpecification\",\"valueRequired\":true,\"valueName\":\"search_term_string\"}}],\"inLanguage\":\"pt-BR\"},{\"@type\":\"Person\",\"@id\":\"https:\/\/nk7-testes.com.br\/agazeta\/#\/schema\/person\/6d6e25cb0435eb4a02fd44d30b4e3020\",\"name\":\"Agazeta.Net\",\"url\":\"https:\/\/nk7-testes.com.br\/agazeta\/author\/agazeta\/\"}]}<\/script>\n<!-- \/ Yoast SEO plugin. -->","yoast_head_json":{"title":"Ap\u00f3s mais de 20 dias desaparecido, agricultor \u00e9 encontrado na floresta de Porto Walter - Agazeta.net","robots":{"index":"index","follow":"follow","max-snippet":"max-snippet:-1","max-image-preview":"max-image-preview:large","max-video-preview":"max-video-preview:-1"},"canonical":"https:\/\/nk7-testes.com.br\/agazeta\/apos-mais-de-20-dias-desaparecido-agricultor-e-encontrado-na-floresta-de-porto-walter\/","og_locale":"pt_BR","og_type":"article","og_title":"Ap\u00f3s mais de 20 dias desaparecido, agricultor \u00e9 encontrado na floresta de Porto Walter","og_description":"O homem se alimentou de palmito, a\u00e7a\u00ed e \u00e1gua de cip\u00f3 por mais de tr\u00eas semanas","og_url":"https:\/\/nk7-testes.com.br\/agazeta\/apos-mais-de-20-dias-desaparecido-agricultor-e-encontrado-na-floresta-de-porto-walter\/","og_site_name":"Agazeta.net","article_published_time":"2024-07-09T20:23:13+00:00","article_modified_time":"2025-09-17T15:56:26+00:00","og_image":[{"width":929,"height":523,"url":"https:\/\/nk7-testes.com.br\/agazeta\/wp-content\/uploads\/2024\/07\/WhatsApp-Image-2024-07-09-at-3.21.38-PM-jpeg.webp","type":"image\/webp"}],"author":"Agazeta.Net","twitter_card":"summary_large_image","twitter_title":"Ap\u00f3s mais de 20 dias desaparecido, agricultor \u00e9 encontrado na floresta de Porto Walter","twitter_description":"O homem se alimentou de palmito, a\u00e7a\u00ed e \u00e1gua de cip\u00f3 por mais de tr\u00eas semanas","twitter_image":"https:\/\/nk7-testes.com.br\/agazeta\/wp-content\/uploads\/2024\/07\/WhatsApp-Image-2024-07-09-at-3.21.38-PM-jpeg.webp","twitter_misc":{"Escrito por":"Agazeta.Net","Est. tempo de leitura":"2 minutos"},"schema":{"@context":"https:\/\/schema.org","@graph":[{"@type":"WebPage","@id":"https:\/\/nk7-testes.com.br\/agazeta\/apos-mais-de-20-dias-desaparecido-agricultor-e-encontrado-na-floresta-de-porto-walter\/","url":"https:\/\/nk7-testes.com.br\/agazeta\/apos-mais-de-20-dias-desaparecido-agricultor-e-encontrado-na-floresta-de-porto-walter\/","name":"Ap\u00f3s mais de 20 dias desaparecido, agricultor \u00e9 encontrado na floresta de Porto Walter - Agazeta.net","isPartOf":{"@id":"https:\/\/nk7-testes.com.br\/agazeta\/#website"},"primaryImageOfPage":{"@id":"https:\/\/nk7-testes.com.br\/agazeta\/apos-mais-de-20-dias-desaparecido-agricultor-e-encontrado-na-floresta-de-porto-walter\/#primaryimage"},"image":{"@id":"https:\/\/nk7-testes.com.br\/agazeta\/apos-mais-de-20-dias-desaparecido-agricultor-e-encontrado-na-floresta-de-porto-walter\/#primaryimage"},"thumbnailUrl":"https:\/\/nk7-testes.com.br\/agazeta\/wp-content\/uploads\/2024\/07\/WhatsApp-Image-2024-07-09-at-3.21.38-PM-jpeg.webp","datePublished":"2024-07-09T20:23:13+00:00","dateModified":"2025-09-17T15:56:26+00:00","author":{"@id":"https:\/\/nk7-testes.com.br\/agazeta\/#\/schema\/person\/6d6e25cb0435eb4a02fd44d30b4e3020"},"breadcrumb":{"@id":"https:\/\/nk7-testes.com.br\/agazeta\/apos-mais-de-20-dias-desaparecido-agricultor-e-encontrado-na-floresta-de-porto-walter\/#breadcrumb"},"inLanguage":"pt-BR","potentialAction":[{"@type":"ReadAction","target":["https:\/\/nk7-testes.com.br\/agazeta\/apos-mais-de-20-dias-desaparecido-agricultor-e-encontrado-na-floresta-de-porto-walter\/"]}]},{"@type":"ImageObject","inLanguage":"pt-BR","@id":"https:\/\/nk7-testes.com.br\/agazeta\/apos-mais-de-20-dias-desaparecido-agricultor-e-encontrado-na-floresta-de-porto-walter\/#primaryimage","url":"https:\/\/nk7-testes.com.br\/agazeta\/wp-content\/uploads\/2024\/07\/WhatsApp-Image-2024-07-09-at-3.21.38-PM-jpeg.webp","contentUrl":"https:\/\/nk7-testes.com.br\/agazeta\/wp-content\/uploads\/2024\/07\/WhatsApp-Image-2024-07-09-at-3.21.38-PM-jpeg.webp","width":929,"height":523,"caption":"Imagem: TV Gazeta"},{"@type":"BreadcrumbList","@id":"https:\/\/nk7-testes.com.br\/agazeta\/apos-mais-de-20-dias-desaparecido-agricultor-e-encontrado-na-floresta-de-porto-walter\/#breadcrumb","itemListElement":[{"@type":"ListItem","position":1,"name":"In\u00edcio","item":"https:\/\/nk7-testes.com.br\/agazeta\/"},{"@type":"ListItem","position":2,"name":"Ap\u00f3s mais de 20 dias desaparecido, agricultor \u00e9 encontrado na floresta de Porto Walter"}]},{"@type":"WebSite","@id":"https:\/\/nk7-testes.com.br\/agazeta\/#website","url":"https:\/\/nk7-testes.com.br\/agazeta\/","name":"Agazeta.net","description":"Agazeta.net - Not\u00edcias de Rio Branco\/AC","potentialAction":[{"@type":"SearchAction","target":{"@type":"EntryPoint","urlTemplate":"https:\/\/nk7-testes.com.br\/agazeta\/?s={search_term_string}"},"query-input":{"@type":"PropertyValueSpecification","valueRequired":true,"valueName":"search_term_string"}}],"inLanguage":"pt-BR"},{"@type":"Person","@id":"https:\/\/nk7-testes.com.br\/agazeta\/#\/schema\/person\/6d6e25cb0435eb4a02fd44d30b4e3020","name":"Agazeta.Net","url":"https:\/\/nk7-testes.com.br\/agazeta\/author\/agazeta\/"}]}},"_links":{"self":[{"href":"https:\/\/nk7-testes.com.br\/agazeta\/wp-json\/wp\/v2\/posts\/135500","targetHints":{"allow":["GET"]}}],"collection":[{"href":"https:\/\/nk7-testes.com.br\/agazeta\/wp-json\/wp\/v2\/posts"}],"about":[{"href":"https:\/\/nk7-testes.com.br\/agazeta\/wp-json\/wp\/v2\/types\/post"}],"author":[{"embeddable":true,"href":"https:\/\/nk7-testes.com.br\/agazeta\/wp-json\/wp\/v2\/users\/4"}],"replies":[{"embeddable":true,"href":"https:\/\/nk7-testes.com.br\/agazeta\/wp-json\/wp\/v2\/comments?post=135500"}],"version-history":[{"count":0,"href":"https:\/\/nk7-testes.com.br\/agazeta\/wp-json\/wp\/v2\/posts\/135500\/revisions"}],"wp:featuredmedia":[{"embeddable":true,"href":"https:\/\/nk7-testes.com.br\/agazeta\/wp-json\/wp\/v2\/media\/135501"}],"wp:attachment":[{"href":"https:\/\/nk7-testes.com.br\/agazeta\/wp-json\/wp\/v2\/media?parent=135500"}],"wp:term":[{"taxonomy":"category","embeddable":true,"href":"https:\/\/nk7-testes.com.br\/agazeta\/wp-json\/wp\/v2\/categories?post=135500"},{"taxonomy":"post_tag","embeddable":true,"href":"https:\/\/nk7-testes.com.br\/agazeta\/wp-json\/wp\/v2\/tags?post=135500"}],"curies":[{"name":"wp","href":"https:\/\/api.w.org\/{rel}","templated":true}]}}