{"id":135417,"date":"2024-07-08T12:53:43","date_gmt":"2024-07-08T17:53:43","guid":{"rendered":"https:\/\/nk7-testes.com.br\/agazeta\/?p=135417"},"modified":"2025-09-17T10:56:27","modified_gmt":"2025-09-17T15:56:27","slug":"queda-de-veiculo-na-ponte-do-quixada-deixa-quatro-feridos","status":"publish","type":"post","link":"https:\/\/nk7-testes.com.br\/agazeta\/queda-de-veiculo-na-ponte-do-quixada-deixa-quatro-feridos\/","title":{"rendered":"Queda de ve\u00edculo na ponte do Quixad\u00e1 deixa quatro feridos"},"content":{"rendered":"<p style=\"text-align: justify;\"><span style=\"font-weight: 400;\">Neste domingo (7), um acidente grave na ponte de madeira da estrada do Quixad\u00e1 mobilizou as equipes de resgate do SAMU e do Corpo de Bombeiros. O ve\u00edculo envolvido no acidente estava voltando de um retiro religioso e despencou da ponte em uma queda de 10 metros. As v\u00edtimas estavam presas dentro do carro e devido \u00e0 baixa profundidade da \u00e1gua, n\u00e3o tiveram maiores danos.\u00a0<\/span><\/p>\n<p style=\"text-align: justify;\"><span style=\"font-weight: 400;\">As equipes de resgate atuaram com cautela para evitar les\u00f5es adicionais e colaboraram para estabilizar e retirar as v\u00edtimas com seguran\u00e7a. Segundo relatos dos passageiros, o \u00f4nibus que os transportava passou por uma colis\u00e3o antes de perder o controle e cair na \u00e1gua.<\/span><\/p>\n<p style=\"text-align: justify;\"><span style=\"font-weight: 400;\">A estrada do Quixad\u00e1 \u00e9 conhecida por suas p\u00e9ssimas condi\u00e7\u00f5es. A ponte de madeira, sem prote\u00e7\u00e3o adequada, e a estrada com buracos s\u00e3o alvos frequentes de reclama\u00e7\u00f5es dos moradores. Recentemente, a popula\u00e7\u00e3o solicitou melhorias na infraestrutura, mas nenhuma a\u00e7\u00e3o foi tomada pelo governo. O descaso foi apontado como a principal causa do acidente.<\/span><\/p>\n<p style=\"text-align: justify;\"><span style=\"font-weight: 400;\">Tenente F\u00e9lix, do Corpo de Bombeiros, destacou a dificuldade de acesso ao local e o esfor\u00e7o conjunto dos populares e das equipes de resgate. &#8220;Fomos acionados para atender a ocorr\u00eancia a 8 km da cidade. Encontramos quatro v\u00edtimas no ve\u00edculo e, com a ajuda dos populares, conseguimos remov\u00ea-las com seguran\u00e7a&#8221;, relatou o tenente.<\/span><\/p>\n<p style=\"text-align: justify;\"><span style=\"font-weight: 400;\">As quatro v\u00edtimas do acidente foram levadas ao pronto-socorro. O Dr. J\u00falio, m\u00e9dico do SAMU, confirmou que duas delas necessitam de cuidados especiais: uma paciente com aus\u00eancia de sensibilidade nos membros inferiores e um paciente entubado devido a um trauma tor\u00e1cico grave. &#8220;Apesar da gravidade, os sinais vitais est\u00e3o est\u00e1veis&#8221;, afirmou o m\u00e9dico.<\/span><\/p>\n<p style=\"text-align: justify;\"><span style=\"font-weight: 400;\">A per\u00edcia est\u00e1 investigando as circunst\u00e2ncias do acidente, que provavelmente envolveu a falha nos freios do \u00f4nibus.<\/span><\/p>\n<p><em><br \/>\nMat\u00e9ria em v\u00eddeo produzida pela rep\u00f3rter Rose Lima para TV Gazeta<\/em><\/p>\n","protected":false},"excerpt":{"rendered":"<p>Neste domingo (7), um acidente grave na ponte de madeira da estrada do Quixad\u00e1 mobilizou as equipes de resgate do SAMU e do Corpo de Bombeiros. O ve\u00edculo envolvido no acidente estava voltando de um retiro religioso e despencou da ponte em uma queda de 10 metros. As v\u00edtimas estavam presas dentro do carro e [&hellip;]<\/p>\n","protected":false},"author":4,"featured_media":135423,"comment_status":"open","ping_status":"open","sticky":false,"template":"","format":"standard","meta":{"jnews-multi-image_gallery":[],"jnews_single_post":{"source_name":"","source_url":"","via_name":"","via_url":"","override_template":"0","override":[{"template":"custom","single_blog_custom":"110746","parallax":"1","fullscreen":"1","layout":"right-sidebar","sidebar":"default-sidebar","second_sidebar":"default-sidebar","sticky_sidebar":"1","share_position":"top","share_float_style":"share-monocrhome","show_share_counter":"1","show_view_counter":"1","show_featured":"1","show_post_meta":"1","show_post_author":"1","show_post_author_image":"1","show_post_date":"1","post_date_format":"default","post_date_format_custom":"Y\/m\/d","show_post_category":"1","show_post_reading_time":"0","post_reading_time_wpm":"300","show_zoom_button":"0","zoom_button_out_step":"2","zoom_button_in_step":"3","show_post_tag":"1","show_prev_next_post":"1","show_popup_post":"1","number_popup_post":"1","show_author_box":"0","show_post_related":"1","show_inline_post_related":"0"}],"override_image_size":"0","image_override":[{"single_post_thumbnail_size":"crop-500","single_post_gallery_size":"crop-500"}],"trending_post":"0","trending_post_position":"meta","trending_post_label":"Trending","sponsored_post":"0","sponsored_post_label":"Sponsored by","sponsored_post_name":"","sponsored_post_url":"","sponsored_post_logo_enable":"0","sponsored_post_logo":"","sponsored_post_desc":"","disable_ad":"0"},"jnews_primary_category":{"id":"","hide":""},"jnews_social_meta":{"fb_title":"","fb_description":"","fb_image":"","twitter_title":"","twitter_description":"","twitter_image":""},"jnews_review":[],"enable_review":"0","type":"percentage","name":"","summary":"","brand":"","sku":"","good":[{"good_text":""}],"bad":[{"bad_text":""}],"score_override":"0","override_value":"","rating":[{"rating_text":"","rating_number":"10"}],"price":[{"shop":"","price":"","link":"","icon":""}],"footnotes":""},"categories":[54],"tags":[],"class_list":["post-135417","post","type-post","status-publish","format-standard","has-post-thumbnail","hentry","category-cotidiano"],"yoast_head":"<!-- This site is optimized with the Yoast SEO plugin v26.5 - https:\/\/yoast.com\/wordpress\/plugins\/seo\/ -->\n<title>Queda de ve\u00edculo na ponte do Quixad\u00e1 deixa quatro feridos - Agazeta.net<\/title>\n<meta name=\"robots\" content=\"index, follow, max-snippet:-1, max-image-preview:large, max-video-preview:-1\" \/>\n<link rel=\"canonical\" href=\"https:\/\/nk7-testes.com.br\/agazeta\/queda-de-veiculo-na-ponte-do-quixada-deixa-quatro-feridos\/\" \/>\n<meta property=\"og:locale\" content=\"pt_BR\" \/>\n<meta property=\"og:type\" content=\"article\" \/>\n<meta property=\"og:title\" content=\"Queda de ve\u00edculo na ponte do Quixad\u00e1 deixa quatro feridos\" \/>\n<meta property=\"og:description\" content=\"&quot;Apesar da gravidade, os sinais vitais est\u00e3o est\u00e1veis&quot;, afirmou o m\u00e9dico do acidente\" \/>\n<meta property=\"og:url\" content=\"https:\/\/nk7-testes.com.br\/agazeta\/queda-de-veiculo-na-ponte-do-quixada-deixa-quatro-feridos\/\" \/>\n<meta property=\"og:site_name\" content=\"Agazeta.net\" \/>\n<meta property=\"article:published_time\" content=\"2024-07-08T17:53:43+00:00\" \/>\n<meta property=\"article:modified_time\" content=\"2025-09-17T15:56:27+00:00\" \/>\n<meta property=\"og:image\" content=\"https:\/\/nk7-testes.com.br\/agazeta\/wp-content\/uploads\/2024\/07\/WhatsApp-Image-2024-07-08-at-2.29.07-PM-jpeg.webp\" \/>\n\t<meta property=\"og:image:width\" content=\"1600\" \/>\n\t<meta property=\"og:image:height\" content=\"897\" \/>\n\t<meta property=\"og:image:type\" content=\"image\/webp\" \/>\n<meta name=\"author\" content=\"Agazeta.Net\" \/>\n<meta name=\"twitter:card\" content=\"summary_large_image\" \/>\n<meta name=\"twitter:title\" content=\"Queda de ve\u00edculo na ponte do Quixad\u00e1 deixa quatro feridos\" \/>\n<meta name=\"twitter:description\" content=\"&quot;Apesar da gravidade, os sinais vitais est\u00e3o est\u00e1veis&quot;, afirmou o m\u00e9dico do acidente\" \/>\n<meta name=\"twitter:image\" content=\"https:\/\/nk7-testes.com.br\/agazeta\/wp-content\/uploads\/2024\/07\/WhatsApp-Image-2024-07-08-at-2.29.07-PM-jpeg.webp\" \/>\n<meta name=\"twitter:label1\" content=\"Escrito por\" \/>\n\t<meta name=\"twitter:data1\" content=\"Agazeta.Net\" \/>\n\t<meta name=\"twitter:label2\" content=\"Est. tempo de leitura\" \/>\n\t<meta name=\"twitter:data2\" content=\"2 minutos\" \/>\n<script type=\"application\/ld+json\" class=\"yoast-schema-graph\">{\"@context\":\"https:\/\/schema.org\",\"@graph\":[{\"@type\":\"WebPage\",\"@id\":\"https:\/\/nk7-testes.com.br\/agazeta\/queda-de-veiculo-na-ponte-do-quixada-deixa-quatro-feridos\/\",\"url\":\"https:\/\/nk7-testes.com.br\/agazeta\/queda-de-veiculo-na-ponte-do-quixada-deixa-quatro-feridos\/\",\"name\":\"Queda de ve\u00edculo na ponte do Quixad\u00e1 deixa quatro feridos - Agazeta.net\",\"isPartOf\":{\"@id\":\"https:\/\/nk7-testes.com.br\/agazeta\/#website\"},\"primaryImageOfPage\":{\"@id\":\"https:\/\/nk7-testes.com.br\/agazeta\/queda-de-veiculo-na-ponte-do-quixada-deixa-quatro-feridos\/#primaryimage\"},\"image\":{\"@id\":\"https:\/\/nk7-testes.com.br\/agazeta\/queda-de-veiculo-na-ponte-do-quixada-deixa-quatro-feridos\/#primaryimage\"},\"thumbnailUrl\":\"https:\/\/nk7-testes.com.br\/agazeta\/wp-content\/uploads\/2024\/07\/WhatsApp-Image-2024-07-08-at-2.29.07-PM-jpeg.webp\",\"datePublished\":\"2024-07-08T17:53:43+00:00\",\"dateModified\":\"2025-09-17T15:56:27+00:00\",\"author\":{\"@id\":\"https:\/\/nk7-testes.com.br\/agazeta\/#\/schema\/person\/6d6e25cb0435eb4a02fd44d30b4e3020\"},\"breadcrumb\":{\"@id\":\"https:\/\/nk7-testes.com.br\/agazeta\/queda-de-veiculo-na-ponte-do-quixada-deixa-quatro-feridos\/#breadcrumb\"},\"inLanguage\":\"pt-BR\",\"potentialAction\":[{\"@type\":\"ReadAction\",\"target\":[\"https:\/\/nk7-testes.com.br\/agazeta\/queda-de-veiculo-na-ponte-do-quixada-deixa-quatro-feridos\/\"]}]},{\"@type\":\"ImageObject\",\"inLanguage\":\"pt-BR\",\"@id\":\"https:\/\/nk7-testes.com.br\/agazeta\/queda-de-veiculo-na-ponte-do-quixada-deixa-quatro-feridos\/#primaryimage\",\"url\":\"https:\/\/nk7-testes.com.br\/agazeta\/wp-content\/uploads\/2024\/07\/WhatsApp-Image-2024-07-08-at-2.29.07-PM-jpeg.webp\",\"contentUrl\":\"https:\/\/nk7-testes.com.br\/agazeta\/wp-content\/uploads\/2024\/07\/WhatsApp-Image-2024-07-08-at-2.29.07-PM-jpeg.webp\",\"width\":1600,\"height\":897,\"caption\":\"TV Gazeta\"},{\"@type\":\"BreadcrumbList\",\"@id\":\"https:\/\/nk7-testes.com.br\/agazeta\/queda-de-veiculo-na-ponte-do-quixada-deixa-quatro-feridos\/#breadcrumb\",\"itemListElement\":[{\"@type\":\"ListItem\",\"position\":1,\"name\":\"In\u00edcio\",\"item\":\"https:\/\/nk7-testes.com.br\/agazeta\/\"},{\"@type\":\"ListItem\",\"position\":2,\"name\":\"Queda de ve\u00edculo na ponte do Quixad\u00e1 deixa quatro feridos\"}]},{\"@type\":\"WebSite\",\"@id\":\"https:\/\/nk7-testes.com.br\/agazeta\/#website\",\"url\":\"https:\/\/nk7-testes.com.br\/agazeta\/\",\"name\":\"Agazeta.net\",\"description\":\"Agazeta.net - Not\u00edcias de Rio Branco\/AC\",\"potentialAction\":[{\"@type\":\"SearchAction\",\"target\":{\"@type\":\"EntryPoint\",\"urlTemplate\":\"https:\/\/nk7-testes.com.br\/agazeta\/?s={search_term_string}\"},\"query-input\":{\"@type\":\"PropertyValueSpecification\",\"valueRequired\":true,\"valueName\":\"search_term_string\"}}],\"inLanguage\":\"pt-BR\"},{\"@type\":\"Person\",\"@id\":\"https:\/\/nk7-testes.com.br\/agazeta\/#\/schema\/person\/6d6e25cb0435eb4a02fd44d30b4e3020\",\"name\":\"Agazeta.Net\",\"url\":\"https:\/\/nk7-testes.com.br\/agazeta\/author\/agazeta\/\"}]}<\/script>\n<!-- \/ Yoast SEO plugin. -->","yoast_head_json":{"title":"Queda de ve\u00edculo na ponte do Quixad\u00e1 deixa quatro feridos - Agazeta.net","robots":{"index":"index","follow":"follow","max-snippet":"max-snippet:-1","max-image-preview":"max-image-preview:large","max-video-preview":"max-video-preview:-1"},"canonical":"https:\/\/nk7-testes.com.br\/agazeta\/queda-de-veiculo-na-ponte-do-quixada-deixa-quatro-feridos\/","og_locale":"pt_BR","og_type":"article","og_title":"Queda de ve\u00edculo na ponte do Quixad\u00e1 deixa quatro feridos","og_description":"\"Apesar da gravidade, os sinais vitais est\u00e3o est\u00e1veis\", afirmou o m\u00e9dico do acidente","og_url":"https:\/\/nk7-testes.com.br\/agazeta\/queda-de-veiculo-na-ponte-do-quixada-deixa-quatro-feridos\/","og_site_name":"Agazeta.net","article_published_time":"2024-07-08T17:53:43+00:00","article_modified_time":"2025-09-17T15:56:27+00:00","og_image":[{"width":1600,"height":897,"url":"https:\/\/nk7-testes.com.br\/agazeta\/wp-content\/uploads\/2024\/07\/WhatsApp-Image-2024-07-08-at-2.29.07-PM-jpeg.webp","type":"image\/webp"}],"author":"Agazeta.Net","twitter_card":"summary_large_image","twitter_title":"Queda de ve\u00edculo na ponte do Quixad\u00e1 deixa quatro feridos","twitter_description":"\"Apesar da gravidade, os sinais vitais est\u00e3o est\u00e1veis\", afirmou o m\u00e9dico do acidente","twitter_image":"https:\/\/nk7-testes.com.br\/agazeta\/wp-content\/uploads\/2024\/07\/WhatsApp-Image-2024-07-08-at-2.29.07-PM-jpeg.webp","twitter_misc":{"Escrito por":"Agazeta.Net","Est. tempo de leitura":"2 minutos"},"schema":{"@context":"https:\/\/schema.org","@graph":[{"@type":"WebPage","@id":"https:\/\/nk7-testes.com.br\/agazeta\/queda-de-veiculo-na-ponte-do-quixada-deixa-quatro-feridos\/","url":"https:\/\/nk7-testes.com.br\/agazeta\/queda-de-veiculo-na-ponte-do-quixada-deixa-quatro-feridos\/","name":"Queda de ve\u00edculo na ponte do Quixad\u00e1 deixa quatro feridos - Agazeta.net","isPartOf":{"@id":"https:\/\/nk7-testes.com.br\/agazeta\/#website"},"primaryImageOfPage":{"@id":"https:\/\/nk7-testes.com.br\/agazeta\/queda-de-veiculo-na-ponte-do-quixada-deixa-quatro-feridos\/#primaryimage"},"image":{"@id":"https:\/\/nk7-testes.com.br\/agazeta\/queda-de-veiculo-na-ponte-do-quixada-deixa-quatro-feridos\/#primaryimage"},"thumbnailUrl":"https:\/\/nk7-testes.com.br\/agazeta\/wp-content\/uploads\/2024\/07\/WhatsApp-Image-2024-07-08-at-2.29.07-PM-jpeg.webp","datePublished":"2024-07-08T17:53:43+00:00","dateModified":"2025-09-17T15:56:27+00:00","author":{"@id":"https:\/\/nk7-testes.com.br\/agazeta\/#\/schema\/person\/6d6e25cb0435eb4a02fd44d30b4e3020"},"breadcrumb":{"@id":"https:\/\/nk7-testes.com.br\/agazeta\/queda-de-veiculo-na-ponte-do-quixada-deixa-quatro-feridos\/#breadcrumb"},"inLanguage":"pt-BR","potentialAction":[{"@type":"ReadAction","target":["https:\/\/nk7-testes.com.br\/agazeta\/queda-de-veiculo-na-ponte-do-quixada-deixa-quatro-feridos\/"]}]},{"@type":"ImageObject","inLanguage":"pt-BR","@id":"https:\/\/nk7-testes.com.br\/agazeta\/queda-de-veiculo-na-ponte-do-quixada-deixa-quatro-feridos\/#primaryimage","url":"https:\/\/nk7-testes.com.br\/agazeta\/wp-content\/uploads\/2024\/07\/WhatsApp-Image-2024-07-08-at-2.29.07-PM-jpeg.webp","contentUrl":"https:\/\/nk7-testes.com.br\/agazeta\/wp-content\/uploads\/2024\/07\/WhatsApp-Image-2024-07-08-at-2.29.07-PM-jpeg.webp","width":1600,"height":897,"caption":"TV Gazeta"},{"@type":"BreadcrumbList","@id":"https:\/\/nk7-testes.com.br\/agazeta\/queda-de-veiculo-na-ponte-do-quixada-deixa-quatro-feridos\/#breadcrumb","itemListElement":[{"@type":"ListItem","position":1,"name":"In\u00edcio","item":"https:\/\/nk7-testes.com.br\/agazeta\/"},{"@type":"ListItem","position":2,"name":"Queda de ve\u00edculo na ponte do Quixad\u00e1 deixa quatro feridos"}]},{"@type":"WebSite","@id":"https:\/\/nk7-testes.com.br\/agazeta\/#website","url":"https:\/\/nk7-testes.com.br\/agazeta\/","name":"Agazeta.net","description":"Agazeta.net - Not\u00edcias de Rio Branco\/AC","potentialAction":[{"@type":"SearchAction","target":{"@type":"EntryPoint","urlTemplate":"https:\/\/nk7-testes.com.br\/agazeta\/?s={search_term_string}"},"query-input":{"@type":"PropertyValueSpecification","valueRequired":true,"valueName":"search_term_string"}}],"inLanguage":"pt-BR"},{"@type":"Person","@id":"https:\/\/nk7-testes.com.br\/agazeta\/#\/schema\/person\/6d6e25cb0435eb4a02fd44d30b4e3020","name":"Agazeta.Net","url":"https:\/\/nk7-testes.com.br\/agazeta\/author\/agazeta\/"}]}},"_links":{"self":[{"href":"https:\/\/nk7-testes.com.br\/agazeta\/wp-json\/wp\/v2\/posts\/135417","targetHints":{"allow":["GET"]}}],"collection":[{"href":"https:\/\/nk7-testes.com.br\/agazeta\/wp-json\/wp\/v2\/posts"}],"about":[{"href":"https:\/\/nk7-testes.com.br\/agazeta\/wp-json\/wp\/v2\/types\/post"}],"author":[{"embeddable":true,"href":"https:\/\/nk7-testes.com.br\/agazeta\/wp-json\/wp\/v2\/users\/4"}],"replies":[{"embeddable":true,"href":"https:\/\/nk7-testes.com.br\/agazeta\/wp-json\/wp\/v2\/comments?post=135417"}],"version-history":[{"count":0,"href":"https:\/\/nk7-testes.com.br\/agazeta\/wp-json\/wp\/v2\/posts\/135417\/revisions"}],"wp:featuredmedia":[{"embeddable":true,"href":"https:\/\/nk7-testes.com.br\/agazeta\/wp-json\/wp\/v2\/media\/135423"}],"wp:attachment":[{"href":"https:\/\/nk7-testes.com.br\/agazeta\/wp-json\/wp\/v2\/media?parent=135417"}],"wp:term":[{"taxonomy":"category","embeddable":true,"href":"https:\/\/nk7-testes.com.br\/agazeta\/wp-json\/wp\/v2\/categories?post=135417"},{"taxonomy":"post_tag","embeddable":true,"href":"https:\/\/nk7-testes.com.br\/agazeta\/wp-json\/wp\/v2\/tags?post=135417"}],"curies":[{"name":"wp","href":"https:\/\/api.w.org\/{rel}","templated":true}]}}