{"id":135004,"date":"2024-07-02T13:16:09","date_gmt":"2024-07-02T18:16:09","guid":{"rendered":"https:\/\/nk7-testes.com.br\/agazeta\/?p=135004"},"modified":"2024-07-02T13:16:09","modified_gmt":"2024-07-02T18:16:09","slug":"sem-o-publico-o-programa-nao-seria-campeao-de-audiencia-diz-editora-chefe-do-gazeta-alerta","status":"publish","type":"post","link":"https:\/\/nk7-testes.com.br\/agazeta\/sem-o-publico-o-programa-nao-seria-campeao-de-audiencia-diz-editora-chefe-do-gazeta-alerta\/","title":{"rendered":"&#8220;Sem o p\u00fablico o programa n\u00e3o seria campe\u00e3o de audi\u00eancia&#8221;, diz editora-chefe do Gazeta Alerta"},"content":{"rendered":"<p style=\"text-align: justify;\">Nesta ter\u00e7a-feira (2), a Pra\u00e7a do Pal\u00e1cio Rio Branco se tornou palco de um evento memor\u00e1vel: a celebra\u00e7\u00e3o dos 22 anos do Gazeta Alerta. Com a participa\u00e7\u00e3o ativa da comunidade e da equipe do programa, o evento destaca a import\u00e2ncia do p\u00fablico na constru\u00e7\u00e3o de um dos programas de maior audi\u00eancia do Acre.<\/p>\n<p style=\"text-align: justify;\">A editora-chefe do Gazeta Alerta, Camila HolsbacH, esteve \u00e0 frente da organiza\u00e7\u00e3o do evento. Ela ressalta a relev\u00e2ncia dos telespectadores para o sucesso do programa. \u201cSem os telespectadores, sem o nosso p\u00fablico, o programa n\u00e3o seria o campe\u00e3o de audi\u00eancia que \u00e9\u201d, afirma Holsbach.<\/p>\n<p style=\"text-align: justify;\">Al\u00e9m disso, a editora lembra dos desafios enfrentados durante a pandemia da Covid-19, quando os planos de comemorar o anivers\u00e1rio de 18 anos do programa foram interrompidos. \u201cA ideia desse evento veio amadurecendo desde o anivers\u00e1rio de 18 anos do programa, por\u00e9m a pandemia impediu que ocorresse\u201d, informa ela.<\/p>\n<p style=\"text-align: justify;\">Holsbach reflete sobre o impacto da pandemia e a resili\u00eancia da equipe e da comunidade. \u201cE a gente veio de um per\u00edodo t\u00e3o dif\u00edcil, que foi esse per\u00edodo de pandemia que a gente passou. Eu lembro que, quando o Gazeta Alerta tinha 18 anos, a nossa ideia era essa. Foi quando veio a pandemia do coronav\u00edrus, da Covid-19. E a\u00ed todo mundo afastado, isolado, de m\u00e1scara. Esse ano a gente falou, &#8216;Por que a gente n\u00e3o pode comemorar o anivers\u00e1rio de 22 anos do Gazeta Alerta, homenageando e oferecendo servi\u00e7os a quem coloca o Gazeta Alerta no lugar que o Gazeta Alerta est\u00e1?&#8217; Que s\u00e3o os nossos telespectadores&#8221;, conta.<\/p>\n<p style=\"text-align: justify;\">O evento ofereceu servi\u00e7os gratuitos \u00e0 comunidade, gra\u00e7as \u00e0 colabora\u00e7\u00e3o de diversos parceiros. Holbach salienta a import\u00e2ncia dessas parcerias. \u201cS\u00e3o v\u00e1rios parceiros, v\u00e1rias pessoas aderiram a essa nossa ideia de comemorar o anivers\u00e1rio do Gazeta Alerta aqui no centro da cidade com esse sol quente, mas com muita gente, muita gente procurando. Servi\u00e7os da Prefeitura, da van odontol\u00f3gica, servi\u00e7os do Tribunal de Justi\u00e7a, Defensoria P\u00fablica, OCA M\u00f3vel, Sine, Saerb, Energisa, vacina\u00e7\u00e3o, testes r\u00e1pidos, aferi\u00e7\u00e3o de press\u00e3o, temos a exposi\u00e7\u00e3o da Pol\u00edcia Militar, do Corpo de Bombeiros,. Temos os nossos parceiros que tamb\u00e9m destinaram brindes pra gente, Soares Log, Caf\u00e9 Contri, a Honda Groupstar, Recol Motors, o Mercad\u00e3o dos \u00d3culos.Ent\u00e3o assim, s\u00e3o parceiros que aderiram essa nossa ideia de comemorar o anivers\u00e1rio do Gazeta Alerta bem pertinho do p\u00fablico\u201d, finaliza a jornalista.<\/p>\n<p style=\"text-align: justify;\">A celebra\u00e7\u00e3o n\u00e3o apenas marcou o anivers\u00e1rio do Gazeta Alerta, mas tamb\u00e9m refor\u00e7ou o la\u00e7o do programa com a comunidade acreana.<\/p>\n<p style=\"text-align: justify;\"><strong><em>Com informa\u00e7\u00f5es da rep\u00f3rter Wanessa Souza para a TV Gazeta<\/em><\/strong><\/p>\n","protected":false},"excerpt":{"rendered":"<p>Nesta ter\u00e7a-feira (2), a Pra\u00e7a do Pal\u00e1cio Rio Branco se tornou palco de um evento memor\u00e1vel: a celebra\u00e7\u00e3o dos 22 anos do Gazeta Alerta. Com a participa\u00e7\u00e3o ativa da comunidade e da equipe do programa, o evento destaca a import\u00e2ncia do p\u00fablico na constru\u00e7\u00e3o de um dos programas de maior audi\u00eancia do Acre. A editora-chefe [&hellip;]<\/p>\n","protected":false},"author":4,"featured_media":135006,"comment_status":"open","ping_status":"open","sticky":false,"template":"","format":"standard","meta":{"jnews-multi-image_gallery":[],"jnews_single_post":{"source_name":"","source_url":"","via_name":"","via_url":"","override_template":"0","override":[{"template":"custom","single_blog_custom":"110746","parallax":"1","fullscreen":"1","layout":"right-sidebar","sidebar":"default-sidebar","second_sidebar":"default-sidebar","sticky_sidebar":"1","share_position":"top","share_float_style":"share-monocrhome","show_share_counter":"1","show_view_counter":"1","show_featured":"1","show_post_meta":"1","show_post_author":"1","show_post_author_image":"1","show_post_date":"1","post_date_format":"default","post_date_format_custom":"Y\/m\/d","show_post_category":"1","show_post_reading_time":"0","post_reading_time_wpm":"300","show_zoom_button":"0","zoom_button_out_step":"2","zoom_button_in_step":"3","show_post_tag":"1","show_prev_next_post":"1","show_popup_post":"1","number_popup_post":"1","show_author_box":"0","show_post_related":"1","show_inline_post_related":"0"}],"override_image_size":"0","image_override":[{"single_post_thumbnail_size":"crop-500","single_post_gallery_size":"crop-500"}],"trending_post":"0","trending_post_position":"meta","trending_post_label":"Trending","sponsored_post":"0","sponsored_post_label":"Sponsored by","sponsored_post_name":"","sponsored_post_url":"","sponsored_post_logo_enable":"0","sponsored_post_logo":"","sponsored_post_desc":"","disable_ad":"0"},"jnews_primary_category":{"id":"","hide":""},"jnews_social_meta":{"fb_title":"","fb_description":"","fb_image":"","twitter_title":"","twitter_description":"","twitter_image":""},"jnews_review":[],"enable_review":"0","type":"percentage","name":"","summary":"","brand":"","sku":"","good":[{"good_text":""}],"bad":[{"bad_text":""}],"score_override":"0","override_value":"","rating":[{"rating_text":"","rating_number":"10"}],"price":[{"shop":"","price":"","link":"","icon":""}],"footnotes":""},"categories":[54],"tags":[152],"class_list":["post-135004","post","type-post","status-publish","format-standard","has-post-thumbnail","hentry","category-cotidiano","tag-destaque"],"yoast_head":"<!-- This site is optimized with the Yoast SEO plugin v26.5 - https:\/\/yoast.com\/wordpress\/plugins\/seo\/ -->\n<title>&quot;Sem o p\u00fablico o programa n\u00e3o seria campe\u00e3o de audi\u00eancia&quot;, diz editora-chefe do Gazeta Alerta - Agazeta.net<\/title>\n<meta name=\"robots\" content=\"index, follow, max-snippet:-1, max-image-preview:large, max-video-preview:-1\" \/>\n<link rel=\"canonical\" href=\"https:\/\/nk7-testes.com.br\/agazeta\/sem-o-publico-o-programa-nao-seria-campeao-de-audiencia-diz-editora-chefe-do-gazeta-alerta\/\" \/>\n<meta property=\"og:locale\" content=\"pt_BR\" \/>\n<meta property=\"og:type\" content=\"article\" \/>\n<meta property=\"og:title\" content=\"&quot;Sem o p\u00fablico o programa n\u00e3o seria campe\u00e3o de audi\u00eancia&quot;, diz editora-chefe do Gazeta Alerta\" \/>\n<meta property=\"og:description\" content=\"Fala foi dita durante evento de comemora\u00e7\u00e3o dos 22 anos do programa, na Pra\u00e7a do Pal\u00e1cio Rio Branco\" \/>\n<meta property=\"og:url\" content=\"https:\/\/nk7-testes.com.br\/agazeta\/sem-o-publico-o-programa-nao-seria-campeao-de-audiencia-diz-editora-chefe-do-gazeta-alerta\/\" \/>\n<meta property=\"og:site_name\" content=\"Agazeta.net\" \/>\n<meta property=\"article:published_time\" content=\"2024-07-02T18:16:09+00:00\" \/>\n<meta property=\"og:image\" content=\"https:\/\/nk7-testes.com.br\/agazeta\/wp-content\/uploads\/2024\/07\/WhatsApp-Image-2024-07-02-at-14.33.24-jpeg.webp\" \/>\n\t<meta property=\"og:image:width\" content=\"800\" \/>\n\t<meta property=\"og:image:height\" content=\"405\" \/>\n\t<meta property=\"og:image:type\" content=\"image\/webp\" \/>\n<meta name=\"author\" content=\"Agazeta.Net\" \/>\n<meta name=\"twitter:card\" content=\"summary_large_image\" \/>\n<meta name=\"twitter:label1\" content=\"Escrito por\" \/>\n\t<meta name=\"twitter:data1\" content=\"Agazeta.Net\" \/>\n\t<meta name=\"twitter:label2\" content=\"Est. tempo de leitura\" \/>\n\t<meta name=\"twitter:data2\" content=\"2 minutos\" \/>\n<script type=\"application\/ld+json\" class=\"yoast-schema-graph\">{\"@context\":\"https:\/\/schema.org\",\"@graph\":[{\"@type\":\"WebPage\",\"@id\":\"https:\/\/nk7-testes.com.br\/agazeta\/sem-o-publico-o-programa-nao-seria-campeao-de-audiencia-diz-editora-chefe-do-gazeta-alerta\/\",\"url\":\"https:\/\/nk7-testes.com.br\/agazeta\/sem-o-publico-o-programa-nao-seria-campeao-de-audiencia-diz-editora-chefe-do-gazeta-alerta\/\",\"name\":\"\\\"Sem o p\u00fablico o programa n\u00e3o seria campe\u00e3o de audi\u00eancia\\\", diz editora-chefe do Gazeta Alerta - Agazeta.net\",\"isPartOf\":{\"@id\":\"https:\/\/nk7-testes.com.br\/agazeta\/#website\"},\"primaryImageOfPage\":{\"@id\":\"https:\/\/nk7-testes.com.br\/agazeta\/sem-o-publico-o-programa-nao-seria-campeao-de-audiencia-diz-editora-chefe-do-gazeta-alerta\/#primaryimage\"},\"image\":{\"@id\":\"https:\/\/nk7-testes.com.br\/agazeta\/sem-o-publico-o-programa-nao-seria-campeao-de-audiencia-diz-editora-chefe-do-gazeta-alerta\/#primaryimage\"},\"thumbnailUrl\":\"https:\/\/nk7-testes.com.br\/agazeta\/wp-content\/uploads\/2024\/07\/WhatsApp-Image-2024-07-02-at-14.33.24-jpeg.webp\",\"datePublished\":\"2024-07-02T18:16:09+00:00\",\"author\":{\"@id\":\"https:\/\/nk7-testes.com.br\/agazeta\/#\/schema\/person\/6d6e25cb0435eb4a02fd44d30b4e3020\"},\"breadcrumb\":{\"@id\":\"https:\/\/nk7-testes.com.br\/agazeta\/sem-o-publico-o-programa-nao-seria-campeao-de-audiencia-diz-editora-chefe-do-gazeta-alerta\/#breadcrumb\"},\"inLanguage\":\"pt-BR\",\"potentialAction\":[{\"@type\":\"ReadAction\",\"target\":[\"https:\/\/nk7-testes.com.br\/agazeta\/sem-o-publico-o-programa-nao-seria-campeao-de-audiencia-diz-editora-chefe-do-gazeta-alerta\/\"]}]},{\"@type\":\"ImageObject\",\"inLanguage\":\"pt-BR\",\"@id\":\"https:\/\/nk7-testes.com.br\/agazeta\/sem-o-publico-o-programa-nao-seria-campeao-de-audiencia-diz-editora-chefe-do-gazeta-alerta\/#primaryimage\",\"url\":\"https:\/\/nk7-testes.com.br\/agazeta\/wp-content\/uploads\/2024\/07\/WhatsApp-Image-2024-07-02-at-14.33.24-jpeg.webp\",\"contentUrl\":\"https:\/\/nk7-testes.com.br\/agazeta\/wp-content\/uploads\/2024\/07\/WhatsApp-Image-2024-07-02-at-14.33.24-jpeg.webp\",\"width\":800,\"height\":405,\"caption\":\"Imagem: Diogo Jos\u00e9\"},{\"@type\":\"BreadcrumbList\",\"@id\":\"https:\/\/nk7-testes.com.br\/agazeta\/sem-o-publico-o-programa-nao-seria-campeao-de-audiencia-diz-editora-chefe-do-gazeta-alerta\/#breadcrumb\",\"itemListElement\":[{\"@type\":\"ListItem\",\"position\":1,\"name\":\"In\u00edcio\",\"item\":\"https:\/\/nk7-testes.com.br\/agazeta\/\"},{\"@type\":\"ListItem\",\"position\":2,\"name\":\"&#8220;Sem o p\u00fablico o programa n\u00e3o seria campe\u00e3o de audi\u00eancia&#8221;, diz editora-chefe do Gazeta Alerta\"}]},{\"@type\":\"WebSite\",\"@id\":\"https:\/\/nk7-testes.com.br\/agazeta\/#website\",\"url\":\"https:\/\/nk7-testes.com.br\/agazeta\/\",\"name\":\"Agazeta.net\",\"description\":\"Agazeta.net - Not\u00edcias de Rio Branco\/AC\",\"potentialAction\":[{\"@type\":\"SearchAction\",\"target\":{\"@type\":\"EntryPoint\",\"urlTemplate\":\"https:\/\/nk7-testes.com.br\/agazeta\/?s={search_term_string}\"},\"query-input\":{\"@type\":\"PropertyValueSpecification\",\"valueRequired\":true,\"valueName\":\"search_term_string\"}}],\"inLanguage\":\"pt-BR\"},{\"@type\":\"Person\",\"@id\":\"https:\/\/nk7-testes.com.br\/agazeta\/#\/schema\/person\/6d6e25cb0435eb4a02fd44d30b4e3020\",\"name\":\"Agazeta.Net\",\"url\":\"https:\/\/nk7-testes.com.br\/agazeta\/author\/agazeta\/\"}]}<\/script>\n<!-- \/ Yoast SEO plugin. -->","yoast_head_json":{"title":"\"Sem o p\u00fablico o programa n\u00e3o seria campe\u00e3o de audi\u00eancia\", diz editora-chefe do Gazeta Alerta - Agazeta.net","robots":{"index":"index","follow":"follow","max-snippet":"max-snippet:-1","max-image-preview":"max-image-preview:large","max-video-preview":"max-video-preview:-1"},"canonical":"https:\/\/nk7-testes.com.br\/agazeta\/sem-o-publico-o-programa-nao-seria-campeao-de-audiencia-diz-editora-chefe-do-gazeta-alerta\/","og_locale":"pt_BR","og_type":"article","og_title":"\"Sem o p\u00fablico o programa n\u00e3o seria campe\u00e3o de audi\u00eancia\", diz editora-chefe do Gazeta Alerta","og_description":"Fala foi dita durante evento de comemora\u00e7\u00e3o dos 22 anos do programa, na Pra\u00e7a do Pal\u00e1cio Rio Branco","og_url":"https:\/\/nk7-testes.com.br\/agazeta\/sem-o-publico-o-programa-nao-seria-campeao-de-audiencia-diz-editora-chefe-do-gazeta-alerta\/","og_site_name":"Agazeta.net","article_published_time":"2024-07-02T18:16:09+00:00","og_image":[{"width":800,"height":405,"url":"https:\/\/nk7-testes.com.br\/agazeta\/wp-content\/uploads\/2024\/07\/WhatsApp-Image-2024-07-02-at-14.33.24-jpeg.webp","type":"image\/webp"}],"author":"Agazeta.Net","twitter_card":"summary_large_image","twitter_misc":{"Escrito por":"Agazeta.Net","Est. tempo de leitura":"2 minutos"},"schema":{"@context":"https:\/\/schema.org","@graph":[{"@type":"WebPage","@id":"https:\/\/nk7-testes.com.br\/agazeta\/sem-o-publico-o-programa-nao-seria-campeao-de-audiencia-diz-editora-chefe-do-gazeta-alerta\/","url":"https:\/\/nk7-testes.com.br\/agazeta\/sem-o-publico-o-programa-nao-seria-campeao-de-audiencia-diz-editora-chefe-do-gazeta-alerta\/","name":"\"Sem o p\u00fablico o programa n\u00e3o seria campe\u00e3o de audi\u00eancia\", diz editora-chefe do Gazeta Alerta - Agazeta.net","isPartOf":{"@id":"https:\/\/nk7-testes.com.br\/agazeta\/#website"},"primaryImageOfPage":{"@id":"https:\/\/nk7-testes.com.br\/agazeta\/sem-o-publico-o-programa-nao-seria-campeao-de-audiencia-diz-editora-chefe-do-gazeta-alerta\/#primaryimage"},"image":{"@id":"https:\/\/nk7-testes.com.br\/agazeta\/sem-o-publico-o-programa-nao-seria-campeao-de-audiencia-diz-editora-chefe-do-gazeta-alerta\/#primaryimage"},"thumbnailUrl":"https:\/\/nk7-testes.com.br\/agazeta\/wp-content\/uploads\/2024\/07\/WhatsApp-Image-2024-07-02-at-14.33.24-jpeg.webp","datePublished":"2024-07-02T18:16:09+00:00","author":{"@id":"https:\/\/nk7-testes.com.br\/agazeta\/#\/schema\/person\/6d6e25cb0435eb4a02fd44d30b4e3020"},"breadcrumb":{"@id":"https:\/\/nk7-testes.com.br\/agazeta\/sem-o-publico-o-programa-nao-seria-campeao-de-audiencia-diz-editora-chefe-do-gazeta-alerta\/#breadcrumb"},"inLanguage":"pt-BR","potentialAction":[{"@type":"ReadAction","target":["https:\/\/nk7-testes.com.br\/agazeta\/sem-o-publico-o-programa-nao-seria-campeao-de-audiencia-diz-editora-chefe-do-gazeta-alerta\/"]}]},{"@type":"ImageObject","inLanguage":"pt-BR","@id":"https:\/\/nk7-testes.com.br\/agazeta\/sem-o-publico-o-programa-nao-seria-campeao-de-audiencia-diz-editora-chefe-do-gazeta-alerta\/#primaryimage","url":"https:\/\/nk7-testes.com.br\/agazeta\/wp-content\/uploads\/2024\/07\/WhatsApp-Image-2024-07-02-at-14.33.24-jpeg.webp","contentUrl":"https:\/\/nk7-testes.com.br\/agazeta\/wp-content\/uploads\/2024\/07\/WhatsApp-Image-2024-07-02-at-14.33.24-jpeg.webp","width":800,"height":405,"caption":"Imagem: Diogo Jos\u00e9"},{"@type":"BreadcrumbList","@id":"https:\/\/nk7-testes.com.br\/agazeta\/sem-o-publico-o-programa-nao-seria-campeao-de-audiencia-diz-editora-chefe-do-gazeta-alerta\/#breadcrumb","itemListElement":[{"@type":"ListItem","position":1,"name":"In\u00edcio","item":"https:\/\/nk7-testes.com.br\/agazeta\/"},{"@type":"ListItem","position":2,"name":"&#8220;Sem o p\u00fablico o programa n\u00e3o seria campe\u00e3o de audi\u00eancia&#8221;, diz editora-chefe do Gazeta Alerta"}]},{"@type":"WebSite","@id":"https:\/\/nk7-testes.com.br\/agazeta\/#website","url":"https:\/\/nk7-testes.com.br\/agazeta\/","name":"Agazeta.net","description":"Agazeta.net - Not\u00edcias de Rio Branco\/AC","potentialAction":[{"@type":"SearchAction","target":{"@type":"EntryPoint","urlTemplate":"https:\/\/nk7-testes.com.br\/agazeta\/?s={search_term_string}"},"query-input":{"@type":"PropertyValueSpecification","valueRequired":true,"valueName":"search_term_string"}}],"inLanguage":"pt-BR"},{"@type":"Person","@id":"https:\/\/nk7-testes.com.br\/agazeta\/#\/schema\/person\/6d6e25cb0435eb4a02fd44d30b4e3020","name":"Agazeta.Net","url":"https:\/\/nk7-testes.com.br\/agazeta\/author\/agazeta\/"}]}},"_links":{"self":[{"href":"https:\/\/nk7-testes.com.br\/agazeta\/wp-json\/wp\/v2\/posts\/135004","targetHints":{"allow":["GET"]}}],"collection":[{"href":"https:\/\/nk7-testes.com.br\/agazeta\/wp-json\/wp\/v2\/posts"}],"about":[{"href":"https:\/\/nk7-testes.com.br\/agazeta\/wp-json\/wp\/v2\/types\/post"}],"author":[{"embeddable":true,"href":"https:\/\/nk7-testes.com.br\/agazeta\/wp-json\/wp\/v2\/users\/4"}],"replies":[{"embeddable":true,"href":"https:\/\/nk7-testes.com.br\/agazeta\/wp-json\/wp\/v2\/comments?post=135004"}],"version-history":[{"count":0,"href":"https:\/\/nk7-testes.com.br\/agazeta\/wp-json\/wp\/v2\/posts\/135004\/revisions"}],"wp:featuredmedia":[{"embeddable":true,"href":"https:\/\/nk7-testes.com.br\/agazeta\/wp-json\/wp\/v2\/media\/135006"}],"wp:attachment":[{"href":"https:\/\/nk7-testes.com.br\/agazeta\/wp-json\/wp\/v2\/media?parent=135004"}],"wp:term":[{"taxonomy":"category","embeddable":true,"href":"https:\/\/nk7-testes.com.br\/agazeta\/wp-json\/wp\/v2\/categories?post=135004"},{"taxonomy":"post_tag","embeddable":true,"href":"https:\/\/nk7-testes.com.br\/agazeta\/wp-json\/wp\/v2\/tags?post=135004"}],"curies":[{"name":"wp","href":"https:\/\/api.w.org\/{rel}","templated":true}]}}