{"id":134997,"date":"2024-07-02T12:16:26","date_gmt":"2024-07-02T17:16:26","guid":{"rendered":"https:\/\/nk7-testes.com.br\/agazeta\/?p=134997"},"modified":"2024-07-02T12:16:26","modified_gmt":"2024-07-02T17:16:26","slug":"casal-viaja-de-senador-guiomard-para-conhecer-equipe-de-jornalismo-do-gazeta-alerta","status":"publish","type":"post","link":"https:\/\/nk7-testes.com.br\/agazeta\/casal-viaja-de-senador-guiomard-para-conhecer-equipe-de-jornalismo-do-gazeta-alerta\/","title":{"rendered":"Casal viaja de Senador Guiomard para conhecer equipe de jornalismo do Gazeta Alerta"},"content":{"rendered":"<p style=\"text-align: justify;\">Durante os 22 anos no ar, o programa de maior audi\u00eancia do Acre, Gazeta Alerta conquistou uma legi\u00e3o de f\u00e3s fi\u00e9is, tornando-se parte essencial da vida do povo acreano. Nesta ter\u00e7a-feira (2), o evento comemorativo do anivers\u00e1rio do programa reuniu admiradores de at\u00e9 outros munic\u00edpios, demonstrando a import\u00e2ncia e o carinho que o p\u00fablico tem por esse programa que se tornou tradi\u00e7\u00e3o.<\/p>\n<p style=\"text-align: justify;\">Um exemplo marcante \u00e9 o casal Arlindo e Rosilene, de Senador Guiomard, que viajaram especialmente para prestigiar o evento. Arlindo, um espectador ass\u00edduo desde o in\u00edcio do programa, comentou com entusiasmo: &#8220;Eu assisto desde o Edvaldo Souza, eu s\u00f3 vim pra conhecer a gente que trabalha l\u00e1 no Gazeta Alerta.<\/p>\n<p style=\"text-align: justify;\">&#8220;O casal destacou que gosta de assistir ao jornal no hor\u00e1rio de almo\u00e7o, apreciando particularmente as reportagens de Rose Lima. Al\u00e9m disso, aproveitaram os servi\u00e7os oferecidos durante o evento. &#8220;J\u00e1 peguei o papel mais que satisfeito que eu tamb\u00e9m j\u00e1 marquei minha carteira de identidade na Oca,&#8221; disse Arlindo, satisfeito com a organiza\u00e7\u00e3o do evento.<\/p>\n<figure id=\"attachment_134999\" aria-describedby=\"caption-attachment-134999\" style=\"width: 537px\" class=\"wp-caption aligncenter\"><img decoding=\"async\" class=\"wp-image-134999\" src=\"https:\/\/nk7-testes.com.br\/agazeta\/wp-content\/uploads\/2024\/07\/b73a68f6-baa7-47f3-8360-8a7800d50dfc-scaled.webp\" alt=\"\" width=\"537\" height=\"403\" \/><figcaption id=\"caption-attachment-134999\" class=\"wp-caption-text\">Foto: Diogo\/Jos\u00e9<\/figcaption><\/figure>\n<p style=\"text-align: justify;\">Dona Zilda Vieira \u00e9 outra f\u00e3 dedicada que lembra vividamente do primeiro programa e compartilhou como o Gazeta Alerta se tornou parte da rotina de sua fam\u00edlia. &#8220;Eu lembro do primeiro programa, hoje em dia passa todo dia l\u00e1 em casa,&#8221; contou ela. O motivo especial para sua presen\u00e7a no evento era sua m\u00e3e, de 86 anos, que tamb\u00e9m \u00e9 uma grande admiradora do programa. &#8220;Vim trazer minha m\u00e3e para fazer um exame de vista. A gente mora l\u00e1 na BR no sentido de Porto Velho. Minha m\u00e3e tem 86 anos e gosta muito do programa tamb\u00e9m. Agora a gente t\u00e1 esperando para participar do sorteio.&#8221;<\/p>\n<figure id=\"attachment_135000\" aria-describedby=\"caption-attachment-135000\" style=\"width: 532px\" class=\"wp-caption aligncenter\"><img decoding=\"async\" class=\"wp-image-135000\" src=\"https:\/\/nk7-testes.com.br\/agazeta\/wp-content\/uploads\/2024\/07\/c401efcb-2613-41a2-9b3d-33731588153f-scaled.webp\" alt=\"\" width=\"532\" height=\"399\" \/><figcaption id=\"caption-attachment-135000\" class=\"wp-caption-text\">Foto: Diogo Jos\u00e9\/ Agazeta.net<\/figcaption><\/figure>\n<p style=\"text-align: justify;\">Para dona Zilda, o Gazeta Alerta foi um companheiro constante, especialmente em momentos dif\u00edceis, como a cobertura da \u00faltima enchente. &#8220;A gente, apesar de estar longe, viu a cidade debaixo d&#8217;\u00e1gua. Foi muito triste, me marcou muito,&#8221; recordou emocionada.<\/p>\n<p style=\"text-align: justify;\">Comemorando seus 22 anos, o Gazeta Alerta n\u00e3o \u00e9 apenas um programa de not\u00edcias; \u00e9 a conex\u00e3o de qualidade e \u00e9tica entre a informa\u00e7\u00e3o e o p\u00fablico, refor\u00e7ando seu papel fundamental na casa e na vida das pessoas.<\/p>\n","protected":false},"excerpt":{"rendered":"<p>Durante os 22 anos no ar, o programa de maior audi\u00eancia do Acre, Gazeta Alerta conquistou uma legi\u00e3o de f\u00e3s fi\u00e9is, tornando-se parte essencial da vida do povo acreano. Nesta ter\u00e7a-feira (2), o evento comemorativo do anivers\u00e1rio do programa reuniu admiradores de at\u00e9 outros munic\u00edpios, demonstrando a import\u00e2ncia e o carinho que o p\u00fablico tem [&hellip;]<\/p>\n","protected":false},"author":4,"featured_media":134998,"comment_status":"open","ping_status":"open","sticky":false,"template":"","format":"standard","meta":{"jnews-multi-image_gallery":[],"jnews_single_post":{"source_name":"","source_url":"","via_name":"","via_url":"","override_template":"0","override":[{"template":"custom","single_blog_custom":"110746","parallax":"1","fullscreen":"1","layout":"right-sidebar","sidebar":"default-sidebar","second_sidebar":"default-sidebar","sticky_sidebar":"1","share_position":"top","share_float_style":"share-monocrhome","show_share_counter":"1","show_view_counter":"1","show_featured":"1","show_post_meta":"1","show_post_author":"1","show_post_author_image":"1","show_post_date":"1","post_date_format":"default","post_date_format_custom":"Y\/m\/d","show_post_category":"1","show_post_reading_time":"0","post_reading_time_wpm":"300","show_zoom_button":"0","zoom_button_out_step":"2","zoom_button_in_step":"3","show_post_tag":"1","show_prev_next_post":"1","show_popup_post":"1","number_popup_post":"1","show_author_box":"0","show_post_related":"1","show_inline_post_related":"0"}],"override_image_size":"0","image_override":[{"single_post_thumbnail_size":"crop-500","single_post_gallery_size":"crop-500"}],"trending_post":"0","trending_post_position":"meta","trending_post_label":"Trending","sponsored_post":"0","sponsored_post_label":"Sponsored by","sponsored_post_name":"","sponsored_post_url":"","sponsored_post_logo_enable":"0","sponsored_post_logo":"","sponsored_post_desc":"","disable_ad":"0"},"jnews_primary_category":{"id":"","hide":""},"jnews_social_meta":{"fb_title":"","fb_description":"","fb_image":"","twitter_title":"","twitter_description":"","twitter_image":""},"jnews_review":[],"enable_review":"0","type":"percentage","name":"","summary":"","brand":"","sku":"","good":[{"good_text":""}],"bad":[{"bad_text":""}],"score_override":"0","override_value":"","rating":[{"rating_text":"","rating_number":"10"}],"price":[{"shop":"","price":"","link":"","icon":""}],"footnotes":""},"categories":[54],"tags":[],"class_list":["post-134997","post","type-post","status-publish","format-standard","has-post-thumbnail","hentry","category-cotidiano"],"yoast_head":"<!-- This site is optimized with the Yoast SEO plugin v26.5 - https:\/\/yoast.com\/wordpress\/plugins\/seo\/ -->\n<title>Casal viaja de Senador Guiomard para conhecer equipe de jornalismo do Gazeta Alerta - Agazeta.net<\/title>\n<meta name=\"robots\" content=\"index, follow, max-snippet:-1, max-image-preview:large, max-video-preview:-1\" \/>\n<link rel=\"canonical\" href=\"https:\/\/nk7-testes.com.br\/agazeta\/casal-viaja-de-senador-guiomard-para-conhecer-equipe-de-jornalismo-do-gazeta-alerta\/\" \/>\n<meta property=\"og:locale\" content=\"pt_BR\" \/>\n<meta property=\"og:type\" content=\"article\" \/>\n<meta property=\"og:title\" content=\"Casal viaja de Senador Guiomard para conhecer equipe de jornalismo do Gazeta Alerta\" \/>\n<meta property=\"og:description\" content=\"Al\u00e9m disso, eles tamb\u00e9m aproveitaram os servi\u00e7os oferecidos durante o evento\" \/>\n<meta property=\"og:url\" content=\"https:\/\/nk7-testes.com.br\/agazeta\/casal-viaja-de-senador-guiomard-para-conhecer-equipe-de-jornalismo-do-gazeta-alerta\/\" \/>\n<meta property=\"og:site_name\" content=\"Agazeta.net\" \/>\n<meta property=\"article:published_time\" content=\"2024-07-02T17:16:26+00:00\" \/>\n<meta property=\"og:image\" content=\"https:\/\/nk7-testes.com.br\/agazeta\/wp-content\/uploads\/2024\/07\/be1a8adf-c9b2-4b56-a39d-0f8f9bed0b15-jpg.webp\" \/>\n\t<meta property=\"og:image:width\" content=\"800\" \/>\n\t<meta property=\"og:image:height\" content=\"472\" \/>\n\t<meta property=\"og:image:type\" content=\"image\/webp\" \/>\n<meta name=\"author\" content=\"Agazeta.Net\" \/>\n<meta name=\"twitter:card\" content=\"summary_large_image\" \/>\n<meta name=\"twitter:title\" content=\"Casal viaja de Senador Guiomard para conhecer equipe de jornalismo do Gazeta Alerta\" \/>\n<meta name=\"twitter:description\" content=\"Al\u00e9m disso, eles tamb\u00e9m aproveitaram os servi\u00e7os oferecidos durante o evento\" \/>\n<meta name=\"twitter:image\" content=\"https:\/\/nk7-testes.com.br\/agazeta\/wp-content\/uploads\/2024\/07\/be1a8adf-c9b2-4b56-a39d-0f8f9bed0b15-jpg.webp\" \/>\n<meta name=\"twitter:label1\" content=\"Escrito por\" \/>\n\t<meta name=\"twitter:data1\" content=\"Agazeta.Net\" \/>\n\t<meta name=\"twitter:label2\" content=\"Est. tempo de leitura\" \/>\n\t<meta name=\"twitter:data2\" content=\"2 minutos\" \/>\n<script type=\"application\/ld+json\" class=\"yoast-schema-graph\">{\"@context\":\"https:\/\/schema.org\",\"@graph\":[{\"@type\":\"WebPage\",\"@id\":\"https:\/\/nk7-testes.com.br\/agazeta\/casal-viaja-de-senador-guiomard-para-conhecer-equipe-de-jornalismo-do-gazeta-alerta\/\",\"url\":\"https:\/\/nk7-testes.com.br\/agazeta\/casal-viaja-de-senador-guiomard-para-conhecer-equipe-de-jornalismo-do-gazeta-alerta\/\",\"name\":\"Casal viaja de Senador Guiomard para conhecer equipe de jornalismo do Gazeta Alerta - Agazeta.net\",\"isPartOf\":{\"@id\":\"https:\/\/nk7-testes.com.br\/agazeta\/#website\"},\"primaryImageOfPage\":{\"@id\":\"https:\/\/nk7-testes.com.br\/agazeta\/casal-viaja-de-senador-guiomard-para-conhecer-equipe-de-jornalismo-do-gazeta-alerta\/#primaryimage\"},\"image\":{\"@id\":\"https:\/\/nk7-testes.com.br\/agazeta\/casal-viaja-de-senador-guiomard-para-conhecer-equipe-de-jornalismo-do-gazeta-alerta\/#primaryimage\"},\"thumbnailUrl\":\"https:\/\/nk7-testes.com.br\/agazeta\/wp-content\/uploads\/2024\/07\/be1a8adf-c9b2-4b56-a39d-0f8f9bed0b15-jpg.webp\",\"datePublished\":\"2024-07-02T17:16:26+00:00\",\"author\":{\"@id\":\"https:\/\/nk7-testes.com.br\/agazeta\/#\/schema\/person\/6d6e25cb0435eb4a02fd44d30b4e3020\"},\"breadcrumb\":{\"@id\":\"https:\/\/nk7-testes.com.br\/agazeta\/casal-viaja-de-senador-guiomard-para-conhecer-equipe-de-jornalismo-do-gazeta-alerta\/#breadcrumb\"},\"inLanguage\":\"pt-BR\",\"potentialAction\":[{\"@type\":\"ReadAction\",\"target\":[\"https:\/\/nk7-testes.com.br\/agazeta\/casal-viaja-de-senador-guiomard-para-conhecer-equipe-de-jornalismo-do-gazeta-alerta\/\"]}]},{\"@type\":\"ImageObject\",\"inLanguage\":\"pt-BR\",\"@id\":\"https:\/\/nk7-testes.com.br\/agazeta\/casal-viaja-de-senador-guiomard-para-conhecer-equipe-de-jornalismo-do-gazeta-alerta\/#primaryimage\",\"url\":\"https:\/\/nk7-testes.com.br\/agazeta\/wp-content\/uploads\/2024\/07\/be1a8adf-c9b2-4b56-a39d-0f8f9bed0b15-jpg.webp\",\"contentUrl\":\"https:\/\/nk7-testes.com.br\/agazeta\/wp-content\/uploads\/2024\/07\/be1a8adf-c9b2-4b56-a39d-0f8f9bed0b15-jpg.webp\",\"width\":800,\"height\":472},{\"@type\":\"BreadcrumbList\",\"@id\":\"https:\/\/nk7-testes.com.br\/agazeta\/casal-viaja-de-senador-guiomard-para-conhecer-equipe-de-jornalismo-do-gazeta-alerta\/#breadcrumb\",\"itemListElement\":[{\"@type\":\"ListItem\",\"position\":1,\"name\":\"In\u00edcio\",\"item\":\"https:\/\/nk7-testes.com.br\/agazeta\/\"},{\"@type\":\"ListItem\",\"position\":2,\"name\":\"Casal viaja de Senador Guiomard para conhecer equipe de jornalismo do Gazeta Alerta\"}]},{\"@type\":\"WebSite\",\"@id\":\"https:\/\/nk7-testes.com.br\/agazeta\/#website\",\"url\":\"https:\/\/nk7-testes.com.br\/agazeta\/\",\"name\":\"Agazeta.net\",\"description\":\"Agazeta.net - Not\u00edcias de Rio Branco\/AC\",\"potentialAction\":[{\"@type\":\"SearchAction\",\"target\":{\"@type\":\"EntryPoint\",\"urlTemplate\":\"https:\/\/nk7-testes.com.br\/agazeta\/?s={search_term_string}\"},\"query-input\":{\"@type\":\"PropertyValueSpecification\",\"valueRequired\":true,\"valueName\":\"search_term_string\"}}],\"inLanguage\":\"pt-BR\"},{\"@type\":\"Person\",\"@id\":\"https:\/\/nk7-testes.com.br\/agazeta\/#\/schema\/person\/6d6e25cb0435eb4a02fd44d30b4e3020\",\"name\":\"Agazeta.Net\",\"url\":\"https:\/\/nk7-testes.com.br\/agazeta\/author\/agazeta\/\"}]}<\/script>\n<!-- \/ Yoast SEO plugin. -->","yoast_head_json":{"title":"Casal viaja de Senador Guiomard para conhecer equipe de jornalismo do Gazeta Alerta - Agazeta.net","robots":{"index":"index","follow":"follow","max-snippet":"max-snippet:-1","max-image-preview":"max-image-preview:large","max-video-preview":"max-video-preview:-1"},"canonical":"https:\/\/nk7-testes.com.br\/agazeta\/casal-viaja-de-senador-guiomard-para-conhecer-equipe-de-jornalismo-do-gazeta-alerta\/","og_locale":"pt_BR","og_type":"article","og_title":"Casal viaja de Senador Guiomard para conhecer equipe de jornalismo do Gazeta Alerta","og_description":"Al\u00e9m disso, eles tamb\u00e9m aproveitaram os servi\u00e7os oferecidos durante o evento","og_url":"https:\/\/nk7-testes.com.br\/agazeta\/casal-viaja-de-senador-guiomard-para-conhecer-equipe-de-jornalismo-do-gazeta-alerta\/","og_site_name":"Agazeta.net","article_published_time":"2024-07-02T17:16:26+00:00","og_image":[{"width":800,"height":472,"url":"https:\/\/nk7-testes.com.br\/agazeta\/wp-content\/uploads\/2024\/07\/be1a8adf-c9b2-4b56-a39d-0f8f9bed0b15-jpg.webp","type":"image\/webp"}],"author":"Agazeta.Net","twitter_card":"summary_large_image","twitter_title":"Casal viaja de Senador Guiomard para conhecer equipe de jornalismo do Gazeta Alerta","twitter_description":"Al\u00e9m disso, eles tamb\u00e9m aproveitaram os servi\u00e7os oferecidos durante o evento","twitter_image":"https:\/\/nk7-testes.com.br\/agazeta\/wp-content\/uploads\/2024\/07\/be1a8adf-c9b2-4b56-a39d-0f8f9bed0b15-jpg.webp","twitter_misc":{"Escrito por":"Agazeta.Net","Est. tempo de leitura":"2 minutos"},"schema":{"@context":"https:\/\/schema.org","@graph":[{"@type":"WebPage","@id":"https:\/\/nk7-testes.com.br\/agazeta\/casal-viaja-de-senador-guiomard-para-conhecer-equipe-de-jornalismo-do-gazeta-alerta\/","url":"https:\/\/nk7-testes.com.br\/agazeta\/casal-viaja-de-senador-guiomard-para-conhecer-equipe-de-jornalismo-do-gazeta-alerta\/","name":"Casal viaja de Senador Guiomard para conhecer equipe de jornalismo do Gazeta Alerta - Agazeta.net","isPartOf":{"@id":"https:\/\/nk7-testes.com.br\/agazeta\/#website"},"primaryImageOfPage":{"@id":"https:\/\/nk7-testes.com.br\/agazeta\/casal-viaja-de-senador-guiomard-para-conhecer-equipe-de-jornalismo-do-gazeta-alerta\/#primaryimage"},"image":{"@id":"https:\/\/nk7-testes.com.br\/agazeta\/casal-viaja-de-senador-guiomard-para-conhecer-equipe-de-jornalismo-do-gazeta-alerta\/#primaryimage"},"thumbnailUrl":"https:\/\/nk7-testes.com.br\/agazeta\/wp-content\/uploads\/2024\/07\/be1a8adf-c9b2-4b56-a39d-0f8f9bed0b15-jpg.webp","datePublished":"2024-07-02T17:16:26+00:00","author":{"@id":"https:\/\/nk7-testes.com.br\/agazeta\/#\/schema\/person\/6d6e25cb0435eb4a02fd44d30b4e3020"},"breadcrumb":{"@id":"https:\/\/nk7-testes.com.br\/agazeta\/casal-viaja-de-senador-guiomard-para-conhecer-equipe-de-jornalismo-do-gazeta-alerta\/#breadcrumb"},"inLanguage":"pt-BR","potentialAction":[{"@type":"ReadAction","target":["https:\/\/nk7-testes.com.br\/agazeta\/casal-viaja-de-senador-guiomard-para-conhecer-equipe-de-jornalismo-do-gazeta-alerta\/"]}]},{"@type":"ImageObject","inLanguage":"pt-BR","@id":"https:\/\/nk7-testes.com.br\/agazeta\/casal-viaja-de-senador-guiomard-para-conhecer-equipe-de-jornalismo-do-gazeta-alerta\/#primaryimage","url":"https:\/\/nk7-testes.com.br\/agazeta\/wp-content\/uploads\/2024\/07\/be1a8adf-c9b2-4b56-a39d-0f8f9bed0b15-jpg.webp","contentUrl":"https:\/\/nk7-testes.com.br\/agazeta\/wp-content\/uploads\/2024\/07\/be1a8adf-c9b2-4b56-a39d-0f8f9bed0b15-jpg.webp","width":800,"height":472},{"@type":"BreadcrumbList","@id":"https:\/\/nk7-testes.com.br\/agazeta\/casal-viaja-de-senador-guiomard-para-conhecer-equipe-de-jornalismo-do-gazeta-alerta\/#breadcrumb","itemListElement":[{"@type":"ListItem","position":1,"name":"In\u00edcio","item":"https:\/\/nk7-testes.com.br\/agazeta\/"},{"@type":"ListItem","position":2,"name":"Casal viaja de Senador Guiomard para conhecer equipe de jornalismo do Gazeta Alerta"}]},{"@type":"WebSite","@id":"https:\/\/nk7-testes.com.br\/agazeta\/#website","url":"https:\/\/nk7-testes.com.br\/agazeta\/","name":"Agazeta.net","description":"Agazeta.net - Not\u00edcias de Rio Branco\/AC","potentialAction":[{"@type":"SearchAction","target":{"@type":"EntryPoint","urlTemplate":"https:\/\/nk7-testes.com.br\/agazeta\/?s={search_term_string}"},"query-input":{"@type":"PropertyValueSpecification","valueRequired":true,"valueName":"search_term_string"}}],"inLanguage":"pt-BR"},{"@type":"Person","@id":"https:\/\/nk7-testes.com.br\/agazeta\/#\/schema\/person\/6d6e25cb0435eb4a02fd44d30b4e3020","name":"Agazeta.Net","url":"https:\/\/nk7-testes.com.br\/agazeta\/author\/agazeta\/"}]}},"_links":{"self":[{"href":"https:\/\/nk7-testes.com.br\/agazeta\/wp-json\/wp\/v2\/posts\/134997","targetHints":{"allow":["GET"]}}],"collection":[{"href":"https:\/\/nk7-testes.com.br\/agazeta\/wp-json\/wp\/v2\/posts"}],"about":[{"href":"https:\/\/nk7-testes.com.br\/agazeta\/wp-json\/wp\/v2\/types\/post"}],"author":[{"embeddable":true,"href":"https:\/\/nk7-testes.com.br\/agazeta\/wp-json\/wp\/v2\/users\/4"}],"replies":[{"embeddable":true,"href":"https:\/\/nk7-testes.com.br\/agazeta\/wp-json\/wp\/v2\/comments?post=134997"}],"version-history":[{"count":0,"href":"https:\/\/nk7-testes.com.br\/agazeta\/wp-json\/wp\/v2\/posts\/134997\/revisions"}],"wp:featuredmedia":[{"embeddable":true,"href":"https:\/\/nk7-testes.com.br\/agazeta\/wp-json\/wp\/v2\/media\/134998"}],"wp:attachment":[{"href":"https:\/\/nk7-testes.com.br\/agazeta\/wp-json\/wp\/v2\/media?parent=134997"}],"wp:term":[{"taxonomy":"category","embeddable":true,"href":"https:\/\/nk7-testes.com.br\/agazeta\/wp-json\/wp\/v2\/categories?post=134997"},{"taxonomy":"post_tag","embeddable":true,"href":"https:\/\/nk7-testes.com.br\/agazeta\/wp-json\/wp\/v2\/tags?post=134997"}],"curies":[{"name":"wp","href":"https:\/\/api.w.org\/{rel}","templated":true}]}}