{"id":134921,"date":"2024-07-01T13:49:51","date_gmt":"2024-07-01T18:49:51","guid":{"rendered":"https:\/\/nk7-testes.com.br\/agazeta\/?p=134921"},"modified":"2024-07-01T13:49:51","modified_gmt":"2024-07-01T18:49:51","slug":"militar-do-exercito-morre-apos-capotar-veiculo-e-cair-em-corrego-no-interior-do-acre","status":"publish","type":"post","link":"https:\/\/nk7-testes.com.br\/agazeta\/militar-do-exercito-morre-apos-capotar-veiculo-e-cair-em-corrego-no-interior-do-acre\/","title":{"rendered":"Militar do Ex\u00e9rcito morre ap\u00f3s capotar ve\u00edculo e cair em c\u00f3rrego no interior do Acre"},"content":{"rendered":"<p style=\"text-align: justify;\">O corpo de Carlos Francisco Bezerra Gomes, militar do Ex\u00e9rcito Brasileiro, foi encontrado sem vida dentro do pr\u00f3prio ve\u00edculo, por volta das 11h da manh\u00e3 de domingo (30), em um c\u00f3rrego localizado na estrada AC-475, via que liga os munic\u00edpios de Acrel\u00e2ndia, Pl\u00e1cido de Castro e Rio Branco.<\/p>\n<p style=\"text-align: justify;\">De acordo com informa\u00e7\u00f5es dos populares, o acidente pode ter ocorrido no s\u00e1bado (29), pois moradores da regi\u00e3o alegam terem ouvido um barulho, mas n\u00e3o viram nenhuma movimenta\u00e7\u00e3o na estrada. Segundo amigos da v\u00edtima, ele tinha sa\u00eddo de um clube nas proximidades de Acrel\u00e2ndia e pode ter consumido bebida alco\u00f3lica.<\/p>\n<p style=\"text-align: justify;\">A guarni\u00e7\u00e3o do Pelot\u00e3o N\u00e1utico do Corpo de Bombeiros Militar do Acre (CBM\/AC), sob o comando do sargento Teodoro, foi acionada e, ao chegar ao local, realizou um mergulho de reconhecimento e confirmou a presen\u00e7a de um corpo no interior do ve\u00edculo. Ap\u00f3s isso, o Instituto M\u00e9dico Legal (IML) foi solicitado.<\/p>\n<p style=\"text-align: justify;\">O Pelot\u00e3o retirou o corpo de Carlos Gomes e entregou ao IML, que encaminhou a sede do Instituto, em Rio Branco. Depois da retirada do corpo, o ve\u00edculo foi reavaliado em busca de poss\u00edveis novas v\u00edtimas e, em seguida, retirado do c\u00f3rrego com a ajuda de um maquin\u00e1rio, e embarcado em um caminh\u00e3o sob os cuidados da fam\u00edlia.<\/p>\n<p style=\"text-align: justify;\">A Pol\u00edcia Civil do Acre (PCAC), atrav\u00e9s do departamento T\u00e9cnico-Cient\u00edfico Forense, investiga o caso na tentativa de descobrir como o acidente aconteceu.<\/p>\n<p><em><strong>Com informa\u00e7\u00f5es da rep\u00f3rter Rose Lima para a TV Gazeta<\/strong><\/em><\/p>\n","protected":false},"excerpt":{"rendered":"<p>O corpo de Carlos Francisco Bezerra Gomes, militar do Ex\u00e9rcito Brasileiro, foi encontrado sem vida dentro do pr\u00f3prio ve\u00edculo, por volta das 11h da manh\u00e3 de domingo (30), em um c\u00f3rrego localizado na estrada AC-475, via que liga os munic\u00edpios de Acrel\u00e2ndia, Pl\u00e1cido de Castro e Rio Branco. De acordo com informa\u00e7\u00f5es dos populares, o [&hellip;]<\/p>\n","protected":false},"author":4,"featured_media":136929,"comment_status":"open","ping_status":"open","sticky":false,"template":"","format":"standard","meta":{"jnews-multi-image_gallery":[],"jnews_single_post":{"source_name":"","source_url":"","via_name":"","via_url":"","override_template":"0","override":[{"template":"custom","single_blog_custom":"110746","parallax":"1","fullscreen":"1","layout":"right-sidebar","sidebar":"default-sidebar","second_sidebar":"default-sidebar","sticky_sidebar":"1","share_position":"top","share_float_style":"share-monocrhome","show_share_counter":"1","show_view_counter":"1","show_featured":"1","show_post_meta":"1","show_post_author":"1","show_post_author_image":"1","show_post_date":"1","post_date_format":"default","post_date_format_custom":"Y\/m\/d","show_post_category":"1","show_post_reading_time":"0","post_reading_time_wpm":"300","show_zoom_button":"0","zoom_button_out_step":"2","zoom_button_in_step":"3","show_post_tag":"1","show_prev_next_post":"1","show_popup_post":"1","number_popup_post":"1","show_author_box":"0","show_post_related":"1","show_inline_post_related":"0"}],"override_image_size":"0","image_override":[{"single_post_thumbnail_size":"crop-500","single_post_gallery_size":"crop-500"}],"trending_post":"0","trending_post_position":"meta","trending_post_label":"Trending","sponsored_post":"0","sponsored_post_label":"Sponsored by","sponsored_post_name":"","sponsored_post_url":"","sponsored_post_logo_enable":"0","sponsored_post_logo":"","sponsored_post_desc":"","disable_ad":"0"},"jnews_primary_category":{"id":"","hide":""},"jnews_social_meta":{"fb_title":"","fb_description":"","fb_image":"","twitter_title":"","twitter_description":"","twitter_image":""},"jnews_review":[],"enable_review":"0","type":"percentage","name":"","summary":"","brand":"","sku":"","good":[{"good_text":""}],"bad":[{"bad_text":""}],"score_override":"0","override_value":"","rating":[{"rating_text":"","rating_number":"10"}],"price":[{"shop":"","price":"","link":"","icon":""}],"footnotes":""},"categories":[54],"tags":[],"class_list":["post-134921","post","type-post","status-publish","format-standard","has-post-thumbnail","hentry","category-cotidiano"],"yoast_head":"<!-- This site is optimized with the Yoast SEO plugin v26.5 - https:\/\/yoast.com\/wordpress\/plugins\/seo\/ -->\n<title>Militar do Ex\u00e9rcito morre ap\u00f3s capotar ve\u00edculo e cair em c\u00f3rrego no interior do Acre - Agazeta.net<\/title>\n<meta name=\"robots\" content=\"index, follow, max-snippet:-1, max-image-preview:large, max-video-preview:-1\" \/>\n<link rel=\"canonical\" href=\"https:\/\/nk7-testes.com.br\/agazeta\/militar-do-exercito-morre-apos-capotar-veiculo-e-cair-em-corrego-no-interior-do-acre\/\" \/>\n<meta property=\"og:locale\" content=\"pt_BR\" \/>\n<meta property=\"og:type\" content=\"article\" \/>\n<meta property=\"og:title\" content=\"Militar do Ex\u00e9rcito morre ap\u00f3s capotar ve\u00edculo e cair em c\u00f3rrego no interior do Acre\" \/>\n<meta property=\"og:description\" content=\"Situa\u00e7\u00e3o ocorreu na estrada AC-475, via que liga os munic\u00edpios de Acrel\u00e2ndia, Pl\u00e1cido de Castro e Rio Branco\" \/>\n<meta property=\"og:url\" content=\"https:\/\/nk7-testes.com.br\/agazeta\/militar-do-exercito-morre-apos-capotar-veiculo-e-cair-em-corrego-no-interior-do-acre\/\" \/>\n<meta property=\"og:site_name\" content=\"Agazeta.net\" \/>\n<meta property=\"article:published_time\" content=\"2024-07-01T18:49:51+00:00\" \/>\n<meta name=\"author\" content=\"Agazeta.Net\" \/>\n<meta name=\"twitter:card\" content=\"summary_large_image\" \/>\n<meta name=\"twitter:image\" content=\"https:\/\/nk7-testes.com.br\/agazeta\/wp-content\/uploads\/2024\/07\/WhatsApp-Image-2024-07-01-at-15.39.55-jpeg.webp\" \/>\n<meta name=\"twitter:label1\" content=\"Escrito por\" \/>\n\t<meta name=\"twitter:data1\" content=\"Agazeta.Net\" \/>\n\t<meta name=\"twitter:label2\" content=\"Est. tempo de leitura\" \/>\n\t<meta name=\"twitter:data2\" content=\"1 minuto\" \/>\n<script type=\"application\/ld+json\" class=\"yoast-schema-graph\">{\"@context\":\"https:\/\/schema.org\",\"@graph\":[{\"@type\":\"WebPage\",\"@id\":\"https:\/\/nk7-testes.com.br\/agazeta\/militar-do-exercito-morre-apos-capotar-veiculo-e-cair-em-corrego-no-interior-do-acre\/\",\"url\":\"https:\/\/nk7-testes.com.br\/agazeta\/militar-do-exercito-morre-apos-capotar-veiculo-e-cair-em-corrego-no-interior-do-acre\/\",\"name\":\"Militar do Ex\u00e9rcito morre ap\u00f3s capotar ve\u00edculo e cair em c\u00f3rrego no interior do Acre - Agazeta.net\",\"isPartOf\":{\"@id\":\"https:\/\/nk7-testes.com.br\/agazeta\/#website\"},\"primaryImageOfPage\":{\"@id\":\"https:\/\/nk7-testes.com.br\/agazeta\/militar-do-exercito-morre-apos-capotar-veiculo-e-cair-em-corrego-no-interior-do-acre\/#primaryimage\"},\"image\":{\"@id\":\"https:\/\/nk7-testes.com.br\/agazeta\/militar-do-exercito-morre-apos-capotar-veiculo-e-cair-em-corrego-no-interior-do-acre\/#primaryimage\"},\"thumbnailUrl\":\"https:\/\/nk7-testes.com.br\/agazeta\/wp-content\/uploads\/2024\/07\/WhatsApp-Image-2024-07-01-at-15.39.55-jpeg.webp\",\"datePublished\":\"2024-07-01T18:49:51+00:00\",\"author\":{\"@id\":\"https:\/\/nk7-testes.com.br\/agazeta\/#\/schema\/person\/6d6e25cb0435eb4a02fd44d30b4e3020\"},\"breadcrumb\":{\"@id\":\"https:\/\/nk7-testes.com.br\/agazeta\/militar-do-exercito-morre-apos-capotar-veiculo-e-cair-em-corrego-no-interior-do-acre\/#breadcrumb\"},\"inLanguage\":\"pt-BR\",\"potentialAction\":[{\"@type\":\"ReadAction\",\"target\":[\"https:\/\/nk7-testes.com.br\/agazeta\/militar-do-exercito-morre-apos-capotar-veiculo-e-cair-em-corrego-no-interior-do-acre\/\"]}]},{\"@type\":\"ImageObject\",\"inLanguage\":\"pt-BR\",\"@id\":\"https:\/\/nk7-testes.com.br\/agazeta\/militar-do-exercito-morre-apos-capotar-veiculo-e-cair-em-corrego-no-interior-do-acre\/#primaryimage\",\"url\":\"https:\/\/nk7-testes.com.br\/agazeta\/wp-content\/uploads\/2024\/07\/WhatsApp-Image-2024-07-01-at-15.39.55-jpeg.webp\",\"contentUrl\":\"https:\/\/nk7-testes.com.br\/agazeta\/wp-content\/uploads\/2024\/07\/WhatsApp-Image-2024-07-01-at-15.39.55-jpeg.webp\",\"width\":800,\"height\":400},{\"@type\":\"BreadcrumbList\",\"@id\":\"https:\/\/nk7-testes.com.br\/agazeta\/militar-do-exercito-morre-apos-capotar-veiculo-e-cair-em-corrego-no-interior-do-acre\/#breadcrumb\",\"itemListElement\":[{\"@type\":\"ListItem\",\"position\":1,\"name\":\"In\u00edcio\",\"item\":\"https:\/\/nk7-testes.com.br\/agazeta\/\"},{\"@type\":\"ListItem\",\"position\":2,\"name\":\"Militar do Ex\u00e9rcito morre ap\u00f3s capotar ve\u00edculo e cair em c\u00f3rrego no interior do Acre\"}]},{\"@type\":\"WebSite\",\"@id\":\"https:\/\/nk7-testes.com.br\/agazeta\/#website\",\"url\":\"https:\/\/nk7-testes.com.br\/agazeta\/\",\"name\":\"Agazeta.net\",\"description\":\"Agazeta.net - Not\u00edcias de Rio Branco\/AC\",\"potentialAction\":[{\"@type\":\"SearchAction\",\"target\":{\"@type\":\"EntryPoint\",\"urlTemplate\":\"https:\/\/nk7-testes.com.br\/agazeta\/?s={search_term_string}\"},\"query-input\":{\"@type\":\"PropertyValueSpecification\",\"valueRequired\":true,\"valueName\":\"search_term_string\"}}],\"inLanguage\":\"pt-BR\"},{\"@type\":\"Person\",\"@id\":\"https:\/\/nk7-testes.com.br\/agazeta\/#\/schema\/person\/6d6e25cb0435eb4a02fd44d30b4e3020\",\"name\":\"Agazeta.Net\",\"url\":\"https:\/\/nk7-testes.com.br\/agazeta\/author\/agazeta\/\"}]}<\/script>\n<!-- \/ Yoast SEO plugin. -->","yoast_head_json":{"title":"Militar do Ex\u00e9rcito morre ap\u00f3s capotar ve\u00edculo e cair em c\u00f3rrego no interior do Acre - Agazeta.net","robots":{"index":"index","follow":"follow","max-snippet":"max-snippet:-1","max-image-preview":"max-image-preview:large","max-video-preview":"max-video-preview:-1"},"canonical":"https:\/\/nk7-testes.com.br\/agazeta\/militar-do-exercito-morre-apos-capotar-veiculo-e-cair-em-corrego-no-interior-do-acre\/","og_locale":"pt_BR","og_type":"article","og_title":"Militar do Ex\u00e9rcito morre ap\u00f3s capotar ve\u00edculo e cair em c\u00f3rrego no interior do Acre","og_description":"Situa\u00e7\u00e3o ocorreu na estrada AC-475, via que liga os munic\u00edpios de Acrel\u00e2ndia, Pl\u00e1cido de Castro e Rio Branco","og_url":"https:\/\/nk7-testes.com.br\/agazeta\/militar-do-exercito-morre-apos-capotar-veiculo-e-cair-em-corrego-no-interior-do-acre\/","og_site_name":"Agazeta.net","article_published_time":"2024-07-01T18:49:51+00:00","author":"Agazeta.Net","twitter_card":"summary_large_image","twitter_image":"https:\/\/nk7-testes.com.br\/agazeta\/wp-content\/uploads\/2024\/07\/WhatsApp-Image-2024-07-01-at-15.39.55-jpeg.webp","twitter_misc":{"Escrito por":"Agazeta.Net","Est. tempo de leitura":"1 minuto"},"schema":{"@context":"https:\/\/schema.org","@graph":[{"@type":"WebPage","@id":"https:\/\/nk7-testes.com.br\/agazeta\/militar-do-exercito-morre-apos-capotar-veiculo-e-cair-em-corrego-no-interior-do-acre\/","url":"https:\/\/nk7-testes.com.br\/agazeta\/militar-do-exercito-morre-apos-capotar-veiculo-e-cair-em-corrego-no-interior-do-acre\/","name":"Militar do Ex\u00e9rcito morre ap\u00f3s capotar ve\u00edculo e cair em c\u00f3rrego no interior do Acre - Agazeta.net","isPartOf":{"@id":"https:\/\/nk7-testes.com.br\/agazeta\/#website"},"primaryImageOfPage":{"@id":"https:\/\/nk7-testes.com.br\/agazeta\/militar-do-exercito-morre-apos-capotar-veiculo-e-cair-em-corrego-no-interior-do-acre\/#primaryimage"},"image":{"@id":"https:\/\/nk7-testes.com.br\/agazeta\/militar-do-exercito-morre-apos-capotar-veiculo-e-cair-em-corrego-no-interior-do-acre\/#primaryimage"},"thumbnailUrl":"https:\/\/nk7-testes.com.br\/agazeta\/wp-content\/uploads\/2024\/07\/WhatsApp-Image-2024-07-01-at-15.39.55-jpeg.webp","datePublished":"2024-07-01T18:49:51+00:00","author":{"@id":"https:\/\/nk7-testes.com.br\/agazeta\/#\/schema\/person\/6d6e25cb0435eb4a02fd44d30b4e3020"},"breadcrumb":{"@id":"https:\/\/nk7-testes.com.br\/agazeta\/militar-do-exercito-morre-apos-capotar-veiculo-e-cair-em-corrego-no-interior-do-acre\/#breadcrumb"},"inLanguage":"pt-BR","potentialAction":[{"@type":"ReadAction","target":["https:\/\/nk7-testes.com.br\/agazeta\/militar-do-exercito-morre-apos-capotar-veiculo-e-cair-em-corrego-no-interior-do-acre\/"]}]},{"@type":"ImageObject","inLanguage":"pt-BR","@id":"https:\/\/nk7-testes.com.br\/agazeta\/militar-do-exercito-morre-apos-capotar-veiculo-e-cair-em-corrego-no-interior-do-acre\/#primaryimage","url":"https:\/\/nk7-testes.com.br\/agazeta\/wp-content\/uploads\/2024\/07\/WhatsApp-Image-2024-07-01-at-15.39.55-jpeg.webp","contentUrl":"https:\/\/nk7-testes.com.br\/agazeta\/wp-content\/uploads\/2024\/07\/WhatsApp-Image-2024-07-01-at-15.39.55-jpeg.webp","width":800,"height":400},{"@type":"BreadcrumbList","@id":"https:\/\/nk7-testes.com.br\/agazeta\/militar-do-exercito-morre-apos-capotar-veiculo-e-cair-em-corrego-no-interior-do-acre\/#breadcrumb","itemListElement":[{"@type":"ListItem","position":1,"name":"In\u00edcio","item":"https:\/\/nk7-testes.com.br\/agazeta\/"},{"@type":"ListItem","position":2,"name":"Militar do Ex\u00e9rcito morre ap\u00f3s capotar ve\u00edculo e cair em c\u00f3rrego no interior do Acre"}]},{"@type":"WebSite","@id":"https:\/\/nk7-testes.com.br\/agazeta\/#website","url":"https:\/\/nk7-testes.com.br\/agazeta\/","name":"Agazeta.net","description":"Agazeta.net - Not\u00edcias de Rio Branco\/AC","potentialAction":[{"@type":"SearchAction","target":{"@type":"EntryPoint","urlTemplate":"https:\/\/nk7-testes.com.br\/agazeta\/?s={search_term_string}"},"query-input":{"@type":"PropertyValueSpecification","valueRequired":true,"valueName":"search_term_string"}}],"inLanguage":"pt-BR"},{"@type":"Person","@id":"https:\/\/nk7-testes.com.br\/agazeta\/#\/schema\/person\/6d6e25cb0435eb4a02fd44d30b4e3020","name":"Agazeta.Net","url":"https:\/\/nk7-testes.com.br\/agazeta\/author\/agazeta\/"}]}},"_links":{"self":[{"href":"https:\/\/nk7-testes.com.br\/agazeta\/wp-json\/wp\/v2\/posts\/134921","targetHints":{"allow":["GET"]}}],"collection":[{"href":"https:\/\/nk7-testes.com.br\/agazeta\/wp-json\/wp\/v2\/posts"}],"about":[{"href":"https:\/\/nk7-testes.com.br\/agazeta\/wp-json\/wp\/v2\/types\/post"}],"author":[{"embeddable":true,"href":"https:\/\/nk7-testes.com.br\/agazeta\/wp-json\/wp\/v2\/users\/4"}],"replies":[{"embeddable":true,"href":"https:\/\/nk7-testes.com.br\/agazeta\/wp-json\/wp\/v2\/comments?post=134921"}],"version-history":[{"count":0,"href":"https:\/\/nk7-testes.com.br\/agazeta\/wp-json\/wp\/v2\/posts\/134921\/revisions"}],"wp:featuredmedia":[{"embeddable":true,"href":"https:\/\/nk7-testes.com.br\/agazeta\/wp-json\/wp\/v2\/media\/136929"}],"wp:attachment":[{"href":"https:\/\/nk7-testes.com.br\/agazeta\/wp-json\/wp\/v2\/media?parent=134921"}],"wp:term":[{"taxonomy":"category","embeddable":true,"href":"https:\/\/nk7-testes.com.br\/agazeta\/wp-json\/wp\/v2\/categories?post=134921"},{"taxonomy":"post_tag","embeddable":true,"href":"https:\/\/nk7-testes.com.br\/agazeta\/wp-json\/wp\/v2\/tags?post=134921"}],"curies":[{"name":"wp","href":"https:\/\/api.w.org\/{rel}","templated":true}]}}