{"id":134916,"date":"2024-07-01T12:16:29","date_gmt":"2024-07-01T17:16:29","guid":{"rendered":"https:\/\/nk7-testes.com.br\/agazeta\/?p=134916"},"modified":"2025-09-17T10:57:13","modified_gmt":"2025-09-17T15:57:13","slug":"marina-silva-avalia-mudancas-no-parque-nacional-da-serra-do-divisor-com-fins-de-turismo-ecologico","status":"publish","type":"post","link":"https:\/\/nk7-testes.com.br\/agazeta\/marina-silva-avalia-mudancas-no-parque-nacional-da-serra-do-divisor-com-fins-de-turismo-ecologico\/","title":{"rendered":"Marina Silva avalia mudan\u00e7as no Parque Nacional da Serra do Divisor com fins de turismo ecol\u00f3gico"},"content":{"rendered":"<p style=\"text-align: justify;\">Neste S\u00e1bado (29), a Ministra do Meio Ambiente, Marina Silva, durante sua passagem ao Acre falou sobre o debate entre preserva\u00e7\u00e3o ambiental e desenvolvimento econ\u00f4mico do Parque Nacional da Serra do Divisor, al\u00e9m de enfatizar a proposta de mudan\u00e7as no Parque com fins de Turismo ecol\u00f3gico.<\/p>\n<p style=\"text-align: justify;\">Considerado o maior reduto de biodiversidade da Amaz\u00f4nia, ambientalistas defendem a manuten\u00e7\u00e3o da preserva\u00e7\u00e3o integral da \u00e1rea ou sua transforma\u00e7\u00e3o em uma \u00e1rea de prote\u00e7\u00e3o ambiental, temendo que isso possa abrir caminho para desmatamento e explora\u00e7\u00e3o predat\u00f3ria. Em contrapartida, empres\u00e1rios do Acre prop\u00f5em uma alternativa que visa alavancar o turismo ambiental de forma sustent\u00e1vel, sem comprometer o ecossistema.<\/p>\n<p style=\"text-align: justify;\">A proposta inicial envolve a cria\u00e7\u00e3o de um grupo de estudos para analisar a viabilidade do turismo ecol\u00f3gico no parque. O objetivo \u00e9 desenvolver uma infraestrutura que permita a visita\u00e7\u00e3o, especialmente por turistas estrangeiros interessados em conhecer a Amaz\u00f4nia em seu estado mais natural. A ideia j\u00e1 foi apresentada ao Minist\u00e9rio do Meio Ambiente, e a ministra Marina Silva mostrou abertura para avaliar a mudan\u00e7a no perfil do parque.<\/p>\n<p style=\"text-align: justify;\">Segundo Marina Silva, um bom plano de manejo pode conciliar a visita\u00e7\u00e3o com a preserva\u00e7\u00e3o ambiental, al\u00e9m de promover educa\u00e7\u00e3o ambiental e gerar emprego e renda para a popula\u00e7\u00e3o local. \u201cOs parques podem ser visitados de forma sustent\u00e1vel, e isso pode melhorar a vida das pessoas ao redor, integrando-as nesses investimentos\u201d, afirmou a ministra.<\/p>\n<p style=\"text-align: justify;\">A proposta tamb\u00e9m prev\u00ea a constru\u00e7\u00e3o de uma estrada at\u00e9 o parque e a inclus\u00e3o da Serra do Divisor na rota tur\u00edstica de Machu Picchu, no Peru, uma das atra\u00e7\u00f5es mais visitadas do mundo. Isso atrairia turistas para o Acre, gerando receita que poderia ser reinvestida na preserva\u00e7\u00e3o do parque.<\/p>\n<p style=\"text-align: justify;\">Os empres\u00e1rios esperam que o Minist\u00e9rio do Meio Ambiente, em parceria com o Minist\u00e9rio do Turismo, apoie e invista no projeto. \u201cA responsabilidade pela pol\u00edtica de turismo \u00e9 do Minist\u00e9rio do Turismo, mas o uso sustent\u00e1vel das \u00e1reas protegidas, como os parques nacionais, \u00e9 nossa responsabilidade\u201d, explicou a ministra, destacando a import\u00e2ncia de processos rigorosos de concess\u00e3o para garantir a preserva\u00e7\u00e3o.<\/p>\n<p style=\"text-align: justify;\">A proposta de turismo sustent\u00e1vel no Parque Nacional da Serra do Divisor representa uma tentativa de equilibrar a conserva\u00e7\u00e3o ambiental com o desenvolvimento econ\u00f4mico, beneficiando tanto a biodiversidade quanto a popula\u00e7\u00e3o local.<\/p>\n<p style=\"text-align: justify;\"><em>Mat\u00e9ria em v\u00eddeo produzida pelo rep\u00f3rter Adailson Oliveira para TV Gazeta.<\/em><\/p>\n","protected":false},"excerpt":{"rendered":"<p>Neste S\u00e1bado (29), a Ministra do Meio Ambiente, Marina Silva, durante sua passagem ao Acre falou sobre o debate entre preserva\u00e7\u00e3o ambiental e desenvolvimento econ\u00f4mico do Parque Nacional da Serra do Divisor, al\u00e9m de enfatizar a proposta de mudan\u00e7as no Parque com fins de Turismo ecol\u00f3gico. Considerado o maior reduto de biodiversidade da Amaz\u00f4nia, ambientalistas [&hellip;]<\/p>\n","protected":false},"author":4,"featured_media":134917,"comment_status":"open","ping_status":"open","sticky":false,"template":"","format":"standard","meta":{"jnews-multi-image_gallery":[],"jnews_single_post":{"source_name":"","source_url":"","via_name":"","via_url":"","override_template":"0","override":[{"template":"custom","single_blog_custom":"110746","parallax":"1","fullscreen":"1","layout":"right-sidebar","sidebar":"default-sidebar","second_sidebar":"default-sidebar","sticky_sidebar":"1","share_position":"top","share_float_style":"share-monocrhome","show_share_counter":"1","show_view_counter":"1","show_featured":"1","show_post_meta":"1","show_post_author":"1","show_post_author_image":"1","show_post_date":"1","post_date_format":"default","post_date_format_custom":"Y\/m\/d","show_post_category":"1","show_post_reading_time":"0","post_reading_time_wpm":"300","show_zoom_button":"0","zoom_button_out_step":"2","zoom_button_in_step":"3","show_post_tag":"1","show_prev_next_post":"1","show_popup_post":"1","number_popup_post":"1","show_author_box":"0","show_post_related":"1","show_inline_post_related":"0"}],"override_image_size":"0","image_override":[{"single_post_thumbnail_size":"crop-500","single_post_gallery_size":"crop-500"}],"trending_post":"0","trending_post_position":"meta","trending_post_label":"Trending","sponsored_post":"0","sponsored_post_label":"Sponsored by","sponsored_post_name":"","sponsored_post_url":"","sponsored_post_logo_enable":"0","sponsored_post_logo":"","sponsored_post_desc":"","disable_ad":"0"},"jnews_primary_category":{"id":"","hide":""},"jnews_social_meta":{"fb_title":"","fb_description":"","fb_image":"","twitter_title":"","twitter_description":"","twitter_image":""},"jnews_review":[],"enable_review":"0","type":"percentage","name":"","summary":"","brand":"","sku":"","good":[{"good_text":""}],"bad":[{"bad_text":""}],"score_override":"0","override_value":"","rating":[{"rating_text":"","rating_number":"10"}],"price":[{"shop":"","price":"","link":"","icon":""}],"footnotes":""},"categories":[54],"tags":[],"class_list":["post-134916","post","type-post","status-publish","format-standard","has-post-thumbnail","hentry","category-cotidiano"],"yoast_head":"<!-- This site is optimized with the Yoast SEO plugin v26.5 - https:\/\/yoast.com\/wordpress\/plugins\/seo\/ -->\n<title>Marina Silva avalia mudan\u00e7as no Parque Nacional da Serra do Divisor com fins de turismo ecol\u00f3gico - Agazeta.net<\/title>\n<meta name=\"robots\" content=\"index, follow, max-snippet:-1, max-image-preview:large, max-video-preview:-1\" \/>\n<link rel=\"canonical\" href=\"https:\/\/nk7-testes.com.br\/agazeta\/marina-silva-avalia-mudancas-no-parque-nacional-da-serra-do-divisor-com-fins-de-turismo-ecologico\/\" \/>\n<meta property=\"og:locale\" content=\"pt_BR\" \/>\n<meta property=\"og:type\" content=\"article\" \/>\n<meta property=\"og:title\" content=\"Marina Silva avalia mudan\u00e7as no Parque Nacional da Serra do Divisor com fins de turismo ecol\u00f3gico\" \/>\n<meta property=\"og:description\" content=\"\u201cO parque pode ser visitado de forma sustent\u00e1vel\u201d, afirmou a Ministra do Meio Ambiente\" \/>\n<meta property=\"og:url\" content=\"https:\/\/nk7-testes.com.br\/agazeta\/marina-silva-avalia-mudancas-no-parque-nacional-da-serra-do-divisor-com-fins-de-turismo-ecologico\/\" \/>\n<meta property=\"og:site_name\" content=\"Agazeta.net\" \/>\n<meta property=\"article:published_time\" content=\"2024-07-01T17:16:29+00:00\" \/>\n<meta property=\"article:modified_time\" content=\"2025-09-17T15:57:13+00:00\" \/>\n<meta property=\"og:image\" content=\"https:\/\/nk7-testes.com.br\/agazeta\/wp-content\/uploads\/2024\/07\/WhatsApp-Image-2024-07-01-at-12.11.59-PM-jpeg.webp\" \/>\n\t<meta property=\"og:image:width\" content=\"1600\" \/>\n\t<meta property=\"og:image:height\" content=\"898\" \/>\n\t<meta property=\"og:image:type\" content=\"image\/jpeg\" \/>\n<meta name=\"author\" content=\"Agazeta.Net\" \/>\n<meta name=\"twitter:card\" content=\"summary_large_image\" \/>\n<meta name=\"twitter:title\" content=\"Marina Silva avalia mudan\u00e7as no Parque Nacional da Serra do Divisor com fins de turismo ecol\u00f3gico\" \/>\n<meta name=\"twitter:description\" content=\"\u201cO parque pode ser visitado de forma sustent\u00e1vel\u201d, afirmou a Ministra do Meio Ambiente\" \/>\n<meta name=\"twitter:image\" content=\"https:\/\/nk7-testes.com.br\/agazeta\/wp-content\/uploads\/2024\/07\/WhatsApp-Image-2024-07-01-at-12.11.59-PM-jpeg.webp\" \/>\n<meta name=\"twitter:label1\" content=\"Escrito por\" \/>\n\t<meta name=\"twitter:data1\" content=\"Agazeta.Net\" \/>\n\t<meta name=\"twitter:label2\" content=\"Est. tempo de leitura\" \/>\n\t<meta name=\"twitter:data2\" content=\"2 minutos\" \/>\n<script type=\"application\/ld+json\" class=\"yoast-schema-graph\">{\"@context\":\"https:\/\/schema.org\",\"@graph\":[{\"@type\":\"WebPage\",\"@id\":\"https:\/\/nk7-testes.com.br\/agazeta\/marina-silva-avalia-mudancas-no-parque-nacional-da-serra-do-divisor-com-fins-de-turismo-ecologico\/\",\"url\":\"https:\/\/nk7-testes.com.br\/agazeta\/marina-silva-avalia-mudancas-no-parque-nacional-da-serra-do-divisor-com-fins-de-turismo-ecologico\/\",\"name\":\"Marina Silva avalia mudan\u00e7as no Parque Nacional da Serra do Divisor com fins de turismo ecol\u00f3gico - Agazeta.net\",\"isPartOf\":{\"@id\":\"https:\/\/nk7-testes.com.br\/agazeta\/#website\"},\"primaryImageOfPage\":{\"@id\":\"https:\/\/nk7-testes.com.br\/agazeta\/marina-silva-avalia-mudancas-no-parque-nacional-da-serra-do-divisor-com-fins-de-turismo-ecologico\/#primaryimage\"},\"image\":{\"@id\":\"https:\/\/nk7-testes.com.br\/agazeta\/marina-silva-avalia-mudancas-no-parque-nacional-da-serra-do-divisor-com-fins-de-turismo-ecologico\/#primaryimage\"},\"thumbnailUrl\":\"https:\/\/nk7-testes.com.br\/agazeta\/wp-content\/uploads\/2024\/07\/WhatsApp-Image-2024-07-01-at-12.11.59-PM-jpeg.webp\",\"datePublished\":\"2024-07-01T17:16:29+00:00\",\"dateModified\":\"2025-09-17T15:57:13+00:00\",\"author\":{\"@id\":\"https:\/\/nk7-testes.com.br\/agazeta\/#\/schema\/person\/6d6e25cb0435eb4a02fd44d30b4e3020\"},\"breadcrumb\":{\"@id\":\"https:\/\/nk7-testes.com.br\/agazeta\/marina-silva-avalia-mudancas-no-parque-nacional-da-serra-do-divisor-com-fins-de-turismo-ecologico\/#breadcrumb\"},\"inLanguage\":\"pt-BR\",\"potentialAction\":[{\"@type\":\"ReadAction\",\"target\":[\"https:\/\/nk7-testes.com.br\/agazeta\/marina-silva-avalia-mudancas-no-parque-nacional-da-serra-do-divisor-com-fins-de-turismo-ecologico\/\"]}]},{\"@type\":\"ImageObject\",\"inLanguage\":\"pt-BR\",\"@id\":\"https:\/\/nk7-testes.com.br\/agazeta\/marina-silva-avalia-mudancas-no-parque-nacional-da-serra-do-divisor-com-fins-de-turismo-ecologico\/#primaryimage\",\"url\":\"https:\/\/nk7-testes.com.br\/agazeta\/wp-content\/uploads\/2024\/07\/WhatsApp-Image-2024-07-01-at-12.11.59-PM-jpeg.webp\",\"contentUrl\":\"https:\/\/nk7-testes.com.br\/agazeta\/wp-content\/uploads\/2024\/07\/WhatsApp-Image-2024-07-01-at-12.11.59-PM-jpeg.webp\",\"width\":1600,\"height\":898,\"caption\":\"Foto: Matheus Melo\"},{\"@type\":\"BreadcrumbList\",\"@id\":\"https:\/\/nk7-testes.com.br\/agazeta\/marina-silva-avalia-mudancas-no-parque-nacional-da-serra-do-divisor-com-fins-de-turismo-ecologico\/#breadcrumb\",\"itemListElement\":[{\"@type\":\"ListItem\",\"position\":1,\"name\":\"In\u00edcio\",\"item\":\"https:\/\/nk7-testes.com.br\/agazeta\/\"},{\"@type\":\"ListItem\",\"position\":2,\"name\":\"Marina Silva avalia mudan\u00e7as no Parque Nacional da Serra do Divisor com fins de turismo ecol\u00f3gico\"}]},{\"@type\":\"WebSite\",\"@id\":\"https:\/\/nk7-testes.com.br\/agazeta\/#website\",\"url\":\"https:\/\/nk7-testes.com.br\/agazeta\/\",\"name\":\"Agazeta.net\",\"description\":\"Agazeta.net - Not\u00edcias de Rio Branco\/AC\",\"potentialAction\":[{\"@type\":\"SearchAction\",\"target\":{\"@type\":\"EntryPoint\",\"urlTemplate\":\"https:\/\/nk7-testes.com.br\/agazeta\/?s={search_term_string}\"},\"query-input\":{\"@type\":\"PropertyValueSpecification\",\"valueRequired\":true,\"valueName\":\"search_term_string\"}}],\"inLanguage\":\"pt-BR\"},{\"@type\":\"Person\",\"@id\":\"https:\/\/nk7-testes.com.br\/agazeta\/#\/schema\/person\/6d6e25cb0435eb4a02fd44d30b4e3020\",\"name\":\"Agazeta.Net\",\"url\":\"https:\/\/nk7-testes.com.br\/agazeta\/author\/agazeta\/\"}]}<\/script>\n<!-- \/ Yoast SEO plugin. -->","yoast_head_json":{"title":"Marina Silva avalia mudan\u00e7as no Parque Nacional da Serra do Divisor com fins de turismo ecol\u00f3gico - Agazeta.net","robots":{"index":"index","follow":"follow","max-snippet":"max-snippet:-1","max-image-preview":"max-image-preview:large","max-video-preview":"max-video-preview:-1"},"canonical":"https:\/\/nk7-testes.com.br\/agazeta\/marina-silva-avalia-mudancas-no-parque-nacional-da-serra-do-divisor-com-fins-de-turismo-ecologico\/","og_locale":"pt_BR","og_type":"article","og_title":"Marina Silva avalia mudan\u00e7as no Parque Nacional da Serra do Divisor com fins de turismo ecol\u00f3gico","og_description":"\u201cO parque pode ser visitado de forma sustent\u00e1vel\u201d, afirmou a Ministra do Meio Ambiente","og_url":"https:\/\/nk7-testes.com.br\/agazeta\/marina-silva-avalia-mudancas-no-parque-nacional-da-serra-do-divisor-com-fins-de-turismo-ecologico\/","og_site_name":"Agazeta.net","article_published_time":"2024-07-01T17:16:29+00:00","article_modified_time":"2025-09-17T15:57:13+00:00","og_image":[{"width":1600,"height":898,"url":"https:\/\/nk7-testes.com.br\/agazeta\/wp-content\/uploads\/2024\/07\/WhatsApp-Image-2024-07-01-at-12.11.59-PM-jpeg.webp","type":"image\/jpeg"}],"author":"Agazeta.Net","twitter_card":"summary_large_image","twitter_title":"Marina Silva avalia mudan\u00e7as no Parque Nacional da Serra do Divisor com fins de turismo ecol\u00f3gico","twitter_description":"\u201cO parque pode ser visitado de forma sustent\u00e1vel\u201d, afirmou a Ministra do Meio Ambiente","twitter_image":"https:\/\/nk7-testes.com.br\/agazeta\/wp-content\/uploads\/2024\/07\/WhatsApp-Image-2024-07-01-at-12.11.59-PM-jpeg.webp","twitter_misc":{"Escrito por":"Agazeta.Net","Est. tempo de leitura":"2 minutos"},"schema":{"@context":"https:\/\/schema.org","@graph":[{"@type":"WebPage","@id":"https:\/\/nk7-testes.com.br\/agazeta\/marina-silva-avalia-mudancas-no-parque-nacional-da-serra-do-divisor-com-fins-de-turismo-ecologico\/","url":"https:\/\/nk7-testes.com.br\/agazeta\/marina-silva-avalia-mudancas-no-parque-nacional-da-serra-do-divisor-com-fins-de-turismo-ecologico\/","name":"Marina Silva avalia mudan\u00e7as no Parque Nacional da Serra do Divisor com fins de turismo ecol\u00f3gico - Agazeta.net","isPartOf":{"@id":"https:\/\/nk7-testes.com.br\/agazeta\/#website"},"primaryImageOfPage":{"@id":"https:\/\/nk7-testes.com.br\/agazeta\/marina-silva-avalia-mudancas-no-parque-nacional-da-serra-do-divisor-com-fins-de-turismo-ecologico\/#primaryimage"},"image":{"@id":"https:\/\/nk7-testes.com.br\/agazeta\/marina-silva-avalia-mudancas-no-parque-nacional-da-serra-do-divisor-com-fins-de-turismo-ecologico\/#primaryimage"},"thumbnailUrl":"https:\/\/nk7-testes.com.br\/agazeta\/wp-content\/uploads\/2024\/07\/WhatsApp-Image-2024-07-01-at-12.11.59-PM-jpeg.webp","datePublished":"2024-07-01T17:16:29+00:00","dateModified":"2025-09-17T15:57:13+00:00","author":{"@id":"https:\/\/nk7-testes.com.br\/agazeta\/#\/schema\/person\/6d6e25cb0435eb4a02fd44d30b4e3020"},"breadcrumb":{"@id":"https:\/\/nk7-testes.com.br\/agazeta\/marina-silva-avalia-mudancas-no-parque-nacional-da-serra-do-divisor-com-fins-de-turismo-ecologico\/#breadcrumb"},"inLanguage":"pt-BR","potentialAction":[{"@type":"ReadAction","target":["https:\/\/nk7-testes.com.br\/agazeta\/marina-silva-avalia-mudancas-no-parque-nacional-da-serra-do-divisor-com-fins-de-turismo-ecologico\/"]}]},{"@type":"ImageObject","inLanguage":"pt-BR","@id":"https:\/\/nk7-testes.com.br\/agazeta\/marina-silva-avalia-mudancas-no-parque-nacional-da-serra-do-divisor-com-fins-de-turismo-ecologico\/#primaryimage","url":"https:\/\/nk7-testes.com.br\/agazeta\/wp-content\/uploads\/2024\/07\/WhatsApp-Image-2024-07-01-at-12.11.59-PM-jpeg.webp","contentUrl":"https:\/\/nk7-testes.com.br\/agazeta\/wp-content\/uploads\/2024\/07\/WhatsApp-Image-2024-07-01-at-12.11.59-PM-jpeg.webp","width":1600,"height":898,"caption":"Foto: Matheus Melo"},{"@type":"BreadcrumbList","@id":"https:\/\/nk7-testes.com.br\/agazeta\/marina-silva-avalia-mudancas-no-parque-nacional-da-serra-do-divisor-com-fins-de-turismo-ecologico\/#breadcrumb","itemListElement":[{"@type":"ListItem","position":1,"name":"In\u00edcio","item":"https:\/\/nk7-testes.com.br\/agazeta\/"},{"@type":"ListItem","position":2,"name":"Marina Silva avalia mudan\u00e7as no Parque Nacional da Serra do Divisor com fins de turismo ecol\u00f3gico"}]},{"@type":"WebSite","@id":"https:\/\/nk7-testes.com.br\/agazeta\/#website","url":"https:\/\/nk7-testes.com.br\/agazeta\/","name":"Agazeta.net","description":"Agazeta.net - Not\u00edcias de Rio Branco\/AC","potentialAction":[{"@type":"SearchAction","target":{"@type":"EntryPoint","urlTemplate":"https:\/\/nk7-testes.com.br\/agazeta\/?s={search_term_string}"},"query-input":{"@type":"PropertyValueSpecification","valueRequired":true,"valueName":"search_term_string"}}],"inLanguage":"pt-BR"},{"@type":"Person","@id":"https:\/\/nk7-testes.com.br\/agazeta\/#\/schema\/person\/6d6e25cb0435eb4a02fd44d30b4e3020","name":"Agazeta.Net","url":"https:\/\/nk7-testes.com.br\/agazeta\/author\/agazeta\/"}]}},"_links":{"self":[{"href":"https:\/\/nk7-testes.com.br\/agazeta\/wp-json\/wp\/v2\/posts\/134916","targetHints":{"allow":["GET"]}}],"collection":[{"href":"https:\/\/nk7-testes.com.br\/agazeta\/wp-json\/wp\/v2\/posts"}],"about":[{"href":"https:\/\/nk7-testes.com.br\/agazeta\/wp-json\/wp\/v2\/types\/post"}],"author":[{"embeddable":true,"href":"https:\/\/nk7-testes.com.br\/agazeta\/wp-json\/wp\/v2\/users\/4"}],"replies":[{"embeddable":true,"href":"https:\/\/nk7-testes.com.br\/agazeta\/wp-json\/wp\/v2\/comments?post=134916"}],"version-history":[{"count":0,"href":"https:\/\/nk7-testes.com.br\/agazeta\/wp-json\/wp\/v2\/posts\/134916\/revisions"}],"wp:featuredmedia":[{"embeddable":true,"href":"https:\/\/nk7-testes.com.br\/agazeta\/wp-json\/wp\/v2\/media\/134917"}],"wp:attachment":[{"href":"https:\/\/nk7-testes.com.br\/agazeta\/wp-json\/wp\/v2\/media?parent=134916"}],"wp:term":[{"taxonomy":"category","embeddable":true,"href":"https:\/\/nk7-testes.com.br\/agazeta\/wp-json\/wp\/v2\/categories?post=134916"},{"taxonomy":"post_tag","embeddable":true,"href":"https:\/\/nk7-testes.com.br\/agazeta\/wp-json\/wp\/v2\/tags?post=134916"}],"curies":[{"name":"wp","href":"https:\/\/api.w.org\/{rel}","templated":true}]}}