{"id":134747,"date":"2024-06-27T17:21:07","date_gmt":"2024-06-27T22:21:07","guid":{"rendered":"https:\/\/nk7-testes.com.br\/?p=134747"},"modified":"2024-06-27T17:21:07","modified_gmt":"2024-06-27T22:21:07","slug":"chuvas-em-rio-branco-diminuiram-pela-metade-em-comparacao-ao-mesmo-periodo-de-2023","status":"publish","type":"post","link":"https:\/\/nk7-testes.com.br\/agazeta\/chuvas-em-rio-branco-diminuiram-pela-metade-em-comparacao-ao-mesmo-periodo-de-2023\/","title":{"rendered":"Chuvas em Rio Branco diminu\u00edram pela metade em compara\u00e7\u00e3o ao mesmo per\u00edodo de 2023"},"content":{"rendered":"<p style=\"text-align: justify;\">Com a chegada do per\u00edodo de estiagem na Amaz\u00f4nia, o desmatamento aumenta em toda a regi\u00e3o, muito por conta das queimadas. A fuma\u00e7a aliada \u00e0s altas temperaturas trazem \u00e0 vida do acreano um grande transtorno. Apesar disso, o tempo quente e seco n\u00e3o tem como causar apenas as queimadas.<\/p>\n<p style=\"text-align: justify;\">Um fen\u00f4meno natural bem distante do estado deixa o tempo assim. A temperatura mais quente no Oceano Atl\u00e2ntico traz menos chuvas para o sudoeste da Amaz\u00f4nia, onde est\u00e1 o Acre. O Instituto Nacional de Pesquisas da Amaz\u00f4nia (Inpa) explica a seca e o calor intensos.<\/p>\n<p style=\"text-align: justify;\">&#8220;O efeito do El Ni\u00f1o foi muito forte, ent\u00e3o a quantidade de chuva foi muito menor do que o esperado. Com isso, a quantidade de \u00e1gua acumulada no len\u00e7ol fre\u00e1tico baixou muito. O per\u00edodo de chuva que come\u00e7ou em janeiro, nos tr\u00eas primeiros meses de 2024, foi menor do que o esperado tamb\u00e9m, ou seja, 10% menos que em 2023. J\u00e1 foi seco em 2023, e em 2024 choveu menos no per\u00edodo chuvoso. Agora, n\u00f3s estamos no per\u00edodo seco que a m\u00e9dia hist\u00f3rica de chuva que tem ca\u00eddo aqui na regi\u00e3o \u00e9 muito mais abaixo do que se espera&#8221;, explica o professor do Inpa, Evandro Ferreira.<\/p>\n<p style=\"text-align: justify;\">Quando todos os meses s\u00e3o verificados, em 2024 nota-se que houve uma redu\u00e7\u00e3o das chuvas desde o in\u00edcio do ano em todas as regi\u00f5es. Mas a regional que mais preocupa \u00e9 a \u00e1rea onde fica Rio Branco e os munic\u00edpios vizinhos.<\/p>\n<p style=\"text-align: justify;\">Segundo professor, naturalmente essas s\u00e3o \u00e1reas onde ocorre menos chuvas com rela\u00e7\u00e3o \u00e0 regi\u00e3o do Juru\u00e1. Quando se observa o mapa da chuva entre mar\u00e7o e junho do ano passado e compara o mesmo per\u00edodo de 2024, \u00e9 poss\u00edvel perceber que houve uma queda na quantidade de chuvas, principalmente nas regi\u00f5es do alto e baixo Acre. Na capital, as chuvas ca\u00edram pela metade e afeta diretamente o rio Acre e o len\u00e7ol fre\u00e1tico.<\/p>\n<p style=\"text-align: justify;\">Um mapeamento feito pelo Inpa mostra que, em mar\u00e7o e junho de 2023, em Rio Branco, foram 500 mil\u00edmetros de chuva. Em 2024, no mesmo per\u00edodo, 250 mil\u00edmetros. Apenas na regi\u00e3o do Juru\u00e1 esses n\u00fameros se mantiveram.<\/p>\n<p style=\"text-align: justify;\">Para o professor Evandro Ferreira, as previs\u00f5es para os meses de julho, agosto e setembro n\u00e3o s\u00e3o otimistas. A popula\u00e7\u00e3o pode enfrentar um dos per\u00edodos mais secos e quentes da hist\u00f3ria. O rio Acre e outros rios menores podem chegar a n\u00edveis hist\u00f3ricos de baixo volume, podendo apartar em determinados pontos, como aconteceu no ano passado em Assis Brasil.<\/p>\n<p style=\"text-align: justify;\">&#8220;Vai ser um momento cr\u00edtico, porque s\u00e3o quase quatro meses sob essa situa\u00e7\u00e3o de que n\u00e3o vai chover e n\u00e3o vai ter \u00e1gua. O rio vai ficar muito seco, ent\u00e3o vai ter alguns problemas&#8221;, afirma o professor.<\/p>\n<p style=\"text-align: justify;\">Se nenhuma a\u00e7\u00e3o for feita para mudar os fen\u00f4menos, em 2050 a previs\u00e3o \u00e9 que em todo o mundo haver\u00e1 um crescimento no aquecimento em 3%. Esse calor excessivo ser\u00e1 capaz de matar at\u00e9 grandes \u00e1rvores, o que colabora com a destrui\u00e7\u00e3o da Amaz\u00f4nia.<\/p>\n<p><em><strong>Mat\u00e9ria produzida em v\u00eddeo pelo rep\u00f3rter Adailson Oliveira para a TV Gazeta<\/strong><\/em><\/p>\n","protected":false},"excerpt":{"rendered":"<p>Com a chegada do per\u00edodo de estiagem na Amaz\u00f4nia, o desmatamento aumenta em toda a regi\u00e3o, muito por conta das queimadas. A fuma\u00e7a aliada \u00e0s altas temperaturas trazem \u00e0 vida do acreano um grande transtorno. Apesar disso, o tempo quente e seco n\u00e3o tem como causar apenas as queimadas. Um fen\u00f4meno natural bem distante do [&hellip;]<\/p>\n","protected":false},"author":4,"featured_media":134748,"comment_status":"open","ping_status":"open","sticky":false,"template":"","format":"standard","meta":{"jnews-multi-image_gallery":[],"jnews_single_post":{"source_name":"","source_url":"","via_name":"","via_url":"","override_template":"0","override":[{"template":"custom","single_blog_custom":"110746","parallax":"1","fullscreen":"1","layout":"right-sidebar","sidebar":"default-sidebar","second_sidebar":"default-sidebar","sticky_sidebar":"1","share_position":"top","share_float_style":"share-monocrhome","show_share_counter":"1","show_view_counter":"1","show_featured":"1","show_post_meta":"1","show_post_author":"1","show_post_author_image":"1","show_post_date":"1","post_date_format":"default","post_date_format_custom":"Y\/m\/d","show_post_category":"1","show_post_reading_time":"0","post_reading_time_wpm":"300","show_zoom_button":"0","zoom_button_out_step":"2","zoom_button_in_step":"3","show_post_tag":"1","show_prev_next_post":"1","show_popup_post":"1","number_popup_post":"1","show_author_box":"0","show_post_related":"1","show_inline_post_related":"0"}],"override_image_size":"0","image_override":[{"single_post_thumbnail_size":"crop-500","single_post_gallery_size":"crop-500"}],"trending_post":"0","trending_post_position":"meta","trending_post_label":"Trending","sponsored_post":"0","sponsored_post_label":"Sponsored by","sponsored_post_name":"","sponsored_post_url":"","sponsored_post_logo_enable":"0","sponsored_post_logo":"","sponsored_post_desc":"","disable_ad":"0"},"jnews_primary_category":{"id":"","hide":""},"jnews_social_meta":{"fb_title":"","fb_description":"","fb_image":"","twitter_title":"","twitter_description":"","twitter_image":""},"jnews_review":[],"enable_review":"0","type":"percentage","name":"","summary":"","brand":"","sku":"","good":[{"good_text":""}],"bad":[{"bad_text":""}],"score_override":"0","override_value":"","rating":[{"rating_text":"","rating_number":"10"}],"price":[{"shop":"","price":"","link":"","icon":""}],"footnotes":""},"categories":[54],"tags":[152],"class_list":["post-134747","post","type-post","status-publish","format-standard","has-post-thumbnail","hentry","category-cotidiano","tag-destaque"],"yoast_head":"<!-- This site is optimized with the Yoast SEO plugin v26.5 - https:\/\/yoast.com\/wordpress\/plugins\/seo\/ -->\n<title>Chuvas em Rio Branco diminu\u00edram pela metade em compara\u00e7\u00e3o ao mesmo per\u00edodo de 2023 - Agazeta.net<\/title>\n<meta name=\"robots\" content=\"index, follow, max-snippet:-1, max-image-preview:large, max-video-preview:-1\" \/>\n<link rel=\"canonical\" href=\"https:\/\/nk7-testes.com.br\/agazeta\/chuvas-em-rio-branco-diminuiram-pela-metade-em-comparacao-ao-mesmo-periodo-de-2023\/\" \/>\n<meta property=\"og:locale\" content=\"pt_BR\" \/>\n<meta property=\"og:type\" content=\"article\" \/>\n<meta property=\"og:title\" content=\"Chuvas em Rio Branco diminu\u00edram pela metade em compara\u00e7\u00e3o ao mesmo per\u00edodo de 2023\" \/>\n<meta property=\"og:description\" content=\"Apesar disso, a regi\u00e3o do Juru\u00e1 manteve quase a mesma quantidade de chuva do ano anterior\" \/>\n<meta property=\"og:url\" content=\"https:\/\/nk7-testes.com.br\/agazeta\/chuvas-em-rio-branco-diminuiram-pela-metade-em-comparacao-ao-mesmo-periodo-de-2023\/\" \/>\n<meta property=\"og:site_name\" content=\"Agazeta.net\" \/>\n<meta property=\"article:published_time\" content=\"2024-06-27T22:21:07+00:00\" \/>\n<meta property=\"og:image\" content=\"https:\/\/nk7-testes.com.br\/agazeta\/wp-content\/uploads\/2024\/06\/SECA-RIO-BRANCO-ACRE-FOTO-ODAIRLEAL-1-1-1536x1020-1-jpg.webp\" \/>\n\t<meta property=\"og:image:width\" content=\"800\" \/>\n\t<meta property=\"og:image:height\" content=\"404\" \/>\n\t<meta property=\"og:image:type\" content=\"image\/jpeg\" \/>\n<meta name=\"author\" content=\"Agazeta.Net\" \/>\n<meta name=\"twitter:card\" content=\"summary_large_image\" \/>\n<meta name=\"twitter:label1\" content=\"Escrito por\" \/>\n\t<meta name=\"twitter:data1\" content=\"Agazeta.Net\" \/>\n\t<meta name=\"twitter:label2\" content=\"Est. tempo de leitura\" \/>\n\t<meta name=\"twitter:data2\" content=\"3 minutos\" \/>\n<script type=\"application\/ld+json\" class=\"yoast-schema-graph\">{\"@context\":\"https:\/\/schema.org\",\"@graph\":[{\"@type\":\"WebPage\",\"@id\":\"https:\/\/nk7-testes.com.br\/agazeta\/chuvas-em-rio-branco-diminuiram-pela-metade-em-comparacao-ao-mesmo-periodo-de-2023\/\",\"url\":\"https:\/\/nk7-testes.com.br\/agazeta\/chuvas-em-rio-branco-diminuiram-pela-metade-em-comparacao-ao-mesmo-periodo-de-2023\/\",\"name\":\"Chuvas em Rio Branco diminu\u00edram pela metade em compara\u00e7\u00e3o ao mesmo per\u00edodo de 2023 - Agazeta.net\",\"isPartOf\":{\"@id\":\"https:\/\/nk7-testes.com.br\/agazeta\/#website\"},\"primaryImageOfPage\":{\"@id\":\"https:\/\/nk7-testes.com.br\/agazeta\/chuvas-em-rio-branco-diminuiram-pela-metade-em-comparacao-ao-mesmo-periodo-de-2023\/#primaryimage\"},\"image\":{\"@id\":\"https:\/\/nk7-testes.com.br\/agazeta\/chuvas-em-rio-branco-diminuiram-pela-metade-em-comparacao-ao-mesmo-periodo-de-2023\/#primaryimage\"},\"thumbnailUrl\":\"https:\/\/nk7-testes.com.br\/agazeta\/wp-content\/uploads\/2024\/06\/SECA-RIO-BRANCO-ACRE-FOTO-ODAIRLEAL-1-1-1536x1020-1-jpg.webp\",\"datePublished\":\"2024-06-27T22:21:07+00:00\",\"author\":{\"@id\":\"https:\/\/nk7-testes.com.br\/agazeta\/#\/schema\/person\/6d6e25cb0435eb4a02fd44d30b4e3020\"},\"breadcrumb\":{\"@id\":\"https:\/\/nk7-testes.com.br\/agazeta\/chuvas-em-rio-branco-diminuiram-pela-metade-em-comparacao-ao-mesmo-periodo-de-2023\/#breadcrumb\"},\"inLanguage\":\"pt-BR\",\"potentialAction\":[{\"@type\":\"ReadAction\",\"target\":[\"https:\/\/nk7-testes.com.br\/agazeta\/chuvas-em-rio-branco-diminuiram-pela-metade-em-comparacao-ao-mesmo-periodo-de-2023\/\"]}]},{\"@type\":\"ImageObject\",\"inLanguage\":\"pt-BR\",\"@id\":\"https:\/\/nk7-testes.com.br\/agazeta\/chuvas-em-rio-branco-diminuiram-pela-metade-em-comparacao-ao-mesmo-periodo-de-2023\/#primaryimage\",\"url\":\"https:\/\/nk7-testes.com.br\/agazeta\/wp-content\/uploads\/2024\/06\/SECA-RIO-BRANCO-ACRE-FOTO-ODAIRLEAL-1-1-1536x1020-1-jpg.webp\",\"contentUrl\":\"https:\/\/nk7-testes.com.br\/agazeta\/wp-content\/uploads\/2024\/06\/SECA-RIO-BRANCO-ACRE-FOTO-ODAIRLEAL-1-1-1536x1020-1-jpg.webp\",\"width\":800,\"height\":404,\"caption\":\"Foto: Odair Leal\"},{\"@type\":\"BreadcrumbList\",\"@id\":\"https:\/\/nk7-testes.com.br\/agazeta\/chuvas-em-rio-branco-diminuiram-pela-metade-em-comparacao-ao-mesmo-periodo-de-2023\/#breadcrumb\",\"itemListElement\":[{\"@type\":\"ListItem\",\"position\":1,\"name\":\"In\u00edcio\",\"item\":\"https:\/\/nk7-testes.com.br\/agazeta\/\"},{\"@type\":\"ListItem\",\"position\":2,\"name\":\"Chuvas em Rio Branco diminu\u00edram pela metade em compara\u00e7\u00e3o ao mesmo per\u00edodo de 2023\"}]},{\"@type\":\"WebSite\",\"@id\":\"https:\/\/nk7-testes.com.br\/agazeta\/#website\",\"url\":\"https:\/\/nk7-testes.com.br\/agazeta\/\",\"name\":\"Agazeta.net\",\"description\":\"Agazeta.net - Not\u00edcias de Rio Branco\/AC\",\"potentialAction\":[{\"@type\":\"SearchAction\",\"target\":{\"@type\":\"EntryPoint\",\"urlTemplate\":\"https:\/\/nk7-testes.com.br\/agazeta\/?s={search_term_string}\"},\"query-input\":{\"@type\":\"PropertyValueSpecification\",\"valueRequired\":true,\"valueName\":\"search_term_string\"}}],\"inLanguage\":\"pt-BR\"},{\"@type\":\"Person\",\"@id\":\"https:\/\/nk7-testes.com.br\/agazeta\/#\/schema\/person\/6d6e25cb0435eb4a02fd44d30b4e3020\",\"name\":\"Agazeta.Net\",\"url\":\"https:\/\/nk7-testes.com.br\/agazeta\/author\/agazeta\/\"}]}<\/script>\n<!-- \/ Yoast SEO plugin. -->","yoast_head_json":{"title":"Chuvas em Rio Branco diminu\u00edram pela metade em compara\u00e7\u00e3o ao mesmo per\u00edodo de 2023 - Agazeta.net","robots":{"index":"index","follow":"follow","max-snippet":"max-snippet:-1","max-image-preview":"max-image-preview:large","max-video-preview":"max-video-preview:-1"},"canonical":"https:\/\/nk7-testes.com.br\/agazeta\/chuvas-em-rio-branco-diminuiram-pela-metade-em-comparacao-ao-mesmo-periodo-de-2023\/","og_locale":"pt_BR","og_type":"article","og_title":"Chuvas em Rio Branco diminu\u00edram pela metade em compara\u00e7\u00e3o ao mesmo per\u00edodo de 2023","og_description":"Apesar disso, a regi\u00e3o do Juru\u00e1 manteve quase a mesma quantidade de chuva do ano anterior","og_url":"https:\/\/nk7-testes.com.br\/agazeta\/chuvas-em-rio-branco-diminuiram-pela-metade-em-comparacao-ao-mesmo-periodo-de-2023\/","og_site_name":"Agazeta.net","article_published_time":"2024-06-27T22:21:07+00:00","og_image":[{"width":800,"height":404,"url":"https:\/\/nk7-testes.com.br\/agazeta\/wp-content\/uploads\/2024\/06\/SECA-RIO-BRANCO-ACRE-FOTO-ODAIRLEAL-1-1-1536x1020-1-jpg.webp","type":"image\/jpeg"}],"author":"Agazeta.Net","twitter_card":"summary_large_image","twitter_misc":{"Escrito por":"Agazeta.Net","Est. tempo de leitura":"3 minutos"},"schema":{"@context":"https:\/\/schema.org","@graph":[{"@type":"WebPage","@id":"https:\/\/nk7-testes.com.br\/agazeta\/chuvas-em-rio-branco-diminuiram-pela-metade-em-comparacao-ao-mesmo-periodo-de-2023\/","url":"https:\/\/nk7-testes.com.br\/agazeta\/chuvas-em-rio-branco-diminuiram-pela-metade-em-comparacao-ao-mesmo-periodo-de-2023\/","name":"Chuvas em Rio Branco diminu\u00edram pela metade em compara\u00e7\u00e3o ao mesmo per\u00edodo de 2023 - Agazeta.net","isPartOf":{"@id":"https:\/\/nk7-testes.com.br\/agazeta\/#website"},"primaryImageOfPage":{"@id":"https:\/\/nk7-testes.com.br\/agazeta\/chuvas-em-rio-branco-diminuiram-pela-metade-em-comparacao-ao-mesmo-periodo-de-2023\/#primaryimage"},"image":{"@id":"https:\/\/nk7-testes.com.br\/agazeta\/chuvas-em-rio-branco-diminuiram-pela-metade-em-comparacao-ao-mesmo-periodo-de-2023\/#primaryimage"},"thumbnailUrl":"https:\/\/nk7-testes.com.br\/agazeta\/wp-content\/uploads\/2024\/06\/SECA-RIO-BRANCO-ACRE-FOTO-ODAIRLEAL-1-1-1536x1020-1-jpg.webp","datePublished":"2024-06-27T22:21:07+00:00","author":{"@id":"https:\/\/nk7-testes.com.br\/agazeta\/#\/schema\/person\/6d6e25cb0435eb4a02fd44d30b4e3020"},"breadcrumb":{"@id":"https:\/\/nk7-testes.com.br\/agazeta\/chuvas-em-rio-branco-diminuiram-pela-metade-em-comparacao-ao-mesmo-periodo-de-2023\/#breadcrumb"},"inLanguage":"pt-BR","potentialAction":[{"@type":"ReadAction","target":["https:\/\/nk7-testes.com.br\/agazeta\/chuvas-em-rio-branco-diminuiram-pela-metade-em-comparacao-ao-mesmo-periodo-de-2023\/"]}]},{"@type":"ImageObject","inLanguage":"pt-BR","@id":"https:\/\/nk7-testes.com.br\/agazeta\/chuvas-em-rio-branco-diminuiram-pela-metade-em-comparacao-ao-mesmo-periodo-de-2023\/#primaryimage","url":"https:\/\/nk7-testes.com.br\/agazeta\/wp-content\/uploads\/2024\/06\/SECA-RIO-BRANCO-ACRE-FOTO-ODAIRLEAL-1-1-1536x1020-1-jpg.webp","contentUrl":"https:\/\/nk7-testes.com.br\/agazeta\/wp-content\/uploads\/2024\/06\/SECA-RIO-BRANCO-ACRE-FOTO-ODAIRLEAL-1-1-1536x1020-1-jpg.webp","width":800,"height":404,"caption":"Foto: Odair Leal"},{"@type":"BreadcrumbList","@id":"https:\/\/nk7-testes.com.br\/agazeta\/chuvas-em-rio-branco-diminuiram-pela-metade-em-comparacao-ao-mesmo-periodo-de-2023\/#breadcrumb","itemListElement":[{"@type":"ListItem","position":1,"name":"In\u00edcio","item":"https:\/\/nk7-testes.com.br\/agazeta\/"},{"@type":"ListItem","position":2,"name":"Chuvas em Rio Branco diminu\u00edram pela metade em compara\u00e7\u00e3o ao mesmo per\u00edodo de 2023"}]},{"@type":"WebSite","@id":"https:\/\/nk7-testes.com.br\/agazeta\/#website","url":"https:\/\/nk7-testes.com.br\/agazeta\/","name":"Agazeta.net","description":"Agazeta.net - Not\u00edcias de Rio Branco\/AC","potentialAction":[{"@type":"SearchAction","target":{"@type":"EntryPoint","urlTemplate":"https:\/\/nk7-testes.com.br\/agazeta\/?s={search_term_string}"},"query-input":{"@type":"PropertyValueSpecification","valueRequired":true,"valueName":"search_term_string"}}],"inLanguage":"pt-BR"},{"@type":"Person","@id":"https:\/\/nk7-testes.com.br\/agazeta\/#\/schema\/person\/6d6e25cb0435eb4a02fd44d30b4e3020","name":"Agazeta.Net","url":"https:\/\/nk7-testes.com.br\/agazeta\/author\/agazeta\/"}]}},"_links":{"self":[{"href":"https:\/\/nk7-testes.com.br\/agazeta\/wp-json\/wp\/v2\/posts\/134747","targetHints":{"allow":["GET"]}}],"collection":[{"href":"https:\/\/nk7-testes.com.br\/agazeta\/wp-json\/wp\/v2\/posts"}],"about":[{"href":"https:\/\/nk7-testes.com.br\/agazeta\/wp-json\/wp\/v2\/types\/post"}],"author":[{"embeddable":true,"href":"https:\/\/nk7-testes.com.br\/agazeta\/wp-json\/wp\/v2\/users\/4"}],"replies":[{"embeddable":true,"href":"https:\/\/nk7-testes.com.br\/agazeta\/wp-json\/wp\/v2\/comments?post=134747"}],"version-history":[{"count":0,"href":"https:\/\/nk7-testes.com.br\/agazeta\/wp-json\/wp\/v2\/posts\/134747\/revisions"}],"wp:featuredmedia":[{"embeddable":true,"href":"https:\/\/nk7-testes.com.br\/agazeta\/wp-json\/wp\/v2\/media\/134748"}],"wp:attachment":[{"href":"https:\/\/nk7-testes.com.br\/agazeta\/wp-json\/wp\/v2\/media?parent=134747"}],"wp:term":[{"taxonomy":"category","embeddable":true,"href":"https:\/\/nk7-testes.com.br\/agazeta\/wp-json\/wp\/v2\/categories?post=134747"},{"taxonomy":"post_tag","embeddable":true,"href":"https:\/\/nk7-testes.com.br\/agazeta\/wp-json\/wp\/v2\/tags?post=134747"}],"curies":[{"name":"wp","href":"https:\/\/api.w.org\/{rel}","templated":true}]}}