{"id":134739,"date":"2024-06-27T15:00:01","date_gmt":"2024-06-27T20:00:01","guid":{"rendered":"https:\/\/nk7-testes.com.br\/?p=134739"},"modified":"2024-06-27T15:01:54","modified_gmt":"2024-06-27T20:01:54","slug":"homicidios-de-bebes-e-criancas-de-0-a-4-anos-dobrou-entre-2012-e-2022-no-acre","status":"publish","type":"post","link":"https:\/\/nk7-testes.com.br\/agazeta\/homicidios-de-bebes-e-criancas-de-0-a-4-anos-dobrou-entre-2012-e-2022-no-acre\/","title":{"rendered":"Homic\u00eddios de beb\u00eas e crian\u00e7as de 0 a 4 anos dobrou entre 2012 e 2022 no Acre"},"content":{"rendered":"<p style=\"text-align: justify;\">Dados do Atlas da Viol\u00eancia 2024, divulgados na \u00faltima semana pelo Instituto de Pesquisa Econ\u00f4mica Aplicada (Ipea) e F\u00f3rum Brasileiro de Seguran\u00e7a P\u00fablica (FBSP), mostram que o n\u00famero de homic\u00eddios de beb\u00eas e crian\u00e7as de 0 a 4 anos dobrou nos \u00faltimos 10 anos no Acre. Em anos anteriores, apenas uma morte violenta dessa faixa et\u00e1ria era registrada.<\/p>\n<p style=\"text-align: justify;\">&#8220;Toda vez que n\u00f3s temos uma informa\u00e7\u00e3o que ela se destaca e sai da curva, como essa, n\u00f3s direcionamos as a\u00e7\u00f5es da seguran\u00e7a p\u00fablica para esse evento, a exemplo da faixa et\u00e1ria que teve aumento. Embora que no geral desse intervalo houve redu\u00e7\u00e3o de 56%, mas em algumas delas houve o acr\u00e9scimo&#8221;, conta o coronel Cleudo Maciel, diretor operacional da Secretaria de Estado de Seguran\u00e7a P\u00fablica (Sejusp).<\/p>\n<p style=\"text-align: justify;\">Entre os anos de 2012 e 2022, 14 mortes violentas desse p\u00fablico foram catalogadas no Estado. Ainda de acordo com o Atlas da Viol\u00eancia, esses n\u00fameros representam cerca de duas mortes de crian\u00e7as com idade entre 0 e 4 anos a cada 12 meses.<\/p>\n<p style=\"text-align: justify;\">&#8220;N\u00f3s estamos fazendo o acompanhamento do fen\u00f4meno. N\u00f3s temos um intervalo de tempo e uma faixa et\u00e1ria de idade que est\u00e1 contemplando essa eleva\u00e7\u00e3o dos \u00edndices. Com base nessas informa\u00e7\u00f5es, n\u00f3s fazemos uma an\u00e1lise, estudamos os fen\u00f4menos que podem ter levado ao aumento desses dados e, assim, direcionar as a\u00e7\u00f5es&#8221;, afirma Maciel.<\/p>\n<p style=\"text-align: justify;\">Os dados mostram uma taxa de 2,4 mortes a cada 100 mil habitantes no Acre. O que preocupa \u00e9 que o n\u00famero \u00e9 maior do que a m\u00e9dia de homic\u00eddios de beb\u00eas em todo o pa\u00eds. Segundo o diretor de opera\u00e7\u00f5es, a Sejusp realiza a\u00e7\u00f5es para a diminui\u00e7\u00e3o desses n\u00fameros.<\/p>\n<p style=\"text-align: justify;\">&#8220;N\u00f3s temos algumas a\u00e7\u00f5es espec\u00edficas. Dentro da estrutura da Secretaria de Seguran\u00e7a n\u00f3s temos o Acre pela vida, possu\u00edmos a\u00e7\u00f5es que envolvem a Pol\u00edcia Militar, como a exemplo o Proerd. Com essas estrat\u00e9gias que se somam \u00e0s a\u00e7\u00f5es de policiamento ostensivo \u00e9 que n\u00f3s direcionamos para reduzir os \u00edndices que est\u00e3o elevados&#8221;, destaca Cleud Maciel.<\/p>\n<p><strong><em>Mat\u00e9ria produzida em v\u00eddeo pelo rep\u00f3rter Luan Rodrigo para a TV Gazeta<\/em><\/strong><\/p>\n","protected":false},"excerpt":{"rendered":"<p>Dados do Atlas da Viol\u00eancia 2024, divulgados na \u00faltima semana pelo Instituto de Pesquisa Econ\u00f4mica Aplicada (Ipea) e F\u00f3rum Brasileiro de Seguran\u00e7a P\u00fablica (FBSP), mostram que o n\u00famero de homic\u00eddios de beb\u00eas e crian\u00e7as de 0 a 4 anos dobrou nos \u00faltimos 10 anos no Acre. Em anos anteriores, apenas uma morte violenta dessa faixa [&hellip;]<\/p>\n","protected":false},"author":4,"featured_media":134740,"comment_status":"open","ping_status":"open","sticky":false,"template":"","format":"standard","meta":{"jnews-multi-image_gallery":[],"jnews_single_post":{"source_name":"","source_url":"","via_name":"","via_url":"","override_template":"0","override":[{"template":"custom","single_blog_custom":"110746","parallax":"1","fullscreen":"1","layout":"right-sidebar","sidebar":"default-sidebar","second_sidebar":"default-sidebar","sticky_sidebar":"1","share_position":"top","share_float_style":"share-monocrhome","show_share_counter":"1","show_view_counter":"1","show_featured":"1","show_post_meta":"1","show_post_author":"1","show_post_author_image":"1","show_post_date":"1","post_date_format":"default","post_date_format_custom":"Y\/m\/d","show_post_category":"1","show_post_reading_time":"0","post_reading_time_wpm":"300","show_zoom_button":"0","zoom_button_out_step":"2","zoom_button_in_step":"3","show_post_tag":"1","show_prev_next_post":"1","show_popup_post":"1","number_popup_post":"1","show_author_box":"0","show_post_related":"1","show_inline_post_related":"0"}],"override_image_size":"0","image_override":[{"single_post_thumbnail_size":"crop-500","single_post_gallery_size":"crop-500"}],"trending_post":"0","trending_post_position":"meta","trending_post_label":"Trending","sponsored_post":"0","sponsored_post_label":"Sponsored by","sponsored_post_name":"","sponsored_post_url":"","sponsored_post_logo_enable":"0","sponsored_post_logo":"","sponsored_post_desc":"","disable_ad":"0"},"jnews_primary_category":{"id":"","hide":""},"jnews_social_meta":{"fb_title":"","fb_description":"","fb_image":"","twitter_title":"","twitter_description":"","twitter_image":""},"jnews_review":[],"enable_review":"0","type":"percentage","name":"","summary":"","brand":"","sku":"","good":[{"good_text":""}],"bad":[{"bad_text":""}],"score_override":"0","override_value":"","rating":[{"rating_text":"","rating_number":"10"}],"price":[{"shop":"","price":"","link":"","icon":""}],"footnotes":""},"categories":[54],"tags":[152],"class_list":["post-134739","post","type-post","status-publish","format-standard","has-post-thumbnail","hentry","category-cotidiano","tag-destaque"],"yoast_head":"<!-- This site is optimized with the Yoast SEO plugin v26.5 - https:\/\/yoast.com\/wordpress\/plugins\/seo\/ -->\n<title>Homic\u00eddios de beb\u00eas e crian\u00e7as de 0 a 4 anos dobrou entre 2012 e 2022 no Acre - Agazeta.net<\/title>\n<meta name=\"robots\" content=\"index, follow, max-snippet:-1, max-image-preview:large, max-video-preview:-1\" \/>\n<link rel=\"canonical\" href=\"https:\/\/nk7-testes.com.br\/agazeta\/homicidios-de-bebes-e-criancas-de-0-a-4-anos-dobrou-entre-2012-e-2022-no-acre\/\" \/>\n<meta property=\"og:locale\" content=\"pt_BR\" \/>\n<meta property=\"og:type\" content=\"article\" \/>\n<meta property=\"og:title\" content=\"Homic\u00eddios de beb\u00eas e crian\u00e7as de 0 a 4 anos dobrou entre 2012 e 2022 no Acre\" \/>\n<meta property=\"og:description\" content=\"Entre os anos de 2012 e 2022, 14 mortes violentas do p\u00fablico dessa faixa et\u00e1ria foram catalogadas no Estado\" \/>\n<meta property=\"og:url\" content=\"https:\/\/nk7-testes.com.br\/agazeta\/homicidios-de-bebes-e-criancas-de-0-a-4-anos-dobrou-entre-2012-e-2022-no-acre\/\" \/>\n<meta property=\"og:site_name\" content=\"Agazeta.net\" \/>\n<meta property=\"article:published_time\" content=\"2024-06-27T20:00:01+00:00\" \/>\n<meta property=\"article:modified_time\" content=\"2024-06-27T20:01:54+00:00\" \/>\n<meta property=\"og:image\" content=\"https:\/\/nk7-testes.com.br\/agazeta\/wp-content\/uploads\/2024\/06\/img_72311_foto_1-jpg.webp\" \/>\n\t<meta property=\"og:image:width\" content=\"800\" \/>\n\t<meta property=\"og:image:height\" content=\"404\" \/>\n\t<meta property=\"og:image:type\" content=\"image\/jpeg\" \/>\n<meta name=\"author\" content=\"Agazeta.Net\" \/>\n<meta name=\"twitter:card\" content=\"summary_large_image\" \/>\n<meta name=\"twitter:label1\" content=\"Escrito por\" \/>\n\t<meta name=\"twitter:data1\" content=\"Agazeta.Net\" \/>\n\t<meta name=\"twitter:label2\" content=\"Est. tempo de leitura\" \/>\n\t<meta name=\"twitter:data2\" content=\"2 minutos\" \/>\n<script type=\"application\/ld+json\" class=\"yoast-schema-graph\">{\"@context\":\"https:\/\/schema.org\",\"@graph\":[{\"@type\":\"WebPage\",\"@id\":\"https:\/\/nk7-testes.com.br\/agazeta\/homicidios-de-bebes-e-criancas-de-0-a-4-anos-dobrou-entre-2012-e-2022-no-acre\/\",\"url\":\"https:\/\/nk7-testes.com.br\/agazeta\/homicidios-de-bebes-e-criancas-de-0-a-4-anos-dobrou-entre-2012-e-2022-no-acre\/\",\"name\":\"Homic\u00eddios de beb\u00eas e crian\u00e7as de 0 a 4 anos dobrou entre 2012 e 2022 no Acre - Agazeta.net\",\"isPartOf\":{\"@id\":\"https:\/\/nk7-testes.com.br\/agazeta\/#website\"},\"primaryImageOfPage\":{\"@id\":\"https:\/\/nk7-testes.com.br\/agazeta\/homicidios-de-bebes-e-criancas-de-0-a-4-anos-dobrou-entre-2012-e-2022-no-acre\/#primaryimage\"},\"image\":{\"@id\":\"https:\/\/nk7-testes.com.br\/agazeta\/homicidios-de-bebes-e-criancas-de-0-a-4-anos-dobrou-entre-2012-e-2022-no-acre\/#primaryimage\"},\"thumbnailUrl\":\"https:\/\/nk7-testes.com.br\/agazeta\/wp-content\/uploads\/2024\/06\/img_72311_foto_1-jpg.webp\",\"datePublished\":\"2024-06-27T20:00:01+00:00\",\"dateModified\":\"2024-06-27T20:01:54+00:00\",\"author\":{\"@id\":\"https:\/\/nk7-testes.com.br\/agazeta\/#\/schema\/person\/6d6e25cb0435eb4a02fd44d30b4e3020\"},\"breadcrumb\":{\"@id\":\"https:\/\/nk7-testes.com.br\/agazeta\/homicidios-de-bebes-e-criancas-de-0-a-4-anos-dobrou-entre-2012-e-2022-no-acre\/#breadcrumb\"},\"inLanguage\":\"pt-BR\",\"potentialAction\":[{\"@type\":\"ReadAction\",\"target\":[\"https:\/\/nk7-testes.com.br\/agazeta\/homicidios-de-bebes-e-criancas-de-0-a-4-anos-dobrou-entre-2012-e-2022-no-acre\/\"]}]},{\"@type\":\"ImageObject\",\"inLanguage\":\"pt-BR\",\"@id\":\"https:\/\/nk7-testes.com.br\/agazeta\/homicidios-de-bebes-e-criancas-de-0-a-4-anos-dobrou-entre-2012-e-2022-no-acre\/#primaryimage\",\"url\":\"https:\/\/nk7-testes.com.br\/agazeta\/wp-content\/uploads\/2024\/06\/img_72311_foto_1-jpg.webp\",\"contentUrl\":\"https:\/\/nk7-testes.com.br\/agazeta\/wp-content\/uploads\/2024\/06\/img_72311_foto_1-jpg.webp\",\"width\":800,\"height\":404},{\"@type\":\"BreadcrumbList\",\"@id\":\"https:\/\/nk7-testes.com.br\/agazeta\/homicidios-de-bebes-e-criancas-de-0-a-4-anos-dobrou-entre-2012-e-2022-no-acre\/#breadcrumb\",\"itemListElement\":[{\"@type\":\"ListItem\",\"position\":1,\"name\":\"In\u00edcio\",\"item\":\"https:\/\/nk7-testes.com.br\/agazeta\/\"},{\"@type\":\"ListItem\",\"position\":2,\"name\":\"Homic\u00eddios de beb\u00eas e crian\u00e7as de 0 a 4 anos dobrou entre 2012 e 2022 no Acre\"}]},{\"@type\":\"WebSite\",\"@id\":\"https:\/\/nk7-testes.com.br\/agazeta\/#website\",\"url\":\"https:\/\/nk7-testes.com.br\/agazeta\/\",\"name\":\"Agazeta.net\",\"description\":\"Agazeta.net - Not\u00edcias de Rio Branco\/AC\",\"potentialAction\":[{\"@type\":\"SearchAction\",\"target\":{\"@type\":\"EntryPoint\",\"urlTemplate\":\"https:\/\/nk7-testes.com.br\/agazeta\/?s={search_term_string}\"},\"query-input\":{\"@type\":\"PropertyValueSpecification\",\"valueRequired\":true,\"valueName\":\"search_term_string\"}}],\"inLanguage\":\"pt-BR\"},{\"@type\":\"Person\",\"@id\":\"https:\/\/nk7-testes.com.br\/agazeta\/#\/schema\/person\/6d6e25cb0435eb4a02fd44d30b4e3020\",\"name\":\"Agazeta.Net\",\"url\":\"https:\/\/nk7-testes.com.br\/agazeta\/author\/agazeta\/\"}]}<\/script>\n<!-- \/ Yoast SEO plugin. -->","yoast_head_json":{"title":"Homic\u00eddios de beb\u00eas e crian\u00e7as de 0 a 4 anos dobrou entre 2012 e 2022 no Acre - Agazeta.net","robots":{"index":"index","follow":"follow","max-snippet":"max-snippet:-1","max-image-preview":"max-image-preview:large","max-video-preview":"max-video-preview:-1"},"canonical":"https:\/\/nk7-testes.com.br\/agazeta\/homicidios-de-bebes-e-criancas-de-0-a-4-anos-dobrou-entre-2012-e-2022-no-acre\/","og_locale":"pt_BR","og_type":"article","og_title":"Homic\u00eddios de beb\u00eas e crian\u00e7as de 0 a 4 anos dobrou entre 2012 e 2022 no Acre","og_description":"Entre os anos de 2012 e 2022, 14 mortes violentas do p\u00fablico dessa faixa et\u00e1ria foram catalogadas no Estado","og_url":"https:\/\/nk7-testes.com.br\/agazeta\/homicidios-de-bebes-e-criancas-de-0-a-4-anos-dobrou-entre-2012-e-2022-no-acre\/","og_site_name":"Agazeta.net","article_published_time":"2024-06-27T20:00:01+00:00","article_modified_time":"2024-06-27T20:01:54+00:00","og_image":[{"width":800,"height":404,"url":"https:\/\/nk7-testes.com.br\/agazeta\/wp-content\/uploads\/2024\/06\/img_72311_foto_1-jpg.webp","type":"image\/jpeg"}],"author":"Agazeta.Net","twitter_card":"summary_large_image","twitter_misc":{"Escrito por":"Agazeta.Net","Est. tempo de leitura":"2 minutos"},"schema":{"@context":"https:\/\/schema.org","@graph":[{"@type":"WebPage","@id":"https:\/\/nk7-testes.com.br\/agazeta\/homicidios-de-bebes-e-criancas-de-0-a-4-anos-dobrou-entre-2012-e-2022-no-acre\/","url":"https:\/\/nk7-testes.com.br\/agazeta\/homicidios-de-bebes-e-criancas-de-0-a-4-anos-dobrou-entre-2012-e-2022-no-acre\/","name":"Homic\u00eddios de beb\u00eas e crian\u00e7as de 0 a 4 anos dobrou entre 2012 e 2022 no Acre - Agazeta.net","isPartOf":{"@id":"https:\/\/nk7-testes.com.br\/agazeta\/#website"},"primaryImageOfPage":{"@id":"https:\/\/nk7-testes.com.br\/agazeta\/homicidios-de-bebes-e-criancas-de-0-a-4-anos-dobrou-entre-2012-e-2022-no-acre\/#primaryimage"},"image":{"@id":"https:\/\/nk7-testes.com.br\/agazeta\/homicidios-de-bebes-e-criancas-de-0-a-4-anos-dobrou-entre-2012-e-2022-no-acre\/#primaryimage"},"thumbnailUrl":"https:\/\/nk7-testes.com.br\/agazeta\/wp-content\/uploads\/2024\/06\/img_72311_foto_1-jpg.webp","datePublished":"2024-06-27T20:00:01+00:00","dateModified":"2024-06-27T20:01:54+00:00","author":{"@id":"https:\/\/nk7-testes.com.br\/agazeta\/#\/schema\/person\/6d6e25cb0435eb4a02fd44d30b4e3020"},"breadcrumb":{"@id":"https:\/\/nk7-testes.com.br\/agazeta\/homicidios-de-bebes-e-criancas-de-0-a-4-anos-dobrou-entre-2012-e-2022-no-acre\/#breadcrumb"},"inLanguage":"pt-BR","potentialAction":[{"@type":"ReadAction","target":["https:\/\/nk7-testes.com.br\/agazeta\/homicidios-de-bebes-e-criancas-de-0-a-4-anos-dobrou-entre-2012-e-2022-no-acre\/"]}]},{"@type":"ImageObject","inLanguage":"pt-BR","@id":"https:\/\/nk7-testes.com.br\/agazeta\/homicidios-de-bebes-e-criancas-de-0-a-4-anos-dobrou-entre-2012-e-2022-no-acre\/#primaryimage","url":"https:\/\/nk7-testes.com.br\/agazeta\/wp-content\/uploads\/2024\/06\/img_72311_foto_1-jpg.webp","contentUrl":"https:\/\/nk7-testes.com.br\/agazeta\/wp-content\/uploads\/2024\/06\/img_72311_foto_1-jpg.webp","width":800,"height":404},{"@type":"BreadcrumbList","@id":"https:\/\/nk7-testes.com.br\/agazeta\/homicidios-de-bebes-e-criancas-de-0-a-4-anos-dobrou-entre-2012-e-2022-no-acre\/#breadcrumb","itemListElement":[{"@type":"ListItem","position":1,"name":"In\u00edcio","item":"https:\/\/nk7-testes.com.br\/agazeta\/"},{"@type":"ListItem","position":2,"name":"Homic\u00eddios de beb\u00eas e crian\u00e7as de 0 a 4 anos dobrou entre 2012 e 2022 no Acre"}]},{"@type":"WebSite","@id":"https:\/\/nk7-testes.com.br\/agazeta\/#website","url":"https:\/\/nk7-testes.com.br\/agazeta\/","name":"Agazeta.net","description":"Agazeta.net - Not\u00edcias de Rio Branco\/AC","potentialAction":[{"@type":"SearchAction","target":{"@type":"EntryPoint","urlTemplate":"https:\/\/nk7-testes.com.br\/agazeta\/?s={search_term_string}"},"query-input":{"@type":"PropertyValueSpecification","valueRequired":true,"valueName":"search_term_string"}}],"inLanguage":"pt-BR"},{"@type":"Person","@id":"https:\/\/nk7-testes.com.br\/agazeta\/#\/schema\/person\/6d6e25cb0435eb4a02fd44d30b4e3020","name":"Agazeta.Net","url":"https:\/\/nk7-testes.com.br\/agazeta\/author\/agazeta\/"}]}},"_links":{"self":[{"href":"https:\/\/nk7-testes.com.br\/agazeta\/wp-json\/wp\/v2\/posts\/134739","targetHints":{"allow":["GET"]}}],"collection":[{"href":"https:\/\/nk7-testes.com.br\/agazeta\/wp-json\/wp\/v2\/posts"}],"about":[{"href":"https:\/\/nk7-testes.com.br\/agazeta\/wp-json\/wp\/v2\/types\/post"}],"author":[{"embeddable":true,"href":"https:\/\/nk7-testes.com.br\/agazeta\/wp-json\/wp\/v2\/users\/4"}],"replies":[{"embeddable":true,"href":"https:\/\/nk7-testes.com.br\/agazeta\/wp-json\/wp\/v2\/comments?post=134739"}],"version-history":[{"count":0,"href":"https:\/\/nk7-testes.com.br\/agazeta\/wp-json\/wp\/v2\/posts\/134739\/revisions"}],"wp:featuredmedia":[{"embeddable":true,"href":"https:\/\/nk7-testes.com.br\/agazeta\/wp-json\/wp\/v2\/media\/134740"}],"wp:attachment":[{"href":"https:\/\/nk7-testes.com.br\/agazeta\/wp-json\/wp\/v2\/media?parent=134739"}],"wp:term":[{"taxonomy":"category","embeddable":true,"href":"https:\/\/nk7-testes.com.br\/agazeta\/wp-json\/wp\/v2\/categories?post=134739"},{"taxonomy":"post_tag","embeddable":true,"href":"https:\/\/nk7-testes.com.br\/agazeta\/wp-json\/wp\/v2\/tags?post=134739"}],"curies":[{"name":"wp","href":"https:\/\/api.w.org\/{rel}","templated":true}]}}