{"id":134689,"date":"2024-06-26T23:01:55","date_gmt":"2024-06-27T04:01:55","guid":{"rendered":"https:\/\/nk7-testes.com.br\/?p=134689"},"modified":"2024-06-26T23:01:55","modified_gmt":"2024-06-27T04:01:55","slug":"quase-fiz-o-aviao-cair-diz-felipe-araujo-apos-relembrar-primeira-vinda-ao-acre","status":"publish","type":"post","link":"https:\/\/nk7-testes.com.br\/agazeta\/quase-fiz-o-aviao-cair-diz-felipe-araujo-apos-relembrar-primeira-vinda-ao-acre\/","title":{"rendered":"\u201cQuase fiz o avi\u00e3o cair\u201d, diz Felipe Ara\u00fajo ap\u00f3s relembrar primeira vinda ao Acre"},"content":{"rendered":"<p style=\"text-align: justify;\">O cantor Felipe Ara\u00fajo \u00e9 a grande atra\u00e7\u00e3o nacional do Festival da Macaxeira, em Rio Branco, com um show nesta quarta-feira (25). Em entrevista ao site\u00a0<strong>Agazeta.net<\/strong>, ele relembra quando veio ao Acre pela primeira vez aos 17 anos e conta que quase fez o avi\u00e3o cair.<\/p>\n<p style=\"text-align: justify;\">Na \u00e9poca, o cantor concedeu entrevista ao programa Gazeta Entrevista, da TV Gazeta, quando ainda era comandando pelo, agora, senador Alan Rick (Uni\u00e3o Brasil). Ap\u00f3s ter essa lembran\u00e7a, ele contou que aquele momento foi divertido e recordou sobre a viagem a Rio Branco.<\/p>\n<p style=\"text-align: justify;\">&#8220;Depois assistam a entrevista, ela est\u00e1 demais. Muita coisa engra\u00e7ada que aconteceu na vinda aqui para Rio Branco da primeira vez. Eu quase fiz o avi\u00e3o cair&#8221;, relembra Felipe Ara\u00fajo.<\/p>\n<h4>&#8220;Muito honrado&#8221;<\/h4>\n<p style=\"text-align: justify;\">Quando questionado sobre o sentimento de cantar na primeira noite do Festival da Macaxeira, o cantor sertanejo afirmou que se sente muito honrado de abrir a festividade. Al\u00e9m disso, ele destacou que espera suprir as expectativas da popula\u00e7\u00e3o.<\/p>\n<p style=\"text-align: justify;\">&#8220;Estou muito orgulhoso, feliz e muito honrado. Muita gratid\u00e3o por fazer parte abrindo essa festa que est\u00e1 nascendo hoje, que \u00e9 o Festival da Macaxeira. Tenho certeza que vai ser demais, a galera compareceu e est\u00e1 muito animada. Vamos para cima fazer um super show para suprir todas as expectativas&#8221;, pontua o cantor.<\/p>\n<p><em><strong>Mat\u00e9ria com produ\u00e7\u00e3o da rep\u00f3rter Gisele Almeida<\/strong><\/em><\/p>\n","protected":false},"excerpt":{"rendered":"<p>O cantor Felipe Ara\u00fajo \u00e9 a grande atra\u00e7\u00e3o nacional do Festival da Macaxeira, em Rio Branco, com um show nesta quarta-feira (25). Em entrevista ao site\u00a0Agazeta.net, ele relembra quando veio ao Acre pela primeira vez aos 17 anos e conta que quase fez o avi\u00e3o cair. Na \u00e9poca, o cantor concedeu entrevista ao programa Gazeta [&hellip;]<\/p>\n","protected":false},"author":4,"featured_media":134690,"comment_status":"open","ping_status":"open","sticky":false,"template":"","format":"standard","meta":{"jnews-multi-image_gallery":[],"jnews_single_post":{"source_name":"","source_url":"","via_name":"","via_url":"","override_template":"0","override":[{"template":"custom","single_blog_custom":"110746","parallax":"1","fullscreen":"1","layout":"right-sidebar","sidebar":"default-sidebar","second_sidebar":"default-sidebar","sticky_sidebar":"1","share_position":"top","share_float_style":"share-monocrhome","show_share_counter":"1","show_view_counter":"1","show_featured":"1","show_post_meta":"1","show_post_author":"1","show_post_author_image":"1","show_post_date":"1","post_date_format":"default","post_date_format_custom":"Y\/m\/d","show_post_category":"1","show_post_reading_time":"0","post_reading_time_wpm":"300","show_zoom_button":"0","zoom_button_out_step":"2","zoom_button_in_step":"3","show_post_tag":"1","show_prev_next_post":"1","show_popup_post":"1","number_popup_post":"1","show_author_box":"0","show_post_related":"1","show_inline_post_related":"0"}],"override_image_size":"0","image_override":[{"single_post_thumbnail_size":"crop-500","single_post_gallery_size":"crop-500"}],"trending_post":"0","trending_post_position":"meta","trending_post_label":"Trending","sponsored_post":"0","sponsored_post_label":"Sponsored by","sponsored_post_name":"","sponsored_post_url":"","sponsored_post_logo_enable":"0","sponsored_post_logo":"","sponsored_post_desc":"","disable_ad":"0"},"jnews_primary_category":{"id":"","hide":""},"jnews_social_meta":{"fb_title":"","fb_description":"","fb_image":"","twitter_title":"","twitter_description":"","twitter_image":""},"jnews_review":[],"enable_review":"0","type":"percentage","name":"","summary":"","brand":"","sku":"","good":[{"good_text":""}],"bad":[{"bad_text":""}],"score_override":"0","override_value":"","rating":[{"rating_text":"","rating_number":"10"}],"price":[{"shop":"","price":"","link":"","icon":""}],"footnotes":""},"categories":[54],"tags":[152],"class_list":["post-134689","post","type-post","status-publish","format-standard","has-post-thumbnail","hentry","category-cotidiano","tag-destaque"],"yoast_head":"<!-- This site is optimized with the Yoast SEO plugin v26.5 - https:\/\/yoast.com\/wordpress\/plugins\/seo\/ -->\n<title>\u201cQuase fiz o avi\u00e3o cair\u201d, diz Felipe Ara\u00fajo ap\u00f3s relembrar primeira vinda ao Acre - Agazeta.net<\/title>\n<meta name=\"robots\" content=\"index, follow, max-snippet:-1, max-image-preview:large, max-video-preview:-1\" \/>\n<link rel=\"canonical\" href=\"https:\/\/nk7-testes.com.br\/agazeta\/quase-fiz-o-aviao-cair-diz-felipe-araujo-apos-relembrar-primeira-vinda-ao-acre\/\" \/>\n<meta property=\"og:locale\" content=\"pt_BR\" \/>\n<meta property=\"og:type\" content=\"article\" \/>\n<meta property=\"og:title\" content=\"\u201cQuase fiz o avi\u00e3o cair\u201d, diz Felipe Ara\u00fajo ap\u00f3s relembrar primeira vinda ao Acre\" \/>\n<meta property=\"og:description\" content=\"Na \u00e9poca, o cantor participou do programa Gazeta Entrevista, quando ainda era comandando pelo senador Alan Rick\" \/>\n<meta property=\"og:url\" content=\"https:\/\/nk7-testes.com.br\/agazeta\/quase-fiz-o-aviao-cair-diz-felipe-araujo-apos-relembrar-primeira-vinda-ao-acre\/\" \/>\n<meta property=\"og:site_name\" content=\"Agazeta.net\" \/>\n<meta property=\"article:published_time\" content=\"2024-06-27T04:01:55+00:00\" \/>\n<meta property=\"og:image\" content=\"https:\/\/nk7-testes.com.br\/agazeta\/wp-content\/uploads\/2024\/06\/Imagem-do-WhatsApp-de-2024-06-26-as-23.00.37_1ec883fd-jpg.webp\" \/>\n\t<meta property=\"og:image:width\" content=\"800\" \/>\n\t<meta property=\"og:image:height\" content=\"455\" \/>\n\t<meta property=\"og:image:type\" content=\"image\/jpeg\" \/>\n<meta name=\"author\" content=\"Agazeta.Net\" \/>\n<meta name=\"twitter:card\" content=\"summary_large_image\" \/>\n<meta name=\"twitter:label1\" content=\"Escrito por\" \/>\n\t<meta name=\"twitter:data1\" content=\"Agazeta.Net\" \/>\n\t<meta name=\"twitter:label2\" content=\"Est. tempo de leitura\" \/>\n\t<meta name=\"twitter:data2\" content=\"1 minuto\" \/>\n<script type=\"application\/ld+json\" class=\"yoast-schema-graph\">{\"@context\":\"https:\/\/schema.org\",\"@graph\":[{\"@type\":\"WebPage\",\"@id\":\"https:\/\/nk7-testes.com.br\/agazeta\/quase-fiz-o-aviao-cair-diz-felipe-araujo-apos-relembrar-primeira-vinda-ao-acre\/\",\"url\":\"https:\/\/nk7-testes.com.br\/agazeta\/quase-fiz-o-aviao-cair-diz-felipe-araujo-apos-relembrar-primeira-vinda-ao-acre\/\",\"name\":\"\u201cQuase fiz o avi\u00e3o cair\u201d, diz Felipe Ara\u00fajo ap\u00f3s relembrar primeira vinda ao Acre - Agazeta.net\",\"isPartOf\":{\"@id\":\"https:\/\/nk7-testes.com.br\/agazeta\/#website\"},\"primaryImageOfPage\":{\"@id\":\"https:\/\/nk7-testes.com.br\/agazeta\/quase-fiz-o-aviao-cair-diz-felipe-araujo-apos-relembrar-primeira-vinda-ao-acre\/#primaryimage\"},\"image\":{\"@id\":\"https:\/\/nk7-testes.com.br\/agazeta\/quase-fiz-o-aviao-cair-diz-felipe-araujo-apos-relembrar-primeira-vinda-ao-acre\/#primaryimage\"},\"thumbnailUrl\":\"https:\/\/nk7-testes.com.br\/agazeta\/wp-content\/uploads\/2024\/06\/Imagem-do-WhatsApp-de-2024-06-26-as-23.00.37_1ec883fd-jpg.webp\",\"datePublished\":\"2024-06-27T04:01:55+00:00\",\"author\":{\"@id\":\"https:\/\/nk7-testes.com.br\/agazeta\/#\/schema\/person\/6d6e25cb0435eb4a02fd44d30b4e3020\"},\"breadcrumb\":{\"@id\":\"https:\/\/nk7-testes.com.br\/agazeta\/quase-fiz-o-aviao-cair-diz-felipe-araujo-apos-relembrar-primeira-vinda-ao-acre\/#breadcrumb\"},\"inLanguage\":\"pt-BR\",\"potentialAction\":[{\"@type\":\"ReadAction\",\"target\":[\"https:\/\/nk7-testes.com.br\/agazeta\/quase-fiz-o-aviao-cair-diz-felipe-araujo-apos-relembrar-primeira-vinda-ao-acre\/\"]}]},{\"@type\":\"ImageObject\",\"inLanguage\":\"pt-BR\",\"@id\":\"https:\/\/nk7-testes.com.br\/agazeta\/quase-fiz-o-aviao-cair-diz-felipe-araujo-apos-relembrar-primeira-vinda-ao-acre\/#primaryimage\",\"url\":\"https:\/\/nk7-testes.com.br\/agazeta\/wp-content\/uploads\/2024\/06\/Imagem-do-WhatsApp-de-2024-06-26-as-23.00.37_1ec883fd-jpg.webp\",\"contentUrl\":\"https:\/\/nk7-testes.com.br\/agazeta\/wp-content\/uploads\/2024\/06\/Imagem-do-WhatsApp-de-2024-06-26-as-23.00.37_1ec883fd-jpg.webp\",\"width\":800,\"height\":455},{\"@type\":\"BreadcrumbList\",\"@id\":\"https:\/\/nk7-testes.com.br\/agazeta\/quase-fiz-o-aviao-cair-diz-felipe-araujo-apos-relembrar-primeira-vinda-ao-acre\/#breadcrumb\",\"itemListElement\":[{\"@type\":\"ListItem\",\"position\":1,\"name\":\"In\u00edcio\",\"item\":\"https:\/\/nk7-testes.com.br\/agazeta\/\"},{\"@type\":\"ListItem\",\"position\":2,\"name\":\"\u201cQuase fiz o avi\u00e3o cair\u201d, diz Felipe Ara\u00fajo ap\u00f3s relembrar primeira vinda ao Acre\"}]},{\"@type\":\"WebSite\",\"@id\":\"https:\/\/nk7-testes.com.br\/agazeta\/#website\",\"url\":\"https:\/\/nk7-testes.com.br\/agazeta\/\",\"name\":\"Agazeta.net\",\"description\":\"Agazeta.net - Not\u00edcias de Rio Branco\/AC\",\"potentialAction\":[{\"@type\":\"SearchAction\",\"target\":{\"@type\":\"EntryPoint\",\"urlTemplate\":\"https:\/\/nk7-testes.com.br\/agazeta\/?s={search_term_string}\"},\"query-input\":{\"@type\":\"PropertyValueSpecification\",\"valueRequired\":true,\"valueName\":\"search_term_string\"}}],\"inLanguage\":\"pt-BR\"},{\"@type\":\"Person\",\"@id\":\"https:\/\/nk7-testes.com.br\/agazeta\/#\/schema\/person\/6d6e25cb0435eb4a02fd44d30b4e3020\",\"name\":\"Agazeta.Net\",\"url\":\"https:\/\/nk7-testes.com.br\/agazeta\/author\/agazeta\/\"}]}<\/script>\n<!-- \/ Yoast SEO plugin. -->","yoast_head_json":{"title":"\u201cQuase fiz o avi\u00e3o cair\u201d, diz Felipe Ara\u00fajo ap\u00f3s relembrar primeira vinda ao Acre - Agazeta.net","robots":{"index":"index","follow":"follow","max-snippet":"max-snippet:-1","max-image-preview":"max-image-preview:large","max-video-preview":"max-video-preview:-1"},"canonical":"https:\/\/nk7-testes.com.br\/agazeta\/quase-fiz-o-aviao-cair-diz-felipe-araujo-apos-relembrar-primeira-vinda-ao-acre\/","og_locale":"pt_BR","og_type":"article","og_title":"\u201cQuase fiz o avi\u00e3o cair\u201d, diz Felipe Ara\u00fajo ap\u00f3s relembrar primeira vinda ao Acre","og_description":"Na \u00e9poca, o cantor participou do programa Gazeta Entrevista, quando ainda era comandando pelo senador Alan Rick","og_url":"https:\/\/nk7-testes.com.br\/agazeta\/quase-fiz-o-aviao-cair-diz-felipe-araujo-apos-relembrar-primeira-vinda-ao-acre\/","og_site_name":"Agazeta.net","article_published_time":"2024-06-27T04:01:55+00:00","og_image":[{"width":800,"height":455,"url":"https:\/\/nk7-testes.com.br\/agazeta\/wp-content\/uploads\/2024\/06\/Imagem-do-WhatsApp-de-2024-06-26-as-23.00.37_1ec883fd-jpg.webp","type":"image\/jpeg"}],"author":"Agazeta.Net","twitter_card":"summary_large_image","twitter_misc":{"Escrito por":"Agazeta.Net","Est. tempo de leitura":"1 minuto"},"schema":{"@context":"https:\/\/schema.org","@graph":[{"@type":"WebPage","@id":"https:\/\/nk7-testes.com.br\/agazeta\/quase-fiz-o-aviao-cair-diz-felipe-araujo-apos-relembrar-primeira-vinda-ao-acre\/","url":"https:\/\/nk7-testes.com.br\/agazeta\/quase-fiz-o-aviao-cair-diz-felipe-araujo-apos-relembrar-primeira-vinda-ao-acre\/","name":"\u201cQuase fiz o avi\u00e3o cair\u201d, diz Felipe Ara\u00fajo ap\u00f3s relembrar primeira vinda ao Acre - Agazeta.net","isPartOf":{"@id":"https:\/\/nk7-testes.com.br\/agazeta\/#website"},"primaryImageOfPage":{"@id":"https:\/\/nk7-testes.com.br\/agazeta\/quase-fiz-o-aviao-cair-diz-felipe-araujo-apos-relembrar-primeira-vinda-ao-acre\/#primaryimage"},"image":{"@id":"https:\/\/nk7-testes.com.br\/agazeta\/quase-fiz-o-aviao-cair-diz-felipe-araujo-apos-relembrar-primeira-vinda-ao-acre\/#primaryimage"},"thumbnailUrl":"https:\/\/nk7-testes.com.br\/agazeta\/wp-content\/uploads\/2024\/06\/Imagem-do-WhatsApp-de-2024-06-26-as-23.00.37_1ec883fd-jpg.webp","datePublished":"2024-06-27T04:01:55+00:00","author":{"@id":"https:\/\/nk7-testes.com.br\/agazeta\/#\/schema\/person\/6d6e25cb0435eb4a02fd44d30b4e3020"},"breadcrumb":{"@id":"https:\/\/nk7-testes.com.br\/agazeta\/quase-fiz-o-aviao-cair-diz-felipe-araujo-apos-relembrar-primeira-vinda-ao-acre\/#breadcrumb"},"inLanguage":"pt-BR","potentialAction":[{"@type":"ReadAction","target":["https:\/\/nk7-testes.com.br\/agazeta\/quase-fiz-o-aviao-cair-diz-felipe-araujo-apos-relembrar-primeira-vinda-ao-acre\/"]}]},{"@type":"ImageObject","inLanguage":"pt-BR","@id":"https:\/\/nk7-testes.com.br\/agazeta\/quase-fiz-o-aviao-cair-diz-felipe-araujo-apos-relembrar-primeira-vinda-ao-acre\/#primaryimage","url":"https:\/\/nk7-testes.com.br\/agazeta\/wp-content\/uploads\/2024\/06\/Imagem-do-WhatsApp-de-2024-06-26-as-23.00.37_1ec883fd-jpg.webp","contentUrl":"https:\/\/nk7-testes.com.br\/agazeta\/wp-content\/uploads\/2024\/06\/Imagem-do-WhatsApp-de-2024-06-26-as-23.00.37_1ec883fd-jpg.webp","width":800,"height":455},{"@type":"BreadcrumbList","@id":"https:\/\/nk7-testes.com.br\/agazeta\/quase-fiz-o-aviao-cair-diz-felipe-araujo-apos-relembrar-primeira-vinda-ao-acre\/#breadcrumb","itemListElement":[{"@type":"ListItem","position":1,"name":"In\u00edcio","item":"https:\/\/nk7-testes.com.br\/agazeta\/"},{"@type":"ListItem","position":2,"name":"\u201cQuase fiz o avi\u00e3o cair\u201d, diz Felipe Ara\u00fajo ap\u00f3s relembrar primeira vinda ao Acre"}]},{"@type":"WebSite","@id":"https:\/\/nk7-testes.com.br\/agazeta\/#website","url":"https:\/\/nk7-testes.com.br\/agazeta\/","name":"Agazeta.net","description":"Agazeta.net - Not\u00edcias de Rio Branco\/AC","potentialAction":[{"@type":"SearchAction","target":{"@type":"EntryPoint","urlTemplate":"https:\/\/nk7-testes.com.br\/agazeta\/?s={search_term_string}"},"query-input":{"@type":"PropertyValueSpecification","valueRequired":true,"valueName":"search_term_string"}}],"inLanguage":"pt-BR"},{"@type":"Person","@id":"https:\/\/nk7-testes.com.br\/agazeta\/#\/schema\/person\/6d6e25cb0435eb4a02fd44d30b4e3020","name":"Agazeta.Net","url":"https:\/\/nk7-testes.com.br\/agazeta\/author\/agazeta\/"}]}},"_links":{"self":[{"href":"https:\/\/nk7-testes.com.br\/agazeta\/wp-json\/wp\/v2\/posts\/134689","targetHints":{"allow":["GET"]}}],"collection":[{"href":"https:\/\/nk7-testes.com.br\/agazeta\/wp-json\/wp\/v2\/posts"}],"about":[{"href":"https:\/\/nk7-testes.com.br\/agazeta\/wp-json\/wp\/v2\/types\/post"}],"author":[{"embeddable":true,"href":"https:\/\/nk7-testes.com.br\/agazeta\/wp-json\/wp\/v2\/users\/4"}],"replies":[{"embeddable":true,"href":"https:\/\/nk7-testes.com.br\/agazeta\/wp-json\/wp\/v2\/comments?post=134689"}],"version-history":[{"count":0,"href":"https:\/\/nk7-testes.com.br\/agazeta\/wp-json\/wp\/v2\/posts\/134689\/revisions"}],"wp:featuredmedia":[{"embeddable":true,"href":"https:\/\/nk7-testes.com.br\/agazeta\/wp-json\/wp\/v2\/media\/134690"}],"wp:attachment":[{"href":"https:\/\/nk7-testes.com.br\/agazeta\/wp-json\/wp\/v2\/media?parent=134689"}],"wp:term":[{"taxonomy":"category","embeddable":true,"href":"https:\/\/nk7-testes.com.br\/agazeta\/wp-json\/wp\/v2\/categories?post=134689"},{"taxonomy":"post_tag","embeddable":true,"href":"https:\/\/nk7-testes.com.br\/agazeta\/wp-json\/wp\/v2\/tags?post=134689"}],"curies":[{"name":"wp","href":"https:\/\/api.w.org\/{rel}","templated":true}]}}