{"id":134670,"date":"2024-06-26T21:14:29","date_gmt":"2024-06-27T02:14:29","guid":{"rendered":"https:\/\/nk7-testes.com.br\/?p=134670"},"modified":"2024-06-26T21:15:58","modified_gmt":"2024-06-27T02:15:58","slug":"mailza-afirma-que-festival-da-macaxeira-valoriza-a-cultura-do-acre-fortalece-nosso-produto","status":"publish","type":"post","link":"https:\/\/nk7-testes.com.br\/agazeta\/mailza-afirma-que-festival-da-macaxeira-valoriza-a-cultura-do-acre-fortalece-nosso-produto\/","title":{"rendered":"Mailza afirma que Festival da Macaxeira valoriza a cultura do Acre: &#8220;Fortalece nosso produto&#8221;"},"content":{"rendered":"<p style=\"text-align: justify;\">A vice-governadora do Acre, Mailza Assis (PP), est\u00e1 presente na primeira noite do Festival da Macaxeira, que acontece na Pra\u00e7a da Revolu\u00e7\u00e3o, em Rio Branco, nesta quarta-feira (26). Segundo ela, o evento \u00e9 uma promo\u00e7\u00e3o do lazer para a popula\u00e7\u00e3o e do empreendedorismo local.<\/p>\n<p style=\"text-align: justify;\">&#8220;Primeiro, quero parabenizar os organizadores, os idealizadores. De certa forma, \u00e9 uma promo\u00e7\u00e3o de lazer, mas tamb\u00e9m de empreendedorismo, do fortalecimento do com\u00e9rcio e do nosso produto. Ent\u00e3o, parab\u00e9ns a todos, ao nosso prefeito Bocalom, que teve essa ideia, e a participa\u00e7\u00e3o do grupo de uma forma geral. Tamb\u00e9m os dan\u00e7antes da quadrilha que v\u00e3o se apresentar. \u00c9 valoriza\u00e7\u00e3o da nossa cultura&#8221;, afirma a vice-governadora.<\/p>\n<p style=\"text-align: justify;\">Al\u00e9m disso, Mailza Assis o Festival da Macaxeira \u00e9 uma exposi\u00e7\u00e3o que ajuda a fomentar a economia, al\u00e9m de trazer lazer e divers\u00e3o para os acreanos.<\/p>\n<p style=\"text-align: justify;\">&#8220;\u00c9 uma coisa nova [o Festival]. Um produto que o nosso estado consome tanto, que tem tantos derivados especiais, como a nossa farinha. \u00c9, de certa forma, uma exposi\u00e7\u00e3o com grande valor que fomenta a nossa economia e tamb\u00e9m traz o lazer e a divers\u00e3o para a nossa popula\u00e7\u00e3o&#8221;, pontua Assis.<\/p>\n<figure id=\"attachment_134680\" aria-describedby=\"caption-attachment-134680\" style=\"width: 550px\" class=\"wp-caption aligncenter\"><img decoding=\"async\" class=\"wp-image-134680 \" src=\"https:\/\/nk7-testes.com.br\/wp-content\/uploads\/2024\/06\/Imagem-do-WhatsApp-de-2024-06-26-as-19.35.19_b5974dfe-scaled.webp\" alt=\"\" width=\"550\" height=\"413\" srcset=\"https:\/\/nk7-testes.com.br\/agazeta\/wp-content\/uploads\/2024\/06\/Imagem-do-WhatsApp-de-2024-06-26-as-19.35.19_b5974dfe-scaled.webp 2560w, https:\/\/nk7-testes.com.br\/agazeta\/wp-content\/uploads\/2024\/06\/Imagem-do-WhatsApp-de-2024-06-26-as-19.35.19_b5974dfe-300x225.webp 300w, https:\/\/nk7-testes.com.br\/agazeta\/wp-content\/uploads\/2024\/06\/Imagem-do-WhatsApp-de-2024-06-26-as-19.35.19_b5974dfe-1024x768.webp 1024w, https:\/\/nk7-testes.com.br\/agazeta\/wp-content\/uploads\/2024\/06\/Imagem-do-WhatsApp-de-2024-06-26-as-19.35.19_b5974dfe-768x576.webp 768w, https:\/\/nk7-testes.com.br\/agazeta\/wp-content\/uploads\/2024\/06\/Imagem-do-WhatsApp-de-2024-06-26-as-19.35.19_b5974dfe-1536x1152.webp 1536w, https:\/\/nk7-testes.com.br\/agazeta\/wp-content\/uploads\/2024\/06\/Imagem-do-WhatsApp-de-2024-06-26-as-19.35.19_b5974dfe-2048x1536.webp 2048w, https:\/\/nk7-testes.com.br\/agazeta\/wp-content\/uploads\/2024\/06\/Imagem-do-WhatsApp-de-2024-06-26-as-19.35.19_b5974dfe-750x563.webp 750w, https:\/\/nk7-testes.com.br\/agazeta\/wp-content\/uploads\/2024\/06\/Imagem-do-WhatsApp-de-2024-06-26-as-19.35.19_b5974dfe-1140x855.webp 1140w\" sizes=\"(max-width: 550px) 100vw, 550px\" \/><figcaption id=\"caption-attachment-134680\" class=\"wp-caption-text\">A vice-governadora Mailza Assis durante coletiva\/Imagem: Diogo Jos\u00e9<\/figcaption><\/figure>\n<p style=\"text-align: justify;\">De acordo com a vice-governadora, a parceria entre a Prefeitura e o Governo tem tudo para dar certo. Ela afirma que a uni\u00e3o de for\u00e7a entre os dois \u00e9 para fazer o bem \u00e0 popula\u00e7\u00e3o. &#8220;Tudo para dar certo. \u00c9 a nossa capital, a maior cidade do Estado, e o Estado precisa dar esse suporte, agora em parceria com o prefeito Bocalom, unindo for\u00e7as para fazer o bem para a nossa popula\u00e7\u00e3o&#8221;, destaca.<\/p>\n<h4>Acisa<\/h4>\n<p style=\"text-align: justify;\">O Festival da Macaxeira ocorre com uma parceria entre a Prefeitura de Rio Branco e a Associa\u00e7\u00e3o Comercial, Industrial, de Servi\u00e7o e Agr\u00edcola do Acre (Acisa). O presidente da Acisa, empres\u00e1rio Marcello Moura, pontua que a idealiza\u00e7\u00e3o foi evento ocorreu ap\u00f3s uma troca de ideias com a Prefeitura sobre homenagear a produ\u00e7\u00e3o rural.<\/p>\n<p style=\"text-align: justify;\">&#8220;Foi uma troca bem legal sobre a ideia de homenagear a produ\u00e7\u00e3o rural, junto com o trabalho que a Prefeitura j\u00e1 faz de apoio de mecaniza\u00e7\u00e3o, do apoio na manuten\u00e7\u00e3o dos ramais, para que haja um escoamento da produ\u00e7\u00e3o. Ent\u00e3o a gente juntou tudo isso l\u00e1 na Acisa e resolvemos montar esse festival&#8221;, afirma<\/p>\n<p style=\"text-align: justify;\">Al\u00e9m disso, o empres\u00e1rio ressalta que esse \u00e9 o primeiro evento a fazer alus\u00e3o \u00e0 produ\u00e7\u00e3o rural e foi feito para homenagear as fam\u00edlias que produzem no campo. Segundo ele, foi tudo pensado com muito carinho e capricho, e espera mais edi\u00e7\u00f5es.<\/p>\n<p style=\"text-align: justify;\">\u201c\u00c9 o primeiro evento com alus\u00e3o \u00e0 produ\u00e7\u00e3o rural. Os eventos sempre s\u00e3o muito urbanos e esse n\u00e3o, a gente faz uma homenagem a toda produ\u00e7\u00e3o rural em alus\u00e3o ao plantio, o beneficiamento e industrializa\u00e7\u00e3o da Macaxeira. \u00c9 uma homenagem \u00e0s fam\u00edlias que produzem a macaxeira e beneficiam ela. \u00c9 um evento feito com muito carinho, com muito capricho, com muito zelo da Prefeitura e da Associa\u00e7\u00e3o Comercial. \u00c9 o primeiro evento, que eu espero que seja de muitos, e que vire uma tradi\u00e7\u00e3o em Rio Branco e no Acre\u201d, diz Moura.<\/p>\n<p><em><strong>Mat\u00e9ria com produ\u00e7\u00e3o do rep\u00f3rter Diogo Jos\u00e9<\/strong><\/em><\/p>\n","protected":false},"excerpt":{"rendered":"<p>A vice-governadora do Acre, Mailza Assis (PP), est\u00e1 presente na primeira noite do Festival da Macaxeira, que acontece na Pra\u00e7a da Revolu\u00e7\u00e3o, em Rio Branco, nesta quarta-feira (26). Segundo ela, o evento \u00e9 uma promo\u00e7\u00e3o do lazer para a popula\u00e7\u00e3o e do empreendedorismo local. &#8220;Primeiro, quero parabenizar os organizadores, os idealizadores. De certa forma, \u00e9 [&hellip;]<\/p>\n","protected":false},"author":4,"featured_media":134679,"comment_status":"open","ping_status":"open","sticky":false,"template":"","format":"standard","meta":{"jnews-multi-image_gallery":[],"jnews_single_post":{"source_name":"","source_url":"","via_name":"","via_url":"","override_template":"0","override":[{"template":"custom","single_blog_custom":"110746","parallax":"1","fullscreen":"1","layout":"right-sidebar","sidebar":"default-sidebar","second_sidebar":"default-sidebar","sticky_sidebar":"1","share_position":"top","share_float_style":"share-monocrhome","show_share_counter":"1","show_view_counter":"1","show_featured":"1","show_post_meta":"1","show_post_author":"1","show_post_author_image":"1","show_post_date":"1","post_date_format":"default","post_date_format_custom":"Y\/m\/d","show_post_category":"1","show_post_reading_time":"0","post_reading_time_wpm":"300","show_zoom_button":"0","zoom_button_out_step":"2","zoom_button_in_step":"3","show_post_tag":"1","show_prev_next_post":"1","show_popup_post":"1","number_popup_post":"1","show_author_box":"0","show_post_related":"1","show_inline_post_related":"0"}],"override_image_size":"0","image_override":[{"single_post_thumbnail_size":"crop-500","single_post_gallery_size":"crop-500"}],"trending_post":"0","trending_post_position":"meta","trending_post_label":"Trending","sponsored_post":"0","sponsored_post_label":"Sponsored by","sponsored_post_name":"","sponsored_post_url":"","sponsored_post_logo_enable":"0","sponsored_post_logo":"","sponsored_post_desc":"","disable_ad":"0"},"jnews_primary_category":{"id":"","hide":""},"jnews_social_meta":{"fb_title":"","fb_description":"","fb_image":"","twitter_title":"","twitter_description":"","twitter_image":""},"jnews_review":[],"enable_review":"0","type":"percentage","name":"","summary":"","brand":"","sku":"","good":[{"good_text":""}],"bad":[{"bad_text":""}],"score_override":"0","override_value":"","rating":[{"rating_text":"","rating_number":"10"}],"price":[{"shop":"","price":"","link":"","icon":""}],"footnotes":""},"categories":[54],"tags":[],"class_list":["post-134670","post","type-post","status-publish","format-standard","has-post-thumbnail","hentry","category-cotidiano"],"yoast_head":"<!-- This site is optimized with the Yoast SEO plugin v26.5 - https:\/\/yoast.com\/wordpress\/plugins\/seo\/ -->\n<title>Mailza afirma que Festival da Macaxeira valoriza a cultura do Acre: &quot;Fortalece nosso produto&quot; - Agazeta.net<\/title>\n<meta name=\"robots\" content=\"index, follow, max-snippet:-1, max-image-preview:large, max-video-preview:-1\" \/>\n<link rel=\"canonical\" href=\"https:\/\/nk7-testes.com.br\/agazeta\/mailza-afirma-que-festival-da-macaxeira-valoriza-a-cultura-do-acre-fortalece-nosso-produto\/\" \/>\n<meta property=\"og:locale\" content=\"pt_BR\" \/>\n<meta property=\"og:type\" content=\"article\" \/>\n<meta property=\"og:title\" content=\"Mailza afirma que Festival da Macaxeira valoriza a cultura do Acre: &quot;Fortalece nosso produto&quot;\" \/>\n<meta property=\"og:description\" content=\"Segundo a vice-governadora, o evento \u00e9 uma promo\u00e7\u00e3o do lazer para a popula\u00e7\u00e3o e do empreendedorismo local\" \/>\n<meta property=\"og:url\" content=\"https:\/\/nk7-testes.com.br\/agazeta\/mailza-afirma-que-festival-da-macaxeira-valoriza-a-cultura-do-acre-fortalece-nosso-produto\/\" \/>\n<meta property=\"og:site_name\" content=\"Agazeta.net\" \/>\n<meta property=\"article:published_time\" content=\"2024-06-27T02:14:29+00:00\" \/>\n<meta property=\"article:modified_time\" content=\"2024-06-27T02:15:58+00:00\" \/>\n<meta property=\"og:image\" content=\"https:\/\/nk7-testes.com.br\/agazeta\/wp-content\/uploads\/2024\/06\/Imagem-do-WhatsApp-de-2024-06-26-as-19.54.19_91a5a3c0-jpg.webp\" \/>\n\t<meta property=\"og:image:width\" content=\"800\" \/>\n\t<meta property=\"og:image:height\" content=\"400\" \/>\n\t<meta property=\"og:image:type\" content=\"image\/jpeg\" \/>\n<meta name=\"author\" content=\"Agazeta.Net\" \/>\n<meta name=\"twitter:card\" content=\"summary_large_image\" \/>\n<meta name=\"twitter:label1\" content=\"Escrito por\" \/>\n\t<meta name=\"twitter:data1\" content=\"Agazeta.Net\" \/>\n\t<meta name=\"twitter:label2\" content=\"Est. tempo de leitura\" \/>\n\t<meta name=\"twitter:data2\" content=\"3 minutos\" \/>\n<script type=\"application\/ld+json\" class=\"yoast-schema-graph\">{\"@context\":\"https:\/\/schema.org\",\"@graph\":[{\"@type\":\"WebPage\",\"@id\":\"https:\/\/nk7-testes.com.br\/agazeta\/mailza-afirma-que-festival-da-macaxeira-valoriza-a-cultura-do-acre-fortalece-nosso-produto\/\",\"url\":\"https:\/\/nk7-testes.com.br\/agazeta\/mailza-afirma-que-festival-da-macaxeira-valoriza-a-cultura-do-acre-fortalece-nosso-produto\/\",\"name\":\"Mailza afirma que Festival da Macaxeira valoriza a cultura do Acre: \\\"Fortalece nosso produto\\\" - Agazeta.net\",\"isPartOf\":{\"@id\":\"https:\/\/nk7-testes.com.br\/agazeta\/#website\"},\"primaryImageOfPage\":{\"@id\":\"https:\/\/nk7-testes.com.br\/agazeta\/mailza-afirma-que-festival-da-macaxeira-valoriza-a-cultura-do-acre-fortalece-nosso-produto\/#primaryimage\"},\"image\":{\"@id\":\"https:\/\/nk7-testes.com.br\/agazeta\/mailza-afirma-que-festival-da-macaxeira-valoriza-a-cultura-do-acre-fortalece-nosso-produto\/#primaryimage\"},\"thumbnailUrl\":\"https:\/\/nk7-testes.com.br\/agazeta\/wp-content\/uploads\/2024\/06\/Imagem-do-WhatsApp-de-2024-06-26-as-19.54.19_91a5a3c0-jpg.webp\",\"datePublished\":\"2024-06-27T02:14:29+00:00\",\"dateModified\":\"2024-06-27T02:15:58+00:00\",\"author\":{\"@id\":\"https:\/\/nk7-testes.com.br\/agazeta\/#\/schema\/person\/6d6e25cb0435eb4a02fd44d30b4e3020\"},\"breadcrumb\":{\"@id\":\"https:\/\/nk7-testes.com.br\/agazeta\/mailza-afirma-que-festival-da-macaxeira-valoriza-a-cultura-do-acre-fortalece-nosso-produto\/#breadcrumb\"},\"inLanguage\":\"pt-BR\",\"potentialAction\":[{\"@type\":\"ReadAction\",\"target\":[\"https:\/\/nk7-testes.com.br\/agazeta\/mailza-afirma-que-festival-da-macaxeira-valoriza-a-cultura-do-acre-fortalece-nosso-produto\/\"]}]},{\"@type\":\"ImageObject\",\"inLanguage\":\"pt-BR\",\"@id\":\"https:\/\/nk7-testes.com.br\/agazeta\/mailza-afirma-que-festival-da-macaxeira-valoriza-a-cultura-do-acre-fortalece-nosso-produto\/#primaryimage\",\"url\":\"https:\/\/nk7-testes.com.br\/agazeta\/wp-content\/uploads\/2024\/06\/Imagem-do-WhatsApp-de-2024-06-26-as-19.54.19_91a5a3c0-jpg.webp\",\"contentUrl\":\"https:\/\/nk7-testes.com.br\/agazeta\/wp-content\/uploads\/2024\/06\/Imagem-do-WhatsApp-de-2024-06-26-as-19.54.19_91a5a3c0-jpg.webp\",\"width\":800,\"height\":400,\"caption\":\"Imagem: Diogo Jos\u00e9\/Agazeta.net\"},{\"@type\":\"BreadcrumbList\",\"@id\":\"https:\/\/nk7-testes.com.br\/agazeta\/mailza-afirma-que-festival-da-macaxeira-valoriza-a-cultura-do-acre-fortalece-nosso-produto\/#breadcrumb\",\"itemListElement\":[{\"@type\":\"ListItem\",\"position\":1,\"name\":\"In\u00edcio\",\"item\":\"https:\/\/nk7-testes.com.br\/agazeta\/\"},{\"@type\":\"ListItem\",\"position\":2,\"name\":\"Mailza afirma que Festival da Macaxeira valoriza a cultura do Acre: &#8220;Fortalece nosso produto&#8221;\"}]},{\"@type\":\"WebSite\",\"@id\":\"https:\/\/nk7-testes.com.br\/agazeta\/#website\",\"url\":\"https:\/\/nk7-testes.com.br\/agazeta\/\",\"name\":\"Agazeta.net\",\"description\":\"Agazeta.net - Not\u00edcias de Rio Branco\/AC\",\"potentialAction\":[{\"@type\":\"SearchAction\",\"target\":{\"@type\":\"EntryPoint\",\"urlTemplate\":\"https:\/\/nk7-testes.com.br\/agazeta\/?s={search_term_string}\"},\"query-input\":{\"@type\":\"PropertyValueSpecification\",\"valueRequired\":true,\"valueName\":\"search_term_string\"}}],\"inLanguage\":\"pt-BR\"},{\"@type\":\"Person\",\"@id\":\"https:\/\/nk7-testes.com.br\/agazeta\/#\/schema\/person\/6d6e25cb0435eb4a02fd44d30b4e3020\",\"name\":\"Agazeta.Net\",\"url\":\"https:\/\/nk7-testes.com.br\/agazeta\/author\/agazeta\/\"}]}<\/script>\n<!-- \/ Yoast SEO plugin. -->","yoast_head_json":{"title":"Mailza afirma que Festival da Macaxeira valoriza a cultura do Acre: \"Fortalece nosso produto\" - Agazeta.net","robots":{"index":"index","follow":"follow","max-snippet":"max-snippet:-1","max-image-preview":"max-image-preview:large","max-video-preview":"max-video-preview:-1"},"canonical":"https:\/\/nk7-testes.com.br\/agazeta\/mailza-afirma-que-festival-da-macaxeira-valoriza-a-cultura-do-acre-fortalece-nosso-produto\/","og_locale":"pt_BR","og_type":"article","og_title":"Mailza afirma que Festival da Macaxeira valoriza a cultura do Acre: \"Fortalece nosso produto\"","og_description":"Segundo a vice-governadora, o evento \u00e9 uma promo\u00e7\u00e3o do lazer para a popula\u00e7\u00e3o e do empreendedorismo local","og_url":"https:\/\/nk7-testes.com.br\/agazeta\/mailza-afirma-que-festival-da-macaxeira-valoriza-a-cultura-do-acre-fortalece-nosso-produto\/","og_site_name":"Agazeta.net","article_published_time":"2024-06-27T02:14:29+00:00","article_modified_time":"2024-06-27T02:15:58+00:00","og_image":[{"width":800,"height":400,"url":"https:\/\/nk7-testes.com.br\/agazeta\/wp-content\/uploads\/2024\/06\/Imagem-do-WhatsApp-de-2024-06-26-as-19.54.19_91a5a3c0-jpg.webp","type":"image\/jpeg"}],"author":"Agazeta.Net","twitter_card":"summary_large_image","twitter_misc":{"Escrito por":"Agazeta.Net","Est. tempo de leitura":"3 minutos"},"schema":{"@context":"https:\/\/schema.org","@graph":[{"@type":"WebPage","@id":"https:\/\/nk7-testes.com.br\/agazeta\/mailza-afirma-que-festival-da-macaxeira-valoriza-a-cultura-do-acre-fortalece-nosso-produto\/","url":"https:\/\/nk7-testes.com.br\/agazeta\/mailza-afirma-que-festival-da-macaxeira-valoriza-a-cultura-do-acre-fortalece-nosso-produto\/","name":"Mailza afirma que Festival da Macaxeira valoriza a cultura do Acre: \"Fortalece nosso produto\" - Agazeta.net","isPartOf":{"@id":"https:\/\/nk7-testes.com.br\/agazeta\/#website"},"primaryImageOfPage":{"@id":"https:\/\/nk7-testes.com.br\/agazeta\/mailza-afirma-que-festival-da-macaxeira-valoriza-a-cultura-do-acre-fortalece-nosso-produto\/#primaryimage"},"image":{"@id":"https:\/\/nk7-testes.com.br\/agazeta\/mailza-afirma-que-festival-da-macaxeira-valoriza-a-cultura-do-acre-fortalece-nosso-produto\/#primaryimage"},"thumbnailUrl":"https:\/\/nk7-testes.com.br\/agazeta\/wp-content\/uploads\/2024\/06\/Imagem-do-WhatsApp-de-2024-06-26-as-19.54.19_91a5a3c0-jpg.webp","datePublished":"2024-06-27T02:14:29+00:00","dateModified":"2024-06-27T02:15:58+00:00","author":{"@id":"https:\/\/nk7-testes.com.br\/agazeta\/#\/schema\/person\/6d6e25cb0435eb4a02fd44d30b4e3020"},"breadcrumb":{"@id":"https:\/\/nk7-testes.com.br\/agazeta\/mailza-afirma-que-festival-da-macaxeira-valoriza-a-cultura-do-acre-fortalece-nosso-produto\/#breadcrumb"},"inLanguage":"pt-BR","potentialAction":[{"@type":"ReadAction","target":["https:\/\/nk7-testes.com.br\/agazeta\/mailza-afirma-que-festival-da-macaxeira-valoriza-a-cultura-do-acre-fortalece-nosso-produto\/"]}]},{"@type":"ImageObject","inLanguage":"pt-BR","@id":"https:\/\/nk7-testes.com.br\/agazeta\/mailza-afirma-que-festival-da-macaxeira-valoriza-a-cultura-do-acre-fortalece-nosso-produto\/#primaryimage","url":"https:\/\/nk7-testes.com.br\/agazeta\/wp-content\/uploads\/2024\/06\/Imagem-do-WhatsApp-de-2024-06-26-as-19.54.19_91a5a3c0-jpg.webp","contentUrl":"https:\/\/nk7-testes.com.br\/agazeta\/wp-content\/uploads\/2024\/06\/Imagem-do-WhatsApp-de-2024-06-26-as-19.54.19_91a5a3c0-jpg.webp","width":800,"height":400,"caption":"Imagem: Diogo Jos\u00e9\/Agazeta.net"},{"@type":"BreadcrumbList","@id":"https:\/\/nk7-testes.com.br\/agazeta\/mailza-afirma-que-festival-da-macaxeira-valoriza-a-cultura-do-acre-fortalece-nosso-produto\/#breadcrumb","itemListElement":[{"@type":"ListItem","position":1,"name":"In\u00edcio","item":"https:\/\/nk7-testes.com.br\/agazeta\/"},{"@type":"ListItem","position":2,"name":"Mailza afirma que Festival da Macaxeira valoriza a cultura do Acre: &#8220;Fortalece nosso produto&#8221;"}]},{"@type":"WebSite","@id":"https:\/\/nk7-testes.com.br\/agazeta\/#website","url":"https:\/\/nk7-testes.com.br\/agazeta\/","name":"Agazeta.net","description":"Agazeta.net - Not\u00edcias de Rio Branco\/AC","potentialAction":[{"@type":"SearchAction","target":{"@type":"EntryPoint","urlTemplate":"https:\/\/nk7-testes.com.br\/agazeta\/?s={search_term_string}"},"query-input":{"@type":"PropertyValueSpecification","valueRequired":true,"valueName":"search_term_string"}}],"inLanguage":"pt-BR"},{"@type":"Person","@id":"https:\/\/nk7-testes.com.br\/agazeta\/#\/schema\/person\/6d6e25cb0435eb4a02fd44d30b4e3020","name":"Agazeta.Net","url":"https:\/\/nk7-testes.com.br\/agazeta\/author\/agazeta\/"}]}},"_links":{"self":[{"href":"https:\/\/nk7-testes.com.br\/agazeta\/wp-json\/wp\/v2\/posts\/134670","targetHints":{"allow":["GET"]}}],"collection":[{"href":"https:\/\/nk7-testes.com.br\/agazeta\/wp-json\/wp\/v2\/posts"}],"about":[{"href":"https:\/\/nk7-testes.com.br\/agazeta\/wp-json\/wp\/v2\/types\/post"}],"author":[{"embeddable":true,"href":"https:\/\/nk7-testes.com.br\/agazeta\/wp-json\/wp\/v2\/users\/4"}],"replies":[{"embeddable":true,"href":"https:\/\/nk7-testes.com.br\/agazeta\/wp-json\/wp\/v2\/comments?post=134670"}],"version-history":[{"count":0,"href":"https:\/\/nk7-testes.com.br\/agazeta\/wp-json\/wp\/v2\/posts\/134670\/revisions"}],"wp:featuredmedia":[{"embeddable":true,"href":"https:\/\/nk7-testes.com.br\/agazeta\/wp-json\/wp\/v2\/media\/134679"}],"wp:attachment":[{"href":"https:\/\/nk7-testes.com.br\/agazeta\/wp-json\/wp\/v2\/media?parent=134670"}],"wp:term":[{"taxonomy":"category","embeddable":true,"href":"https:\/\/nk7-testes.com.br\/agazeta\/wp-json\/wp\/v2\/categories?post=134670"},{"taxonomy":"post_tag","embeddable":true,"href":"https:\/\/nk7-testes.com.br\/agazeta\/wp-json\/wp\/v2\/tags?post=134670"}],"curies":[{"name":"wp","href":"https:\/\/api.w.org\/{rel}","templated":true}]}}