{"id":134574,"date":"2024-06-25T13:13:25","date_gmt":"2024-06-25T18:13:25","guid":{"rendered":"https:\/\/nk7-testes.com.br\/?p=134574"},"modified":"2024-06-25T13:13:25","modified_gmt":"2024-06-25T18:13:25","slug":"docentes-da-ufac-podem-encerrar-greve-em-nova-assembleia-nesta-quinta-feira-entenda","status":"publish","type":"post","link":"https:\/\/nk7-testes.com.br\/agazeta\/docentes-da-ufac-podem-encerrar-greve-em-nova-assembleia-nesta-quinta-feira-entenda\/","title":{"rendered":"Docentes da Ufac podem encerrar greve em nova assembleia nesta quinta-feira; entenda"},"content":{"rendered":"<p style=\"text-align: justify;\">Durante assembleia nesta ter\u00e7a-feira, 25, docentes da Universidade Federal do Acre (Ufac) decidiram por 53 a 26 pela manuten\u00e7\u00e3o da greve at\u00e9 a assinatura, pela administra\u00e7\u00e3o superior da institui\u00e7\u00e3o, dos termos de compromisso para que as pautas locais sejam cumpridas.<\/p>\n<p style=\"text-align: justify;\">De acordo com a representante do Comando Local de Greve Docente, Raquel Ishii, se a administra\u00e7\u00e3o superior da Ufac assinar os termos de compromisso ainda nesta ter\u00e7a-feira, a greve vai ser encerrada na pr\u00f3xima assembleia, marcada para esta quinta-feira (27).<\/p>\n<p style=\"text-align: justify;\">&#8220;Se a administra\u00e7\u00e3o superior assinar os acordos hoje, [a greve] acaba na pr\u00f3xima assembleia de quinta&#8221;, afirma a representante.<\/p>\n<p><img decoding=\"async\" class=\"aligncenter wp-image-134575 \" src=\"https:\/\/nk7-testes.com.br\/wp-content\/uploads\/2024\/06\/WhatsApp-Image-2024-06-25-at-12.19.02-jpeg.webp\" alt=\"\" width=\"547\" height=\"547\" srcset=\"https:\/\/nk7-testes.com.br\/agazeta\/wp-content\/uploads\/2024\/06\/WhatsApp-Image-2024-06-25-at-12.19.02-jpeg.webp 1080w, https:\/\/nk7-testes.com.br\/agazeta\/wp-content\/uploads\/2024\/06\/WhatsApp-Image-2024-06-25-at-12.19.02-300x300.webp 300w, https:\/\/nk7-testes.com.br\/agazeta\/wp-content\/uploads\/2024\/06\/WhatsApp-Image-2024-06-25-at-12.19.02-1024x1024.webp 1024w, https:\/\/nk7-testes.com.br\/agazeta\/wp-content\/uploads\/2024\/06\/WhatsApp-Image-2024-06-25-at-12.19.02-150x150.webp 150w, https:\/\/nk7-testes.com.br\/agazeta\/wp-content\/uploads\/2024\/06\/WhatsApp-Image-2024-06-25-at-12.19.02-768x768.webp 768w, https:\/\/nk7-testes.com.br\/agazeta\/wp-content\/uploads\/2024\/06\/WhatsApp-Image-2024-06-25-at-12.19.02-75x75.webp 75w, https:\/\/nk7-testes.com.br\/agazeta\/wp-content\/uploads\/2024\/06\/WhatsApp-Image-2024-06-25-at-12.19.02-350x350.webp 350w, https:\/\/nk7-testes.com.br\/agazeta\/wp-content\/uploads\/2024\/06\/WhatsApp-Image-2024-06-25-at-12.19.02-750x750.webp 750w, https:\/\/nk7-testes.com.br\/agazeta\/wp-content\/uploads\/2024\/06\/WhatsApp-Image-2024-06-25-at-12.19.02-400x400.webp 400w\" sizes=\"(max-width: 547px) 100vw, 547px\" \/><\/p>\n<h4>Decis\u00e3o nacional<\/h4>\n<p style=\"text-align: justify;\">A greve que mobilizou professores das universidades federais por mais de 60 dias foi oficialmente encerrada no \u00faltimo domingo (23). No entanto, o retorno das atividades em cada institui\u00e7\u00e3o de ensino depende da aprova\u00e7\u00e3o em assembleias de base, que t\u00eam autonomia para decidir se mant\u00eam ou encerram a paralisa\u00e7\u00e3o local.<\/p>\n<p style=\"text-align: justify;\">O Sindicato Nacional dos Docentes das Institui\u00e7\u00f5es de Ensino Superior (Andes), respons\u00e1vel por representar a categoria dos professores, informou que a assinatura do Termo de Acordo com o governo federal est\u00e1 prevista para ocorrer nesta quarta-feira (26).<\/p>\n<p style=\"text-align: justify;\">A Andes reconheceu que os termos do acordo proposto pelo governo federal podem n\u00e3o atender plenamente \u00e0s demandas dos professores, mas ressaltou que refletem avan\u00e7os obtidos gra\u00e7as \u00e0 for\u00e7a do movimento grevista. A entidade destacou a import\u00e2ncia da mobiliza\u00e7\u00e3o dos docentes para conquistar melhorias e avan\u00e7ar nas negocia\u00e7\u00f5es com o governo.<\/p>\n<p style=\"text-align: justify;\">\u201cApesar das propostas apresentadas pelo governo n\u00e3o atenderem adequadamente ao conte\u00fado de nossas justas demandas, o movimento ser\u00e1 encerrado. No entanto, tivemos avan\u00e7os que s\u00f3 foram poss\u00edveis gra\u00e7as \u00e0 for\u00e7a do movimento paredista. Para al\u00e9m do que j\u00e1 conquistamos, nos \u00faltimos retornos que tivemos do governo federal, a conjuntura aponta para os limites desse processo negocial, a greve alcan\u00e7ou seu limite e que estamos no momento de seguir a luta por outras frentes\u201d, explica.<\/p>\n<p style=\"text-align: justify;\">Na proposta do governo, n\u00e3o vai haver reajuste neste ano de 2024 por falta de verba, mas at\u00e9 2026 ao inv\u00e9s do aumento de 9,2%, passar\u00e1 a ser 12,8%, com 9% j\u00e1 no in\u00edcio de 2025 e mais 3,5% em em 2026.<\/p>\n","protected":false},"excerpt":{"rendered":"<p>Durante assembleia nesta ter\u00e7a-feira, 25, docentes da Universidade Federal do Acre (Ufac) decidiram por 53 a 26 pela manuten\u00e7\u00e3o da greve at\u00e9 a assinatura, pela administra\u00e7\u00e3o superior da institui\u00e7\u00e3o, dos termos de compromisso para que as pautas locais sejam cumpridas. De acordo com a representante do Comando Local de Greve Docente, Raquel Ishii, se a [&hellip;]<\/p>\n","protected":false},"author":4,"featured_media":134576,"comment_status":"open","ping_status":"open","sticky":false,"template":"","format":"standard","meta":{"jnews-multi-image_gallery":[],"jnews_single_post":{"source_name":"","source_url":"","via_name":"","via_url":"","override_template":"0","override":[{"template":"custom","single_blog_custom":"110746","parallax":"1","fullscreen":"1","layout":"right-sidebar","sidebar":"default-sidebar","second_sidebar":"default-sidebar","sticky_sidebar":"1","share_position":"top","share_float_style":"share-monocrhome","show_share_counter":"1","show_view_counter":"1","show_featured":"1","show_post_meta":"1","show_post_author":"1","show_post_author_image":"1","show_post_date":"1","post_date_format":"default","post_date_format_custom":"Y\/m\/d","show_post_category":"1","show_post_reading_time":"0","post_reading_time_wpm":"300","show_zoom_button":"0","zoom_button_out_step":"2","zoom_button_in_step":"3","show_post_tag":"1","show_prev_next_post":"1","show_popup_post":"1","number_popup_post":"1","show_author_box":"0","show_post_related":"1","show_inline_post_related":"0"}],"override_image_size":"0","image_override":[{"single_post_thumbnail_size":"crop-500","single_post_gallery_size":"crop-500"}],"trending_post":"0","trending_post_position":"meta","trending_post_label":"Trending","sponsored_post":"0","sponsored_post_label":"Sponsored by","sponsored_post_name":"","sponsored_post_url":"","sponsored_post_logo_enable":"0","sponsored_post_logo":"","sponsored_post_desc":"","disable_ad":"0"},"jnews_primary_category":{"id":"","hide":""},"jnews_social_meta":{"fb_title":"","fb_description":"","fb_image":"","twitter_title":"","twitter_description":"","twitter_image":""},"jnews_review":[],"enable_review":"0","type":"percentage","name":"","summary":"","brand":"","sku":"","good":[{"good_text":""}],"bad":[{"bad_text":""}],"score_override":"0","override_value":"","rating":[{"rating_text":"","rating_number":"10"}],"price":[{"shop":"","price":"","link":"","icon":""}],"footnotes":""},"categories":[54],"tags":[152],"class_list":["post-134574","post","type-post","status-publish","format-standard","has-post-thumbnail","hentry","category-cotidiano","tag-destaque"],"yoast_head":"<!-- This site is optimized with the Yoast SEO plugin v26.5 - https:\/\/yoast.com\/wordpress\/plugins\/seo\/ -->\n<title>Docentes da Ufac podem encerrar greve em nova assembleia nesta quinta-feira; entenda - Agazeta.net<\/title>\n<meta name=\"robots\" content=\"index, follow, max-snippet:-1, max-image-preview:large, max-video-preview:-1\" \/>\n<link rel=\"canonical\" href=\"https:\/\/nk7-testes.com.br\/agazeta\/docentes-da-ufac-podem-encerrar-greve-em-nova-assembleia-nesta-quinta-feira-entenda\/\" \/>\n<meta property=\"og:locale\" content=\"pt_BR\" \/>\n<meta property=\"og:type\" content=\"article\" \/>\n<meta property=\"og:title\" content=\"Docentes da Ufac podem encerrar greve em nova assembleia nesta quinta-feira; entenda\" \/>\n<meta property=\"og:description\" content=\"Nesta segunda, os docentes decidiram pela manuten\u00e7\u00e3o da paralisa\u00e7\u00e3o at\u00e9 assinatura dos termos de compromisso da pauta local\" \/>\n<meta property=\"og:url\" content=\"https:\/\/nk7-testes.com.br\/agazeta\/docentes-da-ufac-podem-encerrar-greve-em-nova-assembleia-nesta-quinta-feira-entenda\/\" \/>\n<meta property=\"og:site_name\" content=\"Agazeta.net\" \/>\n<meta property=\"article:published_time\" content=\"2024-06-25T18:13:25+00:00\" \/>\n<meta property=\"og:image\" content=\"https:\/\/nk7-testes.com.br\/agazeta\/wp-content\/uploads\/2024\/06\/WhatsApp-Image-2024-06-25-at-13.11.56-jpeg.webp\" \/>\n\t<meta property=\"og:image:width\" content=\"800\" \/>\n\t<meta property=\"og:image:height\" content=\"408\" \/>\n\t<meta property=\"og:image:type\" content=\"image\/jpeg\" \/>\n<meta name=\"author\" content=\"Agazeta.Net\" \/>\n<meta name=\"twitter:card\" content=\"summary_large_image\" \/>\n<meta name=\"twitter:label1\" content=\"Escrito por\" \/>\n\t<meta name=\"twitter:data1\" content=\"Agazeta.Net\" \/>\n\t<meta name=\"twitter:label2\" content=\"Est. tempo de leitura\" \/>\n\t<meta name=\"twitter:data2\" content=\"2 minutos\" \/>\n<script type=\"application\/ld+json\" class=\"yoast-schema-graph\">{\"@context\":\"https:\/\/schema.org\",\"@graph\":[{\"@type\":\"WebPage\",\"@id\":\"https:\/\/nk7-testes.com.br\/agazeta\/docentes-da-ufac-podem-encerrar-greve-em-nova-assembleia-nesta-quinta-feira-entenda\/\",\"url\":\"https:\/\/nk7-testes.com.br\/agazeta\/docentes-da-ufac-podem-encerrar-greve-em-nova-assembleia-nesta-quinta-feira-entenda\/\",\"name\":\"Docentes da Ufac podem encerrar greve em nova assembleia nesta quinta-feira; entenda - Agazeta.net\",\"isPartOf\":{\"@id\":\"https:\/\/nk7-testes.com.br\/agazeta\/#website\"},\"primaryImageOfPage\":{\"@id\":\"https:\/\/nk7-testes.com.br\/agazeta\/docentes-da-ufac-podem-encerrar-greve-em-nova-assembleia-nesta-quinta-feira-entenda\/#primaryimage\"},\"image\":{\"@id\":\"https:\/\/nk7-testes.com.br\/agazeta\/docentes-da-ufac-podem-encerrar-greve-em-nova-assembleia-nesta-quinta-feira-entenda\/#primaryimage\"},\"thumbnailUrl\":\"https:\/\/nk7-testes.com.br\/agazeta\/wp-content\/uploads\/2024\/06\/WhatsApp-Image-2024-06-25-at-13.11.56-jpeg.webp\",\"datePublished\":\"2024-06-25T18:13:25+00:00\",\"author\":{\"@id\":\"https:\/\/nk7-testes.com.br\/agazeta\/#\/schema\/person\/6d6e25cb0435eb4a02fd44d30b4e3020\"},\"breadcrumb\":{\"@id\":\"https:\/\/nk7-testes.com.br\/agazeta\/docentes-da-ufac-podem-encerrar-greve-em-nova-assembleia-nesta-quinta-feira-entenda\/#breadcrumb\"},\"inLanguage\":\"pt-BR\",\"potentialAction\":[{\"@type\":\"ReadAction\",\"target\":[\"https:\/\/nk7-testes.com.br\/agazeta\/docentes-da-ufac-podem-encerrar-greve-em-nova-assembleia-nesta-quinta-feira-entenda\/\"]}]},{\"@type\":\"ImageObject\",\"inLanguage\":\"pt-BR\",\"@id\":\"https:\/\/nk7-testes.com.br\/agazeta\/docentes-da-ufac-podem-encerrar-greve-em-nova-assembleia-nesta-quinta-feira-entenda\/#primaryimage\",\"url\":\"https:\/\/nk7-testes.com.br\/agazeta\/wp-content\/uploads\/2024\/06\/WhatsApp-Image-2024-06-25-at-13.11.56-jpeg.webp\",\"contentUrl\":\"https:\/\/nk7-testes.com.br\/agazeta\/wp-content\/uploads\/2024\/06\/WhatsApp-Image-2024-06-25-at-13.11.56-jpeg.webp\",\"width\":800,\"height\":408,\"caption\":\"Imagem: Reprodu\u00e7\u00e3o\"},{\"@type\":\"BreadcrumbList\",\"@id\":\"https:\/\/nk7-testes.com.br\/agazeta\/docentes-da-ufac-podem-encerrar-greve-em-nova-assembleia-nesta-quinta-feira-entenda\/#breadcrumb\",\"itemListElement\":[{\"@type\":\"ListItem\",\"position\":1,\"name\":\"In\u00edcio\",\"item\":\"https:\/\/nk7-testes.com.br\/agazeta\/\"},{\"@type\":\"ListItem\",\"position\":2,\"name\":\"Docentes da Ufac podem encerrar greve em nova assembleia nesta quinta-feira; entenda\"}]},{\"@type\":\"WebSite\",\"@id\":\"https:\/\/nk7-testes.com.br\/agazeta\/#website\",\"url\":\"https:\/\/nk7-testes.com.br\/agazeta\/\",\"name\":\"Agazeta.net\",\"description\":\"Agazeta.net - Not\u00edcias de Rio Branco\/AC\",\"potentialAction\":[{\"@type\":\"SearchAction\",\"target\":{\"@type\":\"EntryPoint\",\"urlTemplate\":\"https:\/\/nk7-testes.com.br\/agazeta\/?s={search_term_string}\"},\"query-input\":{\"@type\":\"PropertyValueSpecification\",\"valueRequired\":true,\"valueName\":\"search_term_string\"}}],\"inLanguage\":\"pt-BR\"},{\"@type\":\"Person\",\"@id\":\"https:\/\/nk7-testes.com.br\/agazeta\/#\/schema\/person\/6d6e25cb0435eb4a02fd44d30b4e3020\",\"name\":\"Agazeta.Net\",\"url\":\"https:\/\/nk7-testes.com.br\/agazeta\/author\/agazeta\/\"}]}<\/script>\n<!-- \/ Yoast SEO plugin. -->","yoast_head_json":{"title":"Docentes da Ufac podem encerrar greve em nova assembleia nesta quinta-feira; entenda - Agazeta.net","robots":{"index":"index","follow":"follow","max-snippet":"max-snippet:-1","max-image-preview":"max-image-preview:large","max-video-preview":"max-video-preview:-1"},"canonical":"https:\/\/nk7-testes.com.br\/agazeta\/docentes-da-ufac-podem-encerrar-greve-em-nova-assembleia-nesta-quinta-feira-entenda\/","og_locale":"pt_BR","og_type":"article","og_title":"Docentes da Ufac podem encerrar greve em nova assembleia nesta quinta-feira; entenda","og_description":"Nesta segunda, os docentes decidiram pela manuten\u00e7\u00e3o da paralisa\u00e7\u00e3o at\u00e9 assinatura dos termos de compromisso da pauta local","og_url":"https:\/\/nk7-testes.com.br\/agazeta\/docentes-da-ufac-podem-encerrar-greve-em-nova-assembleia-nesta-quinta-feira-entenda\/","og_site_name":"Agazeta.net","article_published_time":"2024-06-25T18:13:25+00:00","og_image":[{"width":800,"height":408,"url":"https:\/\/nk7-testes.com.br\/agazeta\/wp-content\/uploads\/2024\/06\/WhatsApp-Image-2024-06-25-at-13.11.56-jpeg.webp","type":"image\/jpeg"}],"author":"Agazeta.Net","twitter_card":"summary_large_image","twitter_misc":{"Escrito por":"Agazeta.Net","Est. tempo de leitura":"2 minutos"},"schema":{"@context":"https:\/\/schema.org","@graph":[{"@type":"WebPage","@id":"https:\/\/nk7-testes.com.br\/agazeta\/docentes-da-ufac-podem-encerrar-greve-em-nova-assembleia-nesta-quinta-feira-entenda\/","url":"https:\/\/nk7-testes.com.br\/agazeta\/docentes-da-ufac-podem-encerrar-greve-em-nova-assembleia-nesta-quinta-feira-entenda\/","name":"Docentes da Ufac podem encerrar greve em nova assembleia nesta quinta-feira; entenda - Agazeta.net","isPartOf":{"@id":"https:\/\/nk7-testes.com.br\/agazeta\/#website"},"primaryImageOfPage":{"@id":"https:\/\/nk7-testes.com.br\/agazeta\/docentes-da-ufac-podem-encerrar-greve-em-nova-assembleia-nesta-quinta-feira-entenda\/#primaryimage"},"image":{"@id":"https:\/\/nk7-testes.com.br\/agazeta\/docentes-da-ufac-podem-encerrar-greve-em-nova-assembleia-nesta-quinta-feira-entenda\/#primaryimage"},"thumbnailUrl":"https:\/\/nk7-testes.com.br\/agazeta\/wp-content\/uploads\/2024\/06\/WhatsApp-Image-2024-06-25-at-13.11.56-jpeg.webp","datePublished":"2024-06-25T18:13:25+00:00","author":{"@id":"https:\/\/nk7-testes.com.br\/agazeta\/#\/schema\/person\/6d6e25cb0435eb4a02fd44d30b4e3020"},"breadcrumb":{"@id":"https:\/\/nk7-testes.com.br\/agazeta\/docentes-da-ufac-podem-encerrar-greve-em-nova-assembleia-nesta-quinta-feira-entenda\/#breadcrumb"},"inLanguage":"pt-BR","potentialAction":[{"@type":"ReadAction","target":["https:\/\/nk7-testes.com.br\/agazeta\/docentes-da-ufac-podem-encerrar-greve-em-nova-assembleia-nesta-quinta-feira-entenda\/"]}]},{"@type":"ImageObject","inLanguage":"pt-BR","@id":"https:\/\/nk7-testes.com.br\/agazeta\/docentes-da-ufac-podem-encerrar-greve-em-nova-assembleia-nesta-quinta-feira-entenda\/#primaryimage","url":"https:\/\/nk7-testes.com.br\/agazeta\/wp-content\/uploads\/2024\/06\/WhatsApp-Image-2024-06-25-at-13.11.56-jpeg.webp","contentUrl":"https:\/\/nk7-testes.com.br\/agazeta\/wp-content\/uploads\/2024\/06\/WhatsApp-Image-2024-06-25-at-13.11.56-jpeg.webp","width":800,"height":408,"caption":"Imagem: Reprodu\u00e7\u00e3o"},{"@type":"BreadcrumbList","@id":"https:\/\/nk7-testes.com.br\/agazeta\/docentes-da-ufac-podem-encerrar-greve-em-nova-assembleia-nesta-quinta-feira-entenda\/#breadcrumb","itemListElement":[{"@type":"ListItem","position":1,"name":"In\u00edcio","item":"https:\/\/nk7-testes.com.br\/agazeta\/"},{"@type":"ListItem","position":2,"name":"Docentes da Ufac podem encerrar greve em nova assembleia nesta quinta-feira; entenda"}]},{"@type":"WebSite","@id":"https:\/\/nk7-testes.com.br\/agazeta\/#website","url":"https:\/\/nk7-testes.com.br\/agazeta\/","name":"Agazeta.net","description":"Agazeta.net - Not\u00edcias de Rio Branco\/AC","potentialAction":[{"@type":"SearchAction","target":{"@type":"EntryPoint","urlTemplate":"https:\/\/nk7-testes.com.br\/agazeta\/?s={search_term_string}"},"query-input":{"@type":"PropertyValueSpecification","valueRequired":true,"valueName":"search_term_string"}}],"inLanguage":"pt-BR"},{"@type":"Person","@id":"https:\/\/nk7-testes.com.br\/agazeta\/#\/schema\/person\/6d6e25cb0435eb4a02fd44d30b4e3020","name":"Agazeta.Net","url":"https:\/\/nk7-testes.com.br\/agazeta\/author\/agazeta\/"}]}},"_links":{"self":[{"href":"https:\/\/nk7-testes.com.br\/agazeta\/wp-json\/wp\/v2\/posts\/134574","targetHints":{"allow":["GET"]}}],"collection":[{"href":"https:\/\/nk7-testes.com.br\/agazeta\/wp-json\/wp\/v2\/posts"}],"about":[{"href":"https:\/\/nk7-testes.com.br\/agazeta\/wp-json\/wp\/v2\/types\/post"}],"author":[{"embeddable":true,"href":"https:\/\/nk7-testes.com.br\/agazeta\/wp-json\/wp\/v2\/users\/4"}],"replies":[{"embeddable":true,"href":"https:\/\/nk7-testes.com.br\/agazeta\/wp-json\/wp\/v2\/comments?post=134574"}],"version-history":[{"count":0,"href":"https:\/\/nk7-testes.com.br\/agazeta\/wp-json\/wp\/v2\/posts\/134574\/revisions"}],"wp:featuredmedia":[{"embeddable":true,"href":"https:\/\/nk7-testes.com.br\/agazeta\/wp-json\/wp\/v2\/media\/134576"}],"wp:attachment":[{"href":"https:\/\/nk7-testes.com.br\/agazeta\/wp-json\/wp\/v2\/media?parent=134574"}],"wp:term":[{"taxonomy":"category","embeddable":true,"href":"https:\/\/nk7-testes.com.br\/agazeta\/wp-json\/wp\/v2\/categories?post=134574"},{"taxonomy":"post_tag","embeddable":true,"href":"https:\/\/nk7-testes.com.br\/agazeta\/wp-json\/wp\/v2\/tags?post=134574"}],"curies":[{"name":"wp","href":"https:\/\/api.w.org\/{rel}","templated":true}]}}